{"id":99982,"date":"2014-09-22T15:01:17","date_gmt":"2014-09-22T18:01:17","guid":{"rendered":"http:\/\/www.quersaberpolitica.com.br\/?p=99982"},"modified":"2014-09-22T14:51:43","modified_gmt":"2014-09-22T17:51:43","slug":"vereador-anderson-e-liderancas-do-pp-em-juazeiro-declaram-apoio-a-mario-negromonte-junior-e-eduardo-salles","status":"publish","type":"post","link":"https:\/\/blogdofarnesio.com.br\/2014\/09\/vereador-anderson-e-liderancas-do-pp-em-juazeiro-declaram-apoio-a-mario-negromonte-junior-e-eduardo-salles\/","title":{"rendered":"Vereador e lideran\u00e7as do PP em juazeiro promoveram evento de apoio a Negromonte J\u00fanior e Eduardo Salles"},"content":{"rendered":"<figure id=\"attachment_32942\" aria-describedby=\"caption-attachment-32942\" style=\"width: 448px\" class=\"wp-caption aligncenter\"><a href=\"http:\/\/www.quersaberpolitica.com.br\/2016\/wp-content\/uploads\/2013\/03\/blogqspveranderson.jpg\"><img loading=\"lazy\" decoding=\"async\" class=\"size-full wp-image-32942\" alt=\"blogqspveranderson Foto Farn\u00e9sio Silva\" src=\"http:\/\/www.quersaberpolitica.com.br\/2016\/wp-content\/uploads\/2013\/03\/blogqspveranderson.jpg\" width=\"448\" height=\"252\" srcset=\"https:\/\/blogdofarnesio.com.br\/wp-content\/uploads\/2013\/03\/blogqspveranderson.jpg 448w, https:\/\/blogdofarnesio.com.br\/wp-content\/uploads\/2013\/03\/blogqspveranderson-300x168.jpg 300w\" sizes=\"auto, (max-width: 448px) 100vw, 448px\" \/><\/a><figcaption id=\"caption-attachment-32942\" class=\"wp-caption-text\">Vereador Anderson da Ilumina\u00e7\u00e3o \u00a0 \u00a0 \u00a0 \u00a0 \u00a0Foto Farn\u00e9sio Silva<\/figcaption><\/figure>\n<p style=\"text-align: justify\">Num encontro realizado em uma casa de eventos no bairro S\u00e3o Geraldo, pr\u00f3ximo \u00e0 UNEB, na noite de ter\u00e7a-feira (16\/09), o vereador Anderson Alves, o Anderson da Ilumina\u00e7\u00e3o (PP) e demais lideran\u00e7as da legenda em Juazeiro, formalizaram apoio \u00e0 candidatura de M\u00e1rio Negromonte J\u00fanior, a deputado federal, e Eduardo Sales, a deputado estadual.<\/p>\n<p style=\"text-align: justify\">Cerca de mil pessoas compareceram ao evento, entre correligion\u00e1rios, suplentes de vereadores e simpatizantes do Partido Progressista (PP), em Juazeiro e regi\u00e3o. A mesa foi composta, al\u00e9m do vereador Anderson, pelo presidente do PP em Juazeiro, vereador Dalmir Pedra; pelos secret\u00e1rios municipais Edvan Gon\u00e7alves (Finan\u00e7as) e Fl\u00e1vio Luis (Projetos Estruturantes); prefeito de Cura\u00e7\u00e1, Carlinho Brand\u00e3o; vereador de Cura\u00e7\u00e1, Beto (PP); coordenador regional da ADAB, Carlos Kleber e o presidente da Associa\u00e7\u00e3o de Criadores de Caprinos e Ovinos, Dr. Juv\u00eancio Lustosa.<!--more--><\/p>\n<p style=\"text-align: justify\">Na oportunidade, o ex-secret\u00e1rio de Agricultura da Bahia, Eduardo Salles, que busca uma vaga na Assembleia Legislativa pelo PP e o deputado estadual de mandato e candidato a uma cadeira na C\u00e2mara Federal, M\u00e1rio Negromonte Junior, lembraram investimentos e servi\u00e7os prestados pela legenda e suas lideran\u00e7as em Juazeiro e regi\u00e3o e agradeceram a acolhida.<\/p>\n<p style=\"text-align: justify\">Em seu pronunciamento, o vereador Anderson da Ilunina\u00e7\u00e3o agradeceu aos presentes e falou da import\u00e2ncia do PP eleger seus candidatos, para o fortalecimento da legenda no Brasil, na Bahia e especialmente em Juazeiro. \u201cO PP e sua coliga\u00e7\u00e3o elegeram o maior numero de vereadores em Juazeiro e agora vamos nos fortalecer na Assembleia e no Congresso Nacional\u201d, finalizou o vereador Anderson.<\/p>\n<p style=\"text-align: justify\">Ascom \u2013 Vereador Anderson da Ilumina\u00e7\u00e3o (PP)<\/p>\n","protected":false},"excerpt":{"rendered":"<p>Num encontro realizado em uma casa de eventos no bairro S\u00e3o Geraldo, pr\u00f3ximo \u00e0 UNEB, na noite de ter\u00e7a-feira (16\/09), o vereador Anderson Alves, o Anderson da Ilumina\u00e7\u00e3o (PP) e demais lideran\u00e7as da legenda em Juazeiro, formalizaram apoio \u00e0 candidatura de M\u00e1rio Negromonte J\u00fanior, a deputado federal, e Eduardo Sales, a deputado estadual. Cerca de mil pessoas compareceram ao evento, entre correligion\u00e1rios, suplentes de vereadores e simpatizantes do Partido Progressista (PP), em Juazeiro e regi\u00e3o. A mesa foi composta, al\u00e9m do vereador Anderson, pelo presidente do PP em Juazeiro, vereador Dalmir Pedra; pelos secret\u00e1rios municipais Edvan Gon\u00e7alves (Finan\u00e7as) e Fl\u00e1vio Luis (Projetos Estruturantes); prefeito de Cura\u00e7\u00e1, Carlinho Brand\u00e3o; vereador de Cura\u00e7\u00e1, Beto (PP); coordenador regional da ADAB, Carlos Kleber e&hellip; <\/p>\n","protected":false},"author":3,"featured_media":0,"comment_status":"open","ping_status":"open","sticky":false,"template":"","format":"standard","meta":{"_acf_changed":false,"footnotes":""},"categories":[34],"tags":[],"class_list":["post-99982","post","type-post","status-publish","format-standard","hentry","category-eleicoes"],"acf":[],"yoast_head":"<!-- This site is optimized with the Yoast SEO plugin v27.5 - https:\/\/yoast.com\/product\/yoast-seo-wordpress\/ -->\n<title>Vereador e lideran\u00e7as do PP em juazeiro promoveram evento de apoio a Negromonte J\u00fanior e Eduardo Salles - Blog do Farn\u00e9sio<\/title>\n<meta name=\"robots\" content=\"index, follow, max-snippet:-1, max-image-preview:large, max-video-preview:-1\" \/>\n<link rel=\"canonical\" href=\"https:\/\/blogdofarnesio.com.br\/2014\/09\/vereador-anderson-e-liderancas-do-pp-em-juazeiro-declaram-apoio-a-mario-negromonte-junior-e-eduardo-salles\/\" \/>\n<meta property=\"og:locale\" content=\"pt_BR\" \/>\n<meta property=\"og:type\" content=\"article\" \/>\n<meta property=\"og:title\" content=\"Vereador e lideran\u00e7as do PP em juazeiro promoveram evento de apoio a Negromonte J\u00fanior e Eduardo Salles - Blog do Farn\u00e9sio\" \/>\n<meta property=\"og:description\" content=\"Num encontro realizado em uma casa de eventos no bairro S\u00e3o Geraldo, pr\u00f3ximo \u00e0 UNEB, na noite de ter\u00e7a-feira (16\/09), o vereador Anderson Alves, o Anderson da Ilumina\u00e7\u00e3o (PP) e demais lideran\u00e7as da legenda em Juazeiro, formalizaram apoio \u00e0 candidatura de M\u00e1rio Negromonte J\u00fanior, a deputado federal, e Eduardo Sales, a deputado estadual. Cerca de mil pessoas compareceram ao evento, entre correligion\u00e1rios, suplentes de vereadores e simpatizantes do Partido Progressista (PP), em Juazeiro e regi\u00e3o. A mesa foi composta, al\u00e9m do vereador Anderson, pelo presidente do PP em Juazeiro, vereador Dalmir Pedra; pelos secret\u00e1rios municipais Edvan Gon\u00e7alves (Finan\u00e7as) e Fl\u00e1vio Luis (Projetos Estruturantes); prefeito de Cura\u00e7\u00e1, Carlinho Brand\u00e3o; vereador de Cura\u00e7\u00e1, Beto (PP); coordenador regional da ADAB, Carlos Kleber e&hellip;\" \/>\n<meta property=\"og:url\" content=\"https:\/\/blogdofarnesio.com.br\/2014\/09\/vereador-anderson-e-liderancas-do-pp-em-juazeiro-declaram-apoio-a-mario-negromonte-junior-e-eduardo-salles\/\" \/>\n<meta property=\"og:site_name\" content=\"Blog do Farn\u00e9sio\" \/>\n<meta property=\"article:publisher\" content=\"https:\/\/www.facebook.com\/BlogQuerSaberPolitica\/\" \/>\n<meta property=\"article:published_time\" content=\"2014-09-22T18:01:17+00:00\" \/>\n<meta property=\"og:image\" content=\"http:\/\/www.quersaberpolitica.com.br\/2016\/wp-content\/uploads\/2013\/03\/blogqspveranderson.jpg\" \/>\n<meta name=\"author\" content=\"teste\" \/>\n<meta name=\"twitter:card\" content=\"summary_large_image\" \/>\n<meta name=\"twitter:label1\" content=\"Escrito por\" \/>\n\t<meta name=\"twitter:data1\" content=\"teste\" \/>\n\t<meta name=\"twitter:label2\" content=\"Est. tempo de leitura\" \/>\n\t<meta name=\"twitter:data2\" content=\"1 minuto\" \/>\n<script type=\"application\/ld+json\" class=\"yoast-schema-graph\">{\"@context\":\"https:\\\/\\\/schema.org\",\"@graph\":[{\"@type\":\"Article\",\"@id\":\"https:\\\/\\\/blogdofarnesio.com.br\\\/2014\\\/09\\\/vereador-anderson-e-liderancas-do-pp-em-juazeiro-declaram-apoio-a-mario-negromonte-junior-e-eduardo-salles\\\/#article\",\"isPartOf\":{\"@id\":\"https:\\\/\\\/blogdofarnesio.com.br\\\/2014\\\/09\\\/vereador-anderson-e-liderancas-do-pp-em-juazeiro-declaram-apoio-a-mario-negromonte-junior-e-eduardo-salles\\\/\"},\"author\":{\"name\":\"teste\",\"@id\":\"https:\\\/\\\/blogdofarnesio.com.br\\\/#\\\/schema\\\/person\\\/dd1bf5eba40b687199ba45ca6b97dff9\"},\"headline\":\"Vereador e lideran\u00e7as do PP em juazeiro promoveram evento de apoio a Negromonte J\u00fanior e Eduardo Salles\",\"datePublished\":\"2014-09-22T18:01:17+00:00\",\"mainEntityOfPage\":{\"@id\":\"https:\\\/\\\/blogdofarnesio.com.br\\\/2014\\\/09\\\/vereador-anderson-e-liderancas-do-pp-em-juazeiro-declaram-apoio-a-mario-negromonte-junior-e-eduardo-salles\\\/\"},\"wordCount\":313,\"commentCount\":0,\"publisher\":{\"@id\":\"https:\\\/\\\/blogdofarnesio.com.br\\\/#organization\"},\"image\":{\"@id\":\"https:\\\/\\\/blogdofarnesio.com.br\\\/2014\\\/09\\\/vereador-anderson-e-liderancas-do-pp-em-juazeiro-declaram-apoio-a-mario-negromonte-junior-e-eduardo-salles\\\/#primaryimage\"},\"thumbnailUrl\":\"http:\\\/\\\/www.quersaberpolitica.com.br\\\/2016\\\/wp-content\\\/uploads\\\/2013\\\/03\\\/blogqspveranderson.jpg\",\"articleSection\":[\"Elei\u00e7\u00f5es\"],\"inLanguage\":\"pt-BR\",\"potentialAction\":[{\"@type\":\"CommentAction\",\"name\":\"Comment\",\"target\":[\"https:\\\/\\\/blogdofarnesio.com.br\\\/2014\\\/09\\\/vereador-anderson-e-liderancas-do-pp-em-juazeiro-declaram-apoio-a-mario-negromonte-junior-e-eduardo-salles\\\/#respond\"]}]},{\"@type\":\"WebPage\",\"@id\":\"https:\\\/\\\/blogdofarnesio.com.br\\\/2014\\\/09\\\/vereador-anderson-e-liderancas-do-pp-em-juazeiro-declaram-apoio-a-mario-negromonte-junior-e-eduardo-salles\\\/\",\"url\":\"https:\\\/\\\/blogdofarnesio.com.br\\\/2014\\\/09\\\/vereador-anderson-e-liderancas-do-pp-em-juazeiro-declaram-apoio-a-mario-negromonte-junior-e-eduardo-salles\\\/\",\"name\":\"Vereador e lideran\u00e7as do PP em juazeiro promoveram evento de apoio a Negromonte J\u00fanior e Eduardo Salles - Blog do Farn\u00e9sio\",\"isPartOf\":{\"@id\":\"https:\\\/\\\/blogdofarnesio.com.br\\\/#website\"},\"primaryImageOfPage\":{\"@id\":\"https:\\\/\\\/blogdofarnesio.com.br\\\/2014\\\/09\\\/vereador-anderson-e-liderancas-do-pp-em-juazeiro-declaram-apoio-a-mario-negromonte-junior-e-eduardo-salles\\\/#primaryimage\"},\"image\":{\"@id\":\"https:\\\/\\\/blogdofarnesio.com.br\\\/2014\\\/09\\\/vereador-anderson-e-liderancas-do-pp-em-juazeiro-declaram-apoio-a-mario-negromonte-junior-e-eduardo-salles\\\/#primaryimage\"},\"thumbnailUrl\":\"http:\\\/\\\/www.quersaberpolitica.com.br\\\/2016\\\/wp-content\\\/uploads\\\/2013\\\/03\\\/blogqspveranderson.jpg\",\"datePublished\":\"2014-09-22T18:01:17+00:00\",\"breadcrumb\":{\"@id\":\"https:\\\/\\\/blogdofarnesio.com.br\\\/2014\\\/09\\\/vereador-anderson-e-liderancas-do-pp-em-juazeiro-declaram-apoio-a-mario-negromonte-junior-e-eduardo-salles\\\/#breadcrumb\"},\"inLanguage\":\"pt-BR\",\"potentialAction\":[{\"@type\":\"ReadAction\",\"target\":[\"https:\\\/\\\/blogdofarnesio.com.br\\\/2014\\\/09\\\/vereador-anderson-e-liderancas-do-pp-em-juazeiro-declaram-apoio-a-mario-negromonte-junior-e-eduardo-salles\\\/\"]}]},{\"@type\":\"ImageObject\",\"inLanguage\":\"pt-BR\",\"@id\":\"https:\\\/\\\/blogdofarnesio.com.br\\\/2014\\\/09\\\/vereador-anderson-e-liderancas-do-pp-em-juazeiro-declaram-apoio-a-mario-negromonte-junior-e-eduardo-salles\\\/#primaryimage\",\"url\":\"http:\\\/\\\/www.quersaberpolitica.com.br\\\/2016\\\/wp-content\\\/uploads\\\/2013\\\/03\\\/blogqspveranderson.jpg\",\"contentUrl\":\"http:\\\/\\\/www.quersaberpolitica.com.br\\\/2016\\\/wp-content\\\/uploads\\\/2013\\\/03\\\/blogqspveranderson.jpg\"},{\"@type\":\"BreadcrumbList\",\"@id\":\"https:\\\/\\\/blogdofarnesio.com.br\\\/2014\\\/09\\\/vereador-anderson-e-liderancas-do-pp-em-juazeiro-declaram-apoio-a-mario-negromonte-junior-e-eduardo-salles\\\/#breadcrumb\",\"itemListElement\":[{\"@type\":\"ListItem\",\"position\":1,\"name\":\"In\u00edcio\",\"item\":\"https:\\\/\\\/blogdofarnesio.com.br\\\/\"},{\"@type\":\"ListItem\",\"position\":2,\"name\":\"Vereador e lideran\u00e7as do PP em juazeiro promoveram evento de apoio a Negromonte J\u00fanior e Eduardo Salles\"}]},{\"@type\":\"WebSite\",\"@id\":\"https:\\\/\\\/blogdofarnesio.com.br\\\/#website\",\"url\":\"https:\\\/\\\/blogdofarnesio.com.br\\\/\",\"name\":\"Blog do Farn\u00e9sio\",\"description\":\"Quer Saber Pol\u00edtica?\",\"publisher\":{\"@id\":\"https:\\\/\\\/blogdofarnesio.com.br\\\/#organization\"},\"potentialAction\":[{\"@type\":\"SearchAction\",\"target\":{\"@type\":\"EntryPoint\",\"urlTemplate\":\"https:\\\/\\\/blogdofarnesio.com.br\\\/?s={search_term_string}\"},\"query-input\":{\"@type\":\"PropertyValueSpecification\",\"valueRequired\":true,\"valueName\":\"search_term_string\"}}],\"inLanguage\":\"pt-BR\"},{\"@type\":\"Organization\",\"@id\":\"https:\\\/\\\/blogdofarnesio.com.br\\\/#organization\",\"name\":\"Blog do Farn\u00e9sio\",\"url\":\"https:\\\/\\\/blogdofarnesio.com.br\\\/\",\"logo\":{\"@type\":\"ImageObject\",\"inLanguage\":\"pt-BR\",\"@id\":\"https:\\\/\\\/blogdofarnesio.com.br\\\/#\\\/schema\\\/logo\\\/image\\\/\",\"url\":\"https:\\\/\\\/blogdofarnesio.com.br\\\/wp-content\\\/uploads\\\/2026\\\/03\\\/cropped-logo_new-1.png\",\"contentUrl\":\"https:\\\/\\\/blogdofarnesio.com.br\\\/wp-content\\\/uploads\\\/2026\\\/03\\\/cropped-logo_new-1.png\",\"width\":881,\"height\":685,\"caption\":\"Blog do Farn\u00e9sio\"},\"image\":{\"@id\":\"https:\\\/\\\/blogdofarnesio.com.br\\\/#\\\/schema\\\/logo\\\/image\\\/\"},\"sameAs\":[\"https:\\\/\\\/www.facebook.com\\\/BlogQuerSaberPolitica\\\/\"]},{\"@type\":\"Person\",\"@id\":\"https:\\\/\\\/blogdofarnesio.com.br\\\/#\\\/schema\\\/person\\\/dd1bf5eba40b687199ba45ca6b97dff9\",\"name\":\"teste\",\"image\":{\"@type\":\"ImageObject\",\"inLanguage\":\"pt-BR\",\"@id\":\"https:\\\/\\\/secure.gravatar.com\\\/avatar\\\/2172498d4914b51e1d89a0f97957b035ac4938723a5cac208135d389b6972a6d?s=96&d=mm&r=g\",\"url\":\"https:\\\/\\\/secure.gravatar.com\\\/avatar\\\/2172498d4914b51e1d89a0f97957b035ac4938723a5cac208135d389b6972a6d?s=96&d=mm&r=g\",\"contentUrl\":\"https:\\\/\\\/secure.gravatar.com\\\/avatar\\\/2172498d4914b51e1d89a0f97957b035ac4938723a5cac208135d389b6972a6d?s=96&d=mm&r=g\",\"caption\":\"teste\"},\"url\":\"https:\\\/\\\/blogdofarnesio.com.br\\\/author\\\/teste\\\/\"}]}<\/script>\n<!-- \/ Yoast SEO plugin. -->","yoast_head_json":{"title":"Vereador e lideran\u00e7as do PP em juazeiro promoveram evento de apoio a Negromonte J\u00fanior e Eduardo Salles - Blog do Farn\u00e9sio","robots":{"index":"index","follow":"follow","max-snippet":"max-snippet:-1","max-image-preview":"max-image-preview:large","max-video-preview":"max-video-preview:-1"},"canonical":"https:\/\/blogdofarnesio.com.br\/2014\/09\/vereador-anderson-e-liderancas-do-pp-em-juazeiro-declaram-apoio-a-mario-negromonte-junior-e-eduardo-salles\/","og_locale":"pt_BR","og_type":"article","og_title":"Vereador e lideran\u00e7as do PP em juazeiro promoveram evento de apoio a Negromonte J\u00fanior e Eduardo Salles - Blog do Farn\u00e9sio","og_description":"Num encontro realizado em uma casa de eventos no bairro S\u00e3o Geraldo, pr\u00f3ximo \u00e0 UNEB, na noite de ter\u00e7a-feira (16\/09), o vereador Anderson Alves, o Anderson da Ilumina\u00e7\u00e3o (PP) e demais lideran\u00e7as da legenda em Juazeiro, formalizaram apoio \u00e0 candidatura de M\u00e1rio Negromonte J\u00fanior, a deputado federal, e Eduardo Sales, a deputado estadual. Cerca de mil pessoas compareceram ao evento, entre correligion\u00e1rios, suplentes de vereadores e simpatizantes do Partido Progressista (PP), em Juazeiro e regi\u00e3o. A mesa foi composta, al\u00e9m do vereador Anderson, pelo presidente do PP em Juazeiro, vereador Dalmir Pedra; pelos secret\u00e1rios municipais Edvan Gon\u00e7alves (Finan\u00e7as) e Fl\u00e1vio Luis (Projetos Estruturantes); prefeito de Cura\u00e7\u00e1, Carlinho Brand\u00e3o; vereador de Cura\u00e7\u00e1, Beto (PP); coordenador regional da ADAB, Carlos Kleber e&hellip;","og_url":"https:\/\/blogdofarnesio.com.br\/2014\/09\/vereador-anderson-e-liderancas-do-pp-em-juazeiro-declaram-apoio-a-mario-negromonte-junior-e-eduardo-salles\/","og_site_name":"Blog do Farn\u00e9sio","article_publisher":"https:\/\/www.facebook.com\/BlogQuerSaberPolitica\/","article_published_time":"2014-09-22T18:01:17+00:00","og_image":[{"url":"http:\/\/www.quersaberpolitica.com.br\/2016\/wp-content\/uploads\/2013\/03\/blogqspveranderson.jpg","type":"","width":"","height":""}],"author":"teste","twitter_card":"summary_large_image","twitter_misc":{"Escrito por":"teste","Est. tempo de leitura":"1 minuto"},"schema":{"@context":"https:\/\/schema.org","@graph":[{"@type":"Article","@id":"https:\/\/blogdofarnesio.com.br\/2014\/09\/vereador-anderson-e-liderancas-do-pp-em-juazeiro-declaram-apoio-a-mario-negromonte-junior-e-eduardo-salles\/#article","isPartOf":{"@id":"https:\/\/blogdofarnesio.com.br\/2014\/09\/vereador-anderson-e-liderancas-do-pp-em-juazeiro-declaram-apoio-a-mario-negromonte-junior-e-eduardo-salles\/"},"author":{"name":"teste","@id":"https:\/\/blogdofarnesio.com.br\/#\/schema\/person\/dd1bf5eba40b687199ba45ca6b97dff9"},"headline":"Vereador e lideran\u00e7as do PP em juazeiro promoveram evento de apoio a Negromonte J\u00fanior e Eduardo Salles","datePublished":"2014-09-22T18:01:17+00:00","mainEntityOfPage":{"@id":"https:\/\/blogdofarnesio.com.br\/2014\/09\/vereador-anderson-e-liderancas-do-pp-em-juazeiro-declaram-apoio-a-mario-negromonte-junior-e-eduardo-salles\/"},"wordCount":313,"commentCount":0,"publisher":{"@id":"https:\/\/blogdofarnesio.com.br\/#organization"},"image":{"@id":"https:\/\/blogdofarnesio.com.br\/2014\/09\/vereador-anderson-e-liderancas-do-pp-em-juazeiro-declaram-apoio-a-mario-negromonte-junior-e-eduardo-salles\/#primaryimage"},"thumbnailUrl":"http:\/\/www.quersaberpolitica.com.br\/2016\/wp-content\/uploads\/2013\/03\/blogqspveranderson.jpg","articleSection":["Elei\u00e7\u00f5es"],"inLanguage":"pt-BR","potentialAction":[{"@type":"CommentAction","name":"Comment","target":["https:\/\/blogdofarnesio.com.br\/2014\/09\/vereador-anderson-e-liderancas-do-pp-em-juazeiro-declaram-apoio-a-mario-negromonte-junior-e-eduardo-salles\/#respond"]}]},{"@type":"WebPage","@id":"https:\/\/blogdofarnesio.com.br\/2014\/09\/vereador-anderson-e-liderancas-do-pp-em-juazeiro-declaram-apoio-a-mario-negromonte-junior-e-eduardo-salles\/","url":"https:\/\/blogdofarnesio.com.br\/2014\/09\/vereador-anderson-e-liderancas-do-pp-em-juazeiro-declaram-apoio-a-mario-negromonte-junior-e-eduardo-salles\/","name":"Vereador e lideran\u00e7as do PP em juazeiro promoveram evento de apoio a Negromonte J\u00fanior e Eduardo Salles - Blog do Farn\u00e9sio","isPartOf":{"@id":"https:\/\/blogdofarnesio.com.br\/#website"},"primaryImageOfPage":{"@id":"https:\/\/blogdofarnesio.com.br\/2014\/09\/vereador-anderson-e-liderancas-do-pp-em-juazeiro-declaram-apoio-a-mario-negromonte-junior-e-eduardo-salles\/#primaryimage"},"image":{"@id":"https:\/\/blogdofarnesio.com.br\/2014\/09\/vereador-anderson-e-liderancas-do-pp-em-juazeiro-declaram-apoio-a-mario-negromonte-junior-e-eduardo-salles\/#primaryimage"},"thumbnailUrl":"http:\/\/www.quersaberpolitica.com.br\/2016\/wp-content\/uploads\/2013\/03\/blogqspveranderson.jpg","datePublished":"2014-09-22T18:01:17+00:00","breadcrumb":{"@id":"https:\/\/blogdofarnesio.com.br\/2014\/09\/vereador-anderson-e-liderancas-do-pp-em-juazeiro-declaram-apoio-a-mario-negromonte-junior-e-eduardo-salles\/#breadcrumb"},"inLanguage":"pt-BR","potentialAction":[{"@type":"ReadAction","target":["https:\/\/blogdofarnesio.com.br\/2014\/09\/vereador-anderson-e-liderancas-do-pp-em-juazeiro-declaram-apoio-a-mario-negromonte-junior-e-eduardo-salles\/"]}]},{"@type":"ImageObject","inLanguage":"pt-BR","@id":"https:\/\/blogdofarnesio.com.br\/2014\/09\/vereador-anderson-e-liderancas-do-pp-em-juazeiro-declaram-apoio-a-mario-negromonte-junior-e-eduardo-salles\/#primaryimage","url":"http:\/\/www.quersaberpolitica.com.br\/2016\/wp-content\/uploads\/2013\/03\/blogqspveranderson.jpg","contentUrl":"http:\/\/www.quersaberpolitica.com.br\/2016\/wp-content\/uploads\/2013\/03\/blogqspveranderson.jpg"},{"@type":"BreadcrumbList","@id":"https:\/\/blogdofarnesio.com.br\/2014\/09\/vereador-anderson-e-liderancas-do-pp-em-juazeiro-declaram-apoio-a-mario-negromonte-junior-e-eduardo-salles\/#breadcrumb","itemListElement":[{"@type":"ListItem","position":1,"name":"In\u00edcio","item":"https:\/\/blogdofarnesio.com.br\/"},{"@type":"ListItem","position":2,"name":"Vereador e lideran\u00e7as do PP em juazeiro promoveram evento de apoio a Negromonte J\u00fanior e Eduardo Salles"}]},{"@type":"WebSite","@id":"https:\/\/blogdofarnesio.com.br\/#website","url":"https:\/\/blogdofarnesio.com.br\/","name":"Blog do Farn\u00e9sio","description":"Quer Saber Pol\u00edtica?","publisher":{"@id":"https:\/\/blogdofarnesio.com.br\/#organization"},"potentialAction":[{"@type":"SearchAction","target":{"@type":"EntryPoint","urlTemplate":"https:\/\/blogdofarnesio.com.br\/?s={search_term_string}"},"query-input":{"@type":"PropertyValueSpecification","valueRequired":true,"valueName":"search_term_string"}}],"inLanguage":"pt-BR"},{"@type":"Organization","@id":"https:\/\/blogdofarnesio.com.br\/#organization","name":"Blog do Farn\u00e9sio","url":"https:\/\/blogdofarnesio.com.br\/","logo":{"@type":"ImageObject","inLanguage":"pt-BR","@id":"https:\/\/blogdofarnesio.com.br\/#\/schema\/logo\/image\/","url":"https:\/\/blogdofarnesio.com.br\/wp-content\/uploads\/2026\/03\/cropped-logo_new-1.png","contentUrl":"https:\/\/blogdofarnesio.com.br\/wp-content\/uploads\/2026\/03\/cropped-logo_new-1.png","width":881,"height":685,"caption":"Blog do Farn\u00e9sio"},"image":{"@id":"https:\/\/blogdofarnesio.com.br\/#\/schema\/logo\/image\/"},"sameAs":["https:\/\/www.facebook.com\/BlogQuerSaberPolitica\/"]},{"@type":"Person","@id":"https:\/\/blogdofarnesio.com.br\/#\/schema\/person\/dd1bf5eba40b687199ba45ca6b97dff9","name":"teste","image":{"@type":"ImageObject","inLanguage":"pt-BR","@id":"https:\/\/secure.gravatar.com\/avatar\/2172498d4914b51e1d89a0f97957b035ac4938723a5cac208135d389b6972a6d?s=96&d=mm&r=g","url":"https:\/\/secure.gravatar.com\/avatar\/2172498d4914b51e1d89a0f97957b035ac4938723a5cac208135d389b6972a6d?s=96&d=mm&r=g","contentUrl":"https:\/\/secure.gravatar.com\/avatar\/2172498d4914b51e1d89a0f97957b035ac4938723a5cac208135d389b6972a6d?s=96&d=mm&r=g","caption":"teste"},"url":"https:\/\/blogdofarnesio.com.br\/author\/teste\/"}]}},"_links":{"self":[{"href":"https:\/\/blogdofarnesio.com.br\/wp-json\/wp\/v2\/posts\/99982","targetHints":{"allow":["GET"]}}],"collection":[{"href":"https:\/\/blogdofarnesio.com.br\/wp-json\/wp\/v2\/posts"}],"about":[{"href":"https:\/\/blogdofarnesio.com.br\/wp-json\/wp\/v2\/types\/post"}],"author":[{"embeddable":true,"href":"https:\/\/blogdofarnesio.com.br\/wp-json\/wp\/v2\/users\/3"}],"replies":[{"embeddable":true,"href":"https:\/\/blogdofarnesio.com.br\/wp-json\/wp\/v2\/comments?post=99982"}],"version-history":[{"count":0,"href":"https:\/\/blogdofarnesio.com.br\/wp-json\/wp\/v2\/posts\/99982\/revisions"}],"wp:attachment":[{"href":"https:\/\/blogdofarnesio.com.br\/wp-json\/wp\/v2\/media?parent=99982"}],"wp:term":[{"taxonomy":"category","embeddable":true,"href":"https:\/\/blogdofarnesio.com.br\/wp-json\/wp\/v2\/categories?post=99982"},{"taxonomy":"post_tag","embeddable":true,"href":"https:\/\/blogdofarnesio.com.br\/wp-json\/wp\/v2\/tags?post=99982"}],"curies":[{"name":"wp","href":"https:\/\/api.w.org\/{rel}","templated":true}]}}