{"id":9928,"date":"2012-01-02T18:29:15","date_gmt":"2012-01-02T18:29:15","guid":{"rendered":"http:\/\/www.quersaberpolitica.com.br?p=9928"},"modified":"2012-01-02T18:50:21","modified_gmt":"2012-01-02T18:50:21","slug":"lossio-afirma-que-a-camara-derrubou-o-projeto-aguas-de-petrolina-por-questoes-politicas","status":"publish","type":"post","link":"https:\/\/blogdofarnesio.com.br\/?p=9928","title":{"rendered":"Lossio afirma que a C\u00e2mara derrubou o Projeto \u00c1guas de Petrolina por quest\u00f5es pol\u00edticas"},"content":{"rendered":"<p style=\"text-align: justify;\"><span style=\"font-size: small;\"><a rel=\"lightbox\" href=\"http:\/\/www.quersaberpolitica.com.br\/2016\/wp-content\/uploads\/2012\/12\/blogqspjlpmdb_(1).jpg\"><img loading=\"lazy\" decoding=\"async\" style=\"margin-top: 5px; margin-bottom: 5px; margin-left: 10px; margin-right: 10px; float: left; \" title=\"Imagem Ilustrativa\" src=\"http:\/\/www.quersaberpolitica.com.br\/2016\/wp-content\/uploads\/2012\/12\/blogqspjlpmdb_(1).jpg\" alt=\"\" width=\"200\" height=\"150\" \/><\/a>Em entrevista ao Programa Nossa Voz desta segunda (02), o Prefeito de Petrolina Julio Lossio afirmou que os vereadores da Casa Pl&iacute;nio Amorim tiveram motivos meramente pol&iacute;ticos para reprovarem o Projeto &Aacute;guas de Petrolina, que prev&ecirc; a municipaliza&ccedil;&atilde;o dos servi&ccedil;os de &aacute;gua e coleta de esgoto. &#8220;A ordem veio de l&aacute; de cima&#8221;, disse. Segundo o prefeito a derrubada do projeto n&atilde;o desestimula a gest&atilde;o que dar&aacute; continuidade &agrave; luta para a municipaliza&ccedil;&atilde;o, e fez cr&iacute;ticas referindo-se a falta, inclusive, de fl&uacute;or na &aacute;gua que saem das torneiras. <\/span><\/p>\n<p style=\"text-align: justify; \"><span style=\"font-size: small;\">O parecer da Comiss&atilde;o de Reda&ccedil;&atilde;o e Justi&ccedil;a da C&acirc;mara de Vereadores de Petrolina vetou, no m&ecirc;s de setembro do ano passado, o item que dizia respeito ao vinculo da Ag&ecirc;ncia Reguladora do Munic&iacute;pio (Armupe) ao Projeto &Aacute;guas de Petrolina. A assessoria jur&iacute;dica do Legislativo Municipal concluiu que o item &eacute; ilegal. Dessa forma, o projeto foi reprovado pelos vereadores.<\/span><\/p>\n<p style=\"text-align: justify; \"><span style=\"font-size: small;\">Na &eacute;poca da reprova&ccedil;&atilde;o do Projeto, o ministro Fernando Bezerra Coelho (FBC), criador do projeto, chegou a declarar que se fosse o prefeito da cidade n&atilde;o lutaria mais pela sua implanta&ccedil;&atilde;o. FBC explicou que quando iniciou a batalha judicial pelo direito de explora&ccedil;&atilde;o do servi&ccedil;o, a Compesa n&atilde;o realizava os investimentos necess&aacute;rios na manuten&ccedil;&atilde;o e amplia&ccedil;&atilde;o das redes instaladas na cidade. O ministro declarou ainda que manter a Compesa na execu&ccedil;&atilde;o dos servi&ccedil;os de abastecimento de &aacute;gua e coleta de esgoto &eacute; a decis&atilde;o mais correta a ser tomada. <\/span><\/p>\n<p style=\"text-align: justify; \"><strong><em><span style=\"font-size: small;\">Reda&ccedil;&atilde;o GRFM<\/span><\/em><\/strong><\/p>\n","protected":false},"excerpt":{"rendered":"<p>Em entrevista ao Programa Nossa Voz desta segunda (02), o Prefeito de Petrolina Julio Lossio afirmou que os vereadores da Casa Pl&iacute;nio Amorim tiveram motivos meramente pol&iacute;ticos para reprovarem o Projeto &Aacute;guas de Petrolina, que prev&ecirc; a municipaliza&ccedil;&atilde;o dos servi&ccedil;os de &aacute;gua e coleta de esgoto. &#8220;A ordem veio de l&aacute; de cima&#8221;, disse. Segundo o prefeito a derrubada do projeto n&atilde;o desestimula a gest&atilde;o que dar&aacute; continuidade &agrave; luta para a municipaliza&ccedil;&atilde;o, e fez cr&iacute;ticas referindo-se a falta, inclusive, de fl&uacute;or na &aacute;gua que saem das torneiras. O parecer da Comiss&atilde;o de Reda&ccedil;&atilde;o e Justi&ccedil;a da C&acirc;mara de Vereadores de Petrolina vetou, no m&ecirc;s de setembro do ano passado, o item que dizia respeito ao vinculo da Ag&ecirc;ncia Reguladora&hellip; <\/p>\n","protected":false},"author":0,"featured_media":0,"comment_status":"open","ping_status":"open","sticky":false,"template":"","format":"standard","meta":{"_acf_changed":false,"footnotes":""},"categories":[1],"tags":[],"class_list":["post-9928","post","type-post","status-publish","format-standard","hentry","category-politica"],"acf":[],"yoast_head":"<!-- This site is optimized with the Yoast SEO plugin v27.4 - https:\/\/yoast.com\/product\/yoast-seo-wordpress\/ -->\n<title>Lossio afirma que a C\u00e2mara derrubou o Projeto \u00c1guas de Petrolina por quest\u00f5es pol\u00edticas - Blog do Farn\u00e9sio<\/title>\n<meta name=\"robots\" content=\"index, follow, max-snippet:-1, max-image-preview:large, max-video-preview:-1\" \/>\n<link rel=\"canonical\" href=\"https:\/\/blogdofarnesio.com.br\/?p=9928\" \/>\n<meta property=\"og:locale\" content=\"pt_BR\" \/>\n<meta property=\"og:type\" content=\"article\" \/>\n<meta property=\"og:title\" content=\"Lossio afirma que a C\u00e2mara derrubou o Projeto \u00c1guas de Petrolina por quest\u00f5es pol\u00edticas - Blog do Farn\u00e9sio\" \/>\n<meta property=\"og:description\" content=\"Em entrevista ao Programa Nossa Voz desta segunda (02), o Prefeito de Petrolina Julio Lossio afirmou que os vereadores da Casa Pl&iacute;nio Amorim tiveram motivos meramente pol&iacute;ticos para reprovarem o Projeto &Aacute;guas de Petrolina, que prev&ecirc; a municipaliza&ccedil;&atilde;o dos servi&ccedil;os de &aacute;gua e coleta de esgoto. &#8220;A ordem veio de l&aacute; de cima&#8221;, disse. Segundo o prefeito a derrubada do projeto n&atilde;o desestimula a gest&atilde;o que dar&aacute; continuidade &agrave; luta para a municipaliza&ccedil;&atilde;o, e fez cr&iacute;ticas referindo-se a falta, inclusive, de fl&uacute;or na &aacute;gua que saem das torneiras. O parecer da Comiss&atilde;o de Reda&ccedil;&atilde;o e Justi&ccedil;a da C&acirc;mara de Vereadores de Petrolina vetou, no m&ecirc;s de setembro do ano passado, o item que dizia respeito ao vinculo da Ag&ecirc;ncia Reguladora&hellip;\" \/>\n<meta property=\"og:url\" content=\"https:\/\/blogdofarnesio.com.br\/?p=9928\" \/>\n<meta property=\"og:site_name\" content=\"Blog do Farn\u00e9sio\" \/>\n<meta property=\"article:publisher\" content=\"https:\/\/www.facebook.com\/BlogQuerSaberPolitica\/\" \/>\n<meta property=\"article:published_time\" content=\"2012-01-02T18:29:15+00:00\" \/>\n<meta property=\"article:modified_time\" content=\"2012-01-02T18:50:21+00:00\" \/>\n<meta property=\"og:image\" content=\"http:\/\/www.quersaberpolitica.com.br\/2016\/wp-content\/uploads\/2012\/12\/blogqspjlpmdb_(1).jpg\" \/>\n<meta name=\"twitter:card\" content=\"summary_large_image\" \/>\n<meta name=\"twitter:label1\" content=\"Est. tempo de leitura\" \/>\n\t<meta name=\"twitter:data1\" content=\"2 minutos\" \/>\n<script type=\"application\/ld+json\" class=\"yoast-schema-graph\">{\"@context\":\"https:\\\/\\\/schema.org\",\"@graph\":[{\"@type\":\"Article\",\"@id\":\"https:\\\/\\\/blogdofarnesio.com.br\\\/?p=9928#article\",\"isPartOf\":{\"@id\":\"https:\\\/\\\/blogdofarnesio.com.br\\\/?p=9928\"},\"author\":{\"name\":\"\",\"@id\":\"\"},\"headline\":\"Lossio afirma que a C\u00e2mara derrubou o Projeto \u00c1guas de Petrolina por quest\u00f5es pol\u00edticas\",\"datePublished\":\"2012-01-02T18:29:15+00:00\",\"dateModified\":\"2012-01-02T18:50:21+00:00\",\"mainEntityOfPage\":{\"@id\":\"https:\\\/\\\/blogdofarnesio.com.br\\\/?p=9928\"},\"wordCount\":334,\"commentCount\":0,\"publisher\":{\"@id\":\"https:\\\/\\\/blogdofarnesio.com.br\\\/#organization\"},\"image\":{\"@id\":\"https:\\\/\\\/blogdofarnesio.com.br\\\/?p=9928#primaryimage\"},\"thumbnailUrl\":\"http:\\\/\\\/www.quersaberpolitica.com.br\\\/2016\\\/wp-content\\\/uploads\\\/2012\\\/12\\\/blogqspjlpmdb_(1).jpg\",\"articleSection\":[\"Pol\u00edtica\"],\"inLanguage\":\"pt-BR\",\"potentialAction\":[{\"@type\":\"CommentAction\",\"name\":\"Comment\",\"target\":[\"https:\\\/\\\/blogdofarnesio.com.br\\\/?p=9928#respond\"]}]},{\"@type\":\"WebPage\",\"@id\":\"https:\\\/\\\/blogdofarnesio.com.br\\\/?p=9928\",\"url\":\"https:\\\/\\\/blogdofarnesio.com.br\\\/?p=9928\",\"name\":\"Lossio afirma que a C\u00e2mara derrubou o Projeto \u00c1guas de Petrolina por quest\u00f5es pol\u00edticas - Blog do Farn\u00e9sio\",\"isPartOf\":{\"@id\":\"https:\\\/\\\/blogdofarnesio.com.br\\\/#website\"},\"primaryImageOfPage\":{\"@id\":\"https:\\\/\\\/blogdofarnesio.com.br\\\/?p=9928#primaryimage\"},\"image\":{\"@id\":\"https:\\\/\\\/blogdofarnesio.com.br\\\/?p=9928#primaryimage\"},\"thumbnailUrl\":\"http:\\\/\\\/www.quersaberpolitica.com.br\\\/2016\\\/wp-content\\\/uploads\\\/2012\\\/12\\\/blogqspjlpmdb_(1).jpg\",\"datePublished\":\"2012-01-02T18:29:15+00:00\",\"dateModified\":\"2012-01-02T18:50:21+00:00\",\"breadcrumb\":{\"@id\":\"https:\\\/\\\/blogdofarnesio.com.br\\\/?p=9928#breadcrumb\"},\"inLanguage\":\"pt-BR\",\"potentialAction\":[{\"@type\":\"ReadAction\",\"target\":[\"https:\\\/\\\/blogdofarnesio.com.br\\\/?p=9928\"]}]},{\"@type\":\"ImageObject\",\"inLanguage\":\"pt-BR\",\"@id\":\"https:\\\/\\\/blogdofarnesio.com.br\\\/?p=9928#primaryimage\",\"url\":\"http:\\\/\\\/www.quersaberpolitica.com.br\\\/2016\\\/wp-content\\\/uploads\\\/2012\\\/12\\\/blogqspjlpmdb_(1).jpg\",\"contentUrl\":\"http:\\\/\\\/www.quersaberpolitica.com.br\\\/2016\\\/wp-content\\\/uploads\\\/2012\\\/12\\\/blogqspjlpmdb_(1).jpg\"},{\"@type\":\"BreadcrumbList\",\"@id\":\"https:\\\/\\\/blogdofarnesio.com.br\\\/?p=9928#breadcrumb\",\"itemListElement\":[{\"@type\":\"ListItem\",\"position\":1,\"name\":\"In\u00edcio\",\"item\":\"https:\\\/\\\/blogdofarnesio.com.br\\\/\"},{\"@type\":\"ListItem\",\"position\":2,\"name\":\"Lossio afirma que a C\u00e2mara derrubou o Projeto \u00c1guas de Petrolina por quest\u00f5es pol\u00edticas\"}]},{\"@type\":\"WebSite\",\"@id\":\"https:\\\/\\\/blogdofarnesio.com.br\\\/#website\",\"url\":\"https:\\\/\\\/blogdofarnesio.com.br\\\/\",\"name\":\"Blog do Farn\u00e9sio\",\"description\":\"Quer Saber Pol\u00edtica?\",\"publisher\":{\"@id\":\"https:\\\/\\\/blogdofarnesio.com.br\\\/#organization\"},\"potentialAction\":[{\"@type\":\"SearchAction\",\"target\":{\"@type\":\"EntryPoint\",\"urlTemplate\":\"https:\\\/\\\/blogdofarnesio.com.br\\\/?s={search_term_string}\"},\"query-input\":{\"@type\":\"PropertyValueSpecification\",\"valueRequired\":true,\"valueName\":\"search_term_string\"}}],\"inLanguage\":\"pt-BR\"},{\"@type\":\"Organization\",\"@id\":\"https:\\\/\\\/blogdofarnesio.com.br\\\/#organization\",\"name\":\"Blog do Farn\u00e9sio\",\"url\":\"https:\\\/\\\/blogdofarnesio.com.br\\\/\",\"logo\":{\"@type\":\"ImageObject\",\"inLanguage\":\"pt-BR\",\"@id\":\"https:\\\/\\\/blogdofarnesio.com.br\\\/#\\\/schema\\\/logo\\\/image\\\/\",\"url\":\"https:\\\/\\\/blogdofarnesio.com.br\\\/wp-content\\\/uploads\\\/2026\\\/03\\\/cropped-logo_new-1.png\",\"contentUrl\":\"https:\\\/\\\/blogdofarnesio.com.br\\\/wp-content\\\/uploads\\\/2026\\\/03\\\/cropped-logo_new-1.png\",\"width\":881,\"height\":685,\"caption\":\"Blog do Farn\u00e9sio\"},\"image\":{\"@id\":\"https:\\\/\\\/blogdofarnesio.com.br\\\/#\\\/schema\\\/logo\\\/image\\\/\"},\"sameAs\":[\"https:\\\/\\\/www.facebook.com\\\/BlogQuerSaberPolitica\\\/\"]}]}<\/script>\n<!-- \/ Yoast SEO plugin. -->","yoast_head_json":{"title":"Lossio afirma que a C\u00e2mara derrubou o Projeto \u00c1guas de Petrolina por quest\u00f5es pol\u00edticas - Blog do Farn\u00e9sio","robots":{"index":"index","follow":"follow","max-snippet":"max-snippet:-1","max-image-preview":"max-image-preview:large","max-video-preview":"max-video-preview:-1"},"canonical":"https:\/\/blogdofarnesio.com.br\/?p=9928","og_locale":"pt_BR","og_type":"article","og_title":"Lossio afirma que a C\u00e2mara derrubou o Projeto \u00c1guas de Petrolina por quest\u00f5es pol\u00edticas - Blog do Farn\u00e9sio","og_description":"Em entrevista ao Programa Nossa Voz desta segunda (02), o Prefeito de Petrolina Julio Lossio afirmou que os vereadores da Casa Pl&iacute;nio Amorim tiveram motivos meramente pol&iacute;ticos para reprovarem o Projeto &Aacute;guas de Petrolina, que prev&ecirc; a municipaliza&ccedil;&atilde;o dos servi&ccedil;os de &aacute;gua e coleta de esgoto. &#8220;A ordem veio de l&aacute; de cima&#8221;, disse. Segundo o prefeito a derrubada do projeto n&atilde;o desestimula a gest&atilde;o que dar&aacute; continuidade &agrave; luta para a municipaliza&ccedil;&atilde;o, e fez cr&iacute;ticas referindo-se a falta, inclusive, de fl&uacute;or na &aacute;gua que saem das torneiras. O parecer da Comiss&atilde;o de Reda&ccedil;&atilde;o e Justi&ccedil;a da C&acirc;mara de Vereadores de Petrolina vetou, no m&ecirc;s de setembro do ano passado, o item que dizia respeito ao vinculo da Ag&ecirc;ncia Reguladora&hellip;","og_url":"https:\/\/blogdofarnesio.com.br\/?p=9928","og_site_name":"Blog do Farn\u00e9sio","article_publisher":"https:\/\/www.facebook.com\/BlogQuerSaberPolitica\/","article_published_time":"2012-01-02T18:29:15+00:00","article_modified_time":"2012-01-02T18:50:21+00:00","og_image":[{"url":"http:\/\/www.quersaberpolitica.com.br\/2016\/wp-content\/uploads\/2012\/12\/blogqspjlpmdb_(1).jpg","type":"","width":"","height":""}],"twitter_card":"summary_large_image","twitter_misc":{"Est. tempo de leitura":"2 minutos"},"schema":{"@context":"https:\/\/schema.org","@graph":[{"@type":"Article","@id":"https:\/\/blogdofarnesio.com.br\/?p=9928#article","isPartOf":{"@id":"https:\/\/blogdofarnesio.com.br\/?p=9928"},"author":{"name":"","@id":""},"headline":"Lossio afirma que a C\u00e2mara derrubou o Projeto \u00c1guas de Petrolina por quest\u00f5es pol\u00edticas","datePublished":"2012-01-02T18:29:15+00:00","dateModified":"2012-01-02T18:50:21+00:00","mainEntityOfPage":{"@id":"https:\/\/blogdofarnesio.com.br\/?p=9928"},"wordCount":334,"commentCount":0,"publisher":{"@id":"https:\/\/blogdofarnesio.com.br\/#organization"},"image":{"@id":"https:\/\/blogdofarnesio.com.br\/?p=9928#primaryimage"},"thumbnailUrl":"http:\/\/www.quersaberpolitica.com.br\/2016\/wp-content\/uploads\/2012\/12\/blogqspjlpmdb_(1).jpg","articleSection":["Pol\u00edtica"],"inLanguage":"pt-BR","potentialAction":[{"@type":"CommentAction","name":"Comment","target":["https:\/\/blogdofarnesio.com.br\/?p=9928#respond"]}]},{"@type":"WebPage","@id":"https:\/\/blogdofarnesio.com.br\/?p=9928","url":"https:\/\/blogdofarnesio.com.br\/?p=9928","name":"Lossio afirma que a C\u00e2mara derrubou o Projeto \u00c1guas de Petrolina por quest\u00f5es pol\u00edticas - Blog do Farn\u00e9sio","isPartOf":{"@id":"https:\/\/blogdofarnesio.com.br\/#website"},"primaryImageOfPage":{"@id":"https:\/\/blogdofarnesio.com.br\/?p=9928#primaryimage"},"image":{"@id":"https:\/\/blogdofarnesio.com.br\/?p=9928#primaryimage"},"thumbnailUrl":"http:\/\/www.quersaberpolitica.com.br\/2016\/wp-content\/uploads\/2012\/12\/blogqspjlpmdb_(1).jpg","datePublished":"2012-01-02T18:29:15+00:00","dateModified":"2012-01-02T18:50:21+00:00","breadcrumb":{"@id":"https:\/\/blogdofarnesio.com.br\/?p=9928#breadcrumb"},"inLanguage":"pt-BR","potentialAction":[{"@type":"ReadAction","target":["https:\/\/blogdofarnesio.com.br\/?p=9928"]}]},{"@type":"ImageObject","inLanguage":"pt-BR","@id":"https:\/\/blogdofarnesio.com.br\/?p=9928#primaryimage","url":"http:\/\/www.quersaberpolitica.com.br\/2016\/wp-content\/uploads\/2012\/12\/blogqspjlpmdb_(1).jpg","contentUrl":"http:\/\/www.quersaberpolitica.com.br\/2016\/wp-content\/uploads\/2012\/12\/blogqspjlpmdb_(1).jpg"},{"@type":"BreadcrumbList","@id":"https:\/\/blogdofarnesio.com.br\/?p=9928#breadcrumb","itemListElement":[{"@type":"ListItem","position":1,"name":"In\u00edcio","item":"https:\/\/blogdofarnesio.com.br\/"},{"@type":"ListItem","position":2,"name":"Lossio afirma que a C\u00e2mara derrubou o Projeto \u00c1guas de Petrolina por quest\u00f5es pol\u00edticas"}]},{"@type":"WebSite","@id":"https:\/\/blogdofarnesio.com.br\/#website","url":"https:\/\/blogdofarnesio.com.br\/","name":"Blog do Farn\u00e9sio","description":"Quer Saber Pol\u00edtica?","publisher":{"@id":"https:\/\/blogdofarnesio.com.br\/#organization"},"potentialAction":[{"@type":"SearchAction","target":{"@type":"EntryPoint","urlTemplate":"https:\/\/blogdofarnesio.com.br\/?s={search_term_string}"},"query-input":{"@type":"PropertyValueSpecification","valueRequired":true,"valueName":"search_term_string"}}],"inLanguage":"pt-BR"},{"@type":"Organization","@id":"https:\/\/blogdofarnesio.com.br\/#organization","name":"Blog do Farn\u00e9sio","url":"https:\/\/blogdofarnesio.com.br\/","logo":{"@type":"ImageObject","inLanguage":"pt-BR","@id":"https:\/\/blogdofarnesio.com.br\/#\/schema\/logo\/image\/","url":"https:\/\/blogdofarnesio.com.br\/wp-content\/uploads\/2026\/03\/cropped-logo_new-1.png","contentUrl":"https:\/\/blogdofarnesio.com.br\/wp-content\/uploads\/2026\/03\/cropped-logo_new-1.png","width":881,"height":685,"caption":"Blog do Farn\u00e9sio"},"image":{"@id":"https:\/\/blogdofarnesio.com.br\/#\/schema\/logo\/image\/"},"sameAs":["https:\/\/www.facebook.com\/BlogQuerSaberPolitica\/"]}]}},"_links":{"self":[{"href":"https:\/\/blogdofarnesio.com.br\/index.php?rest_route=\/wp\/v2\/posts\/9928","targetHints":{"allow":["GET"]}}],"collection":[{"href":"https:\/\/blogdofarnesio.com.br\/index.php?rest_route=\/wp\/v2\/posts"}],"about":[{"href":"https:\/\/blogdofarnesio.com.br\/index.php?rest_route=\/wp\/v2\/types\/post"}],"replies":[{"embeddable":true,"href":"https:\/\/blogdofarnesio.com.br\/index.php?rest_route=%2Fwp%2Fv2%2Fcomments&post=9928"}],"version-history":[{"count":0,"href":"https:\/\/blogdofarnesio.com.br\/index.php?rest_route=\/wp\/v2\/posts\/9928\/revisions"}],"wp:attachment":[{"href":"https:\/\/blogdofarnesio.com.br\/index.php?rest_route=%2Fwp%2Fv2%2Fmedia&parent=9928"}],"wp:term":[{"taxonomy":"category","embeddable":true,"href":"https:\/\/blogdofarnesio.com.br\/index.php?rest_route=%2Fwp%2Fv2%2Fcategories&post=9928"},{"taxonomy":"post_tag","embeddable":true,"href":"https:\/\/blogdofarnesio.com.br\/index.php?rest_route=%2Fwp%2Fv2%2Ftags&post=9928"}],"curies":[{"name":"wp","href":"https:\/\/api.w.org\/{rel}","templated":true}]}}