{"id":99047,"date":"2014-09-15T13:00:34","date_gmt":"2014-09-15T16:00:34","guid":{"rendered":"http:\/\/www.quersaberpolitica.com.br\/?p=99047"},"modified":"2014-09-15T10:07:04","modified_gmt":"2014-09-15T13:07:04","slug":"hdmimip-divulga-edital-para-processo-seletivo-de-academicos-de-medicina-enfermagem-e-fisioterapia","status":"publish","type":"post","link":"https:\/\/blogdofarnesio.com.br\/?p=99047","title":{"rendered":"HDM\/IMIP DIVULGA EDITAL PARA PROCESSO SELETIVO DE ACAD\u00caMICOS DE MEDICINA, ENFERMAGEM E FISIOTERAPIA"},"content":{"rendered":"<p style=\"text-align: justify\"><a href=\"http:\/\/www.quersaberpolitica.com.br\/2016\/wp-content\/uploads\/2014\/09\/unnamed255.jpg\"><img loading=\"lazy\" decoding=\"async\" class=\"alignleft size-medium wp-image-99048\" alt=\"unnamed\" src=\"http:\/\/www.quersaberpolitica.com.br\/2016\/wp-content\/uploads\/2014\/09\/unnamed255-214x300.jpg\" width=\"214\" height=\"300\" srcset=\"https:\/\/blogdofarnesio.com.br\/wp-content\/uploads\/2014\/09\/unnamed255-214x300.jpg 214w, https:\/\/blogdofarnesio.com.br\/wp-content\/uploads\/2014\/09\/unnamed255.jpg 320w\" sizes=\"auto, (max-width: 214px) 100vw, 214px\" \/><\/a>O Hospital Dom Malan\/IMIP lan\u00e7a\u00a0edital para o Processo Seletivo de Est\u00e1gio Extracurricular para Acad\u00eamicos dos Cursos de Medicina, Enfermagem e Fisioterapia. As inscri\u00e7\u00f5es estar\u00e3o abertas at\u00e9 o dia 17 de outubro.<\/p>\n<p style=\"text-align: justify\">Na \u00e1rea de medicina s\u00e3o disponibilizadas, ao todo 27 vagas distribu\u00eddas igualmente para os setores de\u00a0obstetr\u00edcia,\u00a0neonatologia e\u00a0pediatria. Para os acad\u00eamicos de enfermagem s\u00e3o oferecidas 18, tamb\u00e9m oferecidas igualmente para \u00e1rea de\u00a0sa\u00fade da mulher e sa\u00fade da crian\u00e7a. J\u00e1 para os estudantes de fisioterapia s\u00e3o ofertadas 02 vagas, com rod\u00edzios nos setores da Unidade de Terapia Intensiva (UTI) Pedi\u00e1trica, UTI Obst\u00e9trica, Unidade de Cuidados Intermedi\u00e1rios (UCI), Pediatria e Ber\u00e7\u00e1rio Externo.<\/p>\n<p style=\"text-align: justify\">As provas de medicina pedi\u00e1trica acontecer\u00e3o no dia 20 de outubro, neonatologia no dia 21 e a de obstetr\u00edcia ser\u00e1 no dia 22, todas \u00e0s 17h. As de enfermagem ser\u00e3o realizadas tamb\u00e9m no dia 20 de outubro, \u00e1s 08h e a de fisioterapia est\u00e1 marcada para o dia 21, \u00e0s 09h. Os testes ser\u00e3o aplicados no audit\u00f3rio 01 do HDM.<!--more--><\/p>\n<p style=\"text-align: justify\">A taxa de inscri\u00e7\u00e3o \u00e9 de R$ 30,00 e podem ser realizadas no Centro Acad\u00eamico do HDM, Dr. Al\u00edrio Brand\u00e3o, de segunda a sexta-feira, das 7h \u00e0s 12h e das 14h \u00e0s 17h. No ato, \u00e9 necess\u00e1rio apresentar documento escolar ou documento similar oficial constando a m\u00e9dia atual das disciplinas exigidas para o ingresso no concurso, com assinatura e carimbo da Institui\u00e7\u00e3o de Ensino, c\u00f3pia do RG, CPF, comprovante de resid\u00eancia atualizado e 02 fotos.\u200b<\/p>\n","protected":false},"excerpt":{"rendered":"<p>O Hospital Dom Malan\/IMIP lan\u00e7a\u00a0edital para o Processo Seletivo de Est\u00e1gio Extracurricular para Acad\u00eamicos dos Cursos de Medicina, Enfermagem e Fisioterapia. As inscri\u00e7\u00f5es estar\u00e3o abertas at\u00e9 o dia 17 de outubro. Na \u00e1rea de medicina s\u00e3o disponibilizadas, ao todo 27 vagas distribu\u00eddas igualmente para os setores de\u00a0obstetr\u00edcia,\u00a0neonatologia e\u00a0pediatria. Para os acad\u00eamicos de enfermagem s\u00e3o oferecidas 18, tamb\u00e9m oferecidas igualmente para \u00e1rea de\u00a0sa\u00fade da mulher e sa\u00fade da crian\u00e7a. J\u00e1 para os estudantes de fisioterapia s\u00e3o ofertadas 02 vagas, com rod\u00edzios nos setores da Unidade de Terapia Intensiva (UTI) Pedi\u00e1trica, UTI Obst\u00e9trica, Unidade de Cuidados Intermedi\u00e1rios (UCI), Pediatria e Ber\u00e7\u00e1rio Externo. As provas de medicina pedi\u00e1trica acontecer\u00e3o no dia 20 de outubro, neonatologia no dia 21 e a de obstetr\u00edcia ser\u00e1&hellip; <\/p>\n","protected":false},"author":3,"featured_media":0,"comment_status":"open","ping_status":"open","sticky":false,"template":"","format":"standard","meta":{"_acf_changed":false,"footnotes":""},"categories":[31],"tags":[],"class_list":["post-99047","post","type-post","status-publish","format-standard","hentry","category-concursos"],"acf":[],"yoast_head":"<!-- This site is optimized with the Yoast SEO plugin v27.4 - https:\/\/yoast.com\/product\/yoast-seo-wordpress\/ -->\n<title>HDM\/IMIP DIVULGA EDITAL PARA PROCESSO SELETIVO DE ACAD\u00caMICOS DE MEDICINA, ENFERMAGEM E FISIOTERAPIA  - Blog do Farn\u00e9sio<\/title>\n<meta name=\"robots\" content=\"index, follow, max-snippet:-1, max-image-preview:large, max-video-preview:-1\" \/>\n<link rel=\"canonical\" href=\"https:\/\/blogdofarnesio.com.br\/?p=99047\" \/>\n<meta property=\"og:locale\" content=\"pt_BR\" \/>\n<meta property=\"og:type\" content=\"article\" \/>\n<meta property=\"og:title\" content=\"HDM\/IMIP DIVULGA EDITAL PARA PROCESSO SELETIVO DE ACAD\u00caMICOS DE MEDICINA, ENFERMAGEM E FISIOTERAPIA  - Blog do Farn\u00e9sio\" \/>\n<meta property=\"og:description\" content=\"O Hospital Dom Malan\/IMIP lan\u00e7a\u00a0edital para o Processo Seletivo de Est\u00e1gio Extracurricular para Acad\u00eamicos dos Cursos de Medicina, Enfermagem e Fisioterapia. As inscri\u00e7\u00f5es estar\u00e3o abertas at\u00e9 o dia 17 de outubro. Na \u00e1rea de medicina s\u00e3o disponibilizadas, ao todo 27 vagas distribu\u00eddas igualmente para os setores de\u00a0obstetr\u00edcia,\u00a0neonatologia e\u00a0pediatria. Para os acad\u00eamicos de enfermagem s\u00e3o oferecidas 18, tamb\u00e9m oferecidas igualmente para \u00e1rea de\u00a0sa\u00fade da mulher e sa\u00fade da crian\u00e7a. J\u00e1 para os estudantes de fisioterapia s\u00e3o ofertadas 02 vagas, com rod\u00edzios nos setores da Unidade de Terapia Intensiva (UTI) Pedi\u00e1trica, UTI Obst\u00e9trica, Unidade de Cuidados Intermedi\u00e1rios (UCI), Pediatria e Ber\u00e7\u00e1rio Externo. As provas de medicina pedi\u00e1trica acontecer\u00e3o no dia 20 de outubro, neonatologia no dia 21 e a de obstetr\u00edcia ser\u00e1&hellip;\" \/>\n<meta property=\"og:url\" content=\"https:\/\/blogdofarnesio.com.br\/?p=99047\" \/>\n<meta property=\"og:site_name\" content=\"Blog do Farn\u00e9sio\" \/>\n<meta property=\"article:publisher\" content=\"https:\/\/www.facebook.com\/BlogQuerSaberPolitica\/\" \/>\n<meta property=\"article:published_time\" content=\"2014-09-15T16:00:34+00:00\" \/>\n<meta property=\"og:image\" content=\"http:\/\/www.quersaberpolitica.com.br\/2016\/wp-content\/uploads\/2014\/09\/unnamed255-214x300.jpg\" \/>\n<meta name=\"author\" content=\"teste\" \/>\n<meta name=\"twitter:card\" content=\"summary_large_image\" \/>\n<meta name=\"twitter:label1\" content=\"Escrito por\" \/>\n\t<meta name=\"twitter:data1\" content=\"teste\" \/>\n\t<meta name=\"twitter:label2\" content=\"Est. tempo de leitura\" \/>\n\t<meta name=\"twitter:data2\" content=\"1 minuto\" \/>\n<script type=\"application\/ld+json\" class=\"yoast-schema-graph\">{\"@context\":\"https:\\\/\\\/schema.org\",\"@graph\":[{\"@type\":\"Article\",\"@id\":\"https:\\\/\\\/blogdofarnesio.com.br\\\/?p=99047#article\",\"isPartOf\":{\"@id\":\"https:\\\/\\\/blogdofarnesio.com.br\\\/?p=99047\"},\"author\":{\"name\":\"teste\",\"@id\":\"https:\\\/\\\/blogdofarnesio.com.br\\\/#\\\/schema\\\/person\\\/dd1bf5eba40b687199ba45ca6b97dff9\"},\"headline\":\"HDM\\\/IMIP DIVULGA EDITAL PARA PROCESSO SELETIVO DE ACAD\u00caMICOS DE MEDICINA, ENFERMAGEM E FISIOTERAPIA\",\"datePublished\":\"2014-09-15T16:00:34+00:00\",\"mainEntityOfPage\":{\"@id\":\"https:\\\/\\\/blogdofarnesio.com.br\\\/?p=99047\"},\"wordCount\":278,\"commentCount\":0,\"publisher\":{\"@id\":\"https:\\\/\\\/blogdofarnesio.com.br\\\/#organization\"},\"image\":{\"@id\":\"https:\\\/\\\/blogdofarnesio.com.br\\\/?p=99047#primaryimage\"},\"thumbnailUrl\":\"http:\\\/\\\/www.quersaberpolitica.com.br\\\/2016\\\/wp-content\\\/uploads\\\/2014\\\/09\\\/unnamed255-214x300.jpg\",\"articleSection\":[\"Concursos\"],\"inLanguage\":\"pt-BR\",\"potentialAction\":[{\"@type\":\"CommentAction\",\"name\":\"Comment\",\"target\":[\"https:\\\/\\\/blogdofarnesio.com.br\\\/?p=99047#respond\"]}]},{\"@type\":\"WebPage\",\"@id\":\"https:\\\/\\\/blogdofarnesio.com.br\\\/?p=99047\",\"url\":\"https:\\\/\\\/blogdofarnesio.com.br\\\/?p=99047\",\"name\":\"HDM\\\/IMIP DIVULGA EDITAL PARA PROCESSO SELETIVO DE ACAD\u00caMICOS DE MEDICINA, ENFERMAGEM E FISIOTERAPIA - Blog do Farn\u00e9sio\",\"isPartOf\":{\"@id\":\"https:\\\/\\\/blogdofarnesio.com.br\\\/#website\"},\"primaryImageOfPage\":{\"@id\":\"https:\\\/\\\/blogdofarnesio.com.br\\\/?p=99047#primaryimage\"},\"image\":{\"@id\":\"https:\\\/\\\/blogdofarnesio.com.br\\\/?p=99047#primaryimage\"},\"thumbnailUrl\":\"http:\\\/\\\/www.quersaberpolitica.com.br\\\/2016\\\/wp-content\\\/uploads\\\/2014\\\/09\\\/unnamed255-214x300.jpg\",\"datePublished\":\"2014-09-15T16:00:34+00:00\",\"breadcrumb\":{\"@id\":\"https:\\\/\\\/blogdofarnesio.com.br\\\/?p=99047#breadcrumb\"},\"inLanguage\":\"pt-BR\",\"potentialAction\":[{\"@type\":\"ReadAction\",\"target\":[\"https:\\\/\\\/blogdofarnesio.com.br\\\/?p=99047\"]}]},{\"@type\":\"ImageObject\",\"inLanguage\":\"pt-BR\",\"@id\":\"https:\\\/\\\/blogdofarnesio.com.br\\\/?p=99047#primaryimage\",\"url\":\"http:\\\/\\\/www.quersaberpolitica.com.br\\\/2016\\\/wp-content\\\/uploads\\\/2014\\\/09\\\/unnamed255-214x300.jpg\",\"contentUrl\":\"http:\\\/\\\/www.quersaberpolitica.com.br\\\/2016\\\/wp-content\\\/uploads\\\/2014\\\/09\\\/unnamed255-214x300.jpg\"},{\"@type\":\"BreadcrumbList\",\"@id\":\"https:\\\/\\\/blogdofarnesio.com.br\\\/?p=99047#breadcrumb\",\"itemListElement\":[{\"@type\":\"ListItem\",\"position\":1,\"name\":\"In\u00edcio\",\"item\":\"https:\\\/\\\/blogdofarnesio.com.br\\\/\"},{\"@type\":\"ListItem\",\"position\":2,\"name\":\"HDM\\\/IMIP DIVULGA EDITAL PARA PROCESSO SELETIVO DE ACAD\u00caMICOS DE MEDICINA, ENFERMAGEM E FISIOTERAPIA\"}]},{\"@type\":\"WebSite\",\"@id\":\"https:\\\/\\\/blogdofarnesio.com.br\\\/#website\",\"url\":\"https:\\\/\\\/blogdofarnesio.com.br\\\/\",\"name\":\"Blog do Farn\u00e9sio\",\"description\":\"Quer Saber Pol\u00edtica?\",\"publisher\":{\"@id\":\"https:\\\/\\\/blogdofarnesio.com.br\\\/#organization\"},\"potentialAction\":[{\"@type\":\"SearchAction\",\"target\":{\"@type\":\"EntryPoint\",\"urlTemplate\":\"https:\\\/\\\/blogdofarnesio.com.br\\\/?s={search_term_string}\"},\"query-input\":{\"@type\":\"PropertyValueSpecification\",\"valueRequired\":true,\"valueName\":\"search_term_string\"}}],\"inLanguage\":\"pt-BR\"},{\"@type\":\"Organization\",\"@id\":\"https:\\\/\\\/blogdofarnesio.com.br\\\/#organization\",\"name\":\"Blog do Farn\u00e9sio\",\"url\":\"https:\\\/\\\/blogdofarnesio.com.br\\\/\",\"logo\":{\"@type\":\"ImageObject\",\"inLanguage\":\"pt-BR\",\"@id\":\"https:\\\/\\\/blogdofarnesio.com.br\\\/#\\\/schema\\\/logo\\\/image\\\/\",\"url\":\"https:\\\/\\\/blogdofarnesio.com.br\\\/wp-content\\\/uploads\\\/2026\\\/03\\\/cropped-logo_new-1.png\",\"contentUrl\":\"https:\\\/\\\/blogdofarnesio.com.br\\\/wp-content\\\/uploads\\\/2026\\\/03\\\/cropped-logo_new-1.png\",\"width\":881,\"height\":685,\"caption\":\"Blog do Farn\u00e9sio\"},\"image\":{\"@id\":\"https:\\\/\\\/blogdofarnesio.com.br\\\/#\\\/schema\\\/logo\\\/image\\\/\"},\"sameAs\":[\"https:\\\/\\\/www.facebook.com\\\/BlogQuerSaberPolitica\\\/\"]},{\"@type\":\"Person\",\"@id\":\"https:\\\/\\\/blogdofarnesio.com.br\\\/#\\\/schema\\\/person\\\/dd1bf5eba40b687199ba45ca6b97dff9\",\"name\":\"teste\",\"image\":{\"@type\":\"ImageObject\",\"inLanguage\":\"pt-BR\",\"@id\":\"https:\\\/\\\/secure.gravatar.com\\\/avatar\\\/2172498d4914b51e1d89a0f97957b035ac4938723a5cac208135d389b6972a6d?s=96&d=mm&r=g\",\"url\":\"https:\\\/\\\/secure.gravatar.com\\\/avatar\\\/2172498d4914b51e1d89a0f97957b035ac4938723a5cac208135d389b6972a6d?s=96&d=mm&r=g\",\"contentUrl\":\"https:\\\/\\\/secure.gravatar.com\\\/avatar\\\/2172498d4914b51e1d89a0f97957b035ac4938723a5cac208135d389b6972a6d?s=96&d=mm&r=g\",\"caption\":\"teste\"},\"url\":\"https:\\\/\\\/blogdofarnesio.com.br\\\/?author=3\"}]}<\/script>\n<!-- \/ Yoast SEO plugin. -->","yoast_head_json":{"title":"HDM\/IMIP DIVULGA EDITAL PARA PROCESSO SELETIVO DE ACAD\u00caMICOS DE MEDICINA, ENFERMAGEM E FISIOTERAPIA  - Blog do Farn\u00e9sio","robots":{"index":"index","follow":"follow","max-snippet":"max-snippet:-1","max-image-preview":"max-image-preview:large","max-video-preview":"max-video-preview:-1"},"canonical":"https:\/\/blogdofarnesio.com.br\/?p=99047","og_locale":"pt_BR","og_type":"article","og_title":"HDM\/IMIP DIVULGA EDITAL PARA PROCESSO SELETIVO DE ACAD\u00caMICOS DE MEDICINA, ENFERMAGEM E FISIOTERAPIA  - Blog do Farn\u00e9sio","og_description":"O Hospital Dom Malan\/IMIP lan\u00e7a\u00a0edital para o Processo Seletivo de Est\u00e1gio Extracurricular para Acad\u00eamicos dos Cursos de Medicina, Enfermagem e Fisioterapia. As inscri\u00e7\u00f5es estar\u00e3o abertas at\u00e9 o dia 17 de outubro. Na \u00e1rea de medicina s\u00e3o disponibilizadas, ao todo 27 vagas distribu\u00eddas igualmente para os setores de\u00a0obstetr\u00edcia,\u00a0neonatologia e\u00a0pediatria. Para os acad\u00eamicos de enfermagem s\u00e3o oferecidas 18, tamb\u00e9m oferecidas igualmente para \u00e1rea de\u00a0sa\u00fade da mulher e sa\u00fade da crian\u00e7a. J\u00e1 para os estudantes de fisioterapia s\u00e3o ofertadas 02 vagas, com rod\u00edzios nos setores da Unidade de Terapia Intensiva (UTI) Pedi\u00e1trica, UTI Obst\u00e9trica, Unidade de Cuidados Intermedi\u00e1rios (UCI), Pediatria e Ber\u00e7\u00e1rio Externo. As provas de medicina pedi\u00e1trica acontecer\u00e3o no dia 20 de outubro, neonatologia no dia 21 e a de obstetr\u00edcia ser\u00e1&hellip;","og_url":"https:\/\/blogdofarnesio.com.br\/?p=99047","og_site_name":"Blog do Farn\u00e9sio","article_publisher":"https:\/\/www.facebook.com\/BlogQuerSaberPolitica\/","article_published_time":"2014-09-15T16:00:34+00:00","og_image":[{"url":"http:\/\/www.quersaberpolitica.com.br\/2016\/wp-content\/uploads\/2014\/09\/unnamed255-214x300.jpg","type":"","width":"","height":""}],"author":"teste","twitter_card":"summary_large_image","twitter_misc":{"Escrito por":"teste","Est. tempo de leitura":"1 minuto"},"schema":{"@context":"https:\/\/schema.org","@graph":[{"@type":"Article","@id":"https:\/\/blogdofarnesio.com.br\/?p=99047#article","isPartOf":{"@id":"https:\/\/blogdofarnesio.com.br\/?p=99047"},"author":{"name":"teste","@id":"https:\/\/blogdofarnesio.com.br\/#\/schema\/person\/dd1bf5eba40b687199ba45ca6b97dff9"},"headline":"HDM\/IMIP DIVULGA EDITAL PARA PROCESSO SELETIVO DE ACAD\u00caMICOS DE MEDICINA, ENFERMAGEM E FISIOTERAPIA","datePublished":"2014-09-15T16:00:34+00:00","mainEntityOfPage":{"@id":"https:\/\/blogdofarnesio.com.br\/?p=99047"},"wordCount":278,"commentCount":0,"publisher":{"@id":"https:\/\/blogdofarnesio.com.br\/#organization"},"image":{"@id":"https:\/\/blogdofarnesio.com.br\/?p=99047#primaryimage"},"thumbnailUrl":"http:\/\/www.quersaberpolitica.com.br\/2016\/wp-content\/uploads\/2014\/09\/unnamed255-214x300.jpg","articleSection":["Concursos"],"inLanguage":"pt-BR","potentialAction":[{"@type":"CommentAction","name":"Comment","target":["https:\/\/blogdofarnesio.com.br\/?p=99047#respond"]}]},{"@type":"WebPage","@id":"https:\/\/blogdofarnesio.com.br\/?p=99047","url":"https:\/\/blogdofarnesio.com.br\/?p=99047","name":"HDM\/IMIP DIVULGA EDITAL PARA PROCESSO SELETIVO DE ACAD\u00caMICOS DE MEDICINA, ENFERMAGEM E FISIOTERAPIA - Blog do Farn\u00e9sio","isPartOf":{"@id":"https:\/\/blogdofarnesio.com.br\/#website"},"primaryImageOfPage":{"@id":"https:\/\/blogdofarnesio.com.br\/?p=99047#primaryimage"},"image":{"@id":"https:\/\/blogdofarnesio.com.br\/?p=99047#primaryimage"},"thumbnailUrl":"http:\/\/www.quersaberpolitica.com.br\/2016\/wp-content\/uploads\/2014\/09\/unnamed255-214x300.jpg","datePublished":"2014-09-15T16:00:34+00:00","breadcrumb":{"@id":"https:\/\/blogdofarnesio.com.br\/?p=99047#breadcrumb"},"inLanguage":"pt-BR","potentialAction":[{"@type":"ReadAction","target":["https:\/\/blogdofarnesio.com.br\/?p=99047"]}]},{"@type":"ImageObject","inLanguage":"pt-BR","@id":"https:\/\/blogdofarnesio.com.br\/?p=99047#primaryimage","url":"http:\/\/www.quersaberpolitica.com.br\/2016\/wp-content\/uploads\/2014\/09\/unnamed255-214x300.jpg","contentUrl":"http:\/\/www.quersaberpolitica.com.br\/2016\/wp-content\/uploads\/2014\/09\/unnamed255-214x300.jpg"},{"@type":"BreadcrumbList","@id":"https:\/\/blogdofarnesio.com.br\/?p=99047#breadcrumb","itemListElement":[{"@type":"ListItem","position":1,"name":"In\u00edcio","item":"https:\/\/blogdofarnesio.com.br\/"},{"@type":"ListItem","position":2,"name":"HDM\/IMIP DIVULGA EDITAL PARA PROCESSO SELETIVO DE ACAD\u00caMICOS DE MEDICINA, ENFERMAGEM E FISIOTERAPIA"}]},{"@type":"WebSite","@id":"https:\/\/blogdofarnesio.com.br\/#website","url":"https:\/\/blogdofarnesio.com.br\/","name":"Blog do Farn\u00e9sio","description":"Quer Saber Pol\u00edtica?","publisher":{"@id":"https:\/\/blogdofarnesio.com.br\/#organization"},"potentialAction":[{"@type":"SearchAction","target":{"@type":"EntryPoint","urlTemplate":"https:\/\/blogdofarnesio.com.br\/?s={search_term_string}"},"query-input":{"@type":"PropertyValueSpecification","valueRequired":true,"valueName":"search_term_string"}}],"inLanguage":"pt-BR"},{"@type":"Organization","@id":"https:\/\/blogdofarnesio.com.br\/#organization","name":"Blog do Farn\u00e9sio","url":"https:\/\/blogdofarnesio.com.br\/","logo":{"@type":"ImageObject","inLanguage":"pt-BR","@id":"https:\/\/blogdofarnesio.com.br\/#\/schema\/logo\/image\/","url":"https:\/\/blogdofarnesio.com.br\/wp-content\/uploads\/2026\/03\/cropped-logo_new-1.png","contentUrl":"https:\/\/blogdofarnesio.com.br\/wp-content\/uploads\/2026\/03\/cropped-logo_new-1.png","width":881,"height":685,"caption":"Blog do Farn\u00e9sio"},"image":{"@id":"https:\/\/blogdofarnesio.com.br\/#\/schema\/logo\/image\/"},"sameAs":["https:\/\/www.facebook.com\/BlogQuerSaberPolitica\/"]},{"@type":"Person","@id":"https:\/\/blogdofarnesio.com.br\/#\/schema\/person\/dd1bf5eba40b687199ba45ca6b97dff9","name":"teste","image":{"@type":"ImageObject","inLanguage":"pt-BR","@id":"https:\/\/secure.gravatar.com\/avatar\/2172498d4914b51e1d89a0f97957b035ac4938723a5cac208135d389b6972a6d?s=96&d=mm&r=g","url":"https:\/\/secure.gravatar.com\/avatar\/2172498d4914b51e1d89a0f97957b035ac4938723a5cac208135d389b6972a6d?s=96&d=mm&r=g","contentUrl":"https:\/\/secure.gravatar.com\/avatar\/2172498d4914b51e1d89a0f97957b035ac4938723a5cac208135d389b6972a6d?s=96&d=mm&r=g","caption":"teste"},"url":"https:\/\/blogdofarnesio.com.br\/?author=3"}]}},"_links":{"self":[{"href":"https:\/\/blogdofarnesio.com.br\/index.php?rest_route=\/wp\/v2\/posts\/99047","targetHints":{"allow":["GET"]}}],"collection":[{"href":"https:\/\/blogdofarnesio.com.br\/index.php?rest_route=\/wp\/v2\/posts"}],"about":[{"href":"https:\/\/blogdofarnesio.com.br\/index.php?rest_route=\/wp\/v2\/types\/post"}],"author":[{"embeddable":true,"href":"https:\/\/blogdofarnesio.com.br\/index.php?rest_route=\/wp\/v2\/users\/3"}],"replies":[{"embeddable":true,"href":"https:\/\/blogdofarnesio.com.br\/index.php?rest_route=%2Fwp%2Fv2%2Fcomments&post=99047"}],"version-history":[{"count":0,"href":"https:\/\/blogdofarnesio.com.br\/index.php?rest_route=\/wp\/v2\/posts\/99047\/revisions"}],"wp:attachment":[{"href":"https:\/\/blogdofarnesio.com.br\/index.php?rest_route=%2Fwp%2Fv2%2Fmedia&parent=99047"}],"wp:term":[{"taxonomy":"category","embeddable":true,"href":"https:\/\/blogdofarnesio.com.br\/index.php?rest_route=%2Fwp%2Fv2%2Fcategories&post=99047"},{"taxonomy":"post_tag","embeddable":true,"href":"https:\/\/blogdofarnesio.com.br\/index.php?rest_route=%2Fwp%2Fv2%2Ftags&post=99047"}],"curies":[{"name":"wp","href":"https:\/\/api.w.org\/{rel}","templated":true}]}}