{"id":99036,"date":"2014-09-15T10:00:24","date_gmt":"2014-09-15T13:00:24","guid":{"rendered":"http:\/\/www.quersaberpolitica.com.br\/?p=99036"},"modified":"2014-09-15T09:36:42","modified_gmt":"2014-09-15T12:36:42","slug":"direto-de-campo-formoso-9","status":"publish","type":"post","link":"https:\/\/blogdofarnesio.com.br\/?p=99036","title":{"rendered":"DIRETO DE CAMPO FORMOSO"},"content":{"rendered":"<h1 style=\"text-align: center\">GOVERNADOR ENTREGA SISTEMA DE ABASTECIMENTO A MORADORES DA REGI\u00c3O<\/h1>\n<div id=\"post-body-3335062589775584937\" style=\"text-align: justify\">\n<div><a href=\"http:\/\/2.bp.blogspot.com\/-DEQ2IwaUqNQ\/VBOqvxgfaqI\/AAAAAAAAB4E\/6zij_r2bE4o\/s1600\/1410534037IMG_20140912_113332.jpg\"><img loading=\"lazy\" decoding=\"async\" class=\"aligncenter\" style=\"border: 0px\" alt=\"\" src=\"http:\/\/2.bp.blogspot.com\/-DEQ2IwaUqNQ\/VBOqvxgfaqI\/AAAAAAAAB4E\/6zij_r2bE4o\/s1600\/1410534037IMG_20140912_113332.jpg\" width=\"512\" height=\"334\" border=\"0\" \/><\/a><\/div>\n<div>A popula\u00e7\u00e3o da zona rural do munic\u00edpio de Campo Formoso, no centro norte baiano, passa a contar, a partir desta sexta-feira (12), com \u00e1gua pot\u00e1vel de qualidade, o que interfere diretamente na sa\u00fade e condi\u00e7\u00f5es de vida dos moradores.\u00a0Isso se tornou poss\u00edvel depois da inaugura\u00e7\u00e3o do novo Sistema Integrado de Abastecimento de \u00c1gua, em cerim\u00f4nia com a presen\u00e7a do governador Jaques Wagner, outros representantes do Estado e autoridades da cidade.<\/div>\n<div><\/div>\n<div>Com o investimento de R$ 5,2 milh\u00f5es do Fundo Estadual de Combate e Erradica\u00e7\u00e3o \u00e0 Pobreza (Funceb), o novo sistema beneficia 5.897 pessoas das localidades de Brejo do Tamandu\u00e1, Candeias, Canavieiras, Gavi\u00e3o, Lagoa do Pastorador, Tuiutiba e Vanvana.<\/div>\n<div><\/div>\n<div>Segundo o governador, a inaugura\u00e7\u00e3o marca uma s\u00e9rie de investimentos que j\u00e1 est\u00e3o em andamento na regi\u00e3o. &#8220;Al\u00e9m desse sistema, a Embasa [Empresa Baiana de \u00c1guas e Saneamento] ainda fez obras para refor\u00e7ar o sistema de Campo Formoso para conseguir distribuir para todas as localidades, num investimento que ultrapassa os R$ 10 milh\u00f5es&#8221;.<!--more--><\/div>\n<div><\/div>\n<div>A obra, realizada por meio da Companhia de Engenharia Ambiental e Recursos H\u00eddricos (Cerb), instalou mais de 1.500 liga\u00e7\u00f5es domiciliares, levando \u00e1gua que \u00e9 captada na esta\u00e7\u00e3o de tratamento do munic\u00edpio de Campo Formoso para quem precisa na zona rural. Para isso, foram constru\u00eddos reservat\u00f3rios, de onde a \u00e1gua \u00e9 bombeada por uma rede de distribui\u00e7\u00e3o de 43,9 quil\u00f4metros de extens\u00e3o, at\u00e9 a casa dos agricultores.<\/div>\n<div><\/div>\n<div><b>Novos investimentos\u00a0<\/b><\/div>\n<div>Durante o evento, Jaques Wagner anunciou ainda mais recursos para as localidades de Alagadi\u00e7o, Lajes dos Negros, Laje de Cima 1 e Laje de Cima 2, com a assinatura do documento que autoriza o in\u00edcio das obras para implanta\u00e7\u00e3o de outro Sistema de Abastecimento de \u00c1gua, agora para essas regi\u00f5es. Al\u00e9m disso, ser\u00e3o realizadas melhorias e a amplia\u00e7\u00e3o da rede de distribui\u00e7\u00e3o que j\u00e1 existe em Patos I e II, Casa Nova dos Marino, Casa Nova dos Ferreira e Casa Nova dos Amaro. As duas obras, que ser\u00e3o conclu\u00eddas em nove meses, devem receber mais de R$ 2,5 milh\u00f5es em investimentos e beneficiar mais 6.888 habitantes desses distritos, com 1.682 novas liga\u00e7\u00f5es domiciliares.<\/div>\n<\/div>\n","protected":false},"excerpt":{"rendered":"<p>GOVERNADOR ENTREGA SISTEMA DE ABASTECIMENTO A MORADORES DA REGI\u00c3O A popula\u00e7\u00e3o da zona rural do munic\u00edpio de Campo Formoso, no centro norte baiano, passa a contar, a partir desta sexta-feira (12), com \u00e1gua pot\u00e1vel de qualidade, o que interfere diretamente na sa\u00fade e condi\u00e7\u00f5es de vida dos moradores.\u00a0Isso se tornou poss\u00edvel depois da inaugura\u00e7\u00e3o do novo Sistema Integrado de Abastecimento de \u00c1gua, em cerim\u00f4nia com a presen\u00e7a do governador Jaques Wagner, outros representantes do Estado e autoridades da cidade. Com o investimento de R$ 5,2 milh\u00f5es do Fundo Estadual de Combate e Erradica\u00e7\u00e3o \u00e0 Pobreza (Funceb), o novo sistema beneficia 5.897 pessoas das localidades de Brejo do Tamandu\u00e1, Candeias, Canavieiras, Gavi\u00e3o, Lagoa do Pastorador, Tuiutiba e Vanvana. Segundo o governador,&hellip; <\/p>\n","protected":false},"author":3,"featured_media":0,"comment_status":"open","ping_status":"open","sticky":false,"template":"","format":"standard","meta":{"_acf_changed":false,"footnotes":""},"categories":[44],"tags":[],"class_list":["post-99036","post","type-post","status-publish","format-standard","hentry","category-administracao"],"acf":[],"yoast_head":"<!-- This site is optimized with the Yoast SEO plugin v27.4 - https:\/\/yoast.com\/product\/yoast-seo-wordpress\/ -->\n<title>DIRETO DE CAMPO FORMOSO - Blog do Farn\u00e9sio<\/title>\n<meta name=\"robots\" content=\"index, follow, max-snippet:-1, max-image-preview:large, max-video-preview:-1\" \/>\n<link rel=\"canonical\" href=\"https:\/\/blogdofarnesio.com.br\/?p=99036\" \/>\n<meta property=\"og:locale\" content=\"pt_BR\" \/>\n<meta property=\"og:type\" content=\"article\" \/>\n<meta property=\"og:title\" content=\"DIRETO DE CAMPO FORMOSO - Blog do Farn\u00e9sio\" \/>\n<meta property=\"og:description\" content=\"GOVERNADOR ENTREGA SISTEMA DE ABASTECIMENTO A MORADORES DA REGI\u00c3O A popula\u00e7\u00e3o da zona rural do munic\u00edpio de Campo Formoso, no centro norte baiano, passa a contar, a partir desta sexta-feira (12), com \u00e1gua pot\u00e1vel de qualidade, o que interfere diretamente na sa\u00fade e condi\u00e7\u00f5es de vida dos moradores.\u00a0Isso se tornou poss\u00edvel depois da inaugura\u00e7\u00e3o do novo Sistema Integrado de Abastecimento de \u00c1gua, em cerim\u00f4nia com a presen\u00e7a do governador Jaques Wagner, outros representantes do Estado e autoridades da cidade. Com o investimento de R$ 5,2 milh\u00f5es do Fundo Estadual de Combate e Erradica\u00e7\u00e3o \u00e0 Pobreza (Funceb), o novo sistema beneficia 5.897 pessoas das localidades de Brejo do Tamandu\u00e1, Candeias, Canavieiras, Gavi\u00e3o, Lagoa do Pastorador, Tuiutiba e Vanvana. Segundo o governador,&hellip;\" \/>\n<meta property=\"og:url\" content=\"https:\/\/blogdofarnesio.com.br\/?p=99036\" \/>\n<meta property=\"og:site_name\" content=\"Blog do Farn\u00e9sio\" \/>\n<meta property=\"article:publisher\" content=\"https:\/\/www.facebook.com\/BlogQuerSaberPolitica\/\" \/>\n<meta property=\"article:published_time\" content=\"2014-09-15T13:00:24+00:00\" \/>\n<meta property=\"og:image\" content=\"http:\/\/2.bp.blogspot.com\/-DEQ2IwaUqNQ\/VBOqvxgfaqI\/AAAAAAAAB4E\/6zij_r2bE4o\/s1600\/1410534037IMG_20140912_113332.jpg\" \/>\n<meta name=\"author\" content=\"teste\" \/>\n<meta name=\"twitter:card\" content=\"summary_large_image\" \/>\n<meta name=\"twitter:label1\" content=\"Escrito por\" \/>\n\t<meta name=\"twitter:data1\" content=\"teste\" \/>\n\t<meta name=\"twitter:label2\" content=\"Est. tempo de leitura\" \/>\n\t<meta name=\"twitter:data2\" content=\"2 minutos\" \/>\n<script type=\"application\/ld+json\" class=\"yoast-schema-graph\">{\"@context\":\"https:\\\/\\\/schema.org\",\"@graph\":[{\"@type\":\"Article\",\"@id\":\"https:\\\/\\\/blogdofarnesio.com.br\\\/?p=99036#article\",\"isPartOf\":{\"@id\":\"https:\\\/\\\/blogdofarnesio.com.br\\\/?p=99036\"},\"author\":{\"name\":\"teste\",\"@id\":\"https:\\\/\\\/blogdofarnesio.com.br\\\/#\\\/schema\\\/person\\\/dd1bf5eba40b687199ba45ca6b97dff9\"},\"headline\":\"DIRETO DE CAMPO FORMOSO\",\"datePublished\":\"2014-09-15T13:00:24+00:00\",\"mainEntityOfPage\":{\"@id\":\"https:\\\/\\\/blogdofarnesio.com.br\\\/?p=99036\"},\"wordCount\":383,\"commentCount\":0,\"publisher\":{\"@id\":\"https:\\\/\\\/blogdofarnesio.com.br\\\/#organization\"},\"image\":{\"@id\":\"https:\\\/\\\/blogdofarnesio.com.br\\\/?p=99036#primaryimage\"},\"thumbnailUrl\":\"http:\\\/\\\/2.bp.blogspot.com\\\/-DEQ2IwaUqNQ\\\/VBOqvxgfaqI\\\/AAAAAAAAB4E\\\/6zij_r2bE4o\\\/s1600\\\/1410534037IMG_20140912_113332.jpg\",\"articleSection\":[\"Administra\u00e7\u00e3o\"],\"inLanguage\":\"pt-BR\",\"potentialAction\":[{\"@type\":\"CommentAction\",\"name\":\"Comment\",\"target\":[\"https:\\\/\\\/blogdofarnesio.com.br\\\/?p=99036#respond\"]}]},{\"@type\":\"WebPage\",\"@id\":\"https:\\\/\\\/blogdofarnesio.com.br\\\/?p=99036\",\"url\":\"https:\\\/\\\/blogdofarnesio.com.br\\\/?p=99036\",\"name\":\"DIRETO DE CAMPO FORMOSO - Blog do Farn\u00e9sio\",\"isPartOf\":{\"@id\":\"https:\\\/\\\/blogdofarnesio.com.br\\\/#website\"},\"primaryImageOfPage\":{\"@id\":\"https:\\\/\\\/blogdofarnesio.com.br\\\/?p=99036#primaryimage\"},\"image\":{\"@id\":\"https:\\\/\\\/blogdofarnesio.com.br\\\/?p=99036#primaryimage\"},\"thumbnailUrl\":\"http:\\\/\\\/2.bp.blogspot.com\\\/-DEQ2IwaUqNQ\\\/VBOqvxgfaqI\\\/AAAAAAAAB4E\\\/6zij_r2bE4o\\\/s1600\\\/1410534037IMG_20140912_113332.jpg\",\"datePublished\":\"2014-09-15T13:00:24+00:00\",\"breadcrumb\":{\"@id\":\"https:\\\/\\\/blogdofarnesio.com.br\\\/?p=99036#breadcrumb\"},\"inLanguage\":\"pt-BR\",\"potentialAction\":[{\"@type\":\"ReadAction\",\"target\":[\"https:\\\/\\\/blogdofarnesio.com.br\\\/?p=99036\"]}]},{\"@type\":\"ImageObject\",\"inLanguage\":\"pt-BR\",\"@id\":\"https:\\\/\\\/blogdofarnesio.com.br\\\/?p=99036#primaryimage\",\"url\":\"http:\\\/\\\/2.bp.blogspot.com\\\/-DEQ2IwaUqNQ\\\/VBOqvxgfaqI\\\/AAAAAAAAB4E\\\/6zij_r2bE4o\\\/s1600\\\/1410534037IMG_20140912_113332.jpg\",\"contentUrl\":\"http:\\\/\\\/2.bp.blogspot.com\\\/-DEQ2IwaUqNQ\\\/VBOqvxgfaqI\\\/AAAAAAAAB4E\\\/6zij_r2bE4o\\\/s1600\\\/1410534037IMG_20140912_113332.jpg\"},{\"@type\":\"BreadcrumbList\",\"@id\":\"https:\\\/\\\/blogdofarnesio.com.br\\\/?p=99036#breadcrumb\",\"itemListElement\":[{\"@type\":\"ListItem\",\"position\":1,\"name\":\"In\u00edcio\",\"item\":\"https:\\\/\\\/blogdofarnesio.com.br\\\/\"},{\"@type\":\"ListItem\",\"position\":2,\"name\":\"DIRETO DE CAMPO FORMOSO\"}]},{\"@type\":\"WebSite\",\"@id\":\"https:\\\/\\\/blogdofarnesio.com.br\\\/#website\",\"url\":\"https:\\\/\\\/blogdofarnesio.com.br\\\/\",\"name\":\"Blog do Farn\u00e9sio\",\"description\":\"Quer Saber Pol\u00edtica?\",\"publisher\":{\"@id\":\"https:\\\/\\\/blogdofarnesio.com.br\\\/#organization\"},\"potentialAction\":[{\"@type\":\"SearchAction\",\"target\":{\"@type\":\"EntryPoint\",\"urlTemplate\":\"https:\\\/\\\/blogdofarnesio.com.br\\\/?s={search_term_string}\"},\"query-input\":{\"@type\":\"PropertyValueSpecification\",\"valueRequired\":true,\"valueName\":\"search_term_string\"}}],\"inLanguage\":\"pt-BR\"},{\"@type\":\"Organization\",\"@id\":\"https:\\\/\\\/blogdofarnesio.com.br\\\/#organization\",\"name\":\"Blog do Farn\u00e9sio\",\"url\":\"https:\\\/\\\/blogdofarnesio.com.br\\\/\",\"logo\":{\"@type\":\"ImageObject\",\"inLanguage\":\"pt-BR\",\"@id\":\"https:\\\/\\\/blogdofarnesio.com.br\\\/#\\\/schema\\\/logo\\\/image\\\/\",\"url\":\"https:\\\/\\\/blogdofarnesio.com.br\\\/wp-content\\\/uploads\\\/2026\\\/03\\\/cropped-logo_new-1.png\",\"contentUrl\":\"https:\\\/\\\/blogdofarnesio.com.br\\\/wp-content\\\/uploads\\\/2026\\\/03\\\/cropped-logo_new-1.png\",\"width\":881,\"height\":685,\"caption\":\"Blog do Farn\u00e9sio\"},\"image\":{\"@id\":\"https:\\\/\\\/blogdofarnesio.com.br\\\/#\\\/schema\\\/logo\\\/image\\\/\"},\"sameAs\":[\"https:\\\/\\\/www.facebook.com\\\/BlogQuerSaberPolitica\\\/\"]},{\"@type\":\"Person\",\"@id\":\"https:\\\/\\\/blogdofarnesio.com.br\\\/#\\\/schema\\\/person\\\/dd1bf5eba40b687199ba45ca6b97dff9\",\"name\":\"teste\",\"image\":{\"@type\":\"ImageObject\",\"inLanguage\":\"pt-BR\",\"@id\":\"https:\\\/\\\/secure.gravatar.com\\\/avatar\\\/2172498d4914b51e1d89a0f97957b035ac4938723a5cac208135d389b6972a6d?s=96&d=mm&r=g\",\"url\":\"https:\\\/\\\/secure.gravatar.com\\\/avatar\\\/2172498d4914b51e1d89a0f97957b035ac4938723a5cac208135d389b6972a6d?s=96&d=mm&r=g\",\"contentUrl\":\"https:\\\/\\\/secure.gravatar.com\\\/avatar\\\/2172498d4914b51e1d89a0f97957b035ac4938723a5cac208135d389b6972a6d?s=96&d=mm&r=g\",\"caption\":\"teste\"},\"url\":\"https:\\\/\\\/blogdofarnesio.com.br\\\/?author=3\"}]}<\/script>\n<!-- \/ Yoast SEO plugin. -->","yoast_head_json":{"title":"DIRETO DE CAMPO FORMOSO - Blog do Farn\u00e9sio","robots":{"index":"index","follow":"follow","max-snippet":"max-snippet:-1","max-image-preview":"max-image-preview:large","max-video-preview":"max-video-preview:-1"},"canonical":"https:\/\/blogdofarnesio.com.br\/?p=99036","og_locale":"pt_BR","og_type":"article","og_title":"DIRETO DE CAMPO FORMOSO - Blog do Farn\u00e9sio","og_description":"GOVERNADOR ENTREGA SISTEMA DE ABASTECIMENTO A MORADORES DA REGI\u00c3O A popula\u00e7\u00e3o da zona rural do munic\u00edpio de Campo Formoso, no centro norte baiano, passa a contar, a partir desta sexta-feira (12), com \u00e1gua pot\u00e1vel de qualidade, o que interfere diretamente na sa\u00fade e condi\u00e7\u00f5es de vida dos moradores.\u00a0Isso se tornou poss\u00edvel depois da inaugura\u00e7\u00e3o do novo Sistema Integrado de Abastecimento de \u00c1gua, em cerim\u00f4nia com a presen\u00e7a do governador Jaques Wagner, outros representantes do Estado e autoridades da cidade. Com o investimento de R$ 5,2 milh\u00f5es do Fundo Estadual de Combate e Erradica\u00e7\u00e3o \u00e0 Pobreza (Funceb), o novo sistema beneficia 5.897 pessoas das localidades de Brejo do Tamandu\u00e1, Candeias, Canavieiras, Gavi\u00e3o, Lagoa do Pastorador, Tuiutiba e Vanvana. Segundo o governador,&hellip;","og_url":"https:\/\/blogdofarnesio.com.br\/?p=99036","og_site_name":"Blog do Farn\u00e9sio","article_publisher":"https:\/\/www.facebook.com\/BlogQuerSaberPolitica\/","article_published_time":"2014-09-15T13:00:24+00:00","og_image":[{"url":"http:\/\/2.bp.blogspot.com\/-DEQ2IwaUqNQ\/VBOqvxgfaqI\/AAAAAAAAB4E\/6zij_r2bE4o\/s1600\/1410534037IMG_20140912_113332.jpg","type":"","width":"","height":""}],"author":"teste","twitter_card":"summary_large_image","twitter_misc":{"Escrito por":"teste","Est. tempo de leitura":"2 minutos"},"schema":{"@context":"https:\/\/schema.org","@graph":[{"@type":"Article","@id":"https:\/\/blogdofarnesio.com.br\/?p=99036#article","isPartOf":{"@id":"https:\/\/blogdofarnesio.com.br\/?p=99036"},"author":{"name":"teste","@id":"https:\/\/blogdofarnesio.com.br\/#\/schema\/person\/dd1bf5eba40b687199ba45ca6b97dff9"},"headline":"DIRETO DE CAMPO FORMOSO","datePublished":"2014-09-15T13:00:24+00:00","mainEntityOfPage":{"@id":"https:\/\/blogdofarnesio.com.br\/?p=99036"},"wordCount":383,"commentCount":0,"publisher":{"@id":"https:\/\/blogdofarnesio.com.br\/#organization"},"image":{"@id":"https:\/\/blogdofarnesio.com.br\/?p=99036#primaryimage"},"thumbnailUrl":"http:\/\/2.bp.blogspot.com\/-DEQ2IwaUqNQ\/VBOqvxgfaqI\/AAAAAAAAB4E\/6zij_r2bE4o\/s1600\/1410534037IMG_20140912_113332.jpg","articleSection":["Administra\u00e7\u00e3o"],"inLanguage":"pt-BR","potentialAction":[{"@type":"CommentAction","name":"Comment","target":["https:\/\/blogdofarnesio.com.br\/?p=99036#respond"]}]},{"@type":"WebPage","@id":"https:\/\/blogdofarnesio.com.br\/?p=99036","url":"https:\/\/blogdofarnesio.com.br\/?p=99036","name":"DIRETO DE CAMPO FORMOSO - Blog do Farn\u00e9sio","isPartOf":{"@id":"https:\/\/blogdofarnesio.com.br\/#website"},"primaryImageOfPage":{"@id":"https:\/\/blogdofarnesio.com.br\/?p=99036#primaryimage"},"image":{"@id":"https:\/\/blogdofarnesio.com.br\/?p=99036#primaryimage"},"thumbnailUrl":"http:\/\/2.bp.blogspot.com\/-DEQ2IwaUqNQ\/VBOqvxgfaqI\/AAAAAAAAB4E\/6zij_r2bE4o\/s1600\/1410534037IMG_20140912_113332.jpg","datePublished":"2014-09-15T13:00:24+00:00","breadcrumb":{"@id":"https:\/\/blogdofarnesio.com.br\/?p=99036#breadcrumb"},"inLanguage":"pt-BR","potentialAction":[{"@type":"ReadAction","target":["https:\/\/blogdofarnesio.com.br\/?p=99036"]}]},{"@type":"ImageObject","inLanguage":"pt-BR","@id":"https:\/\/blogdofarnesio.com.br\/?p=99036#primaryimage","url":"http:\/\/2.bp.blogspot.com\/-DEQ2IwaUqNQ\/VBOqvxgfaqI\/AAAAAAAAB4E\/6zij_r2bE4o\/s1600\/1410534037IMG_20140912_113332.jpg","contentUrl":"http:\/\/2.bp.blogspot.com\/-DEQ2IwaUqNQ\/VBOqvxgfaqI\/AAAAAAAAB4E\/6zij_r2bE4o\/s1600\/1410534037IMG_20140912_113332.jpg"},{"@type":"BreadcrumbList","@id":"https:\/\/blogdofarnesio.com.br\/?p=99036#breadcrumb","itemListElement":[{"@type":"ListItem","position":1,"name":"In\u00edcio","item":"https:\/\/blogdofarnesio.com.br\/"},{"@type":"ListItem","position":2,"name":"DIRETO DE CAMPO FORMOSO"}]},{"@type":"WebSite","@id":"https:\/\/blogdofarnesio.com.br\/#website","url":"https:\/\/blogdofarnesio.com.br\/","name":"Blog do Farn\u00e9sio","description":"Quer Saber Pol\u00edtica?","publisher":{"@id":"https:\/\/blogdofarnesio.com.br\/#organization"},"potentialAction":[{"@type":"SearchAction","target":{"@type":"EntryPoint","urlTemplate":"https:\/\/blogdofarnesio.com.br\/?s={search_term_string}"},"query-input":{"@type":"PropertyValueSpecification","valueRequired":true,"valueName":"search_term_string"}}],"inLanguage":"pt-BR"},{"@type":"Organization","@id":"https:\/\/blogdofarnesio.com.br\/#organization","name":"Blog do Farn\u00e9sio","url":"https:\/\/blogdofarnesio.com.br\/","logo":{"@type":"ImageObject","inLanguage":"pt-BR","@id":"https:\/\/blogdofarnesio.com.br\/#\/schema\/logo\/image\/","url":"https:\/\/blogdofarnesio.com.br\/wp-content\/uploads\/2026\/03\/cropped-logo_new-1.png","contentUrl":"https:\/\/blogdofarnesio.com.br\/wp-content\/uploads\/2026\/03\/cropped-logo_new-1.png","width":881,"height":685,"caption":"Blog do Farn\u00e9sio"},"image":{"@id":"https:\/\/blogdofarnesio.com.br\/#\/schema\/logo\/image\/"},"sameAs":["https:\/\/www.facebook.com\/BlogQuerSaberPolitica\/"]},{"@type":"Person","@id":"https:\/\/blogdofarnesio.com.br\/#\/schema\/person\/dd1bf5eba40b687199ba45ca6b97dff9","name":"teste","image":{"@type":"ImageObject","inLanguage":"pt-BR","@id":"https:\/\/secure.gravatar.com\/avatar\/2172498d4914b51e1d89a0f97957b035ac4938723a5cac208135d389b6972a6d?s=96&d=mm&r=g","url":"https:\/\/secure.gravatar.com\/avatar\/2172498d4914b51e1d89a0f97957b035ac4938723a5cac208135d389b6972a6d?s=96&d=mm&r=g","contentUrl":"https:\/\/secure.gravatar.com\/avatar\/2172498d4914b51e1d89a0f97957b035ac4938723a5cac208135d389b6972a6d?s=96&d=mm&r=g","caption":"teste"},"url":"https:\/\/blogdofarnesio.com.br\/?author=3"}]}},"_links":{"self":[{"href":"https:\/\/blogdofarnesio.com.br\/index.php?rest_route=\/wp\/v2\/posts\/99036","targetHints":{"allow":["GET"]}}],"collection":[{"href":"https:\/\/blogdofarnesio.com.br\/index.php?rest_route=\/wp\/v2\/posts"}],"about":[{"href":"https:\/\/blogdofarnesio.com.br\/index.php?rest_route=\/wp\/v2\/types\/post"}],"author":[{"embeddable":true,"href":"https:\/\/blogdofarnesio.com.br\/index.php?rest_route=\/wp\/v2\/users\/3"}],"replies":[{"embeddable":true,"href":"https:\/\/blogdofarnesio.com.br\/index.php?rest_route=%2Fwp%2Fv2%2Fcomments&post=99036"}],"version-history":[{"count":0,"href":"https:\/\/blogdofarnesio.com.br\/index.php?rest_route=\/wp\/v2\/posts\/99036\/revisions"}],"wp:attachment":[{"href":"https:\/\/blogdofarnesio.com.br\/index.php?rest_route=%2Fwp%2Fv2%2Fmedia&parent=99036"}],"wp:term":[{"taxonomy":"category","embeddable":true,"href":"https:\/\/blogdofarnesio.com.br\/index.php?rest_route=%2Fwp%2Fv2%2Fcategories&post=99036"},{"taxonomy":"post_tag","embeddable":true,"href":"https:\/\/blogdofarnesio.com.br\/index.php?rest_route=%2Fwp%2Fv2%2Ftags&post=99036"}],"curies":[{"name":"wp","href":"https:\/\/api.w.org\/{rel}","templated":true}]}}