{"id":99028,"date":"2014-09-15T10:43:27","date_gmt":"2014-09-15T13:43:27","guid":{"rendered":"http:\/\/www.quersaberpolitica.com.br\/?p=99028"},"modified":"2014-09-15T09:50:09","modified_gmt":"2014-09-15T12:50:09","slug":"eliana-em-senhor-do-bonfim","status":"publish","type":"post","link":"https:\/\/blogdofarnesio.com.br\/?p=99028","title":{"rendered":"ELIANA EM SENHOR DO BONFIM"},"content":{"rendered":"<div style=\"text-align: justify\">\n<p><a href=\"http:\/\/www.quersaberpolitica.com.br\/2016\/wp-content\/uploads\/2014\/09\/unnamed252.jpg\"><img loading=\"lazy\" decoding=\"async\" class=\"aligncenter size-medium wp-image-99029\" alt=\"unnamed\" src=\"http:\/\/www.quersaberpolitica.com.br\/2016\/wp-content\/uploads\/2014\/09\/unnamed252-300x200.jpg\" width=\"300\" height=\"200\" srcset=\"https:\/\/blogdofarnesio.com.br\/wp-content\/uploads\/2014\/09\/unnamed252-300x200.jpg 300w, https:\/\/blogdofarnesio.com.br\/wp-content\/uploads\/2014\/09\/unnamed252.jpg 448w\" sizes=\"auto, (max-width: 300px) 100vw, 300px\" \/><\/a>O\u00a0<strong>s\u00e1bado da candidata\u00a0<\/strong>ao senado pela Bahia,<strong>\u00a0Eliana Calmon<\/strong>, come\u00e7ou com uma caminhada pelo centro da cidade de<strong>\u00a0Senhor do Bonfim<\/strong>,\u00a0 centro norte baiano.<br \/>\nAcompanhada de representantes do PSB da regi\u00e3o, Calmon se concentrou na area do\u00a0<strong>Shopping Cal\u00e7ad\u00e3o<\/strong>, tradicional centro comercial do munic\u00edpio, onde cumprimentou lojistas e transeuntes e conversou com os que foram \u00e0s compras neste s\u00e1bado.<br \/>\nAp\u00f3s percorrer o Cal\u00e7ad\u00e3o, o grupo seguiu para a feira livre da Pra\u00e7a Castelo Branco. Tradicional na cidade, a feira recebe centenas de visitantes \u00e0s sextas e s\u00e1bados,\u00a0 dias em que os pequenos produtores da zona rural se concentram na sede para vender os produtos que cultivam.<\/p>\n<p>A candidata recebeu cumprimentos de muitos que a reconheceram do\u00a0 hor\u00e1rio pol\u00edtico da televis\u00e3o.\u00a0 &#8220;\u00c9 a jurista, n\u00e3o \u00e9?\u00a0 Ela \u00e9 danada. Tem meu voto&#8221;, falou Marta Souza, a vendedora de feij\u00e3o verde, que fez quest\u00e3o de abra\u00e7ar a futura senadora da Bahia.<br \/>\nEliana percorreu quase toda a feira, sendo frequentemente abordada<br \/>\npara tirar fotos e ser abra\u00e7ada.<\/p>\n<p>&#8220;Fizemos uma caminhada muito boa. A feira \u00e9 uma area muito viva da cidade e fico feliz de ter sido t\u00e3o bem recebida pelo povo de senhor do Bonfim&#8221;, disse Eliana.<br \/>\nNo\u00a0<strong>in\u00edcio da noite<\/strong>, a\u00a0<strong>candidata se encontra com lideran\u00e7as\u00a0<\/strong>pol\u00edticas de\u00a0<strong>Senhor do Bonfim e munic\u00edpios vizinhos<\/strong>.<\/p>\n<\/div>\n","protected":false},"excerpt":{"rendered":"<p>O\u00a0s\u00e1bado da candidata\u00a0ao senado pela Bahia,\u00a0Eliana Calmon, come\u00e7ou com uma caminhada pelo centro da cidade de\u00a0Senhor do Bonfim,\u00a0 centro norte baiano. Acompanhada de representantes do PSB da regi\u00e3o, Calmon se concentrou na area do\u00a0Shopping Cal\u00e7ad\u00e3o, tradicional centro comercial do munic\u00edpio, onde cumprimentou lojistas e transeuntes e conversou com os que foram \u00e0s compras neste s\u00e1bado. Ap\u00f3s percorrer o Cal\u00e7ad\u00e3o, o grupo seguiu para a feira livre da Pra\u00e7a Castelo Branco. Tradicional na cidade, a feira recebe centenas de visitantes \u00e0s sextas e s\u00e1bados,\u00a0 dias em que os pequenos produtores da zona rural se concentram na sede para vender os produtos que cultivam. A candidata recebeu cumprimentos de muitos que a reconheceram do\u00a0 hor\u00e1rio pol\u00edtico da televis\u00e3o.\u00a0 &#8220;\u00c9 a jurista, n\u00e3o&hellip; <\/p>\n","protected":false},"author":3,"featured_media":0,"comment_status":"open","ping_status":"open","sticky":false,"template":"","format":"standard","meta":{"_acf_changed":false,"footnotes":""},"categories":[34],"tags":[],"class_list":["post-99028","post","type-post","status-publish","format-standard","hentry","category-eleicoes"],"acf":[],"yoast_head":"<!-- This site is optimized with the Yoast SEO plugin v27.4 - https:\/\/yoast.com\/product\/yoast-seo-wordpress\/ -->\n<title>ELIANA EM SENHOR DO BONFIM - Blog do Farn\u00e9sio<\/title>\n<meta name=\"robots\" content=\"index, follow, max-snippet:-1, max-image-preview:large, max-video-preview:-1\" \/>\n<link rel=\"canonical\" href=\"https:\/\/blogdofarnesio.com.br\/?p=99028\" \/>\n<meta property=\"og:locale\" content=\"pt_BR\" \/>\n<meta property=\"og:type\" content=\"article\" \/>\n<meta property=\"og:title\" content=\"ELIANA EM SENHOR DO BONFIM - Blog do Farn\u00e9sio\" \/>\n<meta property=\"og:description\" content=\"O\u00a0s\u00e1bado da candidata\u00a0ao senado pela Bahia,\u00a0Eliana Calmon, come\u00e7ou com uma caminhada pelo centro da cidade de\u00a0Senhor do Bonfim,\u00a0 centro norte baiano. Acompanhada de representantes do PSB da regi\u00e3o, Calmon se concentrou na area do\u00a0Shopping Cal\u00e7ad\u00e3o, tradicional centro comercial do munic\u00edpio, onde cumprimentou lojistas e transeuntes e conversou com os que foram \u00e0s compras neste s\u00e1bado. Ap\u00f3s percorrer o Cal\u00e7ad\u00e3o, o grupo seguiu para a feira livre da Pra\u00e7a Castelo Branco. Tradicional na cidade, a feira recebe centenas de visitantes \u00e0s sextas e s\u00e1bados,\u00a0 dias em que os pequenos produtores da zona rural se concentram na sede para vender os produtos que cultivam. A candidata recebeu cumprimentos de muitos que a reconheceram do\u00a0 hor\u00e1rio pol\u00edtico da televis\u00e3o.\u00a0 &#8220;\u00c9 a jurista, n\u00e3o&hellip;\" \/>\n<meta property=\"og:url\" content=\"https:\/\/blogdofarnesio.com.br\/?p=99028\" \/>\n<meta property=\"og:site_name\" content=\"Blog do Farn\u00e9sio\" \/>\n<meta property=\"article:publisher\" content=\"https:\/\/www.facebook.com\/BlogQuerSaberPolitica\/\" \/>\n<meta property=\"article:published_time\" content=\"2014-09-15T13:43:27+00:00\" \/>\n<meta property=\"og:image\" content=\"http:\/\/www.quersaberpolitica.com.br\/2016\/wp-content\/uploads\/2014\/09\/unnamed252-300x200.jpg\" \/>\n<meta name=\"author\" content=\"teste\" \/>\n<meta name=\"twitter:card\" content=\"summary_large_image\" \/>\n<meta name=\"twitter:label1\" content=\"Escrito por\" \/>\n\t<meta name=\"twitter:data1\" content=\"teste\" \/>\n\t<meta name=\"twitter:label2\" content=\"Est. tempo de leitura\" \/>\n\t<meta name=\"twitter:data2\" content=\"1 minuto\" \/>\n<script type=\"application\/ld+json\" class=\"yoast-schema-graph\">{\"@context\":\"https:\\\/\\\/schema.org\",\"@graph\":[{\"@type\":\"Article\",\"@id\":\"https:\\\/\\\/blogdofarnesio.com.br\\\/?p=99028#article\",\"isPartOf\":{\"@id\":\"https:\\\/\\\/blogdofarnesio.com.br\\\/?p=99028\"},\"author\":{\"name\":\"teste\",\"@id\":\"https:\\\/\\\/blogdofarnesio.com.br\\\/#\\\/schema\\\/person\\\/dd1bf5eba40b687199ba45ca6b97dff9\"},\"headline\":\"ELIANA EM SENHOR DO BONFIM\",\"datePublished\":\"2014-09-15T13:43:27+00:00\",\"mainEntityOfPage\":{\"@id\":\"https:\\\/\\\/blogdofarnesio.com.br\\\/?p=99028\"},\"wordCount\":240,\"commentCount\":0,\"publisher\":{\"@id\":\"https:\\\/\\\/blogdofarnesio.com.br\\\/#organization\"},\"image\":{\"@id\":\"https:\\\/\\\/blogdofarnesio.com.br\\\/?p=99028#primaryimage\"},\"thumbnailUrl\":\"http:\\\/\\\/www.quersaberpolitica.com.br\\\/2016\\\/wp-content\\\/uploads\\\/2014\\\/09\\\/unnamed252-300x200.jpg\",\"articleSection\":[\"Elei\u00e7\u00f5es\"],\"inLanguage\":\"pt-BR\",\"potentialAction\":[{\"@type\":\"CommentAction\",\"name\":\"Comment\",\"target\":[\"https:\\\/\\\/blogdofarnesio.com.br\\\/?p=99028#respond\"]}]},{\"@type\":\"WebPage\",\"@id\":\"https:\\\/\\\/blogdofarnesio.com.br\\\/?p=99028\",\"url\":\"https:\\\/\\\/blogdofarnesio.com.br\\\/?p=99028\",\"name\":\"ELIANA EM SENHOR DO BONFIM - Blog do Farn\u00e9sio\",\"isPartOf\":{\"@id\":\"https:\\\/\\\/blogdofarnesio.com.br\\\/#website\"},\"primaryImageOfPage\":{\"@id\":\"https:\\\/\\\/blogdofarnesio.com.br\\\/?p=99028#primaryimage\"},\"image\":{\"@id\":\"https:\\\/\\\/blogdofarnesio.com.br\\\/?p=99028#primaryimage\"},\"thumbnailUrl\":\"http:\\\/\\\/www.quersaberpolitica.com.br\\\/2016\\\/wp-content\\\/uploads\\\/2014\\\/09\\\/unnamed252-300x200.jpg\",\"datePublished\":\"2014-09-15T13:43:27+00:00\",\"breadcrumb\":{\"@id\":\"https:\\\/\\\/blogdofarnesio.com.br\\\/?p=99028#breadcrumb\"},\"inLanguage\":\"pt-BR\",\"potentialAction\":[{\"@type\":\"ReadAction\",\"target\":[\"https:\\\/\\\/blogdofarnesio.com.br\\\/?p=99028\"]}]},{\"@type\":\"ImageObject\",\"inLanguage\":\"pt-BR\",\"@id\":\"https:\\\/\\\/blogdofarnesio.com.br\\\/?p=99028#primaryimage\",\"url\":\"http:\\\/\\\/www.quersaberpolitica.com.br\\\/2016\\\/wp-content\\\/uploads\\\/2014\\\/09\\\/unnamed252-300x200.jpg\",\"contentUrl\":\"http:\\\/\\\/www.quersaberpolitica.com.br\\\/2016\\\/wp-content\\\/uploads\\\/2014\\\/09\\\/unnamed252-300x200.jpg\"},{\"@type\":\"BreadcrumbList\",\"@id\":\"https:\\\/\\\/blogdofarnesio.com.br\\\/?p=99028#breadcrumb\",\"itemListElement\":[{\"@type\":\"ListItem\",\"position\":1,\"name\":\"In\u00edcio\",\"item\":\"https:\\\/\\\/blogdofarnesio.com.br\\\/\"},{\"@type\":\"ListItem\",\"position\":2,\"name\":\"ELIANA EM SENHOR DO BONFIM\"}]},{\"@type\":\"WebSite\",\"@id\":\"https:\\\/\\\/blogdofarnesio.com.br\\\/#website\",\"url\":\"https:\\\/\\\/blogdofarnesio.com.br\\\/\",\"name\":\"Blog do Farn\u00e9sio\",\"description\":\"Quer Saber Pol\u00edtica?\",\"publisher\":{\"@id\":\"https:\\\/\\\/blogdofarnesio.com.br\\\/#organization\"},\"potentialAction\":[{\"@type\":\"SearchAction\",\"target\":{\"@type\":\"EntryPoint\",\"urlTemplate\":\"https:\\\/\\\/blogdofarnesio.com.br\\\/?s={search_term_string}\"},\"query-input\":{\"@type\":\"PropertyValueSpecification\",\"valueRequired\":true,\"valueName\":\"search_term_string\"}}],\"inLanguage\":\"pt-BR\"},{\"@type\":\"Organization\",\"@id\":\"https:\\\/\\\/blogdofarnesio.com.br\\\/#organization\",\"name\":\"Blog do Farn\u00e9sio\",\"url\":\"https:\\\/\\\/blogdofarnesio.com.br\\\/\",\"logo\":{\"@type\":\"ImageObject\",\"inLanguage\":\"pt-BR\",\"@id\":\"https:\\\/\\\/blogdofarnesio.com.br\\\/#\\\/schema\\\/logo\\\/image\\\/\",\"url\":\"https:\\\/\\\/blogdofarnesio.com.br\\\/wp-content\\\/uploads\\\/2026\\\/03\\\/cropped-logo_new-1.png\",\"contentUrl\":\"https:\\\/\\\/blogdofarnesio.com.br\\\/wp-content\\\/uploads\\\/2026\\\/03\\\/cropped-logo_new-1.png\",\"width\":881,\"height\":685,\"caption\":\"Blog do Farn\u00e9sio\"},\"image\":{\"@id\":\"https:\\\/\\\/blogdofarnesio.com.br\\\/#\\\/schema\\\/logo\\\/image\\\/\"},\"sameAs\":[\"https:\\\/\\\/www.facebook.com\\\/BlogQuerSaberPolitica\\\/\"]},{\"@type\":\"Person\",\"@id\":\"https:\\\/\\\/blogdofarnesio.com.br\\\/#\\\/schema\\\/person\\\/dd1bf5eba40b687199ba45ca6b97dff9\",\"name\":\"teste\",\"image\":{\"@type\":\"ImageObject\",\"inLanguage\":\"pt-BR\",\"@id\":\"https:\\\/\\\/secure.gravatar.com\\\/avatar\\\/2172498d4914b51e1d89a0f97957b035ac4938723a5cac208135d389b6972a6d?s=96&d=mm&r=g\",\"url\":\"https:\\\/\\\/secure.gravatar.com\\\/avatar\\\/2172498d4914b51e1d89a0f97957b035ac4938723a5cac208135d389b6972a6d?s=96&d=mm&r=g\",\"contentUrl\":\"https:\\\/\\\/secure.gravatar.com\\\/avatar\\\/2172498d4914b51e1d89a0f97957b035ac4938723a5cac208135d389b6972a6d?s=96&d=mm&r=g\",\"caption\":\"teste\"},\"url\":\"https:\\\/\\\/blogdofarnesio.com.br\\\/?author=3\"}]}<\/script>\n<!-- \/ Yoast SEO plugin. -->","yoast_head_json":{"title":"ELIANA EM SENHOR DO BONFIM - Blog do Farn\u00e9sio","robots":{"index":"index","follow":"follow","max-snippet":"max-snippet:-1","max-image-preview":"max-image-preview:large","max-video-preview":"max-video-preview:-1"},"canonical":"https:\/\/blogdofarnesio.com.br\/?p=99028","og_locale":"pt_BR","og_type":"article","og_title":"ELIANA EM SENHOR DO BONFIM - Blog do Farn\u00e9sio","og_description":"O\u00a0s\u00e1bado da candidata\u00a0ao senado pela Bahia,\u00a0Eliana Calmon, come\u00e7ou com uma caminhada pelo centro da cidade de\u00a0Senhor do Bonfim,\u00a0 centro norte baiano. Acompanhada de representantes do PSB da regi\u00e3o, Calmon se concentrou na area do\u00a0Shopping Cal\u00e7ad\u00e3o, tradicional centro comercial do munic\u00edpio, onde cumprimentou lojistas e transeuntes e conversou com os que foram \u00e0s compras neste s\u00e1bado. Ap\u00f3s percorrer o Cal\u00e7ad\u00e3o, o grupo seguiu para a feira livre da Pra\u00e7a Castelo Branco. Tradicional na cidade, a feira recebe centenas de visitantes \u00e0s sextas e s\u00e1bados,\u00a0 dias em que os pequenos produtores da zona rural se concentram na sede para vender os produtos que cultivam. A candidata recebeu cumprimentos de muitos que a reconheceram do\u00a0 hor\u00e1rio pol\u00edtico da televis\u00e3o.\u00a0 &#8220;\u00c9 a jurista, n\u00e3o&hellip;","og_url":"https:\/\/blogdofarnesio.com.br\/?p=99028","og_site_name":"Blog do Farn\u00e9sio","article_publisher":"https:\/\/www.facebook.com\/BlogQuerSaberPolitica\/","article_published_time":"2014-09-15T13:43:27+00:00","og_image":[{"url":"http:\/\/www.quersaberpolitica.com.br\/2016\/wp-content\/uploads\/2014\/09\/unnamed252-300x200.jpg","type":"","width":"","height":""}],"author":"teste","twitter_card":"summary_large_image","twitter_misc":{"Escrito por":"teste","Est. tempo de leitura":"1 minuto"},"schema":{"@context":"https:\/\/schema.org","@graph":[{"@type":"Article","@id":"https:\/\/blogdofarnesio.com.br\/?p=99028#article","isPartOf":{"@id":"https:\/\/blogdofarnesio.com.br\/?p=99028"},"author":{"name":"teste","@id":"https:\/\/blogdofarnesio.com.br\/#\/schema\/person\/dd1bf5eba40b687199ba45ca6b97dff9"},"headline":"ELIANA EM SENHOR DO BONFIM","datePublished":"2014-09-15T13:43:27+00:00","mainEntityOfPage":{"@id":"https:\/\/blogdofarnesio.com.br\/?p=99028"},"wordCount":240,"commentCount":0,"publisher":{"@id":"https:\/\/blogdofarnesio.com.br\/#organization"},"image":{"@id":"https:\/\/blogdofarnesio.com.br\/?p=99028#primaryimage"},"thumbnailUrl":"http:\/\/www.quersaberpolitica.com.br\/2016\/wp-content\/uploads\/2014\/09\/unnamed252-300x200.jpg","articleSection":["Elei\u00e7\u00f5es"],"inLanguage":"pt-BR","potentialAction":[{"@type":"CommentAction","name":"Comment","target":["https:\/\/blogdofarnesio.com.br\/?p=99028#respond"]}]},{"@type":"WebPage","@id":"https:\/\/blogdofarnesio.com.br\/?p=99028","url":"https:\/\/blogdofarnesio.com.br\/?p=99028","name":"ELIANA EM SENHOR DO BONFIM - Blog do Farn\u00e9sio","isPartOf":{"@id":"https:\/\/blogdofarnesio.com.br\/#website"},"primaryImageOfPage":{"@id":"https:\/\/blogdofarnesio.com.br\/?p=99028#primaryimage"},"image":{"@id":"https:\/\/blogdofarnesio.com.br\/?p=99028#primaryimage"},"thumbnailUrl":"http:\/\/www.quersaberpolitica.com.br\/2016\/wp-content\/uploads\/2014\/09\/unnamed252-300x200.jpg","datePublished":"2014-09-15T13:43:27+00:00","breadcrumb":{"@id":"https:\/\/blogdofarnesio.com.br\/?p=99028#breadcrumb"},"inLanguage":"pt-BR","potentialAction":[{"@type":"ReadAction","target":["https:\/\/blogdofarnesio.com.br\/?p=99028"]}]},{"@type":"ImageObject","inLanguage":"pt-BR","@id":"https:\/\/blogdofarnesio.com.br\/?p=99028#primaryimage","url":"http:\/\/www.quersaberpolitica.com.br\/2016\/wp-content\/uploads\/2014\/09\/unnamed252-300x200.jpg","contentUrl":"http:\/\/www.quersaberpolitica.com.br\/2016\/wp-content\/uploads\/2014\/09\/unnamed252-300x200.jpg"},{"@type":"BreadcrumbList","@id":"https:\/\/blogdofarnesio.com.br\/?p=99028#breadcrumb","itemListElement":[{"@type":"ListItem","position":1,"name":"In\u00edcio","item":"https:\/\/blogdofarnesio.com.br\/"},{"@type":"ListItem","position":2,"name":"ELIANA EM SENHOR DO BONFIM"}]},{"@type":"WebSite","@id":"https:\/\/blogdofarnesio.com.br\/#website","url":"https:\/\/blogdofarnesio.com.br\/","name":"Blog do Farn\u00e9sio","description":"Quer Saber Pol\u00edtica?","publisher":{"@id":"https:\/\/blogdofarnesio.com.br\/#organization"},"potentialAction":[{"@type":"SearchAction","target":{"@type":"EntryPoint","urlTemplate":"https:\/\/blogdofarnesio.com.br\/?s={search_term_string}"},"query-input":{"@type":"PropertyValueSpecification","valueRequired":true,"valueName":"search_term_string"}}],"inLanguage":"pt-BR"},{"@type":"Organization","@id":"https:\/\/blogdofarnesio.com.br\/#organization","name":"Blog do Farn\u00e9sio","url":"https:\/\/blogdofarnesio.com.br\/","logo":{"@type":"ImageObject","inLanguage":"pt-BR","@id":"https:\/\/blogdofarnesio.com.br\/#\/schema\/logo\/image\/","url":"https:\/\/blogdofarnesio.com.br\/wp-content\/uploads\/2026\/03\/cropped-logo_new-1.png","contentUrl":"https:\/\/blogdofarnesio.com.br\/wp-content\/uploads\/2026\/03\/cropped-logo_new-1.png","width":881,"height":685,"caption":"Blog do Farn\u00e9sio"},"image":{"@id":"https:\/\/blogdofarnesio.com.br\/#\/schema\/logo\/image\/"},"sameAs":["https:\/\/www.facebook.com\/BlogQuerSaberPolitica\/"]},{"@type":"Person","@id":"https:\/\/blogdofarnesio.com.br\/#\/schema\/person\/dd1bf5eba40b687199ba45ca6b97dff9","name":"teste","image":{"@type":"ImageObject","inLanguage":"pt-BR","@id":"https:\/\/secure.gravatar.com\/avatar\/2172498d4914b51e1d89a0f97957b035ac4938723a5cac208135d389b6972a6d?s=96&d=mm&r=g","url":"https:\/\/secure.gravatar.com\/avatar\/2172498d4914b51e1d89a0f97957b035ac4938723a5cac208135d389b6972a6d?s=96&d=mm&r=g","contentUrl":"https:\/\/secure.gravatar.com\/avatar\/2172498d4914b51e1d89a0f97957b035ac4938723a5cac208135d389b6972a6d?s=96&d=mm&r=g","caption":"teste"},"url":"https:\/\/blogdofarnesio.com.br\/?author=3"}]}},"_links":{"self":[{"href":"https:\/\/blogdofarnesio.com.br\/index.php?rest_route=\/wp\/v2\/posts\/99028","targetHints":{"allow":["GET"]}}],"collection":[{"href":"https:\/\/blogdofarnesio.com.br\/index.php?rest_route=\/wp\/v2\/posts"}],"about":[{"href":"https:\/\/blogdofarnesio.com.br\/index.php?rest_route=\/wp\/v2\/types\/post"}],"author":[{"embeddable":true,"href":"https:\/\/blogdofarnesio.com.br\/index.php?rest_route=\/wp\/v2\/users\/3"}],"replies":[{"embeddable":true,"href":"https:\/\/blogdofarnesio.com.br\/index.php?rest_route=%2Fwp%2Fv2%2Fcomments&post=99028"}],"version-history":[{"count":0,"href":"https:\/\/blogdofarnesio.com.br\/index.php?rest_route=\/wp\/v2\/posts\/99028\/revisions"}],"wp:attachment":[{"href":"https:\/\/blogdofarnesio.com.br\/index.php?rest_route=%2Fwp%2Fv2%2Fmedia&parent=99028"}],"wp:term":[{"taxonomy":"category","embeddable":true,"href":"https:\/\/blogdofarnesio.com.br\/index.php?rest_route=%2Fwp%2Fv2%2Fcategories&post=99028"},{"taxonomy":"post_tag","embeddable":true,"href":"https:\/\/blogdofarnesio.com.br\/index.php?rest_route=%2Fwp%2Fv2%2Ftags&post=99028"}],"curies":[{"name":"wp","href":"https:\/\/api.w.org\/{rel}","templated":true}]}}