{"id":99026,"date":"2014-09-15T12:00:02","date_gmt":"2014-09-15T15:00:02","guid":{"rendered":"http:\/\/www.quersaberpolitica.com.br\/?p=99026"},"modified":"2014-09-15T09:34:14","modified_gmt":"2014-09-15T12:34:14","slug":"odacy-amorim-e-lucas-ramos-lossio-escolheu-os-candidatos-certos-para-apoiar","status":"publish","type":"post","link":"https:\/\/blogdofarnesio.com.br\/?p=99026","title":{"rendered":"ODACY AMORIM E LUCAS  RAMOS&#8230;LOSSIO ESCOLHEU OS CANDIDATOS CERTOS PARA APOIAR?"},"content":{"rendered":"<figure id=\"attachment_22662\" aria-describedby=\"caption-attachment-22662\" style=\"width: 261px\" class=\"wp-caption alignleft\"><a href=\"http:\/\/www.quersaberpolitica.com.br\/2016\/wp-content\/uploads\/2013\/01\/blogqspjlodacy-Foto-Farn\u00e9sio-Silva.jpg\"><img loading=\"lazy\" decoding=\"async\" class=\"size-full wp-image-22662\" alt=\"  Foto Farn\u00e9sio Silva\" src=\"http:\/\/www.quersaberpolitica.com.br\/2016\/wp-content\/uploads\/2013\/01\/blogqspjlodacy-Foto-Farn\u00e9sio-Silva.jpg\" width=\"261\" height=\"298\" \/><\/a><figcaption id=\"caption-attachment-22662\" class=\"wp-caption-text\">Foto Farn\u00e9sio Silva<\/figcaption><\/figure>\n<p style=\"text-align: justify\">N\u00e3o foi surpresa ver e ouvir Julio Lossio\u00a0 dizer que apoiaria os candidatos\u00a0 Odacy Amorim e Lucas Ramos. Imagino que a \u00a0escolha se deve a dois fatores que se tornaram \u00a0preponderantes \u00a0para que\u00a0 se chegasse\u00a0 a essa escolha.<\/p>\n<p style=\"text-align: justify\">Lossio \u00e9 visto como o mais importante prefeito do sert\u00e3o, pela\u00a0 sua maneira leve de falar e tamb\u00e9m pelas vitorias obtidas \u00a0dentro\u00a0 da corrida eleitoral ,como tamb\u00e9m \u00a0nos tribunais. Isso o tornou uma notoriedade no Estado e no Pa\u00eds.<\/p>\n<p style=\"text-align: justify\">O 1\u00ba motivo pelo qual a escolha foi feita \u00a0diz respeito ao futuro e nesse quesito a novidade \u201cLucas Ramos\u201d se destaca pelo fato de ser um rapaz diferente, que\u00a0 vem de uma fam\u00edlia de ra\u00edzes pol\u00edticas e de uma hist\u00f3ria que se abra\u00e7a com Petrolina. Lucas vem com a id\u00e9ia de n\u00e3o ser esse seu primeiro emprego, diferente de outras hist\u00f3rias que\u00a0 temos\u00a0 na cidade, Esse jovem n\u00e3o quer apenas ser deputado por\u00a0 ser (acredito assim),mas demonstra\u00a0 que vem para trabalhar de verdade.<\/p>\n<p style=\"text-align: justify\">O 2\u00ba motivo diz respeito \u00e0 seriedade e a cumplicidade. E nesse quesito Odacy\u00a0 Amorim tem seus adjetivos ampliados. Eu que o conhe\u00e7o desde o primeiro mandato como vereador \u00a0em Petrolina, j\u00e1 vi esse homem passar por bons e maus momentos, e sempre se manteve como o mesmo tom de sobriedade que lhe \u00e9 peculiar, nisso todos v\u00e3o concordar comigo.<\/p>\n<p style=\"text-align: justify\">Lossio \u00a0por ser homem de vis\u00e3o\u00a0 e de uma experi\u00eancia pol\u00edtica adquirida em pouco tempo (que nos assombra!) demonstra que escolheu as pessoas certas para\u00a0 dar seu apoio\u00a0 e dizer para sua equipe que ambos podem favorecer a cidade\u00a0 nos projetos futuros\u00a0 que o munic\u00edpio certamente precisar\u00e1.<!--more--><\/p>\n<p style=\"text-align: justify\">Petrolina vai ter sua representatividade ampliada nessas elei\u00e7\u00f5es, certamente teremos mais deputados estaduais trabalhando em favor da nossa cidade,\u00a0 eu acredito que pelo menos quatro vagas pertencer\u00e3o a Petrolina,e existe raz\u00f5es para isso acontecer, e a principal delas \u00e9 que a cidade entendeu como \u00e9 importante ter representantes na nossa C\u00e2mara\u00a0 estadual, pois muitos projetos para sa\u00edrem do papel dependem do desempenho dos\u00a0 legisladores estaduais.<\/p>\n<p style=\"text-align: justify\">\u00c9 assim que\u00a0 vejo os rumos para nossa cidade,que vai sair ganhando\u00a0 nessas elei\u00e7\u00f5es.<\/p>\n","protected":false},"excerpt":{"rendered":"<p>N\u00e3o foi surpresa ver e ouvir Julio Lossio\u00a0 dizer que apoiaria os candidatos\u00a0 Odacy Amorim e Lucas Ramos. Imagino que a \u00a0escolha se deve a dois fatores que se tornaram \u00a0preponderantes \u00a0para que\u00a0 se chegasse\u00a0 a essa escolha. Lossio \u00e9 visto como o mais importante prefeito do sert\u00e3o, pela\u00a0 sua maneira leve de falar e tamb\u00e9m pelas vitorias obtidas \u00a0dentro\u00a0 da corrida eleitoral ,como tamb\u00e9m \u00a0nos tribunais. Isso o tornou uma notoriedade no Estado e no Pa\u00eds. O 1\u00ba motivo pelo qual a escolha foi feita \u00a0diz respeito ao futuro e nesse quesito a novidade \u201cLucas Ramos\u201d se destaca pelo fato de ser um rapaz diferente, que\u00a0 vem de uma fam\u00edlia de ra\u00edzes pol\u00edticas e de uma hist\u00f3ria que se&hellip; <\/p>\n","protected":false},"author":3,"featured_media":0,"comment_status":"open","ping_status":"open","sticky":false,"template":"","format":"standard","meta":{"_acf_changed":false,"footnotes":""},"categories":[34],"tags":[],"class_list":["post-99026","post","type-post","status-publish","format-standard","hentry","category-eleicoes"],"acf":[],"yoast_head":"<!-- This site is optimized with the Yoast SEO plugin v27.4 - https:\/\/yoast.com\/product\/yoast-seo-wordpress\/ -->\n<title>ODACY AMORIM E LUCAS RAMOS...LOSSIO ESCOLHEU OS CANDIDATOS CERTOS PARA APOIAR?  - Blog do Farn\u00e9sio<\/title>\n<meta name=\"robots\" content=\"index, follow, max-snippet:-1, max-image-preview:large, max-video-preview:-1\" \/>\n<link rel=\"canonical\" href=\"https:\/\/blogdofarnesio.com.br\/?p=99026\" \/>\n<meta property=\"og:locale\" content=\"pt_BR\" \/>\n<meta property=\"og:type\" content=\"article\" \/>\n<meta property=\"og:title\" content=\"ODACY AMORIM E LUCAS RAMOS...LOSSIO ESCOLHEU OS CANDIDATOS CERTOS PARA APOIAR?  - Blog do Farn\u00e9sio\" \/>\n<meta property=\"og:description\" content=\"N\u00e3o foi surpresa ver e ouvir Julio Lossio\u00a0 dizer que apoiaria os candidatos\u00a0 Odacy Amorim e Lucas Ramos. Imagino que a \u00a0escolha se deve a dois fatores que se tornaram \u00a0preponderantes \u00a0para que\u00a0 se chegasse\u00a0 a essa escolha. Lossio \u00e9 visto como o mais importante prefeito do sert\u00e3o, pela\u00a0 sua maneira leve de falar e tamb\u00e9m pelas vitorias obtidas \u00a0dentro\u00a0 da corrida eleitoral ,como tamb\u00e9m \u00a0nos tribunais. Isso o tornou uma notoriedade no Estado e no Pa\u00eds. O 1\u00ba motivo pelo qual a escolha foi feita \u00a0diz respeito ao futuro e nesse quesito a novidade \u201cLucas Ramos\u201d se destaca pelo fato de ser um rapaz diferente, que\u00a0 vem de uma fam\u00edlia de ra\u00edzes pol\u00edticas e de uma hist\u00f3ria que se&hellip;\" \/>\n<meta property=\"og:url\" content=\"https:\/\/blogdofarnesio.com.br\/?p=99026\" \/>\n<meta property=\"og:site_name\" content=\"Blog do Farn\u00e9sio\" \/>\n<meta property=\"article:publisher\" content=\"https:\/\/www.facebook.com\/BlogQuerSaberPolitica\/\" \/>\n<meta property=\"article:published_time\" content=\"2014-09-15T15:00:02+00:00\" \/>\n<meta name=\"author\" content=\"teste\" \/>\n<meta name=\"twitter:card\" content=\"summary_large_image\" \/>\n<meta name=\"twitter:label1\" content=\"Escrito por\" \/>\n\t<meta name=\"twitter:data1\" content=\"teste\" \/>\n\t<meta name=\"twitter:label2\" content=\"Est. tempo de leitura\" \/>\n\t<meta name=\"twitter:data2\" content=\"2 minutos\" \/>\n<script type=\"application\/ld+json\" class=\"yoast-schema-graph\">{\"@context\":\"https:\\\/\\\/schema.org\",\"@graph\":[{\"@type\":\"Article\",\"@id\":\"https:\\\/\\\/blogdofarnesio.com.br\\\/?p=99026#article\",\"isPartOf\":{\"@id\":\"https:\\\/\\\/blogdofarnesio.com.br\\\/?p=99026\"},\"author\":{\"name\":\"teste\",\"@id\":\"https:\\\/\\\/blogdofarnesio.com.br\\\/#\\\/schema\\\/person\\\/dd1bf5eba40b687199ba45ca6b97dff9\"},\"headline\":\"ODACY AMORIM E LUCAS RAMOS&#8230;LOSSIO ESCOLHEU OS CANDIDATOS CERTOS PARA APOIAR?\",\"datePublished\":\"2014-09-15T15:00:02+00:00\",\"mainEntityOfPage\":{\"@id\":\"https:\\\/\\\/blogdofarnesio.com.br\\\/?p=99026\"},\"wordCount\":391,\"commentCount\":0,\"publisher\":{\"@id\":\"https:\\\/\\\/blogdofarnesio.com.br\\\/#organization\"},\"articleSection\":[\"Elei\u00e7\u00f5es\"],\"inLanguage\":\"pt-BR\",\"potentialAction\":[{\"@type\":\"CommentAction\",\"name\":\"Comment\",\"target\":[\"https:\\\/\\\/blogdofarnesio.com.br\\\/?p=99026#respond\"]}]},{\"@type\":\"WebPage\",\"@id\":\"https:\\\/\\\/blogdofarnesio.com.br\\\/?p=99026\",\"url\":\"https:\\\/\\\/blogdofarnesio.com.br\\\/?p=99026\",\"name\":\"ODACY AMORIM E LUCAS RAMOS...LOSSIO ESCOLHEU OS CANDIDATOS CERTOS PARA APOIAR? - Blog do Farn\u00e9sio\",\"isPartOf\":{\"@id\":\"https:\\\/\\\/blogdofarnesio.com.br\\\/#website\"},\"datePublished\":\"2014-09-15T15:00:02+00:00\",\"breadcrumb\":{\"@id\":\"https:\\\/\\\/blogdofarnesio.com.br\\\/?p=99026#breadcrumb\"},\"inLanguage\":\"pt-BR\",\"potentialAction\":[{\"@type\":\"ReadAction\",\"target\":[\"https:\\\/\\\/blogdofarnesio.com.br\\\/?p=99026\"]}]},{\"@type\":\"BreadcrumbList\",\"@id\":\"https:\\\/\\\/blogdofarnesio.com.br\\\/?p=99026#breadcrumb\",\"itemListElement\":[{\"@type\":\"ListItem\",\"position\":1,\"name\":\"In\u00edcio\",\"item\":\"https:\\\/\\\/blogdofarnesio.com.br\\\/\"},{\"@type\":\"ListItem\",\"position\":2,\"name\":\"ODACY AMORIM E LUCAS RAMOS&#8230;LOSSIO ESCOLHEU OS CANDIDATOS CERTOS PARA APOIAR?\"}]},{\"@type\":\"WebSite\",\"@id\":\"https:\\\/\\\/blogdofarnesio.com.br\\\/#website\",\"url\":\"https:\\\/\\\/blogdofarnesio.com.br\\\/\",\"name\":\"Blog do Farn\u00e9sio\",\"description\":\"Quer Saber Pol\u00edtica?\",\"publisher\":{\"@id\":\"https:\\\/\\\/blogdofarnesio.com.br\\\/#organization\"},\"potentialAction\":[{\"@type\":\"SearchAction\",\"target\":{\"@type\":\"EntryPoint\",\"urlTemplate\":\"https:\\\/\\\/blogdofarnesio.com.br\\\/?s={search_term_string}\"},\"query-input\":{\"@type\":\"PropertyValueSpecification\",\"valueRequired\":true,\"valueName\":\"search_term_string\"}}],\"inLanguage\":\"pt-BR\"},{\"@type\":\"Organization\",\"@id\":\"https:\\\/\\\/blogdofarnesio.com.br\\\/#organization\",\"name\":\"Blog do Farn\u00e9sio\",\"url\":\"https:\\\/\\\/blogdofarnesio.com.br\\\/\",\"logo\":{\"@type\":\"ImageObject\",\"inLanguage\":\"pt-BR\",\"@id\":\"https:\\\/\\\/blogdofarnesio.com.br\\\/#\\\/schema\\\/logo\\\/image\\\/\",\"url\":\"https:\\\/\\\/blogdofarnesio.com.br\\\/wp-content\\\/uploads\\\/2026\\\/03\\\/cropped-logo_new-1.png\",\"contentUrl\":\"https:\\\/\\\/blogdofarnesio.com.br\\\/wp-content\\\/uploads\\\/2026\\\/03\\\/cropped-logo_new-1.png\",\"width\":881,\"height\":685,\"caption\":\"Blog do Farn\u00e9sio\"},\"image\":{\"@id\":\"https:\\\/\\\/blogdofarnesio.com.br\\\/#\\\/schema\\\/logo\\\/image\\\/\"},\"sameAs\":[\"https:\\\/\\\/www.facebook.com\\\/BlogQuerSaberPolitica\\\/\"]},{\"@type\":\"Person\",\"@id\":\"https:\\\/\\\/blogdofarnesio.com.br\\\/#\\\/schema\\\/person\\\/dd1bf5eba40b687199ba45ca6b97dff9\",\"name\":\"teste\",\"image\":{\"@type\":\"ImageObject\",\"inLanguage\":\"pt-BR\",\"@id\":\"https:\\\/\\\/secure.gravatar.com\\\/avatar\\\/2172498d4914b51e1d89a0f97957b035ac4938723a5cac208135d389b6972a6d?s=96&d=mm&r=g\",\"url\":\"https:\\\/\\\/secure.gravatar.com\\\/avatar\\\/2172498d4914b51e1d89a0f97957b035ac4938723a5cac208135d389b6972a6d?s=96&d=mm&r=g\",\"contentUrl\":\"https:\\\/\\\/secure.gravatar.com\\\/avatar\\\/2172498d4914b51e1d89a0f97957b035ac4938723a5cac208135d389b6972a6d?s=96&d=mm&r=g\",\"caption\":\"teste\"},\"url\":\"https:\\\/\\\/blogdofarnesio.com.br\\\/?author=3\"}]}<\/script>\n<!-- \/ Yoast SEO plugin. -->","yoast_head_json":{"title":"ODACY AMORIM E LUCAS RAMOS...LOSSIO ESCOLHEU OS CANDIDATOS CERTOS PARA APOIAR?  - Blog do Farn\u00e9sio","robots":{"index":"index","follow":"follow","max-snippet":"max-snippet:-1","max-image-preview":"max-image-preview:large","max-video-preview":"max-video-preview:-1"},"canonical":"https:\/\/blogdofarnesio.com.br\/?p=99026","og_locale":"pt_BR","og_type":"article","og_title":"ODACY AMORIM E LUCAS RAMOS...LOSSIO ESCOLHEU OS CANDIDATOS CERTOS PARA APOIAR?  - Blog do Farn\u00e9sio","og_description":"N\u00e3o foi surpresa ver e ouvir Julio Lossio\u00a0 dizer que apoiaria os candidatos\u00a0 Odacy Amorim e Lucas Ramos. Imagino que a \u00a0escolha se deve a dois fatores que se tornaram \u00a0preponderantes \u00a0para que\u00a0 se chegasse\u00a0 a essa escolha. Lossio \u00e9 visto como o mais importante prefeito do sert\u00e3o, pela\u00a0 sua maneira leve de falar e tamb\u00e9m pelas vitorias obtidas \u00a0dentro\u00a0 da corrida eleitoral ,como tamb\u00e9m \u00a0nos tribunais. Isso o tornou uma notoriedade no Estado e no Pa\u00eds. O 1\u00ba motivo pelo qual a escolha foi feita \u00a0diz respeito ao futuro e nesse quesito a novidade \u201cLucas Ramos\u201d se destaca pelo fato de ser um rapaz diferente, que\u00a0 vem de uma fam\u00edlia de ra\u00edzes pol\u00edticas e de uma hist\u00f3ria que se&hellip;","og_url":"https:\/\/blogdofarnesio.com.br\/?p=99026","og_site_name":"Blog do Farn\u00e9sio","article_publisher":"https:\/\/www.facebook.com\/BlogQuerSaberPolitica\/","article_published_time":"2014-09-15T15:00:02+00:00","author":"teste","twitter_card":"summary_large_image","twitter_misc":{"Escrito por":"teste","Est. tempo de leitura":"2 minutos"},"schema":{"@context":"https:\/\/schema.org","@graph":[{"@type":"Article","@id":"https:\/\/blogdofarnesio.com.br\/?p=99026#article","isPartOf":{"@id":"https:\/\/blogdofarnesio.com.br\/?p=99026"},"author":{"name":"teste","@id":"https:\/\/blogdofarnesio.com.br\/#\/schema\/person\/dd1bf5eba40b687199ba45ca6b97dff9"},"headline":"ODACY AMORIM E LUCAS RAMOS&#8230;LOSSIO ESCOLHEU OS CANDIDATOS CERTOS PARA APOIAR?","datePublished":"2014-09-15T15:00:02+00:00","mainEntityOfPage":{"@id":"https:\/\/blogdofarnesio.com.br\/?p=99026"},"wordCount":391,"commentCount":0,"publisher":{"@id":"https:\/\/blogdofarnesio.com.br\/#organization"},"articleSection":["Elei\u00e7\u00f5es"],"inLanguage":"pt-BR","potentialAction":[{"@type":"CommentAction","name":"Comment","target":["https:\/\/blogdofarnesio.com.br\/?p=99026#respond"]}]},{"@type":"WebPage","@id":"https:\/\/blogdofarnesio.com.br\/?p=99026","url":"https:\/\/blogdofarnesio.com.br\/?p=99026","name":"ODACY AMORIM E LUCAS RAMOS...LOSSIO ESCOLHEU OS CANDIDATOS CERTOS PARA APOIAR? - Blog do Farn\u00e9sio","isPartOf":{"@id":"https:\/\/blogdofarnesio.com.br\/#website"},"datePublished":"2014-09-15T15:00:02+00:00","breadcrumb":{"@id":"https:\/\/blogdofarnesio.com.br\/?p=99026#breadcrumb"},"inLanguage":"pt-BR","potentialAction":[{"@type":"ReadAction","target":["https:\/\/blogdofarnesio.com.br\/?p=99026"]}]},{"@type":"BreadcrumbList","@id":"https:\/\/blogdofarnesio.com.br\/?p=99026#breadcrumb","itemListElement":[{"@type":"ListItem","position":1,"name":"In\u00edcio","item":"https:\/\/blogdofarnesio.com.br\/"},{"@type":"ListItem","position":2,"name":"ODACY AMORIM E LUCAS RAMOS&#8230;LOSSIO ESCOLHEU OS CANDIDATOS CERTOS PARA APOIAR?"}]},{"@type":"WebSite","@id":"https:\/\/blogdofarnesio.com.br\/#website","url":"https:\/\/blogdofarnesio.com.br\/","name":"Blog do Farn\u00e9sio","description":"Quer Saber Pol\u00edtica?","publisher":{"@id":"https:\/\/blogdofarnesio.com.br\/#organization"},"potentialAction":[{"@type":"SearchAction","target":{"@type":"EntryPoint","urlTemplate":"https:\/\/blogdofarnesio.com.br\/?s={search_term_string}"},"query-input":{"@type":"PropertyValueSpecification","valueRequired":true,"valueName":"search_term_string"}}],"inLanguage":"pt-BR"},{"@type":"Organization","@id":"https:\/\/blogdofarnesio.com.br\/#organization","name":"Blog do Farn\u00e9sio","url":"https:\/\/blogdofarnesio.com.br\/","logo":{"@type":"ImageObject","inLanguage":"pt-BR","@id":"https:\/\/blogdofarnesio.com.br\/#\/schema\/logo\/image\/","url":"https:\/\/blogdofarnesio.com.br\/wp-content\/uploads\/2026\/03\/cropped-logo_new-1.png","contentUrl":"https:\/\/blogdofarnesio.com.br\/wp-content\/uploads\/2026\/03\/cropped-logo_new-1.png","width":881,"height":685,"caption":"Blog do Farn\u00e9sio"},"image":{"@id":"https:\/\/blogdofarnesio.com.br\/#\/schema\/logo\/image\/"},"sameAs":["https:\/\/www.facebook.com\/BlogQuerSaberPolitica\/"]},{"@type":"Person","@id":"https:\/\/blogdofarnesio.com.br\/#\/schema\/person\/dd1bf5eba40b687199ba45ca6b97dff9","name":"teste","image":{"@type":"ImageObject","inLanguage":"pt-BR","@id":"https:\/\/secure.gravatar.com\/avatar\/2172498d4914b51e1d89a0f97957b035ac4938723a5cac208135d389b6972a6d?s=96&d=mm&r=g","url":"https:\/\/secure.gravatar.com\/avatar\/2172498d4914b51e1d89a0f97957b035ac4938723a5cac208135d389b6972a6d?s=96&d=mm&r=g","contentUrl":"https:\/\/secure.gravatar.com\/avatar\/2172498d4914b51e1d89a0f97957b035ac4938723a5cac208135d389b6972a6d?s=96&d=mm&r=g","caption":"teste"},"url":"https:\/\/blogdofarnesio.com.br\/?author=3"}]}},"_links":{"self":[{"href":"https:\/\/blogdofarnesio.com.br\/index.php?rest_route=\/wp\/v2\/posts\/99026","targetHints":{"allow":["GET"]}}],"collection":[{"href":"https:\/\/blogdofarnesio.com.br\/index.php?rest_route=\/wp\/v2\/posts"}],"about":[{"href":"https:\/\/blogdofarnesio.com.br\/index.php?rest_route=\/wp\/v2\/types\/post"}],"author":[{"embeddable":true,"href":"https:\/\/blogdofarnesio.com.br\/index.php?rest_route=\/wp\/v2\/users\/3"}],"replies":[{"embeddable":true,"href":"https:\/\/blogdofarnesio.com.br\/index.php?rest_route=%2Fwp%2Fv2%2Fcomments&post=99026"}],"version-history":[{"count":0,"href":"https:\/\/blogdofarnesio.com.br\/index.php?rest_route=\/wp\/v2\/posts\/99026\/revisions"}],"wp:attachment":[{"href":"https:\/\/blogdofarnesio.com.br\/index.php?rest_route=%2Fwp%2Fv2%2Fmedia&parent=99026"}],"wp:term":[{"taxonomy":"category","embeddable":true,"href":"https:\/\/blogdofarnesio.com.br\/index.php?rest_route=%2Fwp%2Fv2%2Fcategories&post=99026"},{"taxonomy":"post_tag","embeddable":true,"href":"https:\/\/blogdofarnesio.com.br\/index.php?rest_route=%2Fwp%2Fv2%2Ftags&post=99026"}],"curies":[{"name":"wp","href":"https:\/\/api.w.org\/{rel}","templated":true}]}}