{"id":98841,"date":"2014-10-04T14:00:52","date_gmt":"2014-10-04T17:00:52","guid":{"rendered":"http:\/\/www.quersaberpolitica.com.br\/?p=98841"},"modified":"2014-10-04T09:43:52","modified_gmt":"2014-10-04T12:43:52","slug":"grandes-nomes-da-educacao-no-pais-estarao-no-congresso-educa-vale","status":"publish","type":"post","link":"https:\/\/blogdofarnesio.com.br\/?p=98841","title":{"rendered":"GRANDES NOMES DA EDUCA\u00c7\u00c3O NO PA\u00cdS ESTAR\u00c3O NO CONGRESSO &#8220;EDUCA VALE&#8221;"},"content":{"rendered":"<p style=\"text-align: justify\"><a href=\"http:\/\/www.quersaberpolitica.com.br\/2016\/wp-content\/uploads\/2014\/09\/unnamed220.jpg\"><img loading=\"lazy\" decoding=\"async\" class=\"aligncenter\" alt=\"unnamed\" src=\"http:\/\/www.quersaberpolitica.com.br\/2016\/wp-content\/uploads\/2014\/09\/unnamed220-300x123.jpg\" width=\"300\" height=\"123\" \/><\/a>Tr\u00eas das maiores autoridades nas rela\u00e7\u00f5es fam\u00edlia-filhos-escola do pa\u00eds, v\u00e3o estar em Petrolina \u2013 PE e Juazeiro \u2013 BA, de 6 a 8 de outubro pr\u00f3ximo para a realiza\u00e7\u00e3o do Congresso de Educa\u00e7\u00e3o \u2013 Educa Vale. Temas, a exemplo da responsabilidade pela educa\u00e7\u00e3o dos filhos, pr\u00e1ticas pedag\u00f3gicas e a import\u00e2ncia da leitura, ser\u00e3o apresentados durante o encontro por I\u00e7ami Tiba , Dirceu Moreira e Ziraldo.<\/p>\n<p style=\"text-align: justify\">Primeiro a se apresentar,\u00a0o psiquiatra I\u00e7ami Tiba vai proferir a palestra Quem Ama Educa no dia 6 \u00e0s 20h, no Col\u00e9gio Geo, em Juazeiro.Com 30 livros publicados e mais de 78 mil atendimentos psicoter\u00e1picos a adolescentes e suas fam\u00edlias, o palestrante vai falar da fam\u00edlia enquanto respons\u00e1vel pela educa\u00e7\u00e3o dos filhos.<img decoding=\"async\" title=\"Mais...\" alt=\"\" src=\"http:\/\/www.quersaberpolitica.com.br\/site\/wp-includes\/js\/tinymce\/plugins\/wordpress\/img\/trans.gif\" \/><!--more--><\/p>\n<p style=\"text-align: justify\">A import\u00e2ncia de valores e atitudes como limites e di\u00e1logo. E, ressaltando o que descreve no livro hom\u00f4nimo \u2013 maior best seller da educa\u00e7\u00e3o brasileira, I\u00e7ami Tiba diz que\u00a0os pais devem se sentir tranq\u00fcilos em rela\u00e7\u00e3o \u00e0 educa\u00e7\u00e3o dada a seus filhos na medida em que lhes transmitem a responsabilidade pela pr\u00f3pria felicidade dando-lhes a autonomia de que eles certamente precisar\u00e3o na vida adulta.<\/p>\n<p style=\"text-align: justify\">Tamb\u00e9m agendada para o Col\u00e9gio Geo, em Juazeiro. No dia 7 \u00e0s 20h, ser\u00e1 a vez da apresenta\u00e7\u00e3o do escritor, psic\u00f3logo e pedagogo Dirceu Moreira. Dr. Honoris Causa em Psicologia das Rela\u00e7\u00f5es Humanas, consultor em educa\u00e7\u00e3o e RH e autor de 15 livros, Dirceu Moreira vai ministrar a palestra Em Busca da Felicidade Plena.<\/p>\n","protected":false},"excerpt":{"rendered":"<p>Tr\u00eas das maiores autoridades nas rela\u00e7\u00f5es fam\u00edlia-filhos-escola do pa\u00eds, v\u00e3o estar em Petrolina \u2013 PE e Juazeiro \u2013 BA, de 6 a 8 de outubro pr\u00f3ximo para a realiza\u00e7\u00e3o do Congresso de Educa\u00e7\u00e3o \u2013 Educa Vale. Temas, a exemplo da responsabilidade pela educa\u00e7\u00e3o dos filhos, pr\u00e1ticas pedag\u00f3gicas e a import\u00e2ncia da leitura, ser\u00e3o apresentados durante o encontro por I\u00e7ami Tiba , Dirceu Moreira e Ziraldo. Primeiro a se apresentar,\u00a0o psiquiatra I\u00e7ami Tiba vai proferir a palestra Quem Ama Educa no dia 6 \u00e0s 20h, no Col\u00e9gio Geo, em Juazeiro.Com 30 livros publicados e mais de 78 mil atendimentos psicoter\u00e1picos a adolescentes e suas fam\u00edlias, o palestrante vai falar da fam\u00edlia enquanto respons\u00e1vel pela educa\u00e7\u00e3o dos filhos.<\/p>\n","protected":false},"author":3,"featured_media":0,"comment_status":"open","ping_status":"open","sticky":false,"template":"","format":"standard","meta":{"_acf_changed":false,"footnotes":""},"categories":[6],"tags":[],"class_list":["post-98841","post","type-post","status-publish","format-standard","hentry","category-educacao"],"acf":[],"yoast_head":"<!-- This site is optimized with the Yoast SEO plugin v27.4 - https:\/\/yoast.com\/product\/yoast-seo-wordpress\/ -->\n<title>GRANDES NOMES DA EDUCA\u00c7\u00c3O NO PA\u00cdS ESTAR\u00c3O NO CONGRESSO &quot;EDUCA VALE&quot; - Blog do Farn\u00e9sio<\/title>\n<meta name=\"robots\" content=\"index, follow, max-snippet:-1, max-image-preview:large, max-video-preview:-1\" \/>\n<link rel=\"canonical\" href=\"https:\/\/blogdofarnesio.com.br\/?p=98841\" \/>\n<meta property=\"og:locale\" content=\"pt_BR\" \/>\n<meta property=\"og:type\" content=\"article\" \/>\n<meta property=\"og:title\" content=\"GRANDES NOMES DA EDUCA\u00c7\u00c3O NO PA\u00cdS ESTAR\u00c3O NO CONGRESSO &quot;EDUCA VALE&quot; - Blog do Farn\u00e9sio\" \/>\n<meta property=\"og:description\" content=\"Tr\u00eas das maiores autoridades nas rela\u00e7\u00f5es fam\u00edlia-filhos-escola do pa\u00eds, v\u00e3o estar em Petrolina \u2013 PE e Juazeiro \u2013 BA, de 6 a 8 de outubro pr\u00f3ximo para a realiza\u00e7\u00e3o do Congresso de Educa\u00e7\u00e3o \u2013 Educa Vale. Temas, a exemplo da responsabilidade pela educa\u00e7\u00e3o dos filhos, pr\u00e1ticas pedag\u00f3gicas e a import\u00e2ncia da leitura, ser\u00e3o apresentados durante o encontro por I\u00e7ami Tiba , Dirceu Moreira e Ziraldo. Primeiro a se apresentar,\u00a0o psiquiatra I\u00e7ami Tiba vai proferir a palestra Quem Ama Educa no dia 6 \u00e0s 20h, no Col\u00e9gio Geo, em Juazeiro.Com 30 livros publicados e mais de 78 mil atendimentos psicoter\u00e1picos a adolescentes e suas fam\u00edlias, o palestrante vai falar da fam\u00edlia enquanto respons\u00e1vel pela educa\u00e7\u00e3o dos filhos.\" \/>\n<meta property=\"og:url\" content=\"https:\/\/blogdofarnesio.com.br\/?p=98841\" \/>\n<meta property=\"og:site_name\" content=\"Blog do Farn\u00e9sio\" \/>\n<meta property=\"article:publisher\" content=\"https:\/\/www.facebook.com\/BlogQuerSaberPolitica\/\" \/>\n<meta property=\"article:published_time\" content=\"2014-10-04T17:00:52+00:00\" \/>\n<meta property=\"og:image\" content=\"http:\/\/www.quersaberpolitica.com.br\/2016\/wp-content\/uploads\/2014\/09\/unnamed220-300x123.jpg\" \/>\n<meta name=\"author\" content=\"teste\" \/>\n<meta name=\"twitter:card\" content=\"summary_large_image\" \/>\n<meta name=\"twitter:label1\" content=\"Escrito por\" \/>\n\t<meta name=\"twitter:data1\" content=\"teste\" \/>\n\t<meta name=\"twitter:label2\" content=\"Est. tempo de leitura\" \/>\n\t<meta name=\"twitter:data2\" content=\"1 minuto\" \/>\n<script type=\"application\/ld+json\" class=\"yoast-schema-graph\">{\"@context\":\"https:\\\/\\\/schema.org\",\"@graph\":[{\"@type\":\"Article\",\"@id\":\"https:\\\/\\\/blogdofarnesio.com.br\\\/?p=98841#article\",\"isPartOf\":{\"@id\":\"https:\\\/\\\/blogdofarnesio.com.br\\\/?p=98841\"},\"author\":{\"name\":\"teste\",\"@id\":\"https:\\\/\\\/blogdofarnesio.com.br\\\/#\\\/schema\\\/person\\\/dd1bf5eba40b687199ba45ca6b97dff9\"},\"headline\":\"GRANDES NOMES DA EDUCA\u00c7\u00c3O NO PA\u00cdS ESTAR\u00c3O NO CONGRESSO &#8220;EDUCA VALE&#8221;\",\"datePublished\":\"2014-10-04T17:00:52+00:00\",\"mainEntityOfPage\":{\"@id\":\"https:\\\/\\\/blogdofarnesio.com.br\\\/?p=98841\"},\"wordCount\":275,\"commentCount\":0,\"publisher\":{\"@id\":\"https:\\\/\\\/blogdofarnesio.com.br\\\/#organization\"},\"image\":{\"@id\":\"https:\\\/\\\/blogdofarnesio.com.br\\\/?p=98841#primaryimage\"},\"thumbnailUrl\":\"http:\\\/\\\/www.quersaberpolitica.com.br\\\/2016\\\/wp-content\\\/uploads\\\/2014\\\/09\\\/unnamed220-300x123.jpg\",\"articleSection\":[\"Educa\u00e7\u00e3o\"],\"inLanguage\":\"pt-BR\",\"potentialAction\":[{\"@type\":\"CommentAction\",\"name\":\"Comment\",\"target\":[\"https:\\\/\\\/blogdofarnesio.com.br\\\/?p=98841#respond\"]}]},{\"@type\":\"WebPage\",\"@id\":\"https:\\\/\\\/blogdofarnesio.com.br\\\/?p=98841\",\"url\":\"https:\\\/\\\/blogdofarnesio.com.br\\\/?p=98841\",\"name\":\"GRANDES NOMES DA EDUCA\u00c7\u00c3O NO PA\u00cdS ESTAR\u00c3O NO CONGRESSO \\\"EDUCA VALE\\\" - Blog do Farn\u00e9sio\",\"isPartOf\":{\"@id\":\"https:\\\/\\\/blogdofarnesio.com.br\\\/#website\"},\"primaryImageOfPage\":{\"@id\":\"https:\\\/\\\/blogdofarnesio.com.br\\\/?p=98841#primaryimage\"},\"image\":{\"@id\":\"https:\\\/\\\/blogdofarnesio.com.br\\\/?p=98841#primaryimage\"},\"thumbnailUrl\":\"http:\\\/\\\/www.quersaberpolitica.com.br\\\/2016\\\/wp-content\\\/uploads\\\/2014\\\/09\\\/unnamed220-300x123.jpg\",\"datePublished\":\"2014-10-04T17:00:52+00:00\",\"breadcrumb\":{\"@id\":\"https:\\\/\\\/blogdofarnesio.com.br\\\/?p=98841#breadcrumb\"},\"inLanguage\":\"pt-BR\",\"potentialAction\":[{\"@type\":\"ReadAction\",\"target\":[\"https:\\\/\\\/blogdofarnesio.com.br\\\/?p=98841\"]}]},{\"@type\":\"ImageObject\",\"inLanguage\":\"pt-BR\",\"@id\":\"https:\\\/\\\/blogdofarnesio.com.br\\\/?p=98841#primaryimage\",\"url\":\"http:\\\/\\\/www.quersaberpolitica.com.br\\\/2016\\\/wp-content\\\/uploads\\\/2014\\\/09\\\/unnamed220-300x123.jpg\",\"contentUrl\":\"http:\\\/\\\/www.quersaberpolitica.com.br\\\/2016\\\/wp-content\\\/uploads\\\/2014\\\/09\\\/unnamed220-300x123.jpg\"},{\"@type\":\"BreadcrumbList\",\"@id\":\"https:\\\/\\\/blogdofarnesio.com.br\\\/?p=98841#breadcrumb\",\"itemListElement\":[{\"@type\":\"ListItem\",\"position\":1,\"name\":\"In\u00edcio\",\"item\":\"https:\\\/\\\/blogdofarnesio.com.br\\\/\"},{\"@type\":\"ListItem\",\"position\":2,\"name\":\"GRANDES NOMES DA EDUCA\u00c7\u00c3O NO PA\u00cdS ESTAR\u00c3O NO CONGRESSO &#8220;EDUCA VALE&#8221;\"}]},{\"@type\":\"WebSite\",\"@id\":\"https:\\\/\\\/blogdofarnesio.com.br\\\/#website\",\"url\":\"https:\\\/\\\/blogdofarnesio.com.br\\\/\",\"name\":\"Blog do Farn\u00e9sio\",\"description\":\"Quer Saber Pol\u00edtica?\",\"publisher\":{\"@id\":\"https:\\\/\\\/blogdofarnesio.com.br\\\/#organization\"},\"potentialAction\":[{\"@type\":\"SearchAction\",\"target\":{\"@type\":\"EntryPoint\",\"urlTemplate\":\"https:\\\/\\\/blogdofarnesio.com.br\\\/?s={search_term_string}\"},\"query-input\":{\"@type\":\"PropertyValueSpecification\",\"valueRequired\":true,\"valueName\":\"search_term_string\"}}],\"inLanguage\":\"pt-BR\"},{\"@type\":\"Organization\",\"@id\":\"https:\\\/\\\/blogdofarnesio.com.br\\\/#organization\",\"name\":\"Blog do Farn\u00e9sio\",\"url\":\"https:\\\/\\\/blogdofarnesio.com.br\\\/\",\"logo\":{\"@type\":\"ImageObject\",\"inLanguage\":\"pt-BR\",\"@id\":\"https:\\\/\\\/blogdofarnesio.com.br\\\/#\\\/schema\\\/logo\\\/image\\\/\",\"url\":\"https:\\\/\\\/blogdofarnesio.com.br\\\/wp-content\\\/uploads\\\/2026\\\/03\\\/cropped-logo_new-1.png\",\"contentUrl\":\"https:\\\/\\\/blogdofarnesio.com.br\\\/wp-content\\\/uploads\\\/2026\\\/03\\\/cropped-logo_new-1.png\",\"width\":881,\"height\":685,\"caption\":\"Blog do Farn\u00e9sio\"},\"image\":{\"@id\":\"https:\\\/\\\/blogdofarnesio.com.br\\\/#\\\/schema\\\/logo\\\/image\\\/\"},\"sameAs\":[\"https:\\\/\\\/www.facebook.com\\\/BlogQuerSaberPolitica\\\/\"]},{\"@type\":\"Person\",\"@id\":\"https:\\\/\\\/blogdofarnesio.com.br\\\/#\\\/schema\\\/person\\\/dd1bf5eba40b687199ba45ca6b97dff9\",\"name\":\"teste\",\"image\":{\"@type\":\"ImageObject\",\"inLanguage\":\"pt-BR\",\"@id\":\"https:\\\/\\\/secure.gravatar.com\\\/avatar\\\/2172498d4914b51e1d89a0f97957b035ac4938723a5cac208135d389b6972a6d?s=96&d=mm&r=g\",\"url\":\"https:\\\/\\\/secure.gravatar.com\\\/avatar\\\/2172498d4914b51e1d89a0f97957b035ac4938723a5cac208135d389b6972a6d?s=96&d=mm&r=g\",\"contentUrl\":\"https:\\\/\\\/secure.gravatar.com\\\/avatar\\\/2172498d4914b51e1d89a0f97957b035ac4938723a5cac208135d389b6972a6d?s=96&d=mm&r=g\",\"caption\":\"teste\"},\"url\":\"https:\\\/\\\/blogdofarnesio.com.br\\\/?author=3\"}]}<\/script>\n<!-- \/ Yoast SEO plugin. -->","yoast_head_json":{"title":"GRANDES NOMES DA EDUCA\u00c7\u00c3O NO PA\u00cdS ESTAR\u00c3O NO CONGRESSO \"EDUCA VALE\" - Blog do Farn\u00e9sio","robots":{"index":"index","follow":"follow","max-snippet":"max-snippet:-1","max-image-preview":"max-image-preview:large","max-video-preview":"max-video-preview:-1"},"canonical":"https:\/\/blogdofarnesio.com.br\/?p=98841","og_locale":"pt_BR","og_type":"article","og_title":"GRANDES NOMES DA EDUCA\u00c7\u00c3O NO PA\u00cdS ESTAR\u00c3O NO CONGRESSO \"EDUCA VALE\" - Blog do Farn\u00e9sio","og_description":"Tr\u00eas das maiores autoridades nas rela\u00e7\u00f5es fam\u00edlia-filhos-escola do pa\u00eds, v\u00e3o estar em Petrolina \u2013 PE e Juazeiro \u2013 BA, de 6 a 8 de outubro pr\u00f3ximo para a realiza\u00e7\u00e3o do Congresso de Educa\u00e7\u00e3o \u2013 Educa Vale. Temas, a exemplo da responsabilidade pela educa\u00e7\u00e3o dos filhos, pr\u00e1ticas pedag\u00f3gicas e a import\u00e2ncia da leitura, ser\u00e3o apresentados durante o encontro por I\u00e7ami Tiba , Dirceu Moreira e Ziraldo. Primeiro a se apresentar,\u00a0o psiquiatra I\u00e7ami Tiba vai proferir a palestra Quem Ama Educa no dia 6 \u00e0s 20h, no Col\u00e9gio Geo, em Juazeiro.Com 30 livros publicados e mais de 78 mil atendimentos psicoter\u00e1picos a adolescentes e suas fam\u00edlias, o palestrante vai falar da fam\u00edlia enquanto respons\u00e1vel pela educa\u00e7\u00e3o dos filhos.","og_url":"https:\/\/blogdofarnesio.com.br\/?p=98841","og_site_name":"Blog do Farn\u00e9sio","article_publisher":"https:\/\/www.facebook.com\/BlogQuerSaberPolitica\/","article_published_time":"2014-10-04T17:00:52+00:00","og_image":[{"url":"http:\/\/www.quersaberpolitica.com.br\/2016\/wp-content\/uploads\/2014\/09\/unnamed220-300x123.jpg","type":"","width":"","height":""}],"author":"teste","twitter_card":"summary_large_image","twitter_misc":{"Escrito por":"teste","Est. tempo de leitura":"1 minuto"},"schema":{"@context":"https:\/\/schema.org","@graph":[{"@type":"Article","@id":"https:\/\/blogdofarnesio.com.br\/?p=98841#article","isPartOf":{"@id":"https:\/\/blogdofarnesio.com.br\/?p=98841"},"author":{"name":"teste","@id":"https:\/\/blogdofarnesio.com.br\/#\/schema\/person\/dd1bf5eba40b687199ba45ca6b97dff9"},"headline":"GRANDES NOMES DA EDUCA\u00c7\u00c3O NO PA\u00cdS ESTAR\u00c3O NO CONGRESSO &#8220;EDUCA VALE&#8221;","datePublished":"2014-10-04T17:00:52+00:00","mainEntityOfPage":{"@id":"https:\/\/blogdofarnesio.com.br\/?p=98841"},"wordCount":275,"commentCount":0,"publisher":{"@id":"https:\/\/blogdofarnesio.com.br\/#organization"},"image":{"@id":"https:\/\/blogdofarnesio.com.br\/?p=98841#primaryimage"},"thumbnailUrl":"http:\/\/www.quersaberpolitica.com.br\/2016\/wp-content\/uploads\/2014\/09\/unnamed220-300x123.jpg","articleSection":["Educa\u00e7\u00e3o"],"inLanguage":"pt-BR","potentialAction":[{"@type":"CommentAction","name":"Comment","target":["https:\/\/blogdofarnesio.com.br\/?p=98841#respond"]}]},{"@type":"WebPage","@id":"https:\/\/blogdofarnesio.com.br\/?p=98841","url":"https:\/\/blogdofarnesio.com.br\/?p=98841","name":"GRANDES NOMES DA EDUCA\u00c7\u00c3O NO PA\u00cdS ESTAR\u00c3O NO CONGRESSO \"EDUCA VALE\" - Blog do Farn\u00e9sio","isPartOf":{"@id":"https:\/\/blogdofarnesio.com.br\/#website"},"primaryImageOfPage":{"@id":"https:\/\/blogdofarnesio.com.br\/?p=98841#primaryimage"},"image":{"@id":"https:\/\/blogdofarnesio.com.br\/?p=98841#primaryimage"},"thumbnailUrl":"http:\/\/www.quersaberpolitica.com.br\/2016\/wp-content\/uploads\/2014\/09\/unnamed220-300x123.jpg","datePublished":"2014-10-04T17:00:52+00:00","breadcrumb":{"@id":"https:\/\/blogdofarnesio.com.br\/?p=98841#breadcrumb"},"inLanguage":"pt-BR","potentialAction":[{"@type":"ReadAction","target":["https:\/\/blogdofarnesio.com.br\/?p=98841"]}]},{"@type":"ImageObject","inLanguage":"pt-BR","@id":"https:\/\/blogdofarnesio.com.br\/?p=98841#primaryimage","url":"http:\/\/www.quersaberpolitica.com.br\/2016\/wp-content\/uploads\/2014\/09\/unnamed220-300x123.jpg","contentUrl":"http:\/\/www.quersaberpolitica.com.br\/2016\/wp-content\/uploads\/2014\/09\/unnamed220-300x123.jpg"},{"@type":"BreadcrumbList","@id":"https:\/\/blogdofarnesio.com.br\/?p=98841#breadcrumb","itemListElement":[{"@type":"ListItem","position":1,"name":"In\u00edcio","item":"https:\/\/blogdofarnesio.com.br\/"},{"@type":"ListItem","position":2,"name":"GRANDES NOMES DA EDUCA\u00c7\u00c3O NO PA\u00cdS ESTAR\u00c3O NO CONGRESSO &#8220;EDUCA VALE&#8221;"}]},{"@type":"WebSite","@id":"https:\/\/blogdofarnesio.com.br\/#website","url":"https:\/\/blogdofarnesio.com.br\/","name":"Blog do Farn\u00e9sio","description":"Quer Saber Pol\u00edtica?","publisher":{"@id":"https:\/\/blogdofarnesio.com.br\/#organization"},"potentialAction":[{"@type":"SearchAction","target":{"@type":"EntryPoint","urlTemplate":"https:\/\/blogdofarnesio.com.br\/?s={search_term_string}"},"query-input":{"@type":"PropertyValueSpecification","valueRequired":true,"valueName":"search_term_string"}}],"inLanguage":"pt-BR"},{"@type":"Organization","@id":"https:\/\/blogdofarnesio.com.br\/#organization","name":"Blog do Farn\u00e9sio","url":"https:\/\/blogdofarnesio.com.br\/","logo":{"@type":"ImageObject","inLanguage":"pt-BR","@id":"https:\/\/blogdofarnesio.com.br\/#\/schema\/logo\/image\/","url":"https:\/\/blogdofarnesio.com.br\/wp-content\/uploads\/2026\/03\/cropped-logo_new-1.png","contentUrl":"https:\/\/blogdofarnesio.com.br\/wp-content\/uploads\/2026\/03\/cropped-logo_new-1.png","width":881,"height":685,"caption":"Blog do Farn\u00e9sio"},"image":{"@id":"https:\/\/blogdofarnesio.com.br\/#\/schema\/logo\/image\/"},"sameAs":["https:\/\/www.facebook.com\/BlogQuerSaberPolitica\/"]},{"@type":"Person","@id":"https:\/\/blogdofarnesio.com.br\/#\/schema\/person\/dd1bf5eba40b687199ba45ca6b97dff9","name":"teste","image":{"@type":"ImageObject","inLanguage":"pt-BR","@id":"https:\/\/secure.gravatar.com\/avatar\/2172498d4914b51e1d89a0f97957b035ac4938723a5cac208135d389b6972a6d?s=96&d=mm&r=g","url":"https:\/\/secure.gravatar.com\/avatar\/2172498d4914b51e1d89a0f97957b035ac4938723a5cac208135d389b6972a6d?s=96&d=mm&r=g","contentUrl":"https:\/\/secure.gravatar.com\/avatar\/2172498d4914b51e1d89a0f97957b035ac4938723a5cac208135d389b6972a6d?s=96&d=mm&r=g","caption":"teste"},"url":"https:\/\/blogdofarnesio.com.br\/?author=3"}]}},"_links":{"self":[{"href":"https:\/\/blogdofarnesio.com.br\/index.php?rest_route=\/wp\/v2\/posts\/98841","targetHints":{"allow":["GET"]}}],"collection":[{"href":"https:\/\/blogdofarnesio.com.br\/index.php?rest_route=\/wp\/v2\/posts"}],"about":[{"href":"https:\/\/blogdofarnesio.com.br\/index.php?rest_route=\/wp\/v2\/types\/post"}],"author":[{"embeddable":true,"href":"https:\/\/blogdofarnesio.com.br\/index.php?rest_route=\/wp\/v2\/users\/3"}],"replies":[{"embeddable":true,"href":"https:\/\/blogdofarnesio.com.br\/index.php?rest_route=%2Fwp%2Fv2%2Fcomments&post=98841"}],"version-history":[{"count":0,"href":"https:\/\/blogdofarnesio.com.br\/index.php?rest_route=\/wp\/v2\/posts\/98841\/revisions"}],"wp:attachment":[{"href":"https:\/\/blogdofarnesio.com.br\/index.php?rest_route=%2Fwp%2Fv2%2Fmedia&parent=98841"}],"wp:term":[{"taxonomy":"category","embeddable":true,"href":"https:\/\/blogdofarnesio.com.br\/index.php?rest_route=%2Fwp%2Fv2%2Fcategories&post=98841"},{"taxonomy":"post_tag","embeddable":true,"href":"https:\/\/blogdofarnesio.com.br\/index.php?rest_route=%2Fwp%2Fv2%2Ftags&post=98841"}],"curies":[{"name":"wp","href":"https:\/\/api.w.org\/{rel}","templated":true}]}}