{"id":98823,"date":"2014-09-15T09:41:07","date_gmt":"2014-09-15T12:41:07","guid":{"rendered":"http:\/\/www.quersaberpolitica.com.br\/?p=98823"},"modified":"2014-09-14T19:42:41","modified_gmt":"2014-09-14T22:42:41","slug":"desenvolvimento-regional-e-atrativo-para-implantacao-de-capitania-dos-portos-em-juazeiro","status":"publish","type":"post","link":"https:\/\/blogdofarnesio.com.br\/?p=98823","title":{"rendered":"DESENVOLVIMENTO REGIONAL \u00c9 ATRATIVO PARA IMPLANTA\u00c7\u00c3O DE CAPITANIA DOS PORTOS EM JUAZEIRO"},"content":{"rendered":"<p style=\"text-align: justify\"><a href=\"http:\/\/www.quersaberpolitica.com.br\/2016\/wp-content\/uploads\/2014\/09\/unnamed223.jpg\"><img loading=\"lazy\" decoding=\"async\" class=\"aligncenter size-medium wp-image-98824\" alt=\"unnamed\" src=\"http:\/\/www.quersaberpolitica.com.br\/2016\/wp-content\/uploads\/2014\/09\/unnamed223-295x300.jpg\" width=\"295\" height=\"300\" srcset=\"https:\/\/blogdofarnesio.com.br\/wp-content\/uploads\/2014\/09\/unnamed223-295x300.jpg 295w, https:\/\/blogdofarnesio.com.br\/wp-content\/uploads\/2014\/09\/unnamed223.jpg 336w\" sizes=\"auto, (max-width: 295px) 100vw, 295px\" \/><\/a>O desenvolvimento socioecon\u00f4mico da regi\u00e3o do Subm\u00e9dio S\u00e3o Francisco \u00e9 um dos fatores que pode justificar a eleva\u00e7\u00e3o da Ag\u00eancia Fluvial de Juazeiro a condi\u00e7\u00e3o de Capitania dos Portos.<\/p>\n<p style=\"text-align: justify\">A conclus\u00e3o foi apresentada no in\u00edcio desta semana, durante um jantar oferecido pelo Comandante do 2\u00ba Distrito Naval, o Vice-Almirante Luiz Henrique Caroli, aos integrantes da\u00a0\u00a0Sociedade Amigos da Marinha (<strong>SOAMAR<\/strong>) de Juazeiro e seus familiares.<\/p>\n<p style=\"text-align: justify\">O Comandante foi recepcionado pelo Agente Fluvial Capit\u00e3o-Tenente Rafael Sanctos Paulucci, e pelo Presidente da\u00a0<strong>SOAMAR<\/strong>, Joselito Menezes. Ap\u00f3s as manifesta\u00e7\u00f5es de boas vindas, Joselito aproveitou a ocasi\u00e3o para falar sobre a import\u00e2ncia da presen\u00e7a da autoridade na regi\u00e3o, e destacou os aspectos socioecon\u00f4micos regionais e a import\u00e2ncia da navega\u00e7\u00e3o fluvial no trecho entre Ibotirama (MG), no M\u00e9dio S\u00e3o Francisco, e Juazeiro (BA) e Petrolina (PE) no Subm\u00e9dio S\u00e3o Francisco.<\/p>\n<p style=\"text-align: justify\">Segundo Joselito \u201cesta \u00e9 uma atividade que com certeza ir\u00e1 promover ainda mais a impuls\u00e3o da economia regional, e merece toda a aten\u00e7\u00e3o da Marinha do Brasil\u201d.\u00a0Em seguida foi entregue ao Vice-Almirante uma placa alusiva a importante visita desta autoridade \u00e0 regi\u00e3o.<!--more--><\/p>\n<p style=\"text-align: justify\">O Exmo. Sr. Luiz Henrique Caroli comanda as a\u00e7\u00f5es da Marinha do Brasil na Bahia, Sergipe e Norte de Minas Gerais, e assumiu o cargo em abril deste ano.<\/p>\n<p style=\"text-align: justify\">Ele agradeceu a recep\u00e7\u00e3o e disse que ficou impressionado com a pujan\u00e7a econ\u00f4mica de nossa regi\u00e3o, a qual justificaria a\u00a0eleva\u00e7\u00e3o da organiza\u00e7\u00e3o militar local para Capitania. Afirmou tamb\u00e9m que a<strong>SOAMAR<\/strong>\u00a0de Juazeiro \u00e9 uma das mais atuantes do Brasil.<\/p>\n","protected":false},"excerpt":{"rendered":"<p>O desenvolvimento socioecon\u00f4mico da regi\u00e3o do Subm\u00e9dio S\u00e3o Francisco \u00e9 um dos fatores que pode justificar a eleva\u00e7\u00e3o da Ag\u00eancia Fluvial de Juazeiro a condi\u00e7\u00e3o de Capitania dos Portos. A conclus\u00e3o foi apresentada no in\u00edcio desta semana, durante um jantar oferecido pelo Comandante do 2\u00ba Distrito Naval, o Vice-Almirante Luiz Henrique Caroli, aos integrantes da\u00a0\u00a0Sociedade Amigos da Marinha (SOAMAR) de Juazeiro e seus familiares. O Comandante foi recepcionado pelo Agente Fluvial Capit\u00e3o-Tenente Rafael Sanctos Paulucci, e pelo Presidente da\u00a0SOAMAR, Joselito Menezes. Ap\u00f3s as manifesta\u00e7\u00f5es de boas vindas, Joselito aproveitou a ocasi\u00e3o para falar sobre a import\u00e2ncia da presen\u00e7a da autoridade na regi\u00e3o, e destacou os aspectos socioecon\u00f4micos regionais e a import\u00e2ncia da navega\u00e7\u00e3o fluvial no trecho entre Ibotirama (MG), no&hellip; <\/p>\n","protected":false},"author":3,"featured_media":0,"comment_status":"open","ping_status":"open","sticky":false,"template":"","format":"standard","meta":{"_acf_changed":false,"footnotes":""},"categories":[20,5],"tags":[],"class_list":["post-98823","post","type-post","status-publish","format-standard","hentry","category-economia","category-seguranca"],"acf":[],"yoast_head":"<!-- This site is optimized with the Yoast SEO plugin v27.4 - https:\/\/yoast.com\/product\/yoast-seo-wordpress\/ -->\n<title>DESENVOLVIMENTO REGIONAL \u00c9 ATRATIVO PARA IMPLANTA\u00c7\u00c3O DE CAPITANIA DOS PORTOS EM JUAZEIRO  - Blog do Farn\u00e9sio<\/title>\n<meta name=\"robots\" content=\"index, follow, max-snippet:-1, max-image-preview:large, max-video-preview:-1\" \/>\n<link rel=\"canonical\" href=\"https:\/\/blogdofarnesio.com.br\/?p=98823\" \/>\n<meta property=\"og:locale\" content=\"pt_BR\" \/>\n<meta property=\"og:type\" content=\"article\" \/>\n<meta property=\"og:title\" content=\"DESENVOLVIMENTO REGIONAL \u00c9 ATRATIVO PARA IMPLANTA\u00c7\u00c3O DE CAPITANIA DOS PORTOS EM JUAZEIRO  - Blog do Farn\u00e9sio\" \/>\n<meta property=\"og:description\" content=\"O desenvolvimento socioecon\u00f4mico da regi\u00e3o do Subm\u00e9dio S\u00e3o Francisco \u00e9 um dos fatores que pode justificar a eleva\u00e7\u00e3o da Ag\u00eancia Fluvial de Juazeiro a condi\u00e7\u00e3o de Capitania dos Portos. A conclus\u00e3o foi apresentada no in\u00edcio desta semana, durante um jantar oferecido pelo Comandante do 2\u00ba Distrito Naval, o Vice-Almirante Luiz Henrique Caroli, aos integrantes da\u00a0\u00a0Sociedade Amigos da Marinha (SOAMAR) de Juazeiro e seus familiares. O Comandante foi recepcionado pelo Agente Fluvial Capit\u00e3o-Tenente Rafael Sanctos Paulucci, e pelo Presidente da\u00a0SOAMAR, Joselito Menezes. Ap\u00f3s as manifesta\u00e7\u00f5es de boas vindas, Joselito aproveitou a ocasi\u00e3o para falar sobre a import\u00e2ncia da presen\u00e7a da autoridade na regi\u00e3o, e destacou os aspectos socioecon\u00f4micos regionais e a import\u00e2ncia da navega\u00e7\u00e3o fluvial no trecho entre Ibotirama (MG), no&hellip;\" \/>\n<meta property=\"og:url\" content=\"https:\/\/blogdofarnesio.com.br\/?p=98823\" \/>\n<meta property=\"og:site_name\" content=\"Blog do Farn\u00e9sio\" \/>\n<meta property=\"article:publisher\" content=\"https:\/\/www.facebook.com\/BlogQuerSaberPolitica\/\" \/>\n<meta property=\"article:published_time\" content=\"2014-09-15T12:41:07+00:00\" \/>\n<meta property=\"og:image\" content=\"http:\/\/www.quersaberpolitica.com.br\/2016\/wp-content\/uploads\/2014\/09\/unnamed223-295x300.jpg\" \/>\n<meta name=\"author\" content=\"teste\" \/>\n<meta name=\"twitter:card\" content=\"summary_large_image\" \/>\n<meta name=\"twitter:label1\" content=\"Escrito por\" \/>\n\t<meta name=\"twitter:data1\" content=\"teste\" \/>\n\t<meta name=\"twitter:label2\" content=\"Est. tempo de leitura\" \/>\n\t<meta name=\"twitter:data2\" content=\"1 minuto\" \/>\n<script type=\"application\/ld+json\" class=\"yoast-schema-graph\">{\"@context\":\"https:\\\/\\\/schema.org\",\"@graph\":[{\"@type\":\"Article\",\"@id\":\"https:\\\/\\\/blogdofarnesio.com.br\\\/?p=98823#article\",\"isPartOf\":{\"@id\":\"https:\\\/\\\/blogdofarnesio.com.br\\\/?p=98823\"},\"author\":{\"name\":\"teste\",\"@id\":\"https:\\\/\\\/blogdofarnesio.com.br\\\/#\\\/schema\\\/person\\\/dd1bf5eba40b687199ba45ca6b97dff9\"},\"headline\":\"DESENVOLVIMENTO REGIONAL \u00c9 ATRATIVO PARA IMPLANTA\u00c7\u00c3O DE CAPITANIA DOS PORTOS EM JUAZEIRO\",\"datePublished\":\"2014-09-15T12:41:07+00:00\",\"mainEntityOfPage\":{\"@id\":\"https:\\\/\\\/blogdofarnesio.com.br\\\/?p=98823\"},\"wordCount\":288,\"commentCount\":0,\"publisher\":{\"@id\":\"https:\\\/\\\/blogdofarnesio.com.br\\\/#organization\"},\"image\":{\"@id\":\"https:\\\/\\\/blogdofarnesio.com.br\\\/?p=98823#primaryimage\"},\"thumbnailUrl\":\"http:\\\/\\\/www.quersaberpolitica.com.br\\\/2016\\\/wp-content\\\/uploads\\\/2014\\\/09\\\/unnamed223-295x300.jpg\",\"articleSection\":[\"Economia\",\"Seguran\u00e7a\"],\"inLanguage\":\"pt-BR\",\"potentialAction\":[{\"@type\":\"CommentAction\",\"name\":\"Comment\",\"target\":[\"https:\\\/\\\/blogdofarnesio.com.br\\\/?p=98823#respond\"]}]},{\"@type\":\"WebPage\",\"@id\":\"https:\\\/\\\/blogdofarnesio.com.br\\\/?p=98823\",\"url\":\"https:\\\/\\\/blogdofarnesio.com.br\\\/?p=98823\",\"name\":\"DESENVOLVIMENTO REGIONAL \u00c9 ATRATIVO PARA IMPLANTA\u00c7\u00c3O DE CAPITANIA DOS PORTOS EM JUAZEIRO - Blog do Farn\u00e9sio\",\"isPartOf\":{\"@id\":\"https:\\\/\\\/blogdofarnesio.com.br\\\/#website\"},\"primaryImageOfPage\":{\"@id\":\"https:\\\/\\\/blogdofarnesio.com.br\\\/?p=98823#primaryimage\"},\"image\":{\"@id\":\"https:\\\/\\\/blogdofarnesio.com.br\\\/?p=98823#primaryimage\"},\"thumbnailUrl\":\"http:\\\/\\\/www.quersaberpolitica.com.br\\\/2016\\\/wp-content\\\/uploads\\\/2014\\\/09\\\/unnamed223-295x300.jpg\",\"datePublished\":\"2014-09-15T12:41:07+00:00\",\"breadcrumb\":{\"@id\":\"https:\\\/\\\/blogdofarnesio.com.br\\\/?p=98823#breadcrumb\"},\"inLanguage\":\"pt-BR\",\"potentialAction\":[{\"@type\":\"ReadAction\",\"target\":[\"https:\\\/\\\/blogdofarnesio.com.br\\\/?p=98823\"]}]},{\"@type\":\"ImageObject\",\"inLanguage\":\"pt-BR\",\"@id\":\"https:\\\/\\\/blogdofarnesio.com.br\\\/?p=98823#primaryimage\",\"url\":\"http:\\\/\\\/www.quersaberpolitica.com.br\\\/2016\\\/wp-content\\\/uploads\\\/2014\\\/09\\\/unnamed223-295x300.jpg\",\"contentUrl\":\"http:\\\/\\\/www.quersaberpolitica.com.br\\\/2016\\\/wp-content\\\/uploads\\\/2014\\\/09\\\/unnamed223-295x300.jpg\"},{\"@type\":\"BreadcrumbList\",\"@id\":\"https:\\\/\\\/blogdofarnesio.com.br\\\/?p=98823#breadcrumb\",\"itemListElement\":[{\"@type\":\"ListItem\",\"position\":1,\"name\":\"In\u00edcio\",\"item\":\"https:\\\/\\\/blogdofarnesio.com.br\\\/\"},{\"@type\":\"ListItem\",\"position\":2,\"name\":\"DESENVOLVIMENTO REGIONAL \u00c9 ATRATIVO PARA IMPLANTA\u00c7\u00c3O DE CAPITANIA DOS PORTOS EM JUAZEIRO\"}]},{\"@type\":\"WebSite\",\"@id\":\"https:\\\/\\\/blogdofarnesio.com.br\\\/#website\",\"url\":\"https:\\\/\\\/blogdofarnesio.com.br\\\/\",\"name\":\"Blog do Farn\u00e9sio\",\"description\":\"Quer Saber Pol\u00edtica?\",\"publisher\":{\"@id\":\"https:\\\/\\\/blogdofarnesio.com.br\\\/#organization\"},\"potentialAction\":[{\"@type\":\"SearchAction\",\"target\":{\"@type\":\"EntryPoint\",\"urlTemplate\":\"https:\\\/\\\/blogdofarnesio.com.br\\\/?s={search_term_string}\"},\"query-input\":{\"@type\":\"PropertyValueSpecification\",\"valueRequired\":true,\"valueName\":\"search_term_string\"}}],\"inLanguage\":\"pt-BR\"},{\"@type\":\"Organization\",\"@id\":\"https:\\\/\\\/blogdofarnesio.com.br\\\/#organization\",\"name\":\"Blog do Farn\u00e9sio\",\"url\":\"https:\\\/\\\/blogdofarnesio.com.br\\\/\",\"logo\":{\"@type\":\"ImageObject\",\"inLanguage\":\"pt-BR\",\"@id\":\"https:\\\/\\\/blogdofarnesio.com.br\\\/#\\\/schema\\\/logo\\\/image\\\/\",\"url\":\"https:\\\/\\\/blogdofarnesio.com.br\\\/wp-content\\\/uploads\\\/2026\\\/03\\\/cropped-logo_new-1.png\",\"contentUrl\":\"https:\\\/\\\/blogdofarnesio.com.br\\\/wp-content\\\/uploads\\\/2026\\\/03\\\/cropped-logo_new-1.png\",\"width\":881,\"height\":685,\"caption\":\"Blog do Farn\u00e9sio\"},\"image\":{\"@id\":\"https:\\\/\\\/blogdofarnesio.com.br\\\/#\\\/schema\\\/logo\\\/image\\\/\"},\"sameAs\":[\"https:\\\/\\\/www.facebook.com\\\/BlogQuerSaberPolitica\\\/\"]},{\"@type\":\"Person\",\"@id\":\"https:\\\/\\\/blogdofarnesio.com.br\\\/#\\\/schema\\\/person\\\/dd1bf5eba40b687199ba45ca6b97dff9\",\"name\":\"teste\",\"image\":{\"@type\":\"ImageObject\",\"inLanguage\":\"pt-BR\",\"@id\":\"https:\\\/\\\/secure.gravatar.com\\\/avatar\\\/2172498d4914b51e1d89a0f97957b035ac4938723a5cac208135d389b6972a6d?s=96&d=mm&r=g\",\"url\":\"https:\\\/\\\/secure.gravatar.com\\\/avatar\\\/2172498d4914b51e1d89a0f97957b035ac4938723a5cac208135d389b6972a6d?s=96&d=mm&r=g\",\"contentUrl\":\"https:\\\/\\\/secure.gravatar.com\\\/avatar\\\/2172498d4914b51e1d89a0f97957b035ac4938723a5cac208135d389b6972a6d?s=96&d=mm&r=g\",\"caption\":\"teste\"},\"url\":\"https:\\\/\\\/blogdofarnesio.com.br\\\/?author=3\"}]}<\/script>\n<!-- \/ Yoast SEO plugin. -->","yoast_head_json":{"title":"DESENVOLVIMENTO REGIONAL \u00c9 ATRATIVO PARA IMPLANTA\u00c7\u00c3O DE CAPITANIA DOS PORTOS EM JUAZEIRO  - Blog do Farn\u00e9sio","robots":{"index":"index","follow":"follow","max-snippet":"max-snippet:-1","max-image-preview":"max-image-preview:large","max-video-preview":"max-video-preview:-1"},"canonical":"https:\/\/blogdofarnesio.com.br\/?p=98823","og_locale":"pt_BR","og_type":"article","og_title":"DESENVOLVIMENTO REGIONAL \u00c9 ATRATIVO PARA IMPLANTA\u00c7\u00c3O DE CAPITANIA DOS PORTOS EM JUAZEIRO  - Blog do Farn\u00e9sio","og_description":"O desenvolvimento socioecon\u00f4mico da regi\u00e3o do Subm\u00e9dio S\u00e3o Francisco \u00e9 um dos fatores que pode justificar a eleva\u00e7\u00e3o da Ag\u00eancia Fluvial de Juazeiro a condi\u00e7\u00e3o de Capitania dos Portos. A conclus\u00e3o foi apresentada no in\u00edcio desta semana, durante um jantar oferecido pelo Comandante do 2\u00ba Distrito Naval, o Vice-Almirante Luiz Henrique Caroli, aos integrantes da\u00a0\u00a0Sociedade Amigos da Marinha (SOAMAR) de Juazeiro e seus familiares. O Comandante foi recepcionado pelo Agente Fluvial Capit\u00e3o-Tenente Rafael Sanctos Paulucci, e pelo Presidente da\u00a0SOAMAR, Joselito Menezes. Ap\u00f3s as manifesta\u00e7\u00f5es de boas vindas, Joselito aproveitou a ocasi\u00e3o para falar sobre a import\u00e2ncia da presen\u00e7a da autoridade na regi\u00e3o, e destacou os aspectos socioecon\u00f4micos regionais e a import\u00e2ncia da navega\u00e7\u00e3o fluvial no trecho entre Ibotirama (MG), no&hellip;","og_url":"https:\/\/blogdofarnesio.com.br\/?p=98823","og_site_name":"Blog do Farn\u00e9sio","article_publisher":"https:\/\/www.facebook.com\/BlogQuerSaberPolitica\/","article_published_time":"2014-09-15T12:41:07+00:00","og_image":[{"url":"http:\/\/www.quersaberpolitica.com.br\/2016\/wp-content\/uploads\/2014\/09\/unnamed223-295x300.jpg","type":"","width":"","height":""}],"author":"teste","twitter_card":"summary_large_image","twitter_misc":{"Escrito por":"teste","Est. tempo de leitura":"1 minuto"},"schema":{"@context":"https:\/\/schema.org","@graph":[{"@type":"Article","@id":"https:\/\/blogdofarnesio.com.br\/?p=98823#article","isPartOf":{"@id":"https:\/\/blogdofarnesio.com.br\/?p=98823"},"author":{"name":"teste","@id":"https:\/\/blogdofarnesio.com.br\/#\/schema\/person\/dd1bf5eba40b687199ba45ca6b97dff9"},"headline":"DESENVOLVIMENTO REGIONAL \u00c9 ATRATIVO PARA IMPLANTA\u00c7\u00c3O DE CAPITANIA DOS PORTOS EM JUAZEIRO","datePublished":"2014-09-15T12:41:07+00:00","mainEntityOfPage":{"@id":"https:\/\/blogdofarnesio.com.br\/?p=98823"},"wordCount":288,"commentCount":0,"publisher":{"@id":"https:\/\/blogdofarnesio.com.br\/#organization"},"image":{"@id":"https:\/\/blogdofarnesio.com.br\/?p=98823#primaryimage"},"thumbnailUrl":"http:\/\/www.quersaberpolitica.com.br\/2016\/wp-content\/uploads\/2014\/09\/unnamed223-295x300.jpg","articleSection":["Economia","Seguran\u00e7a"],"inLanguage":"pt-BR","potentialAction":[{"@type":"CommentAction","name":"Comment","target":["https:\/\/blogdofarnesio.com.br\/?p=98823#respond"]}]},{"@type":"WebPage","@id":"https:\/\/blogdofarnesio.com.br\/?p=98823","url":"https:\/\/blogdofarnesio.com.br\/?p=98823","name":"DESENVOLVIMENTO REGIONAL \u00c9 ATRATIVO PARA IMPLANTA\u00c7\u00c3O DE CAPITANIA DOS PORTOS EM JUAZEIRO - Blog do Farn\u00e9sio","isPartOf":{"@id":"https:\/\/blogdofarnesio.com.br\/#website"},"primaryImageOfPage":{"@id":"https:\/\/blogdofarnesio.com.br\/?p=98823#primaryimage"},"image":{"@id":"https:\/\/blogdofarnesio.com.br\/?p=98823#primaryimage"},"thumbnailUrl":"http:\/\/www.quersaberpolitica.com.br\/2016\/wp-content\/uploads\/2014\/09\/unnamed223-295x300.jpg","datePublished":"2014-09-15T12:41:07+00:00","breadcrumb":{"@id":"https:\/\/blogdofarnesio.com.br\/?p=98823#breadcrumb"},"inLanguage":"pt-BR","potentialAction":[{"@type":"ReadAction","target":["https:\/\/blogdofarnesio.com.br\/?p=98823"]}]},{"@type":"ImageObject","inLanguage":"pt-BR","@id":"https:\/\/blogdofarnesio.com.br\/?p=98823#primaryimage","url":"http:\/\/www.quersaberpolitica.com.br\/2016\/wp-content\/uploads\/2014\/09\/unnamed223-295x300.jpg","contentUrl":"http:\/\/www.quersaberpolitica.com.br\/2016\/wp-content\/uploads\/2014\/09\/unnamed223-295x300.jpg"},{"@type":"BreadcrumbList","@id":"https:\/\/blogdofarnesio.com.br\/?p=98823#breadcrumb","itemListElement":[{"@type":"ListItem","position":1,"name":"In\u00edcio","item":"https:\/\/blogdofarnesio.com.br\/"},{"@type":"ListItem","position":2,"name":"DESENVOLVIMENTO REGIONAL \u00c9 ATRATIVO PARA IMPLANTA\u00c7\u00c3O DE CAPITANIA DOS PORTOS EM JUAZEIRO"}]},{"@type":"WebSite","@id":"https:\/\/blogdofarnesio.com.br\/#website","url":"https:\/\/blogdofarnesio.com.br\/","name":"Blog do Farn\u00e9sio","description":"Quer Saber Pol\u00edtica?","publisher":{"@id":"https:\/\/blogdofarnesio.com.br\/#organization"},"potentialAction":[{"@type":"SearchAction","target":{"@type":"EntryPoint","urlTemplate":"https:\/\/blogdofarnesio.com.br\/?s={search_term_string}"},"query-input":{"@type":"PropertyValueSpecification","valueRequired":true,"valueName":"search_term_string"}}],"inLanguage":"pt-BR"},{"@type":"Organization","@id":"https:\/\/blogdofarnesio.com.br\/#organization","name":"Blog do Farn\u00e9sio","url":"https:\/\/blogdofarnesio.com.br\/","logo":{"@type":"ImageObject","inLanguage":"pt-BR","@id":"https:\/\/blogdofarnesio.com.br\/#\/schema\/logo\/image\/","url":"https:\/\/blogdofarnesio.com.br\/wp-content\/uploads\/2026\/03\/cropped-logo_new-1.png","contentUrl":"https:\/\/blogdofarnesio.com.br\/wp-content\/uploads\/2026\/03\/cropped-logo_new-1.png","width":881,"height":685,"caption":"Blog do Farn\u00e9sio"},"image":{"@id":"https:\/\/blogdofarnesio.com.br\/#\/schema\/logo\/image\/"},"sameAs":["https:\/\/www.facebook.com\/BlogQuerSaberPolitica\/"]},{"@type":"Person","@id":"https:\/\/blogdofarnesio.com.br\/#\/schema\/person\/dd1bf5eba40b687199ba45ca6b97dff9","name":"teste","image":{"@type":"ImageObject","inLanguage":"pt-BR","@id":"https:\/\/secure.gravatar.com\/avatar\/2172498d4914b51e1d89a0f97957b035ac4938723a5cac208135d389b6972a6d?s=96&d=mm&r=g","url":"https:\/\/secure.gravatar.com\/avatar\/2172498d4914b51e1d89a0f97957b035ac4938723a5cac208135d389b6972a6d?s=96&d=mm&r=g","contentUrl":"https:\/\/secure.gravatar.com\/avatar\/2172498d4914b51e1d89a0f97957b035ac4938723a5cac208135d389b6972a6d?s=96&d=mm&r=g","caption":"teste"},"url":"https:\/\/blogdofarnesio.com.br\/?author=3"}]}},"_links":{"self":[{"href":"https:\/\/blogdofarnesio.com.br\/index.php?rest_route=\/wp\/v2\/posts\/98823","targetHints":{"allow":["GET"]}}],"collection":[{"href":"https:\/\/blogdofarnesio.com.br\/index.php?rest_route=\/wp\/v2\/posts"}],"about":[{"href":"https:\/\/blogdofarnesio.com.br\/index.php?rest_route=\/wp\/v2\/types\/post"}],"author":[{"embeddable":true,"href":"https:\/\/blogdofarnesio.com.br\/index.php?rest_route=\/wp\/v2\/users\/3"}],"replies":[{"embeddable":true,"href":"https:\/\/blogdofarnesio.com.br\/index.php?rest_route=%2Fwp%2Fv2%2Fcomments&post=98823"}],"version-history":[{"count":0,"href":"https:\/\/blogdofarnesio.com.br\/index.php?rest_route=\/wp\/v2\/posts\/98823\/revisions"}],"wp:attachment":[{"href":"https:\/\/blogdofarnesio.com.br\/index.php?rest_route=%2Fwp%2Fv2%2Fmedia&parent=98823"}],"wp:term":[{"taxonomy":"category","embeddable":true,"href":"https:\/\/blogdofarnesio.com.br\/index.php?rest_route=%2Fwp%2Fv2%2Fcategories&post=98823"},{"taxonomy":"post_tag","embeddable":true,"href":"https:\/\/blogdofarnesio.com.br\/index.php?rest_route=%2Fwp%2Fv2%2Ftags&post=98823"}],"curies":[{"name":"wp","href":"https:\/\/api.w.org\/{rel}","templated":true}]}}