{"id":9879,"date":"2012-01-02T07:30:32","date_gmt":"2012-01-02T07:30:32","guid":{"rendered":"http:\/\/www.quersaberpolitica.com.br?p=9879"},"modified":"2012-01-02T01:55:39","modified_gmt":"2012-01-02T01:55:39","slug":"fernando-bezerra-pode-ser-convocado-a-camara-federal-motivo-e-esclarecer-sobre-gastos-com-a-transposicao","status":"publish","type":"post","link":"https:\/\/blogdofarnesio.com.br\/?p=9879","title":{"rendered":"Fernando Bezerra pode ser convocado \u00e0 C\u00e2mara Federal, motivo \u00e9 esclarecer sobre gastos com a Transposi\u00e7\u00e3o"},"content":{"rendered":"<p style=\"text-align: justify;\"><span style=\"font-size: small;\"><strong><em><a rel=\"lightbox\" href=\"http:\/\/www.quersaberpolitica.com.br\/2016\/wp-content\/uploads\/2012\/12\/blogqspfbcconirdpetrolina.jpg\"><img loading=\"lazy\" decoding=\"async\" style=\"margin-top: 5px; margin-bottom: 5px; margin-left: 10px; margin-right: 10px; float: left;\" title=\"Imagem Ilustrativa\" src=\"http:\/\/www.quersaberpolitica.com.br\/2016\/wp-content\/uploads\/2012\/12\/blogqspfbcconirdpetrolina.jpg\" alt=\"\" width=\"200\" height=\"133\" \/><\/a>Parlamentares  querem que Congresso investigue o aumento de gastos no custo inicial do projeto de transposi&ccedil;&atilde;o<\/em><\/strong><\/span><\/p>\n<p style=\"text-align: justify; \"><span style=\"font-size: small;\">A realiza&ccedil;&atilde;o de nova licita&ccedil;&atilde;o no valor de R$ 1,2 bilh&atilde;o para tentar concluir a transposi&ccedil;&atilde;o do S&atilde;o Francisco mobilizou a oposi&ccedil;&atilde;o, que quer investigar o aumento de 40% no custo inicial do projeto no Congresso. &#8220;&Eacute; vergonhoso, quem conhece a obra sabe que n&atilde;o vai parar por a&iacute;&#8221;, disse o l&iacute;der do DEM, deputado ACM Neto (BA).<\/span><\/p>\n<p style=\"text-align: justify; \"><span style=\"font-size: small;\">Na reabertura do Congresso, em fevereiro, os oposicionistas reapresentar&atilde;o requerimentos de convoca&ccedil;&atilde;o do ministro da Integra&ccedil;&atilde;o Nacional, Fernando Bezerra Coelho, para que ele explique o descontrole de gastos com a principal obra do PAC.<\/span><\/p>\n<p style=\"text-align: justify; \"><span style=\"font-size: small;\">&#8220;Vamos fazer uma sabatina da inc&uacute;ria governamental&#8221;, avisou o presidente do PPS, deputado Roberto Freire (SP), para quem a transposi&ccedil;&atilde;o &eacute; o maior exemplo de m&aacute; gest&atilde;o, projetos defeituosos e licita&ccedil;&otilde;es equivocadas do atual governo. Ele ressalta que o aumento de gastos &eacute; t&atilde;o exorbitante que nem aditivos contratuais podem ser feitos porque excedem o limite legal de 25%.<\/span><\/p>\n<p style=\"text-align: justify; \"><span style=\"font-size: small;\">No &uacute;ltimo dia 7, a oposi&ccedil;&atilde;o tentou convocar Bezerra para prestar explica&ccedil;&otilde;es sobre a paralisa&ccedil;&atilde;o das obras.<\/span><\/p>\n<p style=\"text-align: justify; \"><span style=\"font-size: small;\">O ministro chegou a se oferecer para comparecer espontaneamente &agrave; Comiss&atilde;o de Fiscaliza&ccedil;&atilde;o e Controle da C&acirc;mara em fevereiro, ap&oacute;s o recesso, mas lideran&ccedil;as governistas intervieram para impedir a negocia&ccedil;&atilde;o.<\/span><\/p>\n<p style=\"text-align: justify; \"><span style=\"font-size: small;\">Agora Roberto Freire adianta que reapresentar&aacute; o requerimento para que o ministro compare&ccedil;a &agrave; comiss&atilde;o a fim de esclarecer ambas as den&uacute;ncias: de neglig&ecirc;ncia e descontrole dos gastos. <\/span><\/p>\n<p style=\"text-align: justify; \"><span style=\"font-size: small;\"><strong><em>Com informa&ccedil;&otilde;es do Estad&atilde;o<\/em><\/strong><\/span><\/p>\n","protected":false},"excerpt":{"rendered":"<p>Parlamentares querem que Congresso investigue o aumento de gastos no custo inicial do projeto de transposi&ccedil;&atilde;o A realiza&ccedil;&atilde;o de nova licita&ccedil;&atilde;o no valor de R$ 1,2 bilh&atilde;o para tentar concluir a transposi&ccedil;&atilde;o do S&atilde;o Francisco mobilizou a oposi&ccedil;&atilde;o, que quer investigar o aumento de 40% no custo inicial do projeto no Congresso. &#8220;&Eacute; vergonhoso, quem conhece a obra sabe que n&atilde;o vai parar por a&iacute;&#8221;, disse o l&iacute;der do DEM, deputado ACM Neto (BA). Na reabertura do Congresso, em fevereiro, os oposicionistas reapresentar&atilde;o requerimentos de convoca&ccedil;&atilde;o do ministro da Integra&ccedil;&atilde;o Nacional, Fernando Bezerra Coelho, para que ele explique o descontrole de gastos com a principal obra do PAC. &#8220;Vamos fazer uma sabatina da inc&uacute;ria governamental&#8221;, avisou o presidente do PPS,&hellip; <\/p>\n","protected":false},"author":0,"featured_media":0,"comment_status":"open","ping_status":"open","sticky":false,"template":"","format":"standard","meta":{"_acf_changed":false,"footnotes":""},"categories":[43],"tags":[],"class_list":["post-9879","post","type-post","status-publish","format-standard","hentry","category-sem-categoria"],"acf":[],"yoast_head":"<!-- This site is optimized with the Yoast SEO plugin v27.4 - https:\/\/yoast.com\/product\/yoast-seo-wordpress\/ -->\n<title>Fernando Bezerra pode ser convocado \u00e0 C\u00e2mara Federal, motivo \u00e9 esclarecer sobre gastos com a Transposi\u00e7\u00e3o - Blog do Farn\u00e9sio<\/title>\n<meta name=\"robots\" content=\"index, follow, max-snippet:-1, max-image-preview:large, max-video-preview:-1\" \/>\n<link rel=\"canonical\" href=\"https:\/\/blogdofarnesio.com.br\/?p=9879\" \/>\n<meta property=\"og:locale\" content=\"pt_BR\" \/>\n<meta property=\"og:type\" content=\"article\" \/>\n<meta property=\"og:title\" content=\"Fernando Bezerra pode ser convocado \u00e0 C\u00e2mara Federal, motivo \u00e9 esclarecer sobre gastos com a Transposi\u00e7\u00e3o - Blog do Farn\u00e9sio\" \/>\n<meta property=\"og:description\" content=\"Parlamentares querem que Congresso investigue o aumento de gastos no custo inicial do projeto de transposi&ccedil;&atilde;o A realiza&ccedil;&atilde;o de nova licita&ccedil;&atilde;o no valor de R$ 1,2 bilh&atilde;o para tentar concluir a transposi&ccedil;&atilde;o do S&atilde;o Francisco mobilizou a oposi&ccedil;&atilde;o, que quer investigar o aumento de 40% no custo inicial do projeto no Congresso. &#8220;&Eacute; vergonhoso, quem conhece a obra sabe que n&atilde;o vai parar por a&iacute;&#8221;, disse o l&iacute;der do DEM, deputado ACM Neto (BA). Na reabertura do Congresso, em fevereiro, os oposicionistas reapresentar&atilde;o requerimentos de convoca&ccedil;&atilde;o do ministro da Integra&ccedil;&atilde;o Nacional, Fernando Bezerra Coelho, para que ele explique o descontrole de gastos com a principal obra do PAC. &#8220;Vamos fazer uma sabatina da inc&uacute;ria governamental&#8221;, avisou o presidente do PPS,&hellip;\" \/>\n<meta property=\"og:url\" content=\"https:\/\/blogdofarnesio.com.br\/?p=9879\" \/>\n<meta property=\"og:site_name\" content=\"Blog do Farn\u00e9sio\" \/>\n<meta property=\"article:publisher\" content=\"https:\/\/www.facebook.com\/BlogQuerSaberPolitica\/\" \/>\n<meta property=\"article:published_time\" content=\"2012-01-02T07:30:32+00:00\" \/>\n<meta property=\"og:image\" content=\"http:\/\/www.quersaberpolitica.com.br\/2016\/wp-content\/uploads\/2012\/12\/blogqspfbcconirdpetrolina.jpg\" \/>\n<meta name=\"twitter:card\" content=\"summary_large_image\" \/>\n<meta name=\"twitter:label1\" content=\"Est. tempo de leitura\" \/>\n\t<meta name=\"twitter:data1\" content=\"2 minutos\" \/>\n<script type=\"application\/ld+json\" class=\"yoast-schema-graph\">{\"@context\":\"https:\\\/\\\/schema.org\",\"@graph\":[{\"@type\":\"Article\",\"@id\":\"https:\\\/\\\/blogdofarnesio.com.br\\\/?p=9879#article\",\"isPartOf\":{\"@id\":\"https:\\\/\\\/blogdofarnesio.com.br\\\/?p=9879\"},\"author\":{\"name\":\"\",\"@id\":\"\"},\"headline\":\"Fernando Bezerra pode ser convocado \u00e0 C\u00e2mara Federal, motivo \u00e9 esclarecer sobre gastos com a Transposi\u00e7\u00e3o\",\"datePublished\":\"2012-01-02T07:30:32+00:00\",\"mainEntityOfPage\":{\"@id\":\"https:\\\/\\\/blogdofarnesio.com.br\\\/?p=9879\"},\"wordCount\":341,\"commentCount\":0,\"publisher\":{\"@id\":\"https:\\\/\\\/blogdofarnesio.com.br\\\/#organization\"},\"image\":{\"@id\":\"https:\\\/\\\/blogdofarnesio.com.br\\\/?p=9879#primaryimage\"},\"thumbnailUrl\":\"http:\\\/\\\/www.quersaberpolitica.com.br\\\/2016\\\/wp-content\\\/uploads\\\/2012\\\/12\\\/blogqspfbcconirdpetrolina.jpg\",\"inLanguage\":\"pt-BR\",\"potentialAction\":[{\"@type\":\"CommentAction\",\"name\":\"Comment\",\"target\":[\"https:\\\/\\\/blogdofarnesio.com.br\\\/?p=9879#respond\"]}]},{\"@type\":\"WebPage\",\"@id\":\"https:\\\/\\\/blogdofarnesio.com.br\\\/?p=9879\",\"url\":\"https:\\\/\\\/blogdofarnesio.com.br\\\/?p=9879\",\"name\":\"Fernando Bezerra pode ser convocado \u00e0 C\u00e2mara Federal, motivo \u00e9 esclarecer sobre gastos com a Transposi\u00e7\u00e3o - Blog do Farn\u00e9sio\",\"isPartOf\":{\"@id\":\"https:\\\/\\\/blogdofarnesio.com.br\\\/#website\"},\"primaryImageOfPage\":{\"@id\":\"https:\\\/\\\/blogdofarnesio.com.br\\\/?p=9879#primaryimage\"},\"image\":{\"@id\":\"https:\\\/\\\/blogdofarnesio.com.br\\\/?p=9879#primaryimage\"},\"thumbnailUrl\":\"http:\\\/\\\/www.quersaberpolitica.com.br\\\/2016\\\/wp-content\\\/uploads\\\/2012\\\/12\\\/blogqspfbcconirdpetrolina.jpg\",\"datePublished\":\"2012-01-02T07:30:32+00:00\",\"breadcrumb\":{\"@id\":\"https:\\\/\\\/blogdofarnesio.com.br\\\/?p=9879#breadcrumb\"},\"inLanguage\":\"pt-BR\",\"potentialAction\":[{\"@type\":\"ReadAction\",\"target\":[\"https:\\\/\\\/blogdofarnesio.com.br\\\/?p=9879\"]}]},{\"@type\":\"ImageObject\",\"inLanguage\":\"pt-BR\",\"@id\":\"https:\\\/\\\/blogdofarnesio.com.br\\\/?p=9879#primaryimage\",\"url\":\"http:\\\/\\\/www.quersaberpolitica.com.br\\\/2016\\\/wp-content\\\/uploads\\\/2012\\\/12\\\/blogqspfbcconirdpetrolina.jpg\",\"contentUrl\":\"http:\\\/\\\/www.quersaberpolitica.com.br\\\/2016\\\/wp-content\\\/uploads\\\/2012\\\/12\\\/blogqspfbcconirdpetrolina.jpg\"},{\"@type\":\"BreadcrumbList\",\"@id\":\"https:\\\/\\\/blogdofarnesio.com.br\\\/?p=9879#breadcrumb\",\"itemListElement\":[{\"@type\":\"ListItem\",\"position\":1,\"name\":\"In\u00edcio\",\"item\":\"https:\\\/\\\/blogdofarnesio.com.br\\\/\"},{\"@type\":\"ListItem\",\"position\":2,\"name\":\"Fernando Bezerra pode ser convocado \u00e0 C\u00e2mara Federal, motivo \u00e9 esclarecer sobre gastos com a Transposi\u00e7\u00e3o\"}]},{\"@type\":\"WebSite\",\"@id\":\"https:\\\/\\\/blogdofarnesio.com.br\\\/#website\",\"url\":\"https:\\\/\\\/blogdofarnesio.com.br\\\/\",\"name\":\"Blog do Farn\u00e9sio\",\"description\":\"Quer Saber Pol\u00edtica?\",\"publisher\":{\"@id\":\"https:\\\/\\\/blogdofarnesio.com.br\\\/#organization\"},\"potentialAction\":[{\"@type\":\"SearchAction\",\"target\":{\"@type\":\"EntryPoint\",\"urlTemplate\":\"https:\\\/\\\/blogdofarnesio.com.br\\\/?s={search_term_string}\"},\"query-input\":{\"@type\":\"PropertyValueSpecification\",\"valueRequired\":true,\"valueName\":\"search_term_string\"}}],\"inLanguage\":\"pt-BR\"},{\"@type\":\"Organization\",\"@id\":\"https:\\\/\\\/blogdofarnesio.com.br\\\/#organization\",\"name\":\"Blog do Farn\u00e9sio\",\"url\":\"https:\\\/\\\/blogdofarnesio.com.br\\\/\",\"logo\":{\"@type\":\"ImageObject\",\"inLanguage\":\"pt-BR\",\"@id\":\"https:\\\/\\\/blogdofarnesio.com.br\\\/#\\\/schema\\\/logo\\\/image\\\/\",\"url\":\"https:\\\/\\\/blogdofarnesio.com.br\\\/wp-content\\\/uploads\\\/2026\\\/03\\\/cropped-logo_new-1.png\",\"contentUrl\":\"https:\\\/\\\/blogdofarnesio.com.br\\\/wp-content\\\/uploads\\\/2026\\\/03\\\/cropped-logo_new-1.png\",\"width\":881,\"height\":685,\"caption\":\"Blog do Farn\u00e9sio\"},\"image\":{\"@id\":\"https:\\\/\\\/blogdofarnesio.com.br\\\/#\\\/schema\\\/logo\\\/image\\\/\"},\"sameAs\":[\"https:\\\/\\\/www.facebook.com\\\/BlogQuerSaberPolitica\\\/\"]}]}<\/script>\n<!-- \/ Yoast SEO plugin. -->","yoast_head_json":{"title":"Fernando Bezerra pode ser convocado \u00e0 C\u00e2mara Federal, motivo \u00e9 esclarecer sobre gastos com a Transposi\u00e7\u00e3o - Blog do Farn\u00e9sio","robots":{"index":"index","follow":"follow","max-snippet":"max-snippet:-1","max-image-preview":"max-image-preview:large","max-video-preview":"max-video-preview:-1"},"canonical":"https:\/\/blogdofarnesio.com.br\/?p=9879","og_locale":"pt_BR","og_type":"article","og_title":"Fernando Bezerra pode ser convocado \u00e0 C\u00e2mara Federal, motivo \u00e9 esclarecer sobre gastos com a Transposi\u00e7\u00e3o - Blog do Farn\u00e9sio","og_description":"Parlamentares querem que Congresso investigue o aumento de gastos no custo inicial do projeto de transposi&ccedil;&atilde;o A realiza&ccedil;&atilde;o de nova licita&ccedil;&atilde;o no valor de R$ 1,2 bilh&atilde;o para tentar concluir a transposi&ccedil;&atilde;o do S&atilde;o Francisco mobilizou a oposi&ccedil;&atilde;o, que quer investigar o aumento de 40% no custo inicial do projeto no Congresso. &#8220;&Eacute; vergonhoso, quem conhece a obra sabe que n&atilde;o vai parar por a&iacute;&#8221;, disse o l&iacute;der do DEM, deputado ACM Neto (BA). Na reabertura do Congresso, em fevereiro, os oposicionistas reapresentar&atilde;o requerimentos de convoca&ccedil;&atilde;o do ministro da Integra&ccedil;&atilde;o Nacional, Fernando Bezerra Coelho, para que ele explique o descontrole de gastos com a principal obra do PAC. &#8220;Vamos fazer uma sabatina da inc&uacute;ria governamental&#8221;, avisou o presidente do PPS,&hellip;","og_url":"https:\/\/blogdofarnesio.com.br\/?p=9879","og_site_name":"Blog do Farn\u00e9sio","article_publisher":"https:\/\/www.facebook.com\/BlogQuerSaberPolitica\/","article_published_time":"2012-01-02T07:30:32+00:00","og_image":[{"url":"http:\/\/www.quersaberpolitica.com.br\/2016\/wp-content\/uploads\/2012\/12\/blogqspfbcconirdpetrolina.jpg","type":"","width":"","height":""}],"twitter_card":"summary_large_image","twitter_misc":{"Est. tempo de leitura":"2 minutos"},"schema":{"@context":"https:\/\/schema.org","@graph":[{"@type":"Article","@id":"https:\/\/blogdofarnesio.com.br\/?p=9879#article","isPartOf":{"@id":"https:\/\/blogdofarnesio.com.br\/?p=9879"},"author":{"name":"","@id":""},"headline":"Fernando Bezerra pode ser convocado \u00e0 C\u00e2mara Federal, motivo \u00e9 esclarecer sobre gastos com a Transposi\u00e7\u00e3o","datePublished":"2012-01-02T07:30:32+00:00","mainEntityOfPage":{"@id":"https:\/\/blogdofarnesio.com.br\/?p=9879"},"wordCount":341,"commentCount":0,"publisher":{"@id":"https:\/\/blogdofarnesio.com.br\/#organization"},"image":{"@id":"https:\/\/blogdofarnesio.com.br\/?p=9879#primaryimage"},"thumbnailUrl":"http:\/\/www.quersaberpolitica.com.br\/2016\/wp-content\/uploads\/2012\/12\/blogqspfbcconirdpetrolina.jpg","inLanguage":"pt-BR","potentialAction":[{"@type":"CommentAction","name":"Comment","target":["https:\/\/blogdofarnesio.com.br\/?p=9879#respond"]}]},{"@type":"WebPage","@id":"https:\/\/blogdofarnesio.com.br\/?p=9879","url":"https:\/\/blogdofarnesio.com.br\/?p=9879","name":"Fernando Bezerra pode ser convocado \u00e0 C\u00e2mara Federal, motivo \u00e9 esclarecer sobre gastos com a Transposi\u00e7\u00e3o - Blog do Farn\u00e9sio","isPartOf":{"@id":"https:\/\/blogdofarnesio.com.br\/#website"},"primaryImageOfPage":{"@id":"https:\/\/blogdofarnesio.com.br\/?p=9879#primaryimage"},"image":{"@id":"https:\/\/blogdofarnesio.com.br\/?p=9879#primaryimage"},"thumbnailUrl":"http:\/\/www.quersaberpolitica.com.br\/2016\/wp-content\/uploads\/2012\/12\/blogqspfbcconirdpetrolina.jpg","datePublished":"2012-01-02T07:30:32+00:00","breadcrumb":{"@id":"https:\/\/blogdofarnesio.com.br\/?p=9879#breadcrumb"},"inLanguage":"pt-BR","potentialAction":[{"@type":"ReadAction","target":["https:\/\/blogdofarnesio.com.br\/?p=9879"]}]},{"@type":"ImageObject","inLanguage":"pt-BR","@id":"https:\/\/blogdofarnesio.com.br\/?p=9879#primaryimage","url":"http:\/\/www.quersaberpolitica.com.br\/2016\/wp-content\/uploads\/2012\/12\/blogqspfbcconirdpetrolina.jpg","contentUrl":"http:\/\/www.quersaberpolitica.com.br\/2016\/wp-content\/uploads\/2012\/12\/blogqspfbcconirdpetrolina.jpg"},{"@type":"BreadcrumbList","@id":"https:\/\/blogdofarnesio.com.br\/?p=9879#breadcrumb","itemListElement":[{"@type":"ListItem","position":1,"name":"In\u00edcio","item":"https:\/\/blogdofarnesio.com.br\/"},{"@type":"ListItem","position":2,"name":"Fernando Bezerra pode ser convocado \u00e0 C\u00e2mara Federal, motivo \u00e9 esclarecer sobre gastos com a Transposi\u00e7\u00e3o"}]},{"@type":"WebSite","@id":"https:\/\/blogdofarnesio.com.br\/#website","url":"https:\/\/blogdofarnesio.com.br\/","name":"Blog do Farn\u00e9sio","description":"Quer Saber Pol\u00edtica?","publisher":{"@id":"https:\/\/blogdofarnesio.com.br\/#organization"},"potentialAction":[{"@type":"SearchAction","target":{"@type":"EntryPoint","urlTemplate":"https:\/\/blogdofarnesio.com.br\/?s={search_term_string}"},"query-input":{"@type":"PropertyValueSpecification","valueRequired":true,"valueName":"search_term_string"}}],"inLanguage":"pt-BR"},{"@type":"Organization","@id":"https:\/\/blogdofarnesio.com.br\/#organization","name":"Blog do Farn\u00e9sio","url":"https:\/\/blogdofarnesio.com.br\/","logo":{"@type":"ImageObject","inLanguage":"pt-BR","@id":"https:\/\/blogdofarnesio.com.br\/#\/schema\/logo\/image\/","url":"https:\/\/blogdofarnesio.com.br\/wp-content\/uploads\/2026\/03\/cropped-logo_new-1.png","contentUrl":"https:\/\/blogdofarnesio.com.br\/wp-content\/uploads\/2026\/03\/cropped-logo_new-1.png","width":881,"height":685,"caption":"Blog do Farn\u00e9sio"},"image":{"@id":"https:\/\/blogdofarnesio.com.br\/#\/schema\/logo\/image\/"},"sameAs":["https:\/\/www.facebook.com\/BlogQuerSaberPolitica\/"]}]}},"_links":{"self":[{"href":"https:\/\/blogdofarnesio.com.br\/index.php?rest_route=\/wp\/v2\/posts\/9879","targetHints":{"allow":["GET"]}}],"collection":[{"href":"https:\/\/blogdofarnesio.com.br\/index.php?rest_route=\/wp\/v2\/posts"}],"about":[{"href":"https:\/\/blogdofarnesio.com.br\/index.php?rest_route=\/wp\/v2\/types\/post"}],"replies":[{"embeddable":true,"href":"https:\/\/blogdofarnesio.com.br\/index.php?rest_route=%2Fwp%2Fv2%2Fcomments&post=9879"}],"version-history":[{"count":0,"href":"https:\/\/blogdofarnesio.com.br\/index.php?rest_route=\/wp\/v2\/posts\/9879\/revisions"}],"wp:attachment":[{"href":"https:\/\/blogdofarnesio.com.br\/index.php?rest_route=%2Fwp%2Fv2%2Fmedia&parent=9879"}],"wp:term":[{"taxonomy":"category","embeddable":true,"href":"https:\/\/blogdofarnesio.com.br\/index.php?rest_route=%2Fwp%2Fv2%2Fcategories&post=9879"},{"taxonomy":"post_tag","embeddable":true,"href":"https:\/\/blogdofarnesio.com.br\/index.php?rest_route=%2Fwp%2Fv2%2Ftags&post=9879"}],"curies":[{"name":"wp","href":"https:\/\/api.w.org\/{rel}","templated":true}]}}