{"id":97794,"date":"2014-09-03T16:07:17","date_gmt":"2014-09-03T19:07:17","guid":{"rendered":"http:\/\/www.quersaberpolitica.com.br\/?p=97794"},"modified":"2014-09-03T15:31:55","modified_gmt":"2014-09-03T18:31:55","slug":"recadastramento-do-bpc-escola-em-juazeiro-acontece-ate-30-de-setembro","status":"publish","type":"post","link":"https:\/\/blogdofarnesio.com.br\/?p=97794","title":{"rendered":"RECADASTRAMENTO DO BPC ESCOLA EM JUAZEIRO ACONTECE AT\u00c9 30 DE SETEMBRO"},"content":{"rendered":"<p style=\"text-align: justify\"><a href=\"http:\/\/www.quersaberpolitica.com.br\/2016\/wp-content\/uploads\/2014\/09\/unnamed76.jpg\"><img loading=\"lazy\" decoding=\"async\" class=\"aligncenter size-medium wp-image-97795\" alt=\"unnamed\" src=\"http:\/\/www.quersaberpolitica.com.br\/2016\/wp-content\/uploads\/2014\/09\/unnamed76-300x224.jpg\" width=\"300\" height=\"224\" srcset=\"https:\/\/blogdofarnesio.com.br\/wp-content\/uploads\/2014\/09\/unnamed76-300x224.jpg 300w, https:\/\/blogdofarnesio.com.br\/wp-content\/uploads\/2014\/09\/unnamed76-400x300.jpg 400w, https:\/\/blogdofarnesio.com.br\/wp-content\/uploads\/2014\/09\/unnamed76.jpg 448w\" sizes=\"auto, (max-width: 300px) 100vw, 300px\" \/><\/a>A Secretaria de Desenvolvimento e Igualdade Social (SEDIS), atrav\u00e9s da Ger\u00eancia de Diversidade, realiza at\u00e9 o dia 30 de setembro o recadastramento das pessoas com defici\u00eancia que recebem o Benef\u00edcio de Presta\u00e7\u00e3o Continuada Escola (BPC Escola), em Juazeiro.<\/p>\n<p style=\"text-align: justify\">\u00a0As equipes do BPC, dos CRAS, da Educa\u00e7\u00e3o e os Agentes de Sa\u00fade est\u00e3o fazendo o levantamento por meio de visitas domiciliares, onde \u00e9 preenchido um question\u00e1rio elaborado pelo Minist\u00e9rio do Desenvolvimento Social (MDS).<\/p>\n<p style=\"text-align: justify\">O BPC Escola \u00e9 um programa de acompanhamento e monitoramento ao acesso e a perman\u00eancia de pessoas com defici\u00eancia nas escolas e prioriza crian\u00e7as e adolescentes entre 0 e 18 anos. A inten\u00e7\u00e3o \u00e9 criar condi\u00e7\u00f5es para o desenvolvimento da autonomia, participa\u00e7\u00e3o social e emancipa\u00e7\u00e3o da pessoa assistida.<!--more--><\/p>\n<p style=\"text-align: justify\">De acordo com o coordenador do BPC, Josewilson de Souza, o recadastramento, pretende saber se os assistidos est\u00e3o na escola, que tipo de defici\u00eancia apresentam, quais as barreiras de acesso, se s\u00e3o bem atendidos pelo Sistema \u00danico de Sa\u00fade, al\u00e9m de outras informa\u00e7\u00f5es. \u201cEstamos encontrando algumas dificuldades como a mudan\u00e7a de endere\u00e7o de muitos benefici\u00e1rios. \u00c9 importante que os assistidos ou respons\u00e1veis facilitem as informa\u00e7\u00f5es no momento do recadastro, para que as equipes possam realizar o trabalho com mais agilidade. Este m\u00eas vamos intensificar as visitas\u201d, afirmou o coordenador.\u00a0Josewilson acrescentou que mais de 430 pessoas devem ser recadastradas no programa.<\/p>\n","protected":false},"excerpt":{"rendered":"<p>A Secretaria de Desenvolvimento e Igualdade Social (SEDIS), atrav\u00e9s da Ger\u00eancia de Diversidade, realiza at\u00e9 o dia 30 de setembro o recadastramento das pessoas com defici\u00eancia que recebem o Benef\u00edcio de Presta\u00e7\u00e3o Continuada Escola (BPC Escola), em Juazeiro. \u00a0As equipes do BPC, dos CRAS, da Educa\u00e7\u00e3o e os Agentes de Sa\u00fade est\u00e3o fazendo o levantamento por meio de visitas domiciliares, onde \u00e9 preenchido um question\u00e1rio elaborado pelo Minist\u00e9rio do Desenvolvimento Social (MDS). O BPC Escola \u00e9 um programa de acompanhamento e monitoramento ao acesso e a perman\u00eancia de pessoas com defici\u00eancia nas escolas e prioriza crian\u00e7as e adolescentes entre 0 e 18 anos. A inten\u00e7\u00e3o \u00e9 criar condi\u00e7\u00f5es para o desenvolvimento da autonomia, participa\u00e7\u00e3o social e emancipa\u00e7\u00e3o da pessoa assistida.<\/p>\n","protected":false},"author":3,"featured_media":0,"comment_status":"open","ping_status":"open","sticky":false,"template":"","format":"standard","meta":{"_acf_changed":false,"footnotes":""},"categories":[22],"tags":[],"class_list":["post-97794","post","type-post","status-publish","format-standard","hentry","category-acao-social"],"acf":[],"yoast_head":"<!-- This site is optimized with the Yoast SEO plugin v27.4 - https:\/\/yoast.com\/product\/yoast-seo-wordpress\/ -->\n<title>RECADASTRAMENTO DO BPC ESCOLA EM JUAZEIRO ACONTECE AT\u00c9 30 DE SETEMBRO - Blog do Farn\u00e9sio<\/title>\n<meta name=\"robots\" content=\"index, follow, max-snippet:-1, max-image-preview:large, max-video-preview:-1\" \/>\n<link rel=\"canonical\" href=\"https:\/\/blogdofarnesio.com.br\/?p=97794\" \/>\n<meta property=\"og:locale\" content=\"pt_BR\" \/>\n<meta property=\"og:type\" content=\"article\" \/>\n<meta property=\"og:title\" content=\"RECADASTRAMENTO DO BPC ESCOLA EM JUAZEIRO ACONTECE AT\u00c9 30 DE SETEMBRO - Blog do Farn\u00e9sio\" \/>\n<meta property=\"og:description\" content=\"A Secretaria de Desenvolvimento e Igualdade Social (SEDIS), atrav\u00e9s da Ger\u00eancia de Diversidade, realiza at\u00e9 o dia 30 de setembro o recadastramento das pessoas com defici\u00eancia que recebem o Benef\u00edcio de Presta\u00e7\u00e3o Continuada Escola (BPC Escola), em Juazeiro. \u00a0As equipes do BPC, dos CRAS, da Educa\u00e7\u00e3o e os Agentes de Sa\u00fade est\u00e3o fazendo o levantamento por meio de visitas domiciliares, onde \u00e9 preenchido um question\u00e1rio elaborado pelo Minist\u00e9rio do Desenvolvimento Social (MDS). O BPC Escola \u00e9 um programa de acompanhamento e monitoramento ao acesso e a perman\u00eancia de pessoas com defici\u00eancia nas escolas e prioriza crian\u00e7as e adolescentes entre 0 e 18 anos. A inten\u00e7\u00e3o \u00e9 criar condi\u00e7\u00f5es para o desenvolvimento da autonomia, participa\u00e7\u00e3o social e emancipa\u00e7\u00e3o da pessoa assistida.\" \/>\n<meta property=\"og:url\" content=\"https:\/\/blogdofarnesio.com.br\/?p=97794\" \/>\n<meta property=\"og:site_name\" content=\"Blog do Farn\u00e9sio\" \/>\n<meta property=\"article:publisher\" content=\"https:\/\/www.facebook.com\/BlogQuerSaberPolitica\/\" \/>\n<meta property=\"article:published_time\" content=\"2014-09-03T19:07:17+00:00\" \/>\n<meta property=\"og:image\" content=\"http:\/\/www.quersaberpolitica.com.br\/2016\/wp-content\/uploads\/2014\/09\/unnamed76-300x224.jpg\" \/>\n<meta name=\"author\" content=\"teste\" \/>\n<meta name=\"twitter:card\" content=\"summary_large_image\" \/>\n<meta name=\"twitter:label1\" content=\"Escrito por\" \/>\n\t<meta name=\"twitter:data1\" content=\"teste\" \/>\n\t<meta name=\"twitter:label2\" content=\"Est. tempo de leitura\" \/>\n\t<meta name=\"twitter:data2\" content=\"1 minuto\" \/>\n<script type=\"application\/ld+json\" class=\"yoast-schema-graph\">{\"@context\":\"https:\\\/\\\/schema.org\",\"@graph\":[{\"@type\":\"Article\",\"@id\":\"https:\\\/\\\/blogdofarnesio.com.br\\\/?p=97794#article\",\"isPartOf\":{\"@id\":\"https:\\\/\\\/blogdofarnesio.com.br\\\/?p=97794\"},\"author\":{\"name\":\"teste\",\"@id\":\"https:\\\/\\\/blogdofarnesio.com.br\\\/#\\\/schema\\\/person\\\/dd1bf5eba40b687199ba45ca6b97dff9\"},\"headline\":\"RECADASTRAMENTO DO BPC ESCOLA EM JUAZEIRO ACONTECE AT\u00c9 30 DE SETEMBRO\",\"datePublished\":\"2014-09-03T19:07:17+00:00\",\"mainEntityOfPage\":{\"@id\":\"https:\\\/\\\/blogdofarnesio.com.br\\\/?p=97794\"},\"wordCount\":252,\"commentCount\":0,\"publisher\":{\"@id\":\"https:\\\/\\\/blogdofarnesio.com.br\\\/#organization\"},\"image\":{\"@id\":\"https:\\\/\\\/blogdofarnesio.com.br\\\/?p=97794#primaryimage\"},\"thumbnailUrl\":\"http:\\\/\\\/www.quersaberpolitica.com.br\\\/2016\\\/wp-content\\\/uploads\\\/2014\\\/09\\\/unnamed76-300x224.jpg\",\"articleSection\":[\"A\u00e7\u00e3o Social\"],\"inLanguage\":\"pt-BR\",\"potentialAction\":[{\"@type\":\"CommentAction\",\"name\":\"Comment\",\"target\":[\"https:\\\/\\\/blogdofarnesio.com.br\\\/?p=97794#respond\"]}]},{\"@type\":\"WebPage\",\"@id\":\"https:\\\/\\\/blogdofarnesio.com.br\\\/?p=97794\",\"url\":\"https:\\\/\\\/blogdofarnesio.com.br\\\/?p=97794\",\"name\":\"RECADASTRAMENTO DO BPC ESCOLA EM JUAZEIRO ACONTECE AT\u00c9 30 DE SETEMBRO - Blog do Farn\u00e9sio\",\"isPartOf\":{\"@id\":\"https:\\\/\\\/blogdofarnesio.com.br\\\/#website\"},\"primaryImageOfPage\":{\"@id\":\"https:\\\/\\\/blogdofarnesio.com.br\\\/?p=97794#primaryimage\"},\"image\":{\"@id\":\"https:\\\/\\\/blogdofarnesio.com.br\\\/?p=97794#primaryimage\"},\"thumbnailUrl\":\"http:\\\/\\\/www.quersaberpolitica.com.br\\\/2016\\\/wp-content\\\/uploads\\\/2014\\\/09\\\/unnamed76-300x224.jpg\",\"datePublished\":\"2014-09-03T19:07:17+00:00\",\"breadcrumb\":{\"@id\":\"https:\\\/\\\/blogdofarnesio.com.br\\\/?p=97794#breadcrumb\"},\"inLanguage\":\"pt-BR\",\"potentialAction\":[{\"@type\":\"ReadAction\",\"target\":[\"https:\\\/\\\/blogdofarnesio.com.br\\\/?p=97794\"]}]},{\"@type\":\"ImageObject\",\"inLanguage\":\"pt-BR\",\"@id\":\"https:\\\/\\\/blogdofarnesio.com.br\\\/?p=97794#primaryimage\",\"url\":\"http:\\\/\\\/www.quersaberpolitica.com.br\\\/2016\\\/wp-content\\\/uploads\\\/2014\\\/09\\\/unnamed76-300x224.jpg\",\"contentUrl\":\"http:\\\/\\\/www.quersaberpolitica.com.br\\\/2016\\\/wp-content\\\/uploads\\\/2014\\\/09\\\/unnamed76-300x224.jpg\"},{\"@type\":\"BreadcrumbList\",\"@id\":\"https:\\\/\\\/blogdofarnesio.com.br\\\/?p=97794#breadcrumb\",\"itemListElement\":[{\"@type\":\"ListItem\",\"position\":1,\"name\":\"In\u00edcio\",\"item\":\"https:\\\/\\\/blogdofarnesio.com.br\\\/\"},{\"@type\":\"ListItem\",\"position\":2,\"name\":\"RECADASTRAMENTO DO BPC ESCOLA EM JUAZEIRO ACONTECE AT\u00c9 30 DE SETEMBRO\"}]},{\"@type\":\"WebSite\",\"@id\":\"https:\\\/\\\/blogdofarnesio.com.br\\\/#website\",\"url\":\"https:\\\/\\\/blogdofarnesio.com.br\\\/\",\"name\":\"Blog do Farn\u00e9sio\",\"description\":\"Quer Saber Pol\u00edtica?\",\"publisher\":{\"@id\":\"https:\\\/\\\/blogdofarnesio.com.br\\\/#organization\"},\"potentialAction\":[{\"@type\":\"SearchAction\",\"target\":{\"@type\":\"EntryPoint\",\"urlTemplate\":\"https:\\\/\\\/blogdofarnesio.com.br\\\/?s={search_term_string}\"},\"query-input\":{\"@type\":\"PropertyValueSpecification\",\"valueRequired\":true,\"valueName\":\"search_term_string\"}}],\"inLanguage\":\"pt-BR\"},{\"@type\":\"Organization\",\"@id\":\"https:\\\/\\\/blogdofarnesio.com.br\\\/#organization\",\"name\":\"Blog do Farn\u00e9sio\",\"url\":\"https:\\\/\\\/blogdofarnesio.com.br\\\/\",\"logo\":{\"@type\":\"ImageObject\",\"inLanguage\":\"pt-BR\",\"@id\":\"https:\\\/\\\/blogdofarnesio.com.br\\\/#\\\/schema\\\/logo\\\/image\\\/\",\"url\":\"https:\\\/\\\/blogdofarnesio.com.br\\\/wp-content\\\/uploads\\\/2026\\\/03\\\/cropped-logo_new-1.png\",\"contentUrl\":\"https:\\\/\\\/blogdofarnesio.com.br\\\/wp-content\\\/uploads\\\/2026\\\/03\\\/cropped-logo_new-1.png\",\"width\":881,\"height\":685,\"caption\":\"Blog do Farn\u00e9sio\"},\"image\":{\"@id\":\"https:\\\/\\\/blogdofarnesio.com.br\\\/#\\\/schema\\\/logo\\\/image\\\/\"},\"sameAs\":[\"https:\\\/\\\/www.facebook.com\\\/BlogQuerSaberPolitica\\\/\"]},{\"@type\":\"Person\",\"@id\":\"https:\\\/\\\/blogdofarnesio.com.br\\\/#\\\/schema\\\/person\\\/dd1bf5eba40b687199ba45ca6b97dff9\",\"name\":\"teste\",\"image\":{\"@type\":\"ImageObject\",\"inLanguage\":\"pt-BR\",\"@id\":\"https:\\\/\\\/secure.gravatar.com\\\/avatar\\\/2172498d4914b51e1d89a0f97957b035ac4938723a5cac208135d389b6972a6d?s=96&d=mm&r=g\",\"url\":\"https:\\\/\\\/secure.gravatar.com\\\/avatar\\\/2172498d4914b51e1d89a0f97957b035ac4938723a5cac208135d389b6972a6d?s=96&d=mm&r=g\",\"contentUrl\":\"https:\\\/\\\/secure.gravatar.com\\\/avatar\\\/2172498d4914b51e1d89a0f97957b035ac4938723a5cac208135d389b6972a6d?s=96&d=mm&r=g\",\"caption\":\"teste\"},\"url\":\"https:\\\/\\\/blogdofarnesio.com.br\\\/?author=3\"}]}<\/script>\n<!-- \/ Yoast SEO plugin. -->","yoast_head_json":{"title":"RECADASTRAMENTO DO BPC ESCOLA EM JUAZEIRO ACONTECE AT\u00c9 30 DE SETEMBRO - Blog do Farn\u00e9sio","robots":{"index":"index","follow":"follow","max-snippet":"max-snippet:-1","max-image-preview":"max-image-preview:large","max-video-preview":"max-video-preview:-1"},"canonical":"https:\/\/blogdofarnesio.com.br\/?p=97794","og_locale":"pt_BR","og_type":"article","og_title":"RECADASTRAMENTO DO BPC ESCOLA EM JUAZEIRO ACONTECE AT\u00c9 30 DE SETEMBRO - Blog do Farn\u00e9sio","og_description":"A Secretaria de Desenvolvimento e Igualdade Social (SEDIS), atrav\u00e9s da Ger\u00eancia de Diversidade, realiza at\u00e9 o dia 30 de setembro o recadastramento das pessoas com defici\u00eancia que recebem o Benef\u00edcio de Presta\u00e7\u00e3o Continuada Escola (BPC Escola), em Juazeiro. \u00a0As equipes do BPC, dos CRAS, da Educa\u00e7\u00e3o e os Agentes de Sa\u00fade est\u00e3o fazendo o levantamento por meio de visitas domiciliares, onde \u00e9 preenchido um question\u00e1rio elaborado pelo Minist\u00e9rio do Desenvolvimento Social (MDS). O BPC Escola \u00e9 um programa de acompanhamento e monitoramento ao acesso e a perman\u00eancia de pessoas com defici\u00eancia nas escolas e prioriza crian\u00e7as e adolescentes entre 0 e 18 anos. A inten\u00e7\u00e3o \u00e9 criar condi\u00e7\u00f5es para o desenvolvimento da autonomia, participa\u00e7\u00e3o social e emancipa\u00e7\u00e3o da pessoa assistida.","og_url":"https:\/\/blogdofarnesio.com.br\/?p=97794","og_site_name":"Blog do Farn\u00e9sio","article_publisher":"https:\/\/www.facebook.com\/BlogQuerSaberPolitica\/","article_published_time":"2014-09-03T19:07:17+00:00","og_image":[{"url":"http:\/\/www.quersaberpolitica.com.br\/2016\/wp-content\/uploads\/2014\/09\/unnamed76-300x224.jpg","type":"","width":"","height":""}],"author":"teste","twitter_card":"summary_large_image","twitter_misc":{"Escrito por":"teste","Est. tempo de leitura":"1 minuto"},"schema":{"@context":"https:\/\/schema.org","@graph":[{"@type":"Article","@id":"https:\/\/blogdofarnesio.com.br\/?p=97794#article","isPartOf":{"@id":"https:\/\/blogdofarnesio.com.br\/?p=97794"},"author":{"name":"teste","@id":"https:\/\/blogdofarnesio.com.br\/#\/schema\/person\/dd1bf5eba40b687199ba45ca6b97dff9"},"headline":"RECADASTRAMENTO DO BPC ESCOLA EM JUAZEIRO ACONTECE AT\u00c9 30 DE SETEMBRO","datePublished":"2014-09-03T19:07:17+00:00","mainEntityOfPage":{"@id":"https:\/\/blogdofarnesio.com.br\/?p=97794"},"wordCount":252,"commentCount":0,"publisher":{"@id":"https:\/\/blogdofarnesio.com.br\/#organization"},"image":{"@id":"https:\/\/blogdofarnesio.com.br\/?p=97794#primaryimage"},"thumbnailUrl":"http:\/\/www.quersaberpolitica.com.br\/2016\/wp-content\/uploads\/2014\/09\/unnamed76-300x224.jpg","articleSection":["A\u00e7\u00e3o Social"],"inLanguage":"pt-BR","potentialAction":[{"@type":"CommentAction","name":"Comment","target":["https:\/\/blogdofarnesio.com.br\/?p=97794#respond"]}]},{"@type":"WebPage","@id":"https:\/\/blogdofarnesio.com.br\/?p=97794","url":"https:\/\/blogdofarnesio.com.br\/?p=97794","name":"RECADASTRAMENTO DO BPC ESCOLA EM JUAZEIRO ACONTECE AT\u00c9 30 DE SETEMBRO - Blog do Farn\u00e9sio","isPartOf":{"@id":"https:\/\/blogdofarnesio.com.br\/#website"},"primaryImageOfPage":{"@id":"https:\/\/blogdofarnesio.com.br\/?p=97794#primaryimage"},"image":{"@id":"https:\/\/blogdofarnesio.com.br\/?p=97794#primaryimage"},"thumbnailUrl":"http:\/\/www.quersaberpolitica.com.br\/2016\/wp-content\/uploads\/2014\/09\/unnamed76-300x224.jpg","datePublished":"2014-09-03T19:07:17+00:00","breadcrumb":{"@id":"https:\/\/blogdofarnesio.com.br\/?p=97794#breadcrumb"},"inLanguage":"pt-BR","potentialAction":[{"@type":"ReadAction","target":["https:\/\/blogdofarnesio.com.br\/?p=97794"]}]},{"@type":"ImageObject","inLanguage":"pt-BR","@id":"https:\/\/blogdofarnesio.com.br\/?p=97794#primaryimage","url":"http:\/\/www.quersaberpolitica.com.br\/2016\/wp-content\/uploads\/2014\/09\/unnamed76-300x224.jpg","contentUrl":"http:\/\/www.quersaberpolitica.com.br\/2016\/wp-content\/uploads\/2014\/09\/unnamed76-300x224.jpg"},{"@type":"BreadcrumbList","@id":"https:\/\/blogdofarnesio.com.br\/?p=97794#breadcrumb","itemListElement":[{"@type":"ListItem","position":1,"name":"In\u00edcio","item":"https:\/\/blogdofarnesio.com.br\/"},{"@type":"ListItem","position":2,"name":"RECADASTRAMENTO DO BPC ESCOLA EM JUAZEIRO ACONTECE AT\u00c9 30 DE SETEMBRO"}]},{"@type":"WebSite","@id":"https:\/\/blogdofarnesio.com.br\/#website","url":"https:\/\/blogdofarnesio.com.br\/","name":"Blog do Farn\u00e9sio","description":"Quer Saber Pol\u00edtica?","publisher":{"@id":"https:\/\/blogdofarnesio.com.br\/#organization"},"potentialAction":[{"@type":"SearchAction","target":{"@type":"EntryPoint","urlTemplate":"https:\/\/blogdofarnesio.com.br\/?s={search_term_string}"},"query-input":{"@type":"PropertyValueSpecification","valueRequired":true,"valueName":"search_term_string"}}],"inLanguage":"pt-BR"},{"@type":"Organization","@id":"https:\/\/blogdofarnesio.com.br\/#organization","name":"Blog do Farn\u00e9sio","url":"https:\/\/blogdofarnesio.com.br\/","logo":{"@type":"ImageObject","inLanguage":"pt-BR","@id":"https:\/\/blogdofarnesio.com.br\/#\/schema\/logo\/image\/","url":"https:\/\/blogdofarnesio.com.br\/wp-content\/uploads\/2026\/03\/cropped-logo_new-1.png","contentUrl":"https:\/\/blogdofarnesio.com.br\/wp-content\/uploads\/2026\/03\/cropped-logo_new-1.png","width":881,"height":685,"caption":"Blog do Farn\u00e9sio"},"image":{"@id":"https:\/\/blogdofarnesio.com.br\/#\/schema\/logo\/image\/"},"sameAs":["https:\/\/www.facebook.com\/BlogQuerSaberPolitica\/"]},{"@type":"Person","@id":"https:\/\/blogdofarnesio.com.br\/#\/schema\/person\/dd1bf5eba40b687199ba45ca6b97dff9","name":"teste","image":{"@type":"ImageObject","inLanguage":"pt-BR","@id":"https:\/\/secure.gravatar.com\/avatar\/2172498d4914b51e1d89a0f97957b035ac4938723a5cac208135d389b6972a6d?s=96&d=mm&r=g","url":"https:\/\/secure.gravatar.com\/avatar\/2172498d4914b51e1d89a0f97957b035ac4938723a5cac208135d389b6972a6d?s=96&d=mm&r=g","contentUrl":"https:\/\/secure.gravatar.com\/avatar\/2172498d4914b51e1d89a0f97957b035ac4938723a5cac208135d389b6972a6d?s=96&d=mm&r=g","caption":"teste"},"url":"https:\/\/blogdofarnesio.com.br\/?author=3"}]}},"_links":{"self":[{"href":"https:\/\/blogdofarnesio.com.br\/index.php?rest_route=\/wp\/v2\/posts\/97794","targetHints":{"allow":["GET"]}}],"collection":[{"href":"https:\/\/blogdofarnesio.com.br\/index.php?rest_route=\/wp\/v2\/posts"}],"about":[{"href":"https:\/\/blogdofarnesio.com.br\/index.php?rest_route=\/wp\/v2\/types\/post"}],"author":[{"embeddable":true,"href":"https:\/\/blogdofarnesio.com.br\/index.php?rest_route=\/wp\/v2\/users\/3"}],"replies":[{"embeddable":true,"href":"https:\/\/blogdofarnesio.com.br\/index.php?rest_route=%2Fwp%2Fv2%2Fcomments&post=97794"}],"version-history":[{"count":0,"href":"https:\/\/blogdofarnesio.com.br\/index.php?rest_route=\/wp\/v2\/posts\/97794\/revisions"}],"wp:attachment":[{"href":"https:\/\/blogdofarnesio.com.br\/index.php?rest_route=%2Fwp%2Fv2%2Fmedia&parent=97794"}],"wp:term":[{"taxonomy":"category","embeddable":true,"href":"https:\/\/blogdofarnesio.com.br\/index.php?rest_route=%2Fwp%2Fv2%2Fcategories&post=97794"},{"taxonomy":"post_tag","embeddable":true,"href":"https:\/\/blogdofarnesio.com.br\/index.php?rest_route=%2Fwp%2Fv2%2Ftags&post=97794"}],"curies":[{"name":"wp","href":"https:\/\/api.w.org\/{rel}","templated":true}]}}