{"id":97741,"date":"2014-09-03T10:01:09","date_gmt":"2014-09-03T13:01:09","guid":{"rendered":"http:\/\/www.quersaberpolitica.com.br\/?p=97741"},"modified":"2014-09-03T09:26:01","modified_gmt":"2014-09-03T12:26:01","slug":"meninas-de-11-a-13-anos-devem-receber-segunda-dose-da-vacina-contra-o-hpv-em-petrolina","status":"publish","type":"post","link":"https:\/\/blogdofarnesio.com.br\/?p=97741","title":{"rendered":"MENINAS DE 11 A 13 ANOS DEVEM RECEBER SEGUNDA DOSE DA VACINA CONTRA O HPV EM PETROLINA"},"content":{"rendered":"<p style=\"text-align: justify\"><a href=\"http:\/\/www.quersaberpolitica.com.br\/2016\/wp-content\/uploads\/2014\/09\/unnamed67.jpg\"><img loading=\"lazy\" decoding=\"async\" class=\"aligncenter size-medium wp-image-97742\" alt=\"unnamed\" src=\"http:\/\/www.quersaberpolitica.com.br\/2016\/wp-content\/uploads\/2014\/09\/unnamed67-300x224.jpg\" width=\"300\" height=\"224\" srcset=\"https:\/\/blogdofarnesio.com.br\/wp-content\/uploads\/2014\/09\/unnamed67-300x224.jpg 300w, https:\/\/blogdofarnesio.com.br\/wp-content\/uploads\/2014\/09\/unnamed67-401x300.jpg 401w, https:\/\/blogdofarnesio.com.br\/wp-content\/uploads\/2014\/09\/unnamed67.jpg 448w\" sizes=\"auto, (max-width: 300px) 100vw, 300px\" \/><\/a>A partir do dia 10 de setembro, pr\u00f3xima quarta-feira, as meninas de 11 a 13 anos, que j\u00e1 receberam a primeira dose da vacina contra o papiloma v\u00edrus humano (HPV), devem receber a segunda dose. As adolescentes que n\u00e3o tomaram a primeira dose tamb\u00e9m podem procurar as unidades de sa\u00fade.<\/p>\n<p style=\"text-align: justify\">\u201cA segunda dose deve ser tomada seis meses ap\u00f3s a primeira e \u00e9 muito importante para garantir a prote\u00e7\u00e3o contra o v\u00edrus. As meninas que v\u00e3o tomar a segunda dose devem verificar em seu cart\u00e3o de vacina a data de retorno\u201d, explicou a coordenadora do Programa Nacional de Imuniza\u00e7\u00e3o em Petrolina (PNI) Jeane Moraes.<\/p>\n<p style=\"text-align: justify\">Na primeira etapa da vacina\u00e7\u00e3o mais de 90% do p\u00fablico alvo foi imunizado, totalizando 8.745 meninas protegidas contra o HPV. <!--more-->O\u00a0esquema\u00a0de vacina\u00e7\u00e3o contra o HPV \u00e9 feito com tr\u00eas doses, sendo que a terceira dose da vacina s\u00f3 ser\u00e1 aplicada cinco anos ap\u00f3s a primeira.<\/p>\n<p style=\"text-align: justify\">De acordo com o Minist\u00e9rio da Sa\u00fade, mais de 4,3 milh\u00f5es de meninas nessa faixa et\u00e1ria j\u00e1 receberam a primeira dose em mar\u00e7o deste ano. A segunda \u00e9 essencial para garantir a prote\u00e7\u00e3o contra o HPV. A vacina protege contra quatro subtipos da doen\u00e7a (6, 11, 16 e 18).<\/p>\n<p style=\"text-align: justify\">O HPV \u00e9 um v\u00edrus transmitido pelo contato direto com a pele ou mucosas infectadas por meio de rela\u00e7\u00e3o sexual. Ele tamb\u00e9m pode ser transmitido da m\u00e3e para o filho no momento do parto.\u00a0 De acordo com o Instituto Nacional do C\u00e2ncer (INCA), no Brasil estima-se o surgimento de 15 mil novos casos este ano.<\/p>\n<p style=\"text-align: justify\">\n","protected":false},"excerpt":{"rendered":"<p>A partir do dia 10 de setembro, pr\u00f3xima quarta-feira, as meninas de 11 a 13 anos, que j\u00e1 receberam a primeira dose da vacina contra o papiloma v\u00edrus humano (HPV), devem receber a segunda dose. As adolescentes que n\u00e3o tomaram a primeira dose tamb\u00e9m podem procurar as unidades de sa\u00fade. \u201cA segunda dose deve ser tomada seis meses ap\u00f3s a primeira e \u00e9 muito importante para garantir a prote\u00e7\u00e3o contra o v\u00edrus. As meninas que v\u00e3o tomar a segunda dose devem verificar em seu cart\u00e3o de vacina a data de retorno\u201d, explicou a coordenadora do Programa Nacional de Imuniza\u00e7\u00e3o em Petrolina (PNI) Jeane Moraes. Na primeira etapa da vacina\u00e7\u00e3o mais de 90% do p\u00fablico alvo foi imunizado, totalizando 8.745 meninas&hellip; <\/p>\n","protected":false},"author":3,"featured_media":0,"comment_status":"open","ping_status":"open","sticky":false,"template":"","format":"standard","meta":{"_acf_changed":false,"footnotes":""},"categories":[4],"tags":[],"class_list":["post-97741","post","type-post","status-publish","format-standard","hentry","category-saude"],"acf":[],"yoast_head":"<!-- This site is optimized with the Yoast SEO plugin v27.4 - https:\/\/yoast.com\/product\/yoast-seo-wordpress\/ -->\n<title>MENINAS DE 11 A 13 ANOS DEVEM RECEBER SEGUNDA DOSE DA VACINA CONTRA O HPV EM PETROLINA - Blog do Farn\u00e9sio<\/title>\n<meta name=\"robots\" content=\"index, follow, max-snippet:-1, max-image-preview:large, max-video-preview:-1\" \/>\n<link rel=\"canonical\" href=\"https:\/\/blogdofarnesio.com.br\/?p=97741\" \/>\n<meta property=\"og:locale\" content=\"pt_BR\" \/>\n<meta property=\"og:type\" content=\"article\" \/>\n<meta property=\"og:title\" content=\"MENINAS DE 11 A 13 ANOS DEVEM RECEBER SEGUNDA DOSE DA VACINA CONTRA O HPV EM PETROLINA - Blog do Farn\u00e9sio\" \/>\n<meta property=\"og:description\" content=\"A partir do dia 10 de setembro, pr\u00f3xima quarta-feira, as meninas de 11 a 13 anos, que j\u00e1 receberam a primeira dose da vacina contra o papiloma v\u00edrus humano (HPV), devem receber a segunda dose. As adolescentes que n\u00e3o tomaram a primeira dose tamb\u00e9m podem procurar as unidades de sa\u00fade. \u201cA segunda dose deve ser tomada seis meses ap\u00f3s a primeira e \u00e9 muito importante para garantir a prote\u00e7\u00e3o contra o v\u00edrus. As meninas que v\u00e3o tomar a segunda dose devem verificar em seu cart\u00e3o de vacina a data de retorno\u201d, explicou a coordenadora do Programa Nacional de Imuniza\u00e7\u00e3o em Petrolina (PNI) Jeane Moraes. Na primeira etapa da vacina\u00e7\u00e3o mais de 90% do p\u00fablico alvo foi imunizado, totalizando 8.745 meninas&hellip;\" \/>\n<meta property=\"og:url\" content=\"https:\/\/blogdofarnesio.com.br\/?p=97741\" \/>\n<meta property=\"og:site_name\" content=\"Blog do Farn\u00e9sio\" \/>\n<meta property=\"article:publisher\" content=\"https:\/\/www.facebook.com\/BlogQuerSaberPolitica\/\" \/>\n<meta property=\"article:published_time\" content=\"2014-09-03T13:01:09+00:00\" \/>\n<meta property=\"og:image\" content=\"http:\/\/www.quersaberpolitica.com.br\/2016\/wp-content\/uploads\/2014\/09\/unnamed67-300x224.jpg\" \/>\n<meta name=\"author\" content=\"teste\" \/>\n<meta name=\"twitter:card\" content=\"summary_large_image\" \/>\n<meta name=\"twitter:label1\" content=\"Escrito por\" \/>\n\t<meta name=\"twitter:data1\" content=\"teste\" \/>\n\t<meta name=\"twitter:label2\" content=\"Est. tempo de leitura\" \/>\n\t<meta name=\"twitter:data2\" content=\"1 minuto\" \/>\n<script type=\"application\/ld+json\" class=\"yoast-schema-graph\">{\"@context\":\"https:\\\/\\\/schema.org\",\"@graph\":[{\"@type\":\"Article\",\"@id\":\"https:\\\/\\\/blogdofarnesio.com.br\\\/?p=97741#article\",\"isPartOf\":{\"@id\":\"https:\\\/\\\/blogdofarnesio.com.br\\\/?p=97741\"},\"author\":{\"name\":\"teste\",\"@id\":\"https:\\\/\\\/blogdofarnesio.com.br\\\/#\\\/schema\\\/person\\\/dd1bf5eba40b687199ba45ca6b97dff9\"},\"headline\":\"MENINAS DE 11 A 13 ANOS DEVEM RECEBER SEGUNDA DOSE DA VACINA CONTRA O HPV EM PETROLINA\",\"datePublished\":\"2014-09-03T13:01:09+00:00\",\"mainEntityOfPage\":{\"@id\":\"https:\\\/\\\/blogdofarnesio.com.br\\\/?p=97741\"},\"wordCount\":283,\"commentCount\":0,\"publisher\":{\"@id\":\"https:\\\/\\\/blogdofarnesio.com.br\\\/#organization\"},\"image\":{\"@id\":\"https:\\\/\\\/blogdofarnesio.com.br\\\/?p=97741#primaryimage\"},\"thumbnailUrl\":\"http:\\\/\\\/www.quersaberpolitica.com.br\\\/2016\\\/wp-content\\\/uploads\\\/2014\\\/09\\\/unnamed67-300x224.jpg\",\"articleSection\":[\"Sa\u00fade\"],\"inLanguage\":\"pt-BR\",\"potentialAction\":[{\"@type\":\"CommentAction\",\"name\":\"Comment\",\"target\":[\"https:\\\/\\\/blogdofarnesio.com.br\\\/?p=97741#respond\"]}]},{\"@type\":\"WebPage\",\"@id\":\"https:\\\/\\\/blogdofarnesio.com.br\\\/?p=97741\",\"url\":\"https:\\\/\\\/blogdofarnesio.com.br\\\/?p=97741\",\"name\":\"MENINAS DE 11 A 13 ANOS DEVEM RECEBER SEGUNDA DOSE DA VACINA CONTRA O HPV EM PETROLINA - Blog do Farn\u00e9sio\",\"isPartOf\":{\"@id\":\"https:\\\/\\\/blogdofarnesio.com.br\\\/#website\"},\"primaryImageOfPage\":{\"@id\":\"https:\\\/\\\/blogdofarnesio.com.br\\\/?p=97741#primaryimage\"},\"image\":{\"@id\":\"https:\\\/\\\/blogdofarnesio.com.br\\\/?p=97741#primaryimage\"},\"thumbnailUrl\":\"http:\\\/\\\/www.quersaberpolitica.com.br\\\/2016\\\/wp-content\\\/uploads\\\/2014\\\/09\\\/unnamed67-300x224.jpg\",\"datePublished\":\"2014-09-03T13:01:09+00:00\",\"breadcrumb\":{\"@id\":\"https:\\\/\\\/blogdofarnesio.com.br\\\/?p=97741#breadcrumb\"},\"inLanguage\":\"pt-BR\",\"potentialAction\":[{\"@type\":\"ReadAction\",\"target\":[\"https:\\\/\\\/blogdofarnesio.com.br\\\/?p=97741\"]}]},{\"@type\":\"ImageObject\",\"inLanguage\":\"pt-BR\",\"@id\":\"https:\\\/\\\/blogdofarnesio.com.br\\\/?p=97741#primaryimage\",\"url\":\"http:\\\/\\\/www.quersaberpolitica.com.br\\\/2016\\\/wp-content\\\/uploads\\\/2014\\\/09\\\/unnamed67-300x224.jpg\",\"contentUrl\":\"http:\\\/\\\/www.quersaberpolitica.com.br\\\/2016\\\/wp-content\\\/uploads\\\/2014\\\/09\\\/unnamed67-300x224.jpg\"},{\"@type\":\"BreadcrumbList\",\"@id\":\"https:\\\/\\\/blogdofarnesio.com.br\\\/?p=97741#breadcrumb\",\"itemListElement\":[{\"@type\":\"ListItem\",\"position\":1,\"name\":\"In\u00edcio\",\"item\":\"https:\\\/\\\/blogdofarnesio.com.br\\\/\"},{\"@type\":\"ListItem\",\"position\":2,\"name\":\"MENINAS DE 11 A 13 ANOS DEVEM RECEBER SEGUNDA DOSE DA VACINA CONTRA O HPV EM PETROLINA\"}]},{\"@type\":\"WebSite\",\"@id\":\"https:\\\/\\\/blogdofarnesio.com.br\\\/#website\",\"url\":\"https:\\\/\\\/blogdofarnesio.com.br\\\/\",\"name\":\"Blog do Farn\u00e9sio\",\"description\":\"Quer Saber Pol\u00edtica?\",\"publisher\":{\"@id\":\"https:\\\/\\\/blogdofarnesio.com.br\\\/#organization\"},\"potentialAction\":[{\"@type\":\"SearchAction\",\"target\":{\"@type\":\"EntryPoint\",\"urlTemplate\":\"https:\\\/\\\/blogdofarnesio.com.br\\\/?s={search_term_string}\"},\"query-input\":{\"@type\":\"PropertyValueSpecification\",\"valueRequired\":true,\"valueName\":\"search_term_string\"}}],\"inLanguage\":\"pt-BR\"},{\"@type\":\"Organization\",\"@id\":\"https:\\\/\\\/blogdofarnesio.com.br\\\/#organization\",\"name\":\"Blog do Farn\u00e9sio\",\"url\":\"https:\\\/\\\/blogdofarnesio.com.br\\\/\",\"logo\":{\"@type\":\"ImageObject\",\"inLanguage\":\"pt-BR\",\"@id\":\"https:\\\/\\\/blogdofarnesio.com.br\\\/#\\\/schema\\\/logo\\\/image\\\/\",\"url\":\"https:\\\/\\\/blogdofarnesio.com.br\\\/wp-content\\\/uploads\\\/2026\\\/03\\\/cropped-logo_new-1.png\",\"contentUrl\":\"https:\\\/\\\/blogdofarnesio.com.br\\\/wp-content\\\/uploads\\\/2026\\\/03\\\/cropped-logo_new-1.png\",\"width\":881,\"height\":685,\"caption\":\"Blog do Farn\u00e9sio\"},\"image\":{\"@id\":\"https:\\\/\\\/blogdofarnesio.com.br\\\/#\\\/schema\\\/logo\\\/image\\\/\"},\"sameAs\":[\"https:\\\/\\\/www.facebook.com\\\/BlogQuerSaberPolitica\\\/\"]},{\"@type\":\"Person\",\"@id\":\"https:\\\/\\\/blogdofarnesio.com.br\\\/#\\\/schema\\\/person\\\/dd1bf5eba40b687199ba45ca6b97dff9\",\"name\":\"teste\",\"image\":{\"@type\":\"ImageObject\",\"inLanguage\":\"pt-BR\",\"@id\":\"https:\\\/\\\/secure.gravatar.com\\\/avatar\\\/2172498d4914b51e1d89a0f97957b035ac4938723a5cac208135d389b6972a6d?s=96&d=mm&r=g\",\"url\":\"https:\\\/\\\/secure.gravatar.com\\\/avatar\\\/2172498d4914b51e1d89a0f97957b035ac4938723a5cac208135d389b6972a6d?s=96&d=mm&r=g\",\"contentUrl\":\"https:\\\/\\\/secure.gravatar.com\\\/avatar\\\/2172498d4914b51e1d89a0f97957b035ac4938723a5cac208135d389b6972a6d?s=96&d=mm&r=g\",\"caption\":\"teste\"},\"url\":\"https:\\\/\\\/blogdofarnesio.com.br\\\/?author=3\"}]}<\/script>\n<!-- \/ Yoast SEO plugin. -->","yoast_head_json":{"title":"MENINAS DE 11 A 13 ANOS DEVEM RECEBER SEGUNDA DOSE DA VACINA CONTRA O HPV EM PETROLINA - Blog do Farn\u00e9sio","robots":{"index":"index","follow":"follow","max-snippet":"max-snippet:-1","max-image-preview":"max-image-preview:large","max-video-preview":"max-video-preview:-1"},"canonical":"https:\/\/blogdofarnesio.com.br\/?p=97741","og_locale":"pt_BR","og_type":"article","og_title":"MENINAS DE 11 A 13 ANOS DEVEM RECEBER SEGUNDA DOSE DA VACINA CONTRA O HPV EM PETROLINA - Blog do Farn\u00e9sio","og_description":"A partir do dia 10 de setembro, pr\u00f3xima quarta-feira, as meninas de 11 a 13 anos, que j\u00e1 receberam a primeira dose da vacina contra o papiloma v\u00edrus humano (HPV), devem receber a segunda dose. As adolescentes que n\u00e3o tomaram a primeira dose tamb\u00e9m podem procurar as unidades de sa\u00fade. \u201cA segunda dose deve ser tomada seis meses ap\u00f3s a primeira e \u00e9 muito importante para garantir a prote\u00e7\u00e3o contra o v\u00edrus. As meninas que v\u00e3o tomar a segunda dose devem verificar em seu cart\u00e3o de vacina a data de retorno\u201d, explicou a coordenadora do Programa Nacional de Imuniza\u00e7\u00e3o em Petrolina (PNI) Jeane Moraes. Na primeira etapa da vacina\u00e7\u00e3o mais de 90% do p\u00fablico alvo foi imunizado, totalizando 8.745 meninas&hellip;","og_url":"https:\/\/blogdofarnesio.com.br\/?p=97741","og_site_name":"Blog do Farn\u00e9sio","article_publisher":"https:\/\/www.facebook.com\/BlogQuerSaberPolitica\/","article_published_time":"2014-09-03T13:01:09+00:00","og_image":[{"url":"http:\/\/www.quersaberpolitica.com.br\/2016\/wp-content\/uploads\/2014\/09\/unnamed67-300x224.jpg","type":"","width":"","height":""}],"author":"teste","twitter_card":"summary_large_image","twitter_misc":{"Escrito por":"teste","Est. tempo de leitura":"1 minuto"},"schema":{"@context":"https:\/\/schema.org","@graph":[{"@type":"Article","@id":"https:\/\/blogdofarnesio.com.br\/?p=97741#article","isPartOf":{"@id":"https:\/\/blogdofarnesio.com.br\/?p=97741"},"author":{"name":"teste","@id":"https:\/\/blogdofarnesio.com.br\/#\/schema\/person\/dd1bf5eba40b687199ba45ca6b97dff9"},"headline":"MENINAS DE 11 A 13 ANOS DEVEM RECEBER SEGUNDA DOSE DA VACINA CONTRA O HPV EM PETROLINA","datePublished":"2014-09-03T13:01:09+00:00","mainEntityOfPage":{"@id":"https:\/\/blogdofarnesio.com.br\/?p=97741"},"wordCount":283,"commentCount":0,"publisher":{"@id":"https:\/\/blogdofarnesio.com.br\/#organization"},"image":{"@id":"https:\/\/blogdofarnesio.com.br\/?p=97741#primaryimage"},"thumbnailUrl":"http:\/\/www.quersaberpolitica.com.br\/2016\/wp-content\/uploads\/2014\/09\/unnamed67-300x224.jpg","articleSection":["Sa\u00fade"],"inLanguage":"pt-BR","potentialAction":[{"@type":"CommentAction","name":"Comment","target":["https:\/\/blogdofarnesio.com.br\/?p=97741#respond"]}]},{"@type":"WebPage","@id":"https:\/\/blogdofarnesio.com.br\/?p=97741","url":"https:\/\/blogdofarnesio.com.br\/?p=97741","name":"MENINAS DE 11 A 13 ANOS DEVEM RECEBER SEGUNDA DOSE DA VACINA CONTRA O HPV EM PETROLINA - Blog do Farn\u00e9sio","isPartOf":{"@id":"https:\/\/blogdofarnesio.com.br\/#website"},"primaryImageOfPage":{"@id":"https:\/\/blogdofarnesio.com.br\/?p=97741#primaryimage"},"image":{"@id":"https:\/\/blogdofarnesio.com.br\/?p=97741#primaryimage"},"thumbnailUrl":"http:\/\/www.quersaberpolitica.com.br\/2016\/wp-content\/uploads\/2014\/09\/unnamed67-300x224.jpg","datePublished":"2014-09-03T13:01:09+00:00","breadcrumb":{"@id":"https:\/\/blogdofarnesio.com.br\/?p=97741#breadcrumb"},"inLanguage":"pt-BR","potentialAction":[{"@type":"ReadAction","target":["https:\/\/blogdofarnesio.com.br\/?p=97741"]}]},{"@type":"ImageObject","inLanguage":"pt-BR","@id":"https:\/\/blogdofarnesio.com.br\/?p=97741#primaryimage","url":"http:\/\/www.quersaberpolitica.com.br\/2016\/wp-content\/uploads\/2014\/09\/unnamed67-300x224.jpg","contentUrl":"http:\/\/www.quersaberpolitica.com.br\/2016\/wp-content\/uploads\/2014\/09\/unnamed67-300x224.jpg"},{"@type":"BreadcrumbList","@id":"https:\/\/blogdofarnesio.com.br\/?p=97741#breadcrumb","itemListElement":[{"@type":"ListItem","position":1,"name":"In\u00edcio","item":"https:\/\/blogdofarnesio.com.br\/"},{"@type":"ListItem","position":2,"name":"MENINAS DE 11 A 13 ANOS DEVEM RECEBER SEGUNDA DOSE DA VACINA CONTRA O HPV EM PETROLINA"}]},{"@type":"WebSite","@id":"https:\/\/blogdofarnesio.com.br\/#website","url":"https:\/\/blogdofarnesio.com.br\/","name":"Blog do Farn\u00e9sio","description":"Quer Saber Pol\u00edtica?","publisher":{"@id":"https:\/\/blogdofarnesio.com.br\/#organization"},"potentialAction":[{"@type":"SearchAction","target":{"@type":"EntryPoint","urlTemplate":"https:\/\/blogdofarnesio.com.br\/?s={search_term_string}"},"query-input":{"@type":"PropertyValueSpecification","valueRequired":true,"valueName":"search_term_string"}}],"inLanguage":"pt-BR"},{"@type":"Organization","@id":"https:\/\/blogdofarnesio.com.br\/#organization","name":"Blog do Farn\u00e9sio","url":"https:\/\/blogdofarnesio.com.br\/","logo":{"@type":"ImageObject","inLanguage":"pt-BR","@id":"https:\/\/blogdofarnesio.com.br\/#\/schema\/logo\/image\/","url":"https:\/\/blogdofarnesio.com.br\/wp-content\/uploads\/2026\/03\/cropped-logo_new-1.png","contentUrl":"https:\/\/blogdofarnesio.com.br\/wp-content\/uploads\/2026\/03\/cropped-logo_new-1.png","width":881,"height":685,"caption":"Blog do Farn\u00e9sio"},"image":{"@id":"https:\/\/blogdofarnesio.com.br\/#\/schema\/logo\/image\/"},"sameAs":["https:\/\/www.facebook.com\/BlogQuerSaberPolitica\/"]},{"@type":"Person","@id":"https:\/\/blogdofarnesio.com.br\/#\/schema\/person\/dd1bf5eba40b687199ba45ca6b97dff9","name":"teste","image":{"@type":"ImageObject","inLanguage":"pt-BR","@id":"https:\/\/secure.gravatar.com\/avatar\/2172498d4914b51e1d89a0f97957b035ac4938723a5cac208135d389b6972a6d?s=96&d=mm&r=g","url":"https:\/\/secure.gravatar.com\/avatar\/2172498d4914b51e1d89a0f97957b035ac4938723a5cac208135d389b6972a6d?s=96&d=mm&r=g","contentUrl":"https:\/\/secure.gravatar.com\/avatar\/2172498d4914b51e1d89a0f97957b035ac4938723a5cac208135d389b6972a6d?s=96&d=mm&r=g","caption":"teste"},"url":"https:\/\/blogdofarnesio.com.br\/?author=3"}]}},"_links":{"self":[{"href":"https:\/\/blogdofarnesio.com.br\/index.php?rest_route=\/wp\/v2\/posts\/97741","targetHints":{"allow":["GET"]}}],"collection":[{"href":"https:\/\/blogdofarnesio.com.br\/index.php?rest_route=\/wp\/v2\/posts"}],"about":[{"href":"https:\/\/blogdofarnesio.com.br\/index.php?rest_route=\/wp\/v2\/types\/post"}],"author":[{"embeddable":true,"href":"https:\/\/blogdofarnesio.com.br\/index.php?rest_route=\/wp\/v2\/users\/3"}],"replies":[{"embeddable":true,"href":"https:\/\/blogdofarnesio.com.br\/index.php?rest_route=%2Fwp%2Fv2%2Fcomments&post=97741"}],"version-history":[{"count":0,"href":"https:\/\/blogdofarnesio.com.br\/index.php?rest_route=\/wp\/v2\/posts\/97741\/revisions"}],"wp:attachment":[{"href":"https:\/\/blogdofarnesio.com.br\/index.php?rest_route=%2Fwp%2Fv2%2Fmedia&parent=97741"}],"wp:term":[{"taxonomy":"category","embeddable":true,"href":"https:\/\/blogdofarnesio.com.br\/index.php?rest_route=%2Fwp%2Fv2%2Fcategories&post=97741"},{"taxonomy":"post_tag","embeddable":true,"href":"https:\/\/blogdofarnesio.com.br\/index.php?rest_route=%2Fwp%2Fv2%2Ftags&post=97741"}],"curies":[{"name":"wp","href":"https:\/\/api.w.org\/{rel}","templated":true}]}}