{"id":97732,"date":"2014-09-03T10:23:06","date_gmt":"2014-09-03T13:23:06","guid":{"rendered":"http:\/\/www.quersaberpolitica.com.br\/?p=97732"},"modified":"2014-09-03T08:58:58","modified_gmt":"2014-09-03T11:58:58","slug":"direto-de-sento-se-102","status":"publish","type":"post","link":"https:\/\/blogdofarnesio.com.br\/?p=97732","title":{"rendered":"DIRETO DE SENTO-S\u00c9"},"content":{"rendered":"<p style=\"text-align: justify\"><strong>APREENDIDAS ARMAS, MOTOCICLETAS COM RESTRI\u00c7\u00c3O DE FURTO\/ROUBO &#8211; AP\u00d3S O CUMPRIMENTO DE MANDADO DE BUSCA E APREENS\u00c3O.<\/strong><\/p>\n<p style=\"text-align: justify\"><a href=\"http:\/\/www.quersaberpolitica.com.br\/2016\/wp-content\/uploads\/2014\/04\/blogQSP_PM-BA-24.gif\"><img loading=\"lazy\" decoding=\"async\" class=\"alignleft size-thumbnail wp-image-80322\" alt=\"blogQSP_PM-BA-24\" src=\"http:\/\/www.quersaberpolitica.com.br\/2016\/wp-content\/uploads\/2014\/04\/blogQSP_PM-BA-24-150x150.gif\" width=\"150\" height=\"150\" \/><\/a>Policiais Militares do <b>4\u00b0 Pelot\u00e3o da cidade de Sento-S\u00e9 e da 76\u00aa CIPM<\/b>, ao dar cumprimento aos mandados de busca e apreens\u00e3o expedidos pelo Ju\u00edzo da Vara Crime da Comarca de Sento-S\u00e9, da lavra do MM Juiz Rafael Barbosa da Cunha, prenderam em flagrante delito, por posse ilegal de armas de fogo e adultera\u00e7\u00e3o de sinal identificador de ve\u00edculo automotor, ao realizar busca e apreens\u00e3o na resid\u00eancia do nacional <b>OSVALDO MONTEIRO DOS SANTOS<\/b>, vulgo <b>\u201cMANCINHA\u201d<\/b>, brasileiro, maior, solteiro, nascido em 23\/05\/1978 na cidade de Sento S\u00e9-BA, residente na Rua da Telebahia, s\/n Povoado de Pi\u00e7arr\u00e3o, Sento-S\u00e9 \u2013 BA.<\/p>\n<p style=\"text-align: justify\">Em seu poder foram apreendidos <b><span style=\"text-decoration: underline\">01 (uma) espingarda cal. 12<\/span><\/b>, n\u00b0 de s\u00e9rie 311547, marca CBC, mod. 651, com 11 (onze) cartuchos cal. 12, sendo 10 (dez) intactos e 1 (um) deflagrado, <b><span style=\"text-decoration: underline\">01 (um) rev\u00f3lver cal. 38<\/span><\/b>, marca taurus, sem numera\u00e7\u00e3o, com 6 (seis) cartuchos cal. 38 intactos e <b><span style=\"text-decoration: underline\">01 (uma) motocicleta YAMAHA\/ YBR FACTOR<\/span><\/b> de cor vermelha com placa falsa JSH-0459, que, pelo sistema Sinesp Cidad\u00e3o corresponde a uma motocicleta HONDA\/ NXR 150 BROS ES de cor preta.<\/p>\n<p style=\"text-align: justify\">Tamb\u00e9m foi preso na ocasi\u00e3o, ainda em face de cumprimento a mandados de busca e apreens\u00e3o, <b>TONI DA SILVA CRUZ<\/b>, brasileiro, maior, solteiro, nascido em 02\/11\/1985 na cidade de Sento S\u00e9-BA, residente na Rua da Telebahia, s\/n, Povoado de Pi\u00e7arr\u00e3o, Sento S\u00e9-BA, que conduzia a motocicleta <b><span style=\"text-decoration: underline\">HONDA\/CG 125 FAN KS<\/span><\/b> sem placa com chassi n\u00ba 9C2JC4110CR485304, cor vermelha, que consta no sistema MOP com restri\u00e7\u00e3o de Roubo\/Furto.<\/p>\n<p style=\"text-align: justify\">Ainda em cumprimento de mandado de busca e apreens\u00e3o, foi abordada a resid\u00eancia de <b>GIVANILTON PEREIRA DOS SANTOS, <\/b>vulgo <b>\u201cPEBINHA\u201d <\/b>localizada \u00e0 Rua Quirino de Carvalho, s\/n, Povoado de Pi\u00e7arr\u00e3o, Sento S\u00e9-BA, n\u00e3o sendo encontrado nenhum produto de crime, por\u00e9m, Pebinha informou que, como trabalha de mec\u00e2nico de motos, havia feito alguns consertos para um cidad\u00e3o de nome Dvanilson Sampaio da Silva Junior, que havia vendido v\u00e1rias motos naquele povoado, inclusive as duas que j\u00e1 haviam sido apreendidas, e que poderia nos informar onde se encontravam outras duas dessas motos.<\/p>\n<p style=\"text-align: justify\">A partir dessas informa\u00e7\u00f5es foi localizada a motocicleta <b><span style=\"text-decoration: underline\">YAMAHA\/YBR FACTOR<\/span><\/b> de cor preta com placa falsa PEL-6876, Petrolina-PE, que de acordo com o sistema Sinesp Cidad\u00e3o corresponde a uma motocicleta HONDA\/NXR 150 BROS de cor laranja, na resid\u00eancia de Manoel Nascimento da Silva que n\u00e3o se encontrava no momento nem foi localizado. E ainda a motocicleta <b><span style=\"text-decoration: underline\">HONDA\/CG 125 FAN KS<\/span><\/b> de cor preta, placa KIF-3505, Terra Nova-PE, que consta no sistema Sinesp Cidad\u00e3o como roubada, em poder de <b>RAFAEL DANTAS DOS SANTOS, <\/b>brasileiro, maior, solteiro, nascido em 20\/02\/1989 na cidade de Juazeiro-BA, residente na localidade de Lajinha no Povoado de Pi\u00e7arr\u00e3o, Sento S\u00e9-BA, preso em flagrante pelo crime de recepta\u00e7\u00e3o.<\/p>\n<p style=\"text-align: justify\">Os envolvidos nas pris\u00f5es decorrentes do cumprimento dos mandados de busca e apreens\u00e3o e da continuidade da dilig\u00eancia foram encaminhados a DEPOL da cidade de Sento-S\u00e9, juntamente com todo o material apreendido e apresentados ao Bel. Raimundo Guerra, Delegado de Pol\u00edcia, titular daquela delegacia, conforme ocorr\u00eancias lavradas de n\u00b0s 434, 435, 436 e 437\/2013.<\/p>\n","protected":false},"excerpt":{"rendered":"<p>APREENDIDAS ARMAS, MOTOCICLETAS COM RESTRI\u00c7\u00c3O DE FURTO\/ROUBO &#8211; AP\u00d3S O CUMPRIMENTO DE MANDADO DE BUSCA E APREENS\u00c3O. Policiais Militares do 4\u00b0 Pelot\u00e3o da cidade de Sento-S\u00e9 e da 76\u00aa CIPM, ao dar cumprimento aos mandados de busca e apreens\u00e3o expedidos pelo Ju\u00edzo da Vara Crime da Comarca de Sento-S\u00e9, da lavra do MM Juiz Rafael Barbosa da Cunha, prenderam em flagrante delito, por posse ilegal de armas de fogo e adultera\u00e7\u00e3o de sinal identificador de ve\u00edculo automotor, ao realizar busca e apreens\u00e3o na resid\u00eancia do nacional OSVALDO MONTEIRO DOS SANTOS, vulgo \u201cMANCINHA\u201d, brasileiro, maior, solteiro, nascido em 23\/05\/1978 na cidade de Sento S\u00e9-BA, residente na Rua da Telebahia, s\/n Povoado de Pi\u00e7arr\u00e3o, Sento-S\u00e9 \u2013 BA. Em seu poder foram apreendidos&hellip; <\/p>\n","protected":false},"author":3,"featured_media":0,"comment_status":"open","ping_status":"open","sticky":false,"template":"","format":"standard","meta":{"_acf_changed":false,"footnotes":""},"categories":[27,9],"tags":[],"class_list":["post-97732","post","type-post","status-publish","format-standard","hentry","category-cidades","category-policia"],"acf":[],"yoast_head":"<!-- This site is optimized with the Yoast SEO plugin v27.4 - https:\/\/yoast.com\/product\/yoast-seo-wordpress\/ -->\n<title>DIRETO DE SENTO-S\u00c9 - Blog do Farn\u00e9sio<\/title>\n<meta name=\"robots\" content=\"index, follow, max-snippet:-1, max-image-preview:large, max-video-preview:-1\" \/>\n<link rel=\"canonical\" href=\"https:\/\/blogdofarnesio.com.br\/?p=97732\" \/>\n<meta property=\"og:locale\" content=\"pt_BR\" \/>\n<meta property=\"og:type\" content=\"article\" \/>\n<meta property=\"og:title\" content=\"DIRETO DE SENTO-S\u00c9 - Blog do Farn\u00e9sio\" \/>\n<meta property=\"og:description\" content=\"APREENDIDAS ARMAS, MOTOCICLETAS COM RESTRI\u00c7\u00c3O DE FURTO\/ROUBO &#8211; AP\u00d3S O CUMPRIMENTO DE MANDADO DE BUSCA E APREENS\u00c3O. Policiais Militares do 4\u00b0 Pelot\u00e3o da cidade de Sento-S\u00e9 e da 76\u00aa CIPM, ao dar cumprimento aos mandados de busca e apreens\u00e3o expedidos pelo Ju\u00edzo da Vara Crime da Comarca de Sento-S\u00e9, da lavra do MM Juiz Rafael Barbosa da Cunha, prenderam em flagrante delito, por posse ilegal de armas de fogo e adultera\u00e7\u00e3o de sinal identificador de ve\u00edculo automotor, ao realizar busca e apreens\u00e3o na resid\u00eancia do nacional OSVALDO MONTEIRO DOS SANTOS, vulgo \u201cMANCINHA\u201d, brasileiro, maior, solteiro, nascido em 23\/05\/1978 na cidade de Sento S\u00e9-BA, residente na Rua da Telebahia, s\/n Povoado de Pi\u00e7arr\u00e3o, Sento-S\u00e9 \u2013 BA. Em seu poder foram apreendidos&hellip;\" \/>\n<meta property=\"og:url\" content=\"https:\/\/blogdofarnesio.com.br\/?p=97732\" \/>\n<meta property=\"og:site_name\" content=\"Blog do Farn\u00e9sio\" \/>\n<meta property=\"article:publisher\" content=\"https:\/\/www.facebook.com\/BlogQuerSaberPolitica\/\" \/>\n<meta property=\"article:published_time\" content=\"2014-09-03T13:23:06+00:00\" \/>\n<meta property=\"og:image\" content=\"http:\/\/www.quersaberpolitica.com.br\/2016\/wp-content\/uploads\/2014\/04\/blogQSP_PM-BA-24-150x150.gif\" \/>\n<meta name=\"author\" content=\"teste\" \/>\n<meta name=\"twitter:card\" content=\"summary_large_image\" \/>\n<meta name=\"twitter:label1\" content=\"Escrito por\" \/>\n\t<meta name=\"twitter:data1\" content=\"teste\" \/>\n\t<meta name=\"twitter:label2\" content=\"Est. tempo de leitura\" \/>\n\t<meta name=\"twitter:data2\" content=\"3 minutos\" \/>\n<script type=\"application\/ld+json\" class=\"yoast-schema-graph\">{\"@context\":\"https:\\\/\\\/schema.org\",\"@graph\":[{\"@type\":\"Article\",\"@id\":\"https:\\\/\\\/blogdofarnesio.com.br\\\/?p=97732#article\",\"isPartOf\":{\"@id\":\"https:\\\/\\\/blogdofarnesio.com.br\\\/?p=97732\"},\"author\":{\"name\":\"teste\",\"@id\":\"https:\\\/\\\/blogdofarnesio.com.br\\\/#\\\/schema\\\/person\\\/dd1bf5eba40b687199ba45ca6b97dff9\"},\"headline\":\"DIRETO DE SENTO-S\u00c9\",\"datePublished\":\"2014-09-03T13:23:06+00:00\",\"mainEntityOfPage\":{\"@id\":\"https:\\\/\\\/blogdofarnesio.com.br\\\/?p=97732\"},\"wordCount\":551,\"commentCount\":0,\"publisher\":{\"@id\":\"https:\\\/\\\/blogdofarnesio.com.br\\\/#organization\"},\"image\":{\"@id\":\"https:\\\/\\\/blogdofarnesio.com.br\\\/?p=97732#primaryimage\"},\"thumbnailUrl\":\"http:\\\/\\\/www.quersaberpolitica.com.br\\\/2016\\\/wp-content\\\/uploads\\\/2014\\\/04\\\/blogQSP_PM-BA-24-150x150.gif\",\"articleSection\":[\"Cidades\",\"Pol\u00edcia\"],\"inLanguage\":\"pt-BR\",\"potentialAction\":[{\"@type\":\"CommentAction\",\"name\":\"Comment\",\"target\":[\"https:\\\/\\\/blogdofarnesio.com.br\\\/?p=97732#respond\"]}]},{\"@type\":\"WebPage\",\"@id\":\"https:\\\/\\\/blogdofarnesio.com.br\\\/?p=97732\",\"url\":\"https:\\\/\\\/blogdofarnesio.com.br\\\/?p=97732\",\"name\":\"DIRETO DE SENTO-S\u00c9 - Blog do Farn\u00e9sio\",\"isPartOf\":{\"@id\":\"https:\\\/\\\/blogdofarnesio.com.br\\\/#website\"},\"primaryImageOfPage\":{\"@id\":\"https:\\\/\\\/blogdofarnesio.com.br\\\/?p=97732#primaryimage\"},\"image\":{\"@id\":\"https:\\\/\\\/blogdofarnesio.com.br\\\/?p=97732#primaryimage\"},\"thumbnailUrl\":\"http:\\\/\\\/www.quersaberpolitica.com.br\\\/2016\\\/wp-content\\\/uploads\\\/2014\\\/04\\\/blogQSP_PM-BA-24-150x150.gif\",\"datePublished\":\"2014-09-03T13:23:06+00:00\",\"breadcrumb\":{\"@id\":\"https:\\\/\\\/blogdofarnesio.com.br\\\/?p=97732#breadcrumb\"},\"inLanguage\":\"pt-BR\",\"potentialAction\":[{\"@type\":\"ReadAction\",\"target\":[\"https:\\\/\\\/blogdofarnesio.com.br\\\/?p=97732\"]}]},{\"@type\":\"ImageObject\",\"inLanguage\":\"pt-BR\",\"@id\":\"https:\\\/\\\/blogdofarnesio.com.br\\\/?p=97732#primaryimage\",\"url\":\"http:\\\/\\\/www.quersaberpolitica.com.br\\\/2016\\\/wp-content\\\/uploads\\\/2014\\\/04\\\/blogQSP_PM-BA-24-150x150.gif\",\"contentUrl\":\"http:\\\/\\\/www.quersaberpolitica.com.br\\\/2016\\\/wp-content\\\/uploads\\\/2014\\\/04\\\/blogQSP_PM-BA-24-150x150.gif\"},{\"@type\":\"BreadcrumbList\",\"@id\":\"https:\\\/\\\/blogdofarnesio.com.br\\\/?p=97732#breadcrumb\",\"itemListElement\":[{\"@type\":\"ListItem\",\"position\":1,\"name\":\"In\u00edcio\",\"item\":\"https:\\\/\\\/blogdofarnesio.com.br\\\/\"},{\"@type\":\"ListItem\",\"position\":2,\"name\":\"DIRETO DE SENTO-S\u00c9\"}]},{\"@type\":\"WebSite\",\"@id\":\"https:\\\/\\\/blogdofarnesio.com.br\\\/#website\",\"url\":\"https:\\\/\\\/blogdofarnesio.com.br\\\/\",\"name\":\"Blog do Farn\u00e9sio\",\"description\":\"Quer Saber Pol\u00edtica?\",\"publisher\":{\"@id\":\"https:\\\/\\\/blogdofarnesio.com.br\\\/#organization\"},\"potentialAction\":[{\"@type\":\"SearchAction\",\"target\":{\"@type\":\"EntryPoint\",\"urlTemplate\":\"https:\\\/\\\/blogdofarnesio.com.br\\\/?s={search_term_string}\"},\"query-input\":{\"@type\":\"PropertyValueSpecification\",\"valueRequired\":true,\"valueName\":\"search_term_string\"}}],\"inLanguage\":\"pt-BR\"},{\"@type\":\"Organization\",\"@id\":\"https:\\\/\\\/blogdofarnesio.com.br\\\/#organization\",\"name\":\"Blog do Farn\u00e9sio\",\"url\":\"https:\\\/\\\/blogdofarnesio.com.br\\\/\",\"logo\":{\"@type\":\"ImageObject\",\"inLanguage\":\"pt-BR\",\"@id\":\"https:\\\/\\\/blogdofarnesio.com.br\\\/#\\\/schema\\\/logo\\\/image\\\/\",\"url\":\"https:\\\/\\\/blogdofarnesio.com.br\\\/wp-content\\\/uploads\\\/2026\\\/03\\\/cropped-logo_new-1.png\",\"contentUrl\":\"https:\\\/\\\/blogdofarnesio.com.br\\\/wp-content\\\/uploads\\\/2026\\\/03\\\/cropped-logo_new-1.png\",\"width\":881,\"height\":685,\"caption\":\"Blog do Farn\u00e9sio\"},\"image\":{\"@id\":\"https:\\\/\\\/blogdofarnesio.com.br\\\/#\\\/schema\\\/logo\\\/image\\\/\"},\"sameAs\":[\"https:\\\/\\\/www.facebook.com\\\/BlogQuerSaberPolitica\\\/\"]},{\"@type\":\"Person\",\"@id\":\"https:\\\/\\\/blogdofarnesio.com.br\\\/#\\\/schema\\\/person\\\/dd1bf5eba40b687199ba45ca6b97dff9\",\"name\":\"teste\",\"image\":{\"@type\":\"ImageObject\",\"inLanguage\":\"pt-BR\",\"@id\":\"https:\\\/\\\/secure.gravatar.com\\\/avatar\\\/2172498d4914b51e1d89a0f97957b035ac4938723a5cac208135d389b6972a6d?s=96&d=mm&r=g\",\"url\":\"https:\\\/\\\/secure.gravatar.com\\\/avatar\\\/2172498d4914b51e1d89a0f97957b035ac4938723a5cac208135d389b6972a6d?s=96&d=mm&r=g\",\"contentUrl\":\"https:\\\/\\\/secure.gravatar.com\\\/avatar\\\/2172498d4914b51e1d89a0f97957b035ac4938723a5cac208135d389b6972a6d?s=96&d=mm&r=g\",\"caption\":\"teste\"},\"url\":\"https:\\\/\\\/blogdofarnesio.com.br\\\/?author=3\"}]}<\/script>\n<!-- \/ Yoast SEO plugin. -->","yoast_head_json":{"title":"DIRETO DE SENTO-S\u00c9 - Blog do Farn\u00e9sio","robots":{"index":"index","follow":"follow","max-snippet":"max-snippet:-1","max-image-preview":"max-image-preview:large","max-video-preview":"max-video-preview:-1"},"canonical":"https:\/\/blogdofarnesio.com.br\/?p=97732","og_locale":"pt_BR","og_type":"article","og_title":"DIRETO DE SENTO-S\u00c9 - Blog do Farn\u00e9sio","og_description":"APREENDIDAS ARMAS, MOTOCICLETAS COM RESTRI\u00c7\u00c3O DE FURTO\/ROUBO &#8211; AP\u00d3S O CUMPRIMENTO DE MANDADO DE BUSCA E APREENS\u00c3O. Policiais Militares do 4\u00b0 Pelot\u00e3o da cidade de Sento-S\u00e9 e da 76\u00aa CIPM, ao dar cumprimento aos mandados de busca e apreens\u00e3o expedidos pelo Ju\u00edzo da Vara Crime da Comarca de Sento-S\u00e9, da lavra do MM Juiz Rafael Barbosa da Cunha, prenderam em flagrante delito, por posse ilegal de armas de fogo e adultera\u00e7\u00e3o de sinal identificador de ve\u00edculo automotor, ao realizar busca e apreens\u00e3o na resid\u00eancia do nacional OSVALDO MONTEIRO DOS SANTOS, vulgo \u201cMANCINHA\u201d, brasileiro, maior, solteiro, nascido em 23\/05\/1978 na cidade de Sento S\u00e9-BA, residente na Rua da Telebahia, s\/n Povoado de Pi\u00e7arr\u00e3o, Sento-S\u00e9 \u2013 BA. Em seu poder foram apreendidos&hellip;","og_url":"https:\/\/blogdofarnesio.com.br\/?p=97732","og_site_name":"Blog do Farn\u00e9sio","article_publisher":"https:\/\/www.facebook.com\/BlogQuerSaberPolitica\/","article_published_time":"2014-09-03T13:23:06+00:00","og_image":[{"url":"http:\/\/www.quersaberpolitica.com.br\/2016\/wp-content\/uploads\/2014\/04\/blogQSP_PM-BA-24-150x150.gif","type":"","width":"","height":""}],"author":"teste","twitter_card":"summary_large_image","twitter_misc":{"Escrito por":"teste","Est. tempo de leitura":"3 minutos"},"schema":{"@context":"https:\/\/schema.org","@graph":[{"@type":"Article","@id":"https:\/\/blogdofarnesio.com.br\/?p=97732#article","isPartOf":{"@id":"https:\/\/blogdofarnesio.com.br\/?p=97732"},"author":{"name":"teste","@id":"https:\/\/blogdofarnesio.com.br\/#\/schema\/person\/dd1bf5eba40b687199ba45ca6b97dff9"},"headline":"DIRETO DE SENTO-S\u00c9","datePublished":"2014-09-03T13:23:06+00:00","mainEntityOfPage":{"@id":"https:\/\/blogdofarnesio.com.br\/?p=97732"},"wordCount":551,"commentCount":0,"publisher":{"@id":"https:\/\/blogdofarnesio.com.br\/#organization"},"image":{"@id":"https:\/\/blogdofarnesio.com.br\/?p=97732#primaryimage"},"thumbnailUrl":"http:\/\/www.quersaberpolitica.com.br\/2016\/wp-content\/uploads\/2014\/04\/blogQSP_PM-BA-24-150x150.gif","articleSection":["Cidades","Pol\u00edcia"],"inLanguage":"pt-BR","potentialAction":[{"@type":"CommentAction","name":"Comment","target":["https:\/\/blogdofarnesio.com.br\/?p=97732#respond"]}]},{"@type":"WebPage","@id":"https:\/\/blogdofarnesio.com.br\/?p=97732","url":"https:\/\/blogdofarnesio.com.br\/?p=97732","name":"DIRETO DE SENTO-S\u00c9 - Blog do Farn\u00e9sio","isPartOf":{"@id":"https:\/\/blogdofarnesio.com.br\/#website"},"primaryImageOfPage":{"@id":"https:\/\/blogdofarnesio.com.br\/?p=97732#primaryimage"},"image":{"@id":"https:\/\/blogdofarnesio.com.br\/?p=97732#primaryimage"},"thumbnailUrl":"http:\/\/www.quersaberpolitica.com.br\/2016\/wp-content\/uploads\/2014\/04\/blogQSP_PM-BA-24-150x150.gif","datePublished":"2014-09-03T13:23:06+00:00","breadcrumb":{"@id":"https:\/\/blogdofarnesio.com.br\/?p=97732#breadcrumb"},"inLanguage":"pt-BR","potentialAction":[{"@type":"ReadAction","target":["https:\/\/blogdofarnesio.com.br\/?p=97732"]}]},{"@type":"ImageObject","inLanguage":"pt-BR","@id":"https:\/\/blogdofarnesio.com.br\/?p=97732#primaryimage","url":"http:\/\/www.quersaberpolitica.com.br\/2016\/wp-content\/uploads\/2014\/04\/blogQSP_PM-BA-24-150x150.gif","contentUrl":"http:\/\/www.quersaberpolitica.com.br\/2016\/wp-content\/uploads\/2014\/04\/blogQSP_PM-BA-24-150x150.gif"},{"@type":"BreadcrumbList","@id":"https:\/\/blogdofarnesio.com.br\/?p=97732#breadcrumb","itemListElement":[{"@type":"ListItem","position":1,"name":"In\u00edcio","item":"https:\/\/blogdofarnesio.com.br\/"},{"@type":"ListItem","position":2,"name":"DIRETO DE SENTO-S\u00c9"}]},{"@type":"WebSite","@id":"https:\/\/blogdofarnesio.com.br\/#website","url":"https:\/\/blogdofarnesio.com.br\/","name":"Blog do Farn\u00e9sio","description":"Quer Saber Pol\u00edtica?","publisher":{"@id":"https:\/\/blogdofarnesio.com.br\/#organization"},"potentialAction":[{"@type":"SearchAction","target":{"@type":"EntryPoint","urlTemplate":"https:\/\/blogdofarnesio.com.br\/?s={search_term_string}"},"query-input":{"@type":"PropertyValueSpecification","valueRequired":true,"valueName":"search_term_string"}}],"inLanguage":"pt-BR"},{"@type":"Organization","@id":"https:\/\/blogdofarnesio.com.br\/#organization","name":"Blog do Farn\u00e9sio","url":"https:\/\/blogdofarnesio.com.br\/","logo":{"@type":"ImageObject","inLanguage":"pt-BR","@id":"https:\/\/blogdofarnesio.com.br\/#\/schema\/logo\/image\/","url":"https:\/\/blogdofarnesio.com.br\/wp-content\/uploads\/2026\/03\/cropped-logo_new-1.png","contentUrl":"https:\/\/blogdofarnesio.com.br\/wp-content\/uploads\/2026\/03\/cropped-logo_new-1.png","width":881,"height":685,"caption":"Blog do Farn\u00e9sio"},"image":{"@id":"https:\/\/blogdofarnesio.com.br\/#\/schema\/logo\/image\/"},"sameAs":["https:\/\/www.facebook.com\/BlogQuerSaberPolitica\/"]},{"@type":"Person","@id":"https:\/\/blogdofarnesio.com.br\/#\/schema\/person\/dd1bf5eba40b687199ba45ca6b97dff9","name":"teste","image":{"@type":"ImageObject","inLanguage":"pt-BR","@id":"https:\/\/secure.gravatar.com\/avatar\/2172498d4914b51e1d89a0f97957b035ac4938723a5cac208135d389b6972a6d?s=96&d=mm&r=g","url":"https:\/\/secure.gravatar.com\/avatar\/2172498d4914b51e1d89a0f97957b035ac4938723a5cac208135d389b6972a6d?s=96&d=mm&r=g","contentUrl":"https:\/\/secure.gravatar.com\/avatar\/2172498d4914b51e1d89a0f97957b035ac4938723a5cac208135d389b6972a6d?s=96&d=mm&r=g","caption":"teste"},"url":"https:\/\/blogdofarnesio.com.br\/?author=3"}]}},"_links":{"self":[{"href":"https:\/\/blogdofarnesio.com.br\/index.php?rest_route=\/wp\/v2\/posts\/97732","targetHints":{"allow":["GET"]}}],"collection":[{"href":"https:\/\/blogdofarnesio.com.br\/index.php?rest_route=\/wp\/v2\/posts"}],"about":[{"href":"https:\/\/blogdofarnesio.com.br\/index.php?rest_route=\/wp\/v2\/types\/post"}],"author":[{"embeddable":true,"href":"https:\/\/blogdofarnesio.com.br\/index.php?rest_route=\/wp\/v2\/users\/3"}],"replies":[{"embeddable":true,"href":"https:\/\/blogdofarnesio.com.br\/index.php?rest_route=%2Fwp%2Fv2%2Fcomments&post=97732"}],"version-history":[{"count":0,"href":"https:\/\/blogdofarnesio.com.br\/index.php?rest_route=\/wp\/v2\/posts\/97732\/revisions"}],"wp:attachment":[{"href":"https:\/\/blogdofarnesio.com.br\/index.php?rest_route=%2Fwp%2Fv2%2Fmedia&parent=97732"}],"wp:term":[{"taxonomy":"category","embeddable":true,"href":"https:\/\/blogdofarnesio.com.br\/index.php?rest_route=%2Fwp%2Fv2%2Fcategories&post=97732"},{"taxonomy":"post_tag","embeddable":true,"href":"https:\/\/blogdofarnesio.com.br\/index.php?rest_route=%2Fwp%2Fv2%2Ftags&post=97732"}],"curies":[{"name":"wp","href":"https:\/\/api.w.org\/{rel}","templated":true}]}}