{"id":97712,"date":"2014-09-03T10:43:06","date_gmt":"2014-09-03T13:43:06","guid":{"rendered":"http:\/\/www.quersaberpolitica.com.br\/?p=97712"},"modified":"2014-09-03T09:28:14","modified_gmt":"2014-09-03T12:28:14","slug":"prefeito-julio-lossio-vistoria-obras-de-recuperacao-da-estrada-da-tapera","status":"publish","type":"post","link":"https:\/\/blogdofarnesio.com.br\/?p=97712","title":{"rendered":"PREFEITO JULIO LOSSIO VISTORIA OBRAS DE RECUPERA\u00c7\u00c3O DA ESTRADA DA TAPERA"},"content":{"rendered":"<p style=\"text-align: justify\"><a href=\"http:\/\/www.quersaberpolitica.com.br\/2016\/wp-content\/uploads\/2014\/09\/unnamed61.jpg\"><img loading=\"lazy\" decoding=\"async\" class=\"aligncenter size-medium wp-image-97713\" alt=\"unnamed\" src=\"http:\/\/www.quersaberpolitica.com.br\/2016\/wp-content\/uploads\/2014\/09\/unnamed61-300x224.jpg\" width=\"300\" height=\"224\" srcset=\"https:\/\/blogdofarnesio.com.br\/wp-content\/uploads\/2014\/09\/unnamed61-300x224.jpg 300w, https:\/\/blogdofarnesio.com.br\/wp-content\/uploads\/2014\/09\/unnamed61-400x300.jpg 400w, https:\/\/blogdofarnesio.com.br\/wp-content\/uploads\/2014\/09\/unnamed61.jpg 448w\" sizes=\"auto, (max-width: 300px) 100vw, 300px\" \/><\/a>O prefeito de Petrolina, Julio Lossio, acompanhou\u00a0<i>in loco<\/i>, na tarde desta ter\u00e7a-feira (2\/9) as obras de recupera\u00e7\u00e3o de uma das principais vias de acesso a comunidades ribeirinhas e pontos tur\u00edsticos de Petrolina e regi\u00e3o, a estrada da Tapera.<\/p>\n<p style=\"text-align: justify\">Os reparos est\u00e3o sendo realizados pelo Departamento de Estradas de Rodagem de Pernambuco (DER-PE), \u00f3rg\u00e3o do governo do estado, respons\u00e1vel pela manuten\u00e7\u00e3o e conserva\u00e7\u00e3o da estrada. \u00a0A falta de estrutura do local \u00e9 uma preocupa\u00e7\u00e3o antiga de moradores e do prefeito Lossio, que interviu junto ao governo do estado para dar celeridade as obras, sendo atendido pelo atual governador Jo\u00e3o Lyra.<!--more--><\/p>\n<p style=\"text-align: justify\">\u201cEsta estrada tem um fluxo intenso de moradores e especialmente de turistas, que a utilizam para chegar at\u00e9 as ilhas da regi\u00e3o. A fluidez da circula\u00e7\u00e3o de ve\u00edculos \u00e9 essencial para fortalecer o nosso turismo, respons\u00e1vel pelo emprego de dezenas de pessoas e por movimentar a economia da cidade\u201d, salientou o gestor municipal.<\/p>\n<p style=\"text-align: justify\">\n","protected":false},"excerpt":{"rendered":"<p>O prefeito de Petrolina, Julio Lossio, acompanhou\u00a0in loco, na tarde desta ter\u00e7a-feira (2\/9) as obras de recupera\u00e7\u00e3o de uma das principais vias de acesso a comunidades ribeirinhas e pontos tur\u00edsticos de Petrolina e regi\u00e3o, a estrada da Tapera. Os reparos est\u00e3o sendo realizados pelo Departamento de Estradas de Rodagem de Pernambuco (DER-PE), \u00f3rg\u00e3o do governo do estado, respons\u00e1vel pela manuten\u00e7\u00e3o e conserva\u00e7\u00e3o da estrada. \u00a0A falta de estrutura do local \u00e9 uma preocupa\u00e7\u00e3o antiga de moradores e do prefeito Lossio, que interviu junto ao governo do estado para dar celeridade as obras, sendo atendido pelo atual governador Jo\u00e3o Lyra.<\/p>\n","protected":false},"author":3,"featured_media":0,"comment_status":"open","ping_status":"open","sticky":false,"template":"","format":"standard","meta":{"_acf_changed":false,"footnotes":""},"categories":[44,17],"tags":[],"class_list":["post-97712","post","type-post","status-publish","format-standard","hentry","category-administracao","category-estradas"],"acf":[],"yoast_head":"<!-- This site is optimized with the Yoast SEO plugin v27.4 - https:\/\/yoast.com\/product\/yoast-seo-wordpress\/ -->\n<title>PREFEITO JULIO LOSSIO VISTORIA OBRAS DE RECUPERA\u00c7\u00c3O DA ESTRADA DA TAPERA - Blog do Farn\u00e9sio<\/title>\n<meta name=\"robots\" content=\"index, follow, max-snippet:-1, max-image-preview:large, max-video-preview:-1\" \/>\n<link rel=\"canonical\" href=\"https:\/\/blogdofarnesio.com.br\/?p=97712\" \/>\n<meta property=\"og:locale\" content=\"pt_BR\" \/>\n<meta property=\"og:type\" content=\"article\" \/>\n<meta property=\"og:title\" content=\"PREFEITO JULIO LOSSIO VISTORIA OBRAS DE RECUPERA\u00c7\u00c3O DA ESTRADA DA TAPERA - Blog do Farn\u00e9sio\" \/>\n<meta property=\"og:description\" content=\"O prefeito de Petrolina, Julio Lossio, acompanhou\u00a0in loco, na tarde desta ter\u00e7a-feira (2\/9) as obras de recupera\u00e7\u00e3o de uma das principais vias de acesso a comunidades ribeirinhas e pontos tur\u00edsticos de Petrolina e regi\u00e3o, a estrada da Tapera. Os reparos est\u00e3o sendo realizados pelo Departamento de Estradas de Rodagem de Pernambuco (DER-PE), \u00f3rg\u00e3o do governo do estado, respons\u00e1vel pela manuten\u00e7\u00e3o e conserva\u00e7\u00e3o da estrada. \u00a0A falta de estrutura do local \u00e9 uma preocupa\u00e7\u00e3o antiga de moradores e do prefeito Lossio, que interviu junto ao governo do estado para dar celeridade as obras, sendo atendido pelo atual governador Jo\u00e3o Lyra.\" \/>\n<meta property=\"og:url\" content=\"https:\/\/blogdofarnesio.com.br\/?p=97712\" \/>\n<meta property=\"og:site_name\" content=\"Blog do Farn\u00e9sio\" \/>\n<meta property=\"article:publisher\" content=\"https:\/\/www.facebook.com\/BlogQuerSaberPolitica\/\" \/>\n<meta property=\"article:published_time\" content=\"2014-09-03T13:43:06+00:00\" \/>\n<meta property=\"og:image\" content=\"http:\/\/www.quersaberpolitica.com.br\/2016\/wp-content\/uploads\/2014\/09\/unnamed61-300x224.jpg\" \/>\n<meta name=\"author\" content=\"teste\" \/>\n<meta name=\"twitter:card\" content=\"summary_large_image\" \/>\n<meta name=\"twitter:label1\" content=\"Escrito por\" \/>\n\t<meta name=\"twitter:data1\" content=\"teste\" \/>\n\t<meta name=\"twitter:label2\" content=\"Est. tempo de leitura\" \/>\n\t<meta name=\"twitter:data2\" content=\"1 minuto\" \/>\n<script type=\"application\/ld+json\" class=\"yoast-schema-graph\">{\"@context\":\"https:\\\/\\\/schema.org\",\"@graph\":[{\"@type\":\"Article\",\"@id\":\"https:\\\/\\\/blogdofarnesio.com.br\\\/?p=97712#article\",\"isPartOf\":{\"@id\":\"https:\\\/\\\/blogdofarnesio.com.br\\\/?p=97712\"},\"author\":{\"name\":\"teste\",\"@id\":\"https:\\\/\\\/blogdofarnesio.com.br\\\/#\\\/schema\\\/person\\\/dd1bf5eba40b687199ba45ca6b97dff9\"},\"headline\":\"PREFEITO JULIO LOSSIO VISTORIA OBRAS DE RECUPERA\u00c7\u00c3O DA ESTRADA DA TAPERA\",\"datePublished\":\"2014-09-03T13:43:06+00:00\",\"mainEntityOfPage\":{\"@id\":\"https:\\\/\\\/blogdofarnesio.com.br\\\/?p=97712\"},\"wordCount\":177,\"commentCount\":0,\"publisher\":{\"@id\":\"https:\\\/\\\/blogdofarnesio.com.br\\\/#organization\"},\"image\":{\"@id\":\"https:\\\/\\\/blogdofarnesio.com.br\\\/?p=97712#primaryimage\"},\"thumbnailUrl\":\"http:\\\/\\\/www.quersaberpolitica.com.br\\\/2016\\\/wp-content\\\/uploads\\\/2014\\\/09\\\/unnamed61-300x224.jpg\",\"articleSection\":[\"Administra\u00e7\u00e3o\",\"Estradas\"],\"inLanguage\":\"pt-BR\",\"potentialAction\":[{\"@type\":\"CommentAction\",\"name\":\"Comment\",\"target\":[\"https:\\\/\\\/blogdofarnesio.com.br\\\/?p=97712#respond\"]}]},{\"@type\":\"WebPage\",\"@id\":\"https:\\\/\\\/blogdofarnesio.com.br\\\/?p=97712\",\"url\":\"https:\\\/\\\/blogdofarnesio.com.br\\\/?p=97712\",\"name\":\"PREFEITO JULIO LOSSIO VISTORIA OBRAS DE RECUPERA\u00c7\u00c3O DA ESTRADA DA TAPERA - Blog do Farn\u00e9sio\",\"isPartOf\":{\"@id\":\"https:\\\/\\\/blogdofarnesio.com.br\\\/#website\"},\"primaryImageOfPage\":{\"@id\":\"https:\\\/\\\/blogdofarnesio.com.br\\\/?p=97712#primaryimage\"},\"image\":{\"@id\":\"https:\\\/\\\/blogdofarnesio.com.br\\\/?p=97712#primaryimage\"},\"thumbnailUrl\":\"http:\\\/\\\/www.quersaberpolitica.com.br\\\/2016\\\/wp-content\\\/uploads\\\/2014\\\/09\\\/unnamed61-300x224.jpg\",\"datePublished\":\"2014-09-03T13:43:06+00:00\",\"breadcrumb\":{\"@id\":\"https:\\\/\\\/blogdofarnesio.com.br\\\/?p=97712#breadcrumb\"},\"inLanguage\":\"pt-BR\",\"potentialAction\":[{\"@type\":\"ReadAction\",\"target\":[\"https:\\\/\\\/blogdofarnesio.com.br\\\/?p=97712\"]}]},{\"@type\":\"ImageObject\",\"inLanguage\":\"pt-BR\",\"@id\":\"https:\\\/\\\/blogdofarnesio.com.br\\\/?p=97712#primaryimage\",\"url\":\"http:\\\/\\\/www.quersaberpolitica.com.br\\\/2016\\\/wp-content\\\/uploads\\\/2014\\\/09\\\/unnamed61-300x224.jpg\",\"contentUrl\":\"http:\\\/\\\/www.quersaberpolitica.com.br\\\/2016\\\/wp-content\\\/uploads\\\/2014\\\/09\\\/unnamed61-300x224.jpg\"},{\"@type\":\"BreadcrumbList\",\"@id\":\"https:\\\/\\\/blogdofarnesio.com.br\\\/?p=97712#breadcrumb\",\"itemListElement\":[{\"@type\":\"ListItem\",\"position\":1,\"name\":\"In\u00edcio\",\"item\":\"https:\\\/\\\/blogdofarnesio.com.br\\\/\"},{\"@type\":\"ListItem\",\"position\":2,\"name\":\"PREFEITO JULIO LOSSIO VISTORIA OBRAS DE RECUPERA\u00c7\u00c3O DA ESTRADA DA TAPERA\"}]},{\"@type\":\"WebSite\",\"@id\":\"https:\\\/\\\/blogdofarnesio.com.br\\\/#website\",\"url\":\"https:\\\/\\\/blogdofarnesio.com.br\\\/\",\"name\":\"Blog do Farn\u00e9sio\",\"description\":\"Quer Saber Pol\u00edtica?\",\"publisher\":{\"@id\":\"https:\\\/\\\/blogdofarnesio.com.br\\\/#organization\"},\"potentialAction\":[{\"@type\":\"SearchAction\",\"target\":{\"@type\":\"EntryPoint\",\"urlTemplate\":\"https:\\\/\\\/blogdofarnesio.com.br\\\/?s={search_term_string}\"},\"query-input\":{\"@type\":\"PropertyValueSpecification\",\"valueRequired\":true,\"valueName\":\"search_term_string\"}}],\"inLanguage\":\"pt-BR\"},{\"@type\":\"Organization\",\"@id\":\"https:\\\/\\\/blogdofarnesio.com.br\\\/#organization\",\"name\":\"Blog do Farn\u00e9sio\",\"url\":\"https:\\\/\\\/blogdofarnesio.com.br\\\/\",\"logo\":{\"@type\":\"ImageObject\",\"inLanguage\":\"pt-BR\",\"@id\":\"https:\\\/\\\/blogdofarnesio.com.br\\\/#\\\/schema\\\/logo\\\/image\\\/\",\"url\":\"https:\\\/\\\/blogdofarnesio.com.br\\\/wp-content\\\/uploads\\\/2026\\\/03\\\/cropped-logo_new-1.png\",\"contentUrl\":\"https:\\\/\\\/blogdofarnesio.com.br\\\/wp-content\\\/uploads\\\/2026\\\/03\\\/cropped-logo_new-1.png\",\"width\":881,\"height\":685,\"caption\":\"Blog do Farn\u00e9sio\"},\"image\":{\"@id\":\"https:\\\/\\\/blogdofarnesio.com.br\\\/#\\\/schema\\\/logo\\\/image\\\/\"},\"sameAs\":[\"https:\\\/\\\/www.facebook.com\\\/BlogQuerSaberPolitica\\\/\"]},{\"@type\":\"Person\",\"@id\":\"https:\\\/\\\/blogdofarnesio.com.br\\\/#\\\/schema\\\/person\\\/dd1bf5eba40b687199ba45ca6b97dff9\",\"name\":\"teste\",\"image\":{\"@type\":\"ImageObject\",\"inLanguage\":\"pt-BR\",\"@id\":\"https:\\\/\\\/secure.gravatar.com\\\/avatar\\\/2172498d4914b51e1d89a0f97957b035ac4938723a5cac208135d389b6972a6d?s=96&d=mm&r=g\",\"url\":\"https:\\\/\\\/secure.gravatar.com\\\/avatar\\\/2172498d4914b51e1d89a0f97957b035ac4938723a5cac208135d389b6972a6d?s=96&d=mm&r=g\",\"contentUrl\":\"https:\\\/\\\/secure.gravatar.com\\\/avatar\\\/2172498d4914b51e1d89a0f97957b035ac4938723a5cac208135d389b6972a6d?s=96&d=mm&r=g\",\"caption\":\"teste\"},\"url\":\"https:\\\/\\\/blogdofarnesio.com.br\\\/?author=3\"}]}<\/script>\n<!-- \/ Yoast SEO plugin. -->","yoast_head_json":{"title":"PREFEITO JULIO LOSSIO VISTORIA OBRAS DE RECUPERA\u00c7\u00c3O DA ESTRADA DA TAPERA - Blog do Farn\u00e9sio","robots":{"index":"index","follow":"follow","max-snippet":"max-snippet:-1","max-image-preview":"max-image-preview:large","max-video-preview":"max-video-preview:-1"},"canonical":"https:\/\/blogdofarnesio.com.br\/?p=97712","og_locale":"pt_BR","og_type":"article","og_title":"PREFEITO JULIO LOSSIO VISTORIA OBRAS DE RECUPERA\u00c7\u00c3O DA ESTRADA DA TAPERA - Blog do Farn\u00e9sio","og_description":"O prefeito de Petrolina, Julio Lossio, acompanhou\u00a0in loco, na tarde desta ter\u00e7a-feira (2\/9) as obras de recupera\u00e7\u00e3o de uma das principais vias de acesso a comunidades ribeirinhas e pontos tur\u00edsticos de Petrolina e regi\u00e3o, a estrada da Tapera. Os reparos est\u00e3o sendo realizados pelo Departamento de Estradas de Rodagem de Pernambuco (DER-PE), \u00f3rg\u00e3o do governo do estado, respons\u00e1vel pela manuten\u00e7\u00e3o e conserva\u00e7\u00e3o da estrada. \u00a0A falta de estrutura do local \u00e9 uma preocupa\u00e7\u00e3o antiga de moradores e do prefeito Lossio, que interviu junto ao governo do estado para dar celeridade as obras, sendo atendido pelo atual governador Jo\u00e3o Lyra.","og_url":"https:\/\/blogdofarnesio.com.br\/?p=97712","og_site_name":"Blog do Farn\u00e9sio","article_publisher":"https:\/\/www.facebook.com\/BlogQuerSaberPolitica\/","article_published_time":"2014-09-03T13:43:06+00:00","og_image":[{"url":"http:\/\/www.quersaberpolitica.com.br\/2016\/wp-content\/uploads\/2014\/09\/unnamed61-300x224.jpg","type":"","width":"","height":""}],"author":"teste","twitter_card":"summary_large_image","twitter_misc":{"Escrito por":"teste","Est. tempo de leitura":"1 minuto"},"schema":{"@context":"https:\/\/schema.org","@graph":[{"@type":"Article","@id":"https:\/\/blogdofarnesio.com.br\/?p=97712#article","isPartOf":{"@id":"https:\/\/blogdofarnesio.com.br\/?p=97712"},"author":{"name":"teste","@id":"https:\/\/blogdofarnesio.com.br\/#\/schema\/person\/dd1bf5eba40b687199ba45ca6b97dff9"},"headline":"PREFEITO JULIO LOSSIO VISTORIA OBRAS DE RECUPERA\u00c7\u00c3O DA ESTRADA DA TAPERA","datePublished":"2014-09-03T13:43:06+00:00","mainEntityOfPage":{"@id":"https:\/\/blogdofarnesio.com.br\/?p=97712"},"wordCount":177,"commentCount":0,"publisher":{"@id":"https:\/\/blogdofarnesio.com.br\/#organization"},"image":{"@id":"https:\/\/blogdofarnesio.com.br\/?p=97712#primaryimage"},"thumbnailUrl":"http:\/\/www.quersaberpolitica.com.br\/2016\/wp-content\/uploads\/2014\/09\/unnamed61-300x224.jpg","articleSection":["Administra\u00e7\u00e3o","Estradas"],"inLanguage":"pt-BR","potentialAction":[{"@type":"CommentAction","name":"Comment","target":["https:\/\/blogdofarnesio.com.br\/?p=97712#respond"]}]},{"@type":"WebPage","@id":"https:\/\/blogdofarnesio.com.br\/?p=97712","url":"https:\/\/blogdofarnesio.com.br\/?p=97712","name":"PREFEITO JULIO LOSSIO VISTORIA OBRAS DE RECUPERA\u00c7\u00c3O DA ESTRADA DA TAPERA - Blog do Farn\u00e9sio","isPartOf":{"@id":"https:\/\/blogdofarnesio.com.br\/#website"},"primaryImageOfPage":{"@id":"https:\/\/blogdofarnesio.com.br\/?p=97712#primaryimage"},"image":{"@id":"https:\/\/blogdofarnesio.com.br\/?p=97712#primaryimage"},"thumbnailUrl":"http:\/\/www.quersaberpolitica.com.br\/2016\/wp-content\/uploads\/2014\/09\/unnamed61-300x224.jpg","datePublished":"2014-09-03T13:43:06+00:00","breadcrumb":{"@id":"https:\/\/blogdofarnesio.com.br\/?p=97712#breadcrumb"},"inLanguage":"pt-BR","potentialAction":[{"@type":"ReadAction","target":["https:\/\/blogdofarnesio.com.br\/?p=97712"]}]},{"@type":"ImageObject","inLanguage":"pt-BR","@id":"https:\/\/blogdofarnesio.com.br\/?p=97712#primaryimage","url":"http:\/\/www.quersaberpolitica.com.br\/2016\/wp-content\/uploads\/2014\/09\/unnamed61-300x224.jpg","contentUrl":"http:\/\/www.quersaberpolitica.com.br\/2016\/wp-content\/uploads\/2014\/09\/unnamed61-300x224.jpg"},{"@type":"BreadcrumbList","@id":"https:\/\/blogdofarnesio.com.br\/?p=97712#breadcrumb","itemListElement":[{"@type":"ListItem","position":1,"name":"In\u00edcio","item":"https:\/\/blogdofarnesio.com.br\/"},{"@type":"ListItem","position":2,"name":"PREFEITO JULIO LOSSIO VISTORIA OBRAS DE RECUPERA\u00c7\u00c3O DA ESTRADA DA TAPERA"}]},{"@type":"WebSite","@id":"https:\/\/blogdofarnesio.com.br\/#website","url":"https:\/\/blogdofarnesio.com.br\/","name":"Blog do Farn\u00e9sio","description":"Quer Saber Pol\u00edtica?","publisher":{"@id":"https:\/\/blogdofarnesio.com.br\/#organization"},"potentialAction":[{"@type":"SearchAction","target":{"@type":"EntryPoint","urlTemplate":"https:\/\/blogdofarnesio.com.br\/?s={search_term_string}"},"query-input":{"@type":"PropertyValueSpecification","valueRequired":true,"valueName":"search_term_string"}}],"inLanguage":"pt-BR"},{"@type":"Organization","@id":"https:\/\/blogdofarnesio.com.br\/#organization","name":"Blog do Farn\u00e9sio","url":"https:\/\/blogdofarnesio.com.br\/","logo":{"@type":"ImageObject","inLanguage":"pt-BR","@id":"https:\/\/blogdofarnesio.com.br\/#\/schema\/logo\/image\/","url":"https:\/\/blogdofarnesio.com.br\/wp-content\/uploads\/2026\/03\/cropped-logo_new-1.png","contentUrl":"https:\/\/blogdofarnesio.com.br\/wp-content\/uploads\/2026\/03\/cropped-logo_new-1.png","width":881,"height":685,"caption":"Blog do Farn\u00e9sio"},"image":{"@id":"https:\/\/blogdofarnesio.com.br\/#\/schema\/logo\/image\/"},"sameAs":["https:\/\/www.facebook.com\/BlogQuerSaberPolitica\/"]},{"@type":"Person","@id":"https:\/\/blogdofarnesio.com.br\/#\/schema\/person\/dd1bf5eba40b687199ba45ca6b97dff9","name":"teste","image":{"@type":"ImageObject","inLanguage":"pt-BR","@id":"https:\/\/secure.gravatar.com\/avatar\/2172498d4914b51e1d89a0f97957b035ac4938723a5cac208135d389b6972a6d?s=96&d=mm&r=g","url":"https:\/\/secure.gravatar.com\/avatar\/2172498d4914b51e1d89a0f97957b035ac4938723a5cac208135d389b6972a6d?s=96&d=mm&r=g","contentUrl":"https:\/\/secure.gravatar.com\/avatar\/2172498d4914b51e1d89a0f97957b035ac4938723a5cac208135d389b6972a6d?s=96&d=mm&r=g","caption":"teste"},"url":"https:\/\/blogdofarnesio.com.br\/?author=3"}]}},"_links":{"self":[{"href":"https:\/\/blogdofarnesio.com.br\/index.php?rest_route=\/wp\/v2\/posts\/97712","targetHints":{"allow":["GET"]}}],"collection":[{"href":"https:\/\/blogdofarnesio.com.br\/index.php?rest_route=\/wp\/v2\/posts"}],"about":[{"href":"https:\/\/blogdofarnesio.com.br\/index.php?rest_route=\/wp\/v2\/types\/post"}],"author":[{"embeddable":true,"href":"https:\/\/blogdofarnesio.com.br\/index.php?rest_route=\/wp\/v2\/users\/3"}],"replies":[{"embeddable":true,"href":"https:\/\/blogdofarnesio.com.br\/index.php?rest_route=%2Fwp%2Fv2%2Fcomments&post=97712"}],"version-history":[{"count":0,"href":"https:\/\/blogdofarnesio.com.br\/index.php?rest_route=\/wp\/v2\/posts\/97712\/revisions"}],"wp:attachment":[{"href":"https:\/\/blogdofarnesio.com.br\/index.php?rest_route=%2Fwp%2Fv2%2Fmedia&parent=97712"}],"wp:term":[{"taxonomy":"category","embeddable":true,"href":"https:\/\/blogdofarnesio.com.br\/index.php?rest_route=%2Fwp%2Fv2%2Fcategories&post=97712"},{"taxonomy":"post_tag","embeddable":true,"href":"https:\/\/blogdofarnesio.com.br\/index.php?rest_route=%2Fwp%2Fv2%2Ftags&post=97712"}],"curies":[{"name":"wp","href":"https:\/\/api.w.org\/{rel}","templated":true}]}}