{"id":97623,"date":"2014-09-02T15:05:07","date_gmt":"2014-09-02T18:05:07","guid":{"rendered":"http:\/\/www.quersaberpolitica.com.br\/?p=97623"},"modified":"2014-09-02T15:05:07","modified_gmt":"2014-09-02T18:05:07","slug":"direto-de-sobradinho-184","status":"publish","type":"post","link":"https:\/\/blogdofarnesio.com.br\/?p=97623","title":{"rendered":"DIRETO DE SOBRADINHO"},"content":{"rendered":"<p><strong>LEITOR RESPONDE A LEITOR<\/strong><\/p>\n<p><strong>Jo\u00e3o Paulo<\/strong><\/p>\n<table cellspacing=\"0\">\n<tbody id=\"the-comment-list\">\n<tr id=\"comment-4943\">\n<td><strong>\u00a0<\/strong><\/td>\n<td>\n<div><\/div>\n<p style=\"text-align: justify\"><a href=\"http:\/\/www.quersaberpolitica.com.br\/2016\/wp-content\/uploads\/2013\/02\/blogqspsobradinho31.jpg\"><img loading=\"lazy\" decoding=\"async\" class=\"aligncenter size-medium wp-image-25941\" alt=\"blogqspsobradinho31\" src=\"http:\/\/www.quersaberpolitica.com.br\/2016\/wp-content\/uploads\/2013\/02\/blogqspsobradinho31-300x224.jpg\" width=\"300\" height=\"224\" srcset=\"https:\/\/blogdofarnesio.com.br\/wp-content\/uploads\/2013\/02\/blogqspsobradinho31-300x224.jpg 300w, https:\/\/blogdofarnesio.com.br\/wp-content\/uploads\/2013\/02\/blogqspsobradinho31-400x300.jpg 400w, https:\/\/blogdofarnesio.com.br\/wp-content\/uploads\/2013\/02\/blogqspsobradinho31.jpg 448w\" sizes=\"auto, (max-width: 300px) 100vw, 300px\" \/><\/a>Luiz Carlos Souza! Pelo Visto voc\u00ea det\u00eam uma animosidade particular com os Berti, e essa, o leva a emitir coment\u00e1rios ou analise inver\u00eddicas da nova realidade do nosso munic\u00edpio. Vejamos: Luiz Berti e Luiz Vicente s\u00e3o pessoas diferentes, sendo assim, tem projetos pol\u00edticos diferentes, e pode ser que em algum momento at\u00e9 se cruzem ou se unam, mas n\u00e3o tenho a menor d\u00favida que \u00e9 para ver um Sobradinho melhor.<\/p>\n<p style=\"text-align: justify\">\u00c9 normal em uma fam\u00edlia membros fazerem suas op\u00e7\u00f5es pol\u00edticas, nada mais legitimo e democr\u00e1tico dentro do Estado de Direito. Sinto que voc\u00ea ao destilar seu veneno gostaria de ver o circo pegar fogo e de arquibancada soltar fogos comemorativos.I Infelizmente, gente como voc\u00ea est\u00e3o ficando para tr\u00e1s, os chamados aves de maus agouros .Instigantes e mal\u00e9ficos, mas fadados ao insucesso.<\/p>\n<p style=\"text-align: justify\">Sobradinho hoje desfruta de uma nova era, tem credibilidade pol\u00edtica, avan\u00e7a no cen\u00e1rio estadual, e saiu das paginas policiais para entrar e resgatar o espa\u00e7o que sempre mereceu e voc\u00ea e seu grupo procuraram destruir. Saiu da negatividade das inadimpl\u00eancias para o cr\u00e9dito pleno, comprando e pagando em dia, adquirindo maquinas para incorpor\u00e1 a frota de ve\u00edculos do munic\u00edpio, ali\u00e1s!<\/p>\n<p style=\"text-align: justify\">Recome\u00e7ando a compor, pois voc\u00eas fizeram o favor de destruir tudo que t\u00ednhamos como coisa p\u00fablica. Enfim! Esses homens que voc\u00ea insistir em denegrir, s\u00e3o os homens que incansavelmente e diariamente lutam para trazer e d\u00e1 a esse povo sofrido uma luz de esperan\u00e7a e de um novo tempo.<\/p>\n<p style=\"text-align: justify\">Hoje n\u00e3o presenciamos agiotas invadindo a Prefeitura, ciganos cercando a residencia do Prefeito, hoje n\u00e3o temos pais de fam\u00edlias trabalhando e sendo lesados nos seus direitos mais sagrado que \u00e9 o de trabalhar e receber seus vencimentos rigorosamente em dia. Hoje!<\/p>\n<p style=\"text-align: justify\">Quem trabalha recebe, quem vende recebe, e os recursos p\u00fablicos s\u00e3o direcionados para os fins leg\u00edtimos. Nesse governo a cartilha \u00e9 respeitar a Constitui\u00e7\u00e3o Federal e a Lei de Responsabilidade Fiscal, e isso est\u00e1 incomodando muita gente. Acabou a farra do boi!<\/p>\n<\/td>\n<\/tr>\n<\/tbody>\n<\/table>\n","protected":false},"excerpt":{"rendered":"<p>LEITOR RESPONDE A LEITOR Jo\u00e3o Paulo \u00a0 Luiz Carlos Souza! Pelo Visto voc\u00ea det\u00eam uma animosidade particular com os Berti, e essa, o leva a emitir coment\u00e1rios ou analise inver\u00eddicas da nova realidade do nosso munic\u00edpio. Vejamos: Luiz Berti e Luiz Vicente s\u00e3o pessoas diferentes, sendo assim, tem projetos pol\u00edticos diferentes, e pode ser que em algum momento at\u00e9 se cruzem ou se unam, mas n\u00e3o tenho a menor d\u00favida que \u00e9 para ver um Sobradinho melhor. \u00c9 normal em uma fam\u00edlia membros fazerem suas op\u00e7\u00f5es pol\u00edticas, nada mais legitimo e democr\u00e1tico dentro do Estado de Direito. Sinto que voc\u00ea ao destilar seu veneno gostaria de ver o circo pegar fogo e de arquibancada soltar fogos comemorativos.I Infelizmente, gente como&hellip; <\/p>\n","protected":false},"author":3,"featured_media":0,"comment_status":"open","ping_status":"open","sticky":false,"template":"","format":"standard","meta":{"_acf_changed":false,"footnotes":""},"categories":[1],"tags":[],"class_list":["post-97623","post","type-post","status-publish","format-standard","hentry","category-politica"],"acf":[],"yoast_head":"<!-- This site is optimized with the Yoast SEO plugin v27.4 - https:\/\/yoast.com\/product\/yoast-seo-wordpress\/ -->\n<title>DIRETO DE SOBRADINHO - Blog do Farn\u00e9sio<\/title>\n<meta name=\"robots\" content=\"index, follow, max-snippet:-1, max-image-preview:large, max-video-preview:-1\" \/>\n<link rel=\"canonical\" href=\"https:\/\/blogdofarnesio.com.br\/?p=97623\" \/>\n<meta property=\"og:locale\" content=\"pt_BR\" \/>\n<meta property=\"og:type\" content=\"article\" \/>\n<meta property=\"og:title\" content=\"DIRETO DE SOBRADINHO - Blog do Farn\u00e9sio\" \/>\n<meta property=\"og:description\" content=\"LEITOR RESPONDE A LEITOR Jo\u00e3o Paulo \u00a0 Luiz Carlos Souza! Pelo Visto voc\u00ea det\u00eam uma animosidade particular com os Berti, e essa, o leva a emitir coment\u00e1rios ou analise inver\u00eddicas da nova realidade do nosso munic\u00edpio. Vejamos: Luiz Berti e Luiz Vicente s\u00e3o pessoas diferentes, sendo assim, tem projetos pol\u00edticos diferentes, e pode ser que em algum momento at\u00e9 se cruzem ou se unam, mas n\u00e3o tenho a menor d\u00favida que \u00e9 para ver um Sobradinho melhor. \u00c9 normal em uma fam\u00edlia membros fazerem suas op\u00e7\u00f5es pol\u00edticas, nada mais legitimo e democr\u00e1tico dentro do Estado de Direito. Sinto que voc\u00ea ao destilar seu veneno gostaria de ver o circo pegar fogo e de arquibancada soltar fogos comemorativos.I Infelizmente, gente como&hellip;\" \/>\n<meta property=\"og:url\" content=\"https:\/\/blogdofarnesio.com.br\/?p=97623\" \/>\n<meta property=\"og:site_name\" content=\"Blog do Farn\u00e9sio\" \/>\n<meta property=\"article:publisher\" content=\"https:\/\/www.facebook.com\/BlogQuerSaberPolitica\/\" \/>\n<meta property=\"article:published_time\" content=\"2014-09-02T18:05:07+00:00\" \/>\n<meta property=\"og:image\" content=\"http:\/\/www.quersaberpolitica.com.br\/2016\/wp-content\/uploads\/2013\/02\/blogqspsobradinho31-300x224.jpg\" \/>\n<meta name=\"author\" content=\"teste\" \/>\n<meta name=\"twitter:card\" content=\"summary_large_image\" \/>\n<meta name=\"twitter:label1\" content=\"Escrito por\" \/>\n\t<meta name=\"twitter:data1\" content=\"teste\" \/>\n\t<meta name=\"twitter:label2\" content=\"Est. tempo de leitura\" \/>\n\t<meta name=\"twitter:data2\" content=\"2 minutos\" \/>\n<script type=\"application\/ld+json\" class=\"yoast-schema-graph\">{\"@context\":\"https:\\\/\\\/schema.org\",\"@graph\":[{\"@type\":\"Article\",\"@id\":\"https:\\\/\\\/blogdofarnesio.com.br\\\/?p=97623#article\",\"isPartOf\":{\"@id\":\"https:\\\/\\\/blogdofarnesio.com.br\\\/?p=97623\"},\"author\":{\"name\":\"teste\",\"@id\":\"https:\\\/\\\/blogdofarnesio.com.br\\\/#\\\/schema\\\/person\\\/dd1bf5eba40b687199ba45ca6b97dff9\"},\"headline\":\"DIRETO DE SOBRADINHO\",\"datePublished\":\"2014-09-02T18:05:07+00:00\",\"mainEntityOfPage\":{\"@id\":\"https:\\\/\\\/blogdofarnesio.com.br\\\/?p=97623\"},\"wordCount\":367,\"commentCount\":0,\"publisher\":{\"@id\":\"https:\\\/\\\/blogdofarnesio.com.br\\\/#organization\"},\"image\":{\"@id\":\"https:\\\/\\\/blogdofarnesio.com.br\\\/?p=97623#primaryimage\"},\"thumbnailUrl\":\"http:\\\/\\\/www.quersaberpolitica.com.br\\\/2016\\\/wp-content\\\/uploads\\\/2013\\\/02\\\/blogqspsobradinho31-300x224.jpg\",\"articleSection\":[\"Pol\u00edtica\"],\"inLanguage\":\"pt-BR\",\"potentialAction\":[{\"@type\":\"CommentAction\",\"name\":\"Comment\",\"target\":[\"https:\\\/\\\/blogdofarnesio.com.br\\\/?p=97623#respond\"]}]},{\"@type\":\"WebPage\",\"@id\":\"https:\\\/\\\/blogdofarnesio.com.br\\\/?p=97623\",\"url\":\"https:\\\/\\\/blogdofarnesio.com.br\\\/?p=97623\",\"name\":\"DIRETO DE SOBRADINHO - Blog do Farn\u00e9sio\",\"isPartOf\":{\"@id\":\"https:\\\/\\\/blogdofarnesio.com.br\\\/#website\"},\"primaryImageOfPage\":{\"@id\":\"https:\\\/\\\/blogdofarnesio.com.br\\\/?p=97623#primaryimage\"},\"image\":{\"@id\":\"https:\\\/\\\/blogdofarnesio.com.br\\\/?p=97623#primaryimage\"},\"thumbnailUrl\":\"http:\\\/\\\/www.quersaberpolitica.com.br\\\/2016\\\/wp-content\\\/uploads\\\/2013\\\/02\\\/blogqspsobradinho31-300x224.jpg\",\"datePublished\":\"2014-09-02T18:05:07+00:00\",\"breadcrumb\":{\"@id\":\"https:\\\/\\\/blogdofarnesio.com.br\\\/?p=97623#breadcrumb\"},\"inLanguage\":\"pt-BR\",\"potentialAction\":[{\"@type\":\"ReadAction\",\"target\":[\"https:\\\/\\\/blogdofarnesio.com.br\\\/?p=97623\"]}]},{\"@type\":\"ImageObject\",\"inLanguage\":\"pt-BR\",\"@id\":\"https:\\\/\\\/blogdofarnesio.com.br\\\/?p=97623#primaryimage\",\"url\":\"http:\\\/\\\/www.quersaberpolitica.com.br\\\/2016\\\/wp-content\\\/uploads\\\/2013\\\/02\\\/blogqspsobradinho31-300x224.jpg\",\"contentUrl\":\"http:\\\/\\\/www.quersaberpolitica.com.br\\\/2016\\\/wp-content\\\/uploads\\\/2013\\\/02\\\/blogqspsobradinho31-300x224.jpg\"},{\"@type\":\"BreadcrumbList\",\"@id\":\"https:\\\/\\\/blogdofarnesio.com.br\\\/?p=97623#breadcrumb\",\"itemListElement\":[{\"@type\":\"ListItem\",\"position\":1,\"name\":\"In\u00edcio\",\"item\":\"https:\\\/\\\/blogdofarnesio.com.br\\\/\"},{\"@type\":\"ListItem\",\"position\":2,\"name\":\"DIRETO DE SOBRADINHO\"}]},{\"@type\":\"WebSite\",\"@id\":\"https:\\\/\\\/blogdofarnesio.com.br\\\/#website\",\"url\":\"https:\\\/\\\/blogdofarnesio.com.br\\\/\",\"name\":\"Blog do Farn\u00e9sio\",\"description\":\"Quer Saber Pol\u00edtica?\",\"publisher\":{\"@id\":\"https:\\\/\\\/blogdofarnesio.com.br\\\/#organization\"},\"potentialAction\":[{\"@type\":\"SearchAction\",\"target\":{\"@type\":\"EntryPoint\",\"urlTemplate\":\"https:\\\/\\\/blogdofarnesio.com.br\\\/?s={search_term_string}\"},\"query-input\":{\"@type\":\"PropertyValueSpecification\",\"valueRequired\":true,\"valueName\":\"search_term_string\"}}],\"inLanguage\":\"pt-BR\"},{\"@type\":\"Organization\",\"@id\":\"https:\\\/\\\/blogdofarnesio.com.br\\\/#organization\",\"name\":\"Blog do Farn\u00e9sio\",\"url\":\"https:\\\/\\\/blogdofarnesio.com.br\\\/\",\"logo\":{\"@type\":\"ImageObject\",\"inLanguage\":\"pt-BR\",\"@id\":\"https:\\\/\\\/blogdofarnesio.com.br\\\/#\\\/schema\\\/logo\\\/image\\\/\",\"url\":\"https:\\\/\\\/blogdofarnesio.com.br\\\/wp-content\\\/uploads\\\/2026\\\/03\\\/cropped-logo_new-1.png\",\"contentUrl\":\"https:\\\/\\\/blogdofarnesio.com.br\\\/wp-content\\\/uploads\\\/2026\\\/03\\\/cropped-logo_new-1.png\",\"width\":881,\"height\":685,\"caption\":\"Blog do Farn\u00e9sio\"},\"image\":{\"@id\":\"https:\\\/\\\/blogdofarnesio.com.br\\\/#\\\/schema\\\/logo\\\/image\\\/\"},\"sameAs\":[\"https:\\\/\\\/www.facebook.com\\\/BlogQuerSaberPolitica\\\/\"]},{\"@type\":\"Person\",\"@id\":\"https:\\\/\\\/blogdofarnesio.com.br\\\/#\\\/schema\\\/person\\\/dd1bf5eba40b687199ba45ca6b97dff9\",\"name\":\"teste\",\"image\":{\"@type\":\"ImageObject\",\"inLanguage\":\"pt-BR\",\"@id\":\"https:\\\/\\\/secure.gravatar.com\\\/avatar\\\/2172498d4914b51e1d89a0f97957b035ac4938723a5cac208135d389b6972a6d?s=96&d=mm&r=g\",\"url\":\"https:\\\/\\\/secure.gravatar.com\\\/avatar\\\/2172498d4914b51e1d89a0f97957b035ac4938723a5cac208135d389b6972a6d?s=96&d=mm&r=g\",\"contentUrl\":\"https:\\\/\\\/secure.gravatar.com\\\/avatar\\\/2172498d4914b51e1d89a0f97957b035ac4938723a5cac208135d389b6972a6d?s=96&d=mm&r=g\",\"caption\":\"teste\"},\"url\":\"https:\\\/\\\/blogdofarnesio.com.br\\\/?author=3\"}]}<\/script>\n<!-- \/ Yoast SEO plugin. -->","yoast_head_json":{"title":"DIRETO DE SOBRADINHO - Blog do Farn\u00e9sio","robots":{"index":"index","follow":"follow","max-snippet":"max-snippet:-1","max-image-preview":"max-image-preview:large","max-video-preview":"max-video-preview:-1"},"canonical":"https:\/\/blogdofarnesio.com.br\/?p=97623","og_locale":"pt_BR","og_type":"article","og_title":"DIRETO DE SOBRADINHO - Blog do Farn\u00e9sio","og_description":"LEITOR RESPONDE A LEITOR Jo\u00e3o Paulo \u00a0 Luiz Carlos Souza! Pelo Visto voc\u00ea det\u00eam uma animosidade particular com os Berti, e essa, o leva a emitir coment\u00e1rios ou analise inver\u00eddicas da nova realidade do nosso munic\u00edpio. Vejamos: Luiz Berti e Luiz Vicente s\u00e3o pessoas diferentes, sendo assim, tem projetos pol\u00edticos diferentes, e pode ser que em algum momento at\u00e9 se cruzem ou se unam, mas n\u00e3o tenho a menor d\u00favida que \u00e9 para ver um Sobradinho melhor. \u00c9 normal em uma fam\u00edlia membros fazerem suas op\u00e7\u00f5es pol\u00edticas, nada mais legitimo e democr\u00e1tico dentro do Estado de Direito. Sinto que voc\u00ea ao destilar seu veneno gostaria de ver o circo pegar fogo e de arquibancada soltar fogos comemorativos.I Infelizmente, gente como&hellip;","og_url":"https:\/\/blogdofarnesio.com.br\/?p=97623","og_site_name":"Blog do Farn\u00e9sio","article_publisher":"https:\/\/www.facebook.com\/BlogQuerSaberPolitica\/","article_published_time":"2014-09-02T18:05:07+00:00","og_image":[{"url":"http:\/\/www.quersaberpolitica.com.br\/2016\/wp-content\/uploads\/2013\/02\/blogqspsobradinho31-300x224.jpg","type":"","width":"","height":""}],"author":"teste","twitter_card":"summary_large_image","twitter_misc":{"Escrito por":"teste","Est. tempo de leitura":"2 minutos"},"schema":{"@context":"https:\/\/schema.org","@graph":[{"@type":"Article","@id":"https:\/\/blogdofarnesio.com.br\/?p=97623#article","isPartOf":{"@id":"https:\/\/blogdofarnesio.com.br\/?p=97623"},"author":{"name":"teste","@id":"https:\/\/blogdofarnesio.com.br\/#\/schema\/person\/dd1bf5eba40b687199ba45ca6b97dff9"},"headline":"DIRETO DE SOBRADINHO","datePublished":"2014-09-02T18:05:07+00:00","mainEntityOfPage":{"@id":"https:\/\/blogdofarnesio.com.br\/?p=97623"},"wordCount":367,"commentCount":0,"publisher":{"@id":"https:\/\/blogdofarnesio.com.br\/#organization"},"image":{"@id":"https:\/\/blogdofarnesio.com.br\/?p=97623#primaryimage"},"thumbnailUrl":"http:\/\/www.quersaberpolitica.com.br\/2016\/wp-content\/uploads\/2013\/02\/blogqspsobradinho31-300x224.jpg","articleSection":["Pol\u00edtica"],"inLanguage":"pt-BR","potentialAction":[{"@type":"CommentAction","name":"Comment","target":["https:\/\/blogdofarnesio.com.br\/?p=97623#respond"]}]},{"@type":"WebPage","@id":"https:\/\/blogdofarnesio.com.br\/?p=97623","url":"https:\/\/blogdofarnesio.com.br\/?p=97623","name":"DIRETO DE SOBRADINHO - Blog do Farn\u00e9sio","isPartOf":{"@id":"https:\/\/blogdofarnesio.com.br\/#website"},"primaryImageOfPage":{"@id":"https:\/\/blogdofarnesio.com.br\/?p=97623#primaryimage"},"image":{"@id":"https:\/\/blogdofarnesio.com.br\/?p=97623#primaryimage"},"thumbnailUrl":"http:\/\/www.quersaberpolitica.com.br\/2016\/wp-content\/uploads\/2013\/02\/blogqspsobradinho31-300x224.jpg","datePublished":"2014-09-02T18:05:07+00:00","breadcrumb":{"@id":"https:\/\/blogdofarnesio.com.br\/?p=97623#breadcrumb"},"inLanguage":"pt-BR","potentialAction":[{"@type":"ReadAction","target":["https:\/\/blogdofarnesio.com.br\/?p=97623"]}]},{"@type":"ImageObject","inLanguage":"pt-BR","@id":"https:\/\/blogdofarnesio.com.br\/?p=97623#primaryimage","url":"http:\/\/www.quersaberpolitica.com.br\/2016\/wp-content\/uploads\/2013\/02\/blogqspsobradinho31-300x224.jpg","contentUrl":"http:\/\/www.quersaberpolitica.com.br\/2016\/wp-content\/uploads\/2013\/02\/blogqspsobradinho31-300x224.jpg"},{"@type":"BreadcrumbList","@id":"https:\/\/blogdofarnesio.com.br\/?p=97623#breadcrumb","itemListElement":[{"@type":"ListItem","position":1,"name":"In\u00edcio","item":"https:\/\/blogdofarnesio.com.br\/"},{"@type":"ListItem","position":2,"name":"DIRETO DE SOBRADINHO"}]},{"@type":"WebSite","@id":"https:\/\/blogdofarnesio.com.br\/#website","url":"https:\/\/blogdofarnesio.com.br\/","name":"Blog do Farn\u00e9sio","description":"Quer Saber Pol\u00edtica?","publisher":{"@id":"https:\/\/blogdofarnesio.com.br\/#organization"},"potentialAction":[{"@type":"SearchAction","target":{"@type":"EntryPoint","urlTemplate":"https:\/\/blogdofarnesio.com.br\/?s={search_term_string}"},"query-input":{"@type":"PropertyValueSpecification","valueRequired":true,"valueName":"search_term_string"}}],"inLanguage":"pt-BR"},{"@type":"Organization","@id":"https:\/\/blogdofarnesio.com.br\/#organization","name":"Blog do Farn\u00e9sio","url":"https:\/\/blogdofarnesio.com.br\/","logo":{"@type":"ImageObject","inLanguage":"pt-BR","@id":"https:\/\/blogdofarnesio.com.br\/#\/schema\/logo\/image\/","url":"https:\/\/blogdofarnesio.com.br\/wp-content\/uploads\/2026\/03\/cropped-logo_new-1.png","contentUrl":"https:\/\/blogdofarnesio.com.br\/wp-content\/uploads\/2026\/03\/cropped-logo_new-1.png","width":881,"height":685,"caption":"Blog do Farn\u00e9sio"},"image":{"@id":"https:\/\/blogdofarnesio.com.br\/#\/schema\/logo\/image\/"},"sameAs":["https:\/\/www.facebook.com\/BlogQuerSaberPolitica\/"]},{"@type":"Person","@id":"https:\/\/blogdofarnesio.com.br\/#\/schema\/person\/dd1bf5eba40b687199ba45ca6b97dff9","name":"teste","image":{"@type":"ImageObject","inLanguage":"pt-BR","@id":"https:\/\/secure.gravatar.com\/avatar\/2172498d4914b51e1d89a0f97957b035ac4938723a5cac208135d389b6972a6d?s=96&d=mm&r=g","url":"https:\/\/secure.gravatar.com\/avatar\/2172498d4914b51e1d89a0f97957b035ac4938723a5cac208135d389b6972a6d?s=96&d=mm&r=g","contentUrl":"https:\/\/secure.gravatar.com\/avatar\/2172498d4914b51e1d89a0f97957b035ac4938723a5cac208135d389b6972a6d?s=96&d=mm&r=g","caption":"teste"},"url":"https:\/\/blogdofarnesio.com.br\/?author=3"}]}},"_links":{"self":[{"href":"https:\/\/blogdofarnesio.com.br\/index.php?rest_route=\/wp\/v2\/posts\/97623","targetHints":{"allow":["GET"]}}],"collection":[{"href":"https:\/\/blogdofarnesio.com.br\/index.php?rest_route=\/wp\/v2\/posts"}],"about":[{"href":"https:\/\/blogdofarnesio.com.br\/index.php?rest_route=\/wp\/v2\/types\/post"}],"author":[{"embeddable":true,"href":"https:\/\/blogdofarnesio.com.br\/index.php?rest_route=\/wp\/v2\/users\/3"}],"replies":[{"embeddable":true,"href":"https:\/\/blogdofarnesio.com.br\/index.php?rest_route=%2Fwp%2Fv2%2Fcomments&post=97623"}],"version-history":[{"count":0,"href":"https:\/\/blogdofarnesio.com.br\/index.php?rest_route=\/wp\/v2\/posts\/97623\/revisions"}],"wp:attachment":[{"href":"https:\/\/blogdofarnesio.com.br\/index.php?rest_route=%2Fwp%2Fv2%2Fmedia&parent=97623"}],"wp:term":[{"taxonomy":"category","embeddable":true,"href":"https:\/\/blogdofarnesio.com.br\/index.php?rest_route=%2Fwp%2Fv2%2Fcategories&post=97623"},{"taxonomy":"post_tag","embeddable":true,"href":"https:\/\/blogdofarnesio.com.br\/index.php?rest_route=%2Fwp%2Fv2%2Ftags&post=97623"}],"curies":[{"name":"wp","href":"https:\/\/api.w.org\/{rel}","templated":true}]}}