{"id":97601,"date":"2014-09-02T15:23:18","date_gmt":"2014-09-02T18:23:18","guid":{"rendered":"http:\/\/www.quersaberpolitica.com.br\/?p=97601"},"modified":"2014-09-02T15:13:36","modified_gmt":"2014-09-02T18:13:36","slug":"julio-lossio-declara-apoio-casado-a-guilherme-coelho-e-odacy-amorim","status":"publish","type":"post","link":"https:\/\/blogdofarnesio.com.br\/?p=97601","title":{"rendered":"JULIO LOSSIO DECLARA APOIO CASADO A GUILHERME COELHO E ODACY AMORIM"},"content":{"rendered":"<figure id=\"attachment_37145\" aria-describedby=\"caption-attachment-37145\" style=\"width: 512px\" class=\"wp-caption aligncenter\"><a href=\"http:\/\/www.quersaberpolitica.com.br\/2016\/wp-content\/uploads\/2013\/04\/blogqspjlhumbertoodacy-Foto-Farn\u00e9sio-Silva.jpg\"><img loading=\"lazy\" decoding=\"async\" class=\" wp-image-37145 \" title=\"Foto Farn\u00e9sio Silva\" alt=\"blogqspjlhumbertoodacy Foto Farn\u00e9sio Silva\" src=\"http:\/\/www.quersaberpolitica.com.br\/2016\/wp-content\/uploads\/2013\/04\/blogqspjlhumbertoodacy-Foto-Farn\u00e9sio-Silva.jpg\" width=\"512\" height=\"288\" srcset=\"https:\/\/blogdofarnesio.com.br\/wp-content\/uploads\/2013\/04\/blogqspjlhumbertoodacy-Foto-Farn\u00e9sio-Silva.jpg 640w, https:\/\/blogdofarnesio.com.br\/wp-content\/uploads\/2013\/04\/blogqspjlhumbertoodacy-Foto-Farn\u00e9sio-Silva-300x168.jpg 300w, https:\/\/blogdofarnesio.com.br\/wp-content\/uploads\/2013\/04\/blogqspjlhumbertoodacy-Foto-Farn\u00e9sio-Silva-500x281.jpg 500w\" sizes=\"auto, (max-width: 512px) 100vw, 512px\" \/><\/a><figcaption id=\"caption-attachment-37145\" class=\"wp-caption-text\">Odacy Amorim \u00a0 \u00a0 \u00a0 \u00a0 \u00a0 \u00a0 \u00a0 \u00a0 \u00a0 \u00a0 \u00a0 \u00a0 \u00a0 \u00a0 \u00a0 Humberto Costa \u00a0 \u00a0 \u00a0 \u00a0 \u00a0 \u00a0 \u00a0 \u00a0 \u00a0 \u00a0 \u00a0 \u00a0 \u00a0 \u00a0 \u00a0 \u00a0 \u00a0Julio Lossio\u00a0<\/figcaption><\/figure>\n<p style=\"text-align: justify\">A pouco mais de 30 dias das elei\u00e7\u00f5es, o cen\u00e1rio pol\u00edtico em Petrolina ganha mais defini\u00e7\u00f5es. O prefeito da cidade, Julio Lossio, declarou ontem (01\/09) em grande reuni\u00e3o o seu apoio casado \u00e0s candidaturas de Guilherme Coelho, que disputa o mandato de deputado federal, e a Odacy Amorim, candidato a deputado estadual. Centenas de amigos e correligion\u00e1rios presentes aprovaram a indica\u00e7\u00e3o.<\/p>\n<p style=\"text-align: justify\">Os candidatos refor\u00e7aram seu compromisso em buscar melhorias para a regi\u00e3o e agradecerem o apoio recebido. \u201cFoi um grande encontro, que me deixou muito feliz e satisfeito. Receber o apoio de todos os amigos e colaboradores em Petrolina nos d\u00e1 ainda mais vontade de vencer estas elei\u00e7\u00f5es. Vamos confiantes\u201d, declarou o candidato a federal, Guilherme Coelho.<\/p>\n<p style=\"text-align: justify\">Odacy Amorim ressaltou a import\u00e2ncia da mobiliza\u00e7\u00e3o dos amigos e correligion\u00e1rios para a campanha, e garantiu que, sendo eleito, intensificar\u00e1 o seu trabalho para o desenvolvimento da regi\u00e3o.<\/p>\n<p style=\"text-align: justify\">O prefeito Julio Lossio refor\u00e7ou seu desejo de ter um deputado federal para trabalhar junto \u00e0 administra\u00e7\u00e3o municipal. Lossio lembrou que Petrolina teve grandes conquistas quando o prefeito da cidade tinha ao seu lado um deputado federal e, mais ainda, quando recebia o apoio de legisladores do estado.<\/p>\n","protected":false},"excerpt":{"rendered":"<p>A pouco mais de 30 dias das elei\u00e7\u00f5es, o cen\u00e1rio pol\u00edtico em Petrolina ganha mais defini\u00e7\u00f5es. O prefeito da cidade, Julio Lossio, declarou ontem (01\/09) em grande reuni\u00e3o o seu apoio casado \u00e0s candidaturas de Guilherme Coelho, que disputa o mandato de deputado federal, e a Odacy Amorim, candidato a deputado estadual. Centenas de amigos e correligion\u00e1rios presentes aprovaram a indica\u00e7\u00e3o. Os candidatos refor\u00e7aram seu compromisso em buscar melhorias para a regi\u00e3o e agradecerem o apoio recebido. \u201cFoi um grande encontro, que me deixou muito feliz e satisfeito. Receber o apoio de todos os amigos e colaboradores em Petrolina nos d\u00e1 ainda mais vontade de vencer estas elei\u00e7\u00f5es. Vamos confiantes\u201d, declarou o candidato a federal, Guilherme Coelho. Odacy Amorim ressaltou&hellip; <\/p>\n","protected":false},"author":3,"featured_media":0,"comment_status":"open","ping_status":"open","sticky":false,"template":"","format":"standard","meta":{"_acf_changed":false,"footnotes":""},"categories":[34],"tags":[],"class_list":["post-97601","post","type-post","status-publish","format-standard","hentry","category-eleicoes"],"acf":[],"yoast_head":"<!-- This site is optimized with the Yoast SEO plugin v27.4 - https:\/\/yoast.com\/product\/yoast-seo-wordpress\/ -->\n<title>JULIO LOSSIO DECLARA APOIO CASADO A GUILHERME COELHO E ODACY AMORIM - Blog do Farn\u00e9sio<\/title>\n<meta name=\"robots\" content=\"index, follow, max-snippet:-1, max-image-preview:large, max-video-preview:-1\" \/>\n<link rel=\"canonical\" href=\"https:\/\/blogdofarnesio.com.br\/?p=97601\" \/>\n<meta property=\"og:locale\" content=\"pt_BR\" \/>\n<meta property=\"og:type\" content=\"article\" \/>\n<meta property=\"og:title\" content=\"JULIO LOSSIO DECLARA APOIO CASADO A GUILHERME COELHO E ODACY AMORIM - Blog do Farn\u00e9sio\" \/>\n<meta property=\"og:description\" content=\"A pouco mais de 30 dias das elei\u00e7\u00f5es, o cen\u00e1rio pol\u00edtico em Petrolina ganha mais defini\u00e7\u00f5es. O prefeito da cidade, Julio Lossio, declarou ontem (01\/09) em grande reuni\u00e3o o seu apoio casado \u00e0s candidaturas de Guilherme Coelho, que disputa o mandato de deputado federal, e a Odacy Amorim, candidato a deputado estadual. Centenas de amigos e correligion\u00e1rios presentes aprovaram a indica\u00e7\u00e3o. Os candidatos refor\u00e7aram seu compromisso em buscar melhorias para a regi\u00e3o e agradecerem o apoio recebido. \u201cFoi um grande encontro, que me deixou muito feliz e satisfeito. Receber o apoio de todos os amigos e colaboradores em Petrolina nos d\u00e1 ainda mais vontade de vencer estas elei\u00e7\u00f5es. Vamos confiantes\u201d, declarou o candidato a federal, Guilherme Coelho. Odacy Amorim ressaltou&hellip;\" \/>\n<meta property=\"og:url\" content=\"https:\/\/blogdofarnesio.com.br\/?p=97601\" \/>\n<meta property=\"og:site_name\" content=\"Blog do Farn\u00e9sio\" \/>\n<meta property=\"article:publisher\" content=\"https:\/\/www.facebook.com\/BlogQuerSaberPolitica\/\" \/>\n<meta property=\"article:published_time\" content=\"2014-09-02T18:23:18+00:00\" \/>\n<meta name=\"author\" content=\"teste\" \/>\n<meta name=\"twitter:card\" content=\"summary_large_image\" \/>\n<meta name=\"twitter:label1\" content=\"Escrito por\" \/>\n\t<meta name=\"twitter:data1\" content=\"teste\" \/>\n\t<meta name=\"twitter:label2\" content=\"Est. tempo de leitura\" \/>\n\t<meta name=\"twitter:data2\" content=\"1 minuto\" \/>\n<script type=\"application\/ld+json\" class=\"yoast-schema-graph\">{\"@context\":\"https:\\\/\\\/schema.org\",\"@graph\":[{\"@type\":\"Article\",\"@id\":\"https:\\\/\\\/blogdofarnesio.com.br\\\/?p=97601#article\",\"isPartOf\":{\"@id\":\"https:\\\/\\\/blogdofarnesio.com.br\\\/?p=97601\"},\"author\":{\"name\":\"teste\",\"@id\":\"https:\\\/\\\/blogdofarnesio.com.br\\\/#\\\/schema\\\/person\\\/dd1bf5eba40b687199ba45ca6b97dff9\"},\"headline\":\"JULIO LOSSIO DECLARA APOIO CASADO A GUILHERME COELHO E ODACY AMORIM\",\"datePublished\":\"2014-09-02T18:23:18+00:00\",\"mainEntityOfPage\":{\"@id\":\"https:\\\/\\\/blogdofarnesio.com.br\\\/?p=97601\"},\"wordCount\":230,\"commentCount\":0,\"publisher\":{\"@id\":\"https:\\\/\\\/blogdofarnesio.com.br\\\/#organization\"},\"articleSection\":[\"Elei\u00e7\u00f5es\"],\"inLanguage\":\"pt-BR\",\"potentialAction\":[{\"@type\":\"CommentAction\",\"name\":\"Comment\",\"target\":[\"https:\\\/\\\/blogdofarnesio.com.br\\\/?p=97601#respond\"]}]},{\"@type\":\"WebPage\",\"@id\":\"https:\\\/\\\/blogdofarnesio.com.br\\\/?p=97601\",\"url\":\"https:\\\/\\\/blogdofarnesio.com.br\\\/?p=97601\",\"name\":\"JULIO LOSSIO DECLARA APOIO CASADO A GUILHERME COELHO E ODACY AMORIM - Blog do Farn\u00e9sio\",\"isPartOf\":{\"@id\":\"https:\\\/\\\/blogdofarnesio.com.br\\\/#website\"},\"datePublished\":\"2014-09-02T18:23:18+00:00\",\"breadcrumb\":{\"@id\":\"https:\\\/\\\/blogdofarnesio.com.br\\\/?p=97601#breadcrumb\"},\"inLanguage\":\"pt-BR\",\"potentialAction\":[{\"@type\":\"ReadAction\",\"target\":[\"https:\\\/\\\/blogdofarnesio.com.br\\\/?p=97601\"]}]},{\"@type\":\"BreadcrumbList\",\"@id\":\"https:\\\/\\\/blogdofarnesio.com.br\\\/?p=97601#breadcrumb\",\"itemListElement\":[{\"@type\":\"ListItem\",\"position\":1,\"name\":\"In\u00edcio\",\"item\":\"https:\\\/\\\/blogdofarnesio.com.br\\\/\"},{\"@type\":\"ListItem\",\"position\":2,\"name\":\"JULIO LOSSIO DECLARA APOIO CASADO A GUILHERME COELHO E ODACY AMORIM\"}]},{\"@type\":\"WebSite\",\"@id\":\"https:\\\/\\\/blogdofarnesio.com.br\\\/#website\",\"url\":\"https:\\\/\\\/blogdofarnesio.com.br\\\/\",\"name\":\"Blog do Farn\u00e9sio\",\"description\":\"Quer Saber Pol\u00edtica?\",\"publisher\":{\"@id\":\"https:\\\/\\\/blogdofarnesio.com.br\\\/#organization\"},\"potentialAction\":[{\"@type\":\"SearchAction\",\"target\":{\"@type\":\"EntryPoint\",\"urlTemplate\":\"https:\\\/\\\/blogdofarnesio.com.br\\\/?s={search_term_string}\"},\"query-input\":{\"@type\":\"PropertyValueSpecification\",\"valueRequired\":true,\"valueName\":\"search_term_string\"}}],\"inLanguage\":\"pt-BR\"},{\"@type\":\"Organization\",\"@id\":\"https:\\\/\\\/blogdofarnesio.com.br\\\/#organization\",\"name\":\"Blog do Farn\u00e9sio\",\"url\":\"https:\\\/\\\/blogdofarnesio.com.br\\\/\",\"logo\":{\"@type\":\"ImageObject\",\"inLanguage\":\"pt-BR\",\"@id\":\"https:\\\/\\\/blogdofarnesio.com.br\\\/#\\\/schema\\\/logo\\\/image\\\/\",\"url\":\"https:\\\/\\\/blogdofarnesio.com.br\\\/wp-content\\\/uploads\\\/2026\\\/03\\\/cropped-logo_new-1.png\",\"contentUrl\":\"https:\\\/\\\/blogdofarnesio.com.br\\\/wp-content\\\/uploads\\\/2026\\\/03\\\/cropped-logo_new-1.png\",\"width\":881,\"height\":685,\"caption\":\"Blog do Farn\u00e9sio\"},\"image\":{\"@id\":\"https:\\\/\\\/blogdofarnesio.com.br\\\/#\\\/schema\\\/logo\\\/image\\\/\"},\"sameAs\":[\"https:\\\/\\\/www.facebook.com\\\/BlogQuerSaberPolitica\\\/\"]},{\"@type\":\"Person\",\"@id\":\"https:\\\/\\\/blogdofarnesio.com.br\\\/#\\\/schema\\\/person\\\/dd1bf5eba40b687199ba45ca6b97dff9\",\"name\":\"teste\",\"image\":{\"@type\":\"ImageObject\",\"inLanguage\":\"pt-BR\",\"@id\":\"https:\\\/\\\/secure.gravatar.com\\\/avatar\\\/2172498d4914b51e1d89a0f97957b035ac4938723a5cac208135d389b6972a6d?s=96&d=mm&r=g\",\"url\":\"https:\\\/\\\/secure.gravatar.com\\\/avatar\\\/2172498d4914b51e1d89a0f97957b035ac4938723a5cac208135d389b6972a6d?s=96&d=mm&r=g\",\"contentUrl\":\"https:\\\/\\\/secure.gravatar.com\\\/avatar\\\/2172498d4914b51e1d89a0f97957b035ac4938723a5cac208135d389b6972a6d?s=96&d=mm&r=g\",\"caption\":\"teste\"},\"url\":\"https:\\\/\\\/blogdofarnesio.com.br\\\/?author=3\"}]}<\/script>\n<!-- \/ Yoast SEO plugin. -->","yoast_head_json":{"title":"JULIO LOSSIO DECLARA APOIO CASADO A GUILHERME COELHO E ODACY AMORIM - Blog do Farn\u00e9sio","robots":{"index":"index","follow":"follow","max-snippet":"max-snippet:-1","max-image-preview":"max-image-preview:large","max-video-preview":"max-video-preview:-1"},"canonical":"https:\/\/blogdofarnesio.com.br\/?p=97601","og_locale":"pt_BR","og_type":"article","og_title":"JULIO LOSSIO DECLARA APOIO CASADO A GUILHERME COELHO E ODACY AMORIM - Blog do Farn\u00e9sio","og_description":"A pouco mais de 30 dias das elei\u00e7\u00f5es, o cen\u00e1rio pol\u00edtico em Petrolina ganha mais defini\u00e7\u00f5es. O prefeito da cidade, Julio Lossio, declarou ontem (01\/09) em grande reuni\u00e3o o seu apoio casado \u00e0s candidaturas de Guilherme Coelho, que disputa o mandato de deputado federal, e a Odacy Amorim, candidato a deputado estadual. Centenas de amigos e correligion\u00e1rios presentes aprovaram a indica\u00e7\u00e3o. Os candidatos refor\u00e7aram seu compromisso em buscar melhorias para a regi\u00e3o e agradecerem o apoio recebido. \u201cFoi um grande encontro, que me deixou muito feliz e satisfeito. Receber o apoio de todos os amigos e colaboradores em Petrolina nos d\u00e1 ainda mais vontade de vencer estas elei\u00e7\u00f5es. Vamos confiantes\u201d, declarou o candidato a federal, Guilherme Coelho. Odacy Amorim ressaltou&hellip;","og_url":"https:\/\/blogdofarnesio.com.br\/?p=97601","og_site_name":"Blog do Farn\u00e9sio","article_publisher":"https:\/\/www.facebook.com\/BlogQuerSaberPolitica\/","article_published_time":"2014-09-02T18:23:18+00:00","author":"teste","twitter_card":"summary_large_image","twitter_misc":{"Escrito por":"teste","Est. tempo de leitura":"1 minuto"},"schema":{"@context":"https:\/\/schema.org","@graph":[{"@type":"Article","@id":"https:\/\/blogdofarnesio.com.br\/?p=97601#article","isPartOf":{"@id":"https:\/\/blogdofarnesio.com.br\/?p=97601"},"author":{"name":"teste","@id":"https:\/\/blogdofarnesio.com.br\/#\/schema\/person\/dd1bf5eba40b687199ba45ca6b97dff9"},"headline":"JULIO LOSSIO DECLARA APOIO CASADO A GUILHERME COELHO E ODACY AMORIM","datePublished":"2014-09-02T18:23:18+00:00","mainEntityOfPage":{"@id":"https:\/\/blogdofarnesio.com.br\/?p=97601"},"wordCount":230,"commentCount":0,"publisher":{"@id":"https:\/\/blogdofarnesio.com.br\/#organization"},"articleSection":["Elei\u00e7\u00f5es"],"inLanguage":"pt-BR","potentialAction":[{"@type":"CommentAction","name":"Comment","target":["https:\/\/blogdofarnesio.com.br\/?p=97601#respond"]}]},{"@type":"WebPage","@id":"https:\/\/blogdofarnesio.com.br\/?p=97601","url":"https:\/\/blogdofarnesio.com.br\/?p=97601","name":"JULIO LOSSIO DECLARA APOIO CASADO A GUILHERME COELHO E ODACY AMORIM - Blog do Farn\u00e9sio","isPartOf":{"@id":"https:\/\/blogdofarnesio.com.br\/#website"},"datePublished":"2014-09-02T18:23:18+00:00","breadcrumb":{"@id":"https:\/\/blogdofarnesio.com.br\/?p=97601#breadcrumb"},"inLanguage":"pt-BR","potentialAction":[{"@type":"ReadAction","target":["https:\/\/blogdofarnesio.com.br\/?p=97601"]}]},{"@type":"BreadcrumbList","@id":"https:\/\/blogdofarnesio.com.br\/?p=97601#breadcrumb","itemListElement":[{"@type":"ListItem","position":1,"name":"In\u00edcio","item":"https:\/\/blogdofarnesio.com.br\/"},{"@type":"ListItem","position":2,"name":"JULIO LOSSIO DECLARA APOIO CASADO A GUILHERME COELHO E ODACY AMORIM"}]},{"@type":"WebSite","@id":"https:\/\/blogdofarnesio.com.br\/#website","url":"https:\/\/blogdofarnesio.com.br\/","name":"Blog do Farn\u00e9sio","description":"Quer Saber Pol\u00edtica?","publisher":{"@id":"https:\/\/blogdofarnesio.com.br\/#organization"},"potentialAction":[{"@type":"SearchAction","target":{"@type":"EntryPoint","urlTemplate":"https:\/\/blogdofarnesio.com.br\/?s={search_term_string}"},"query-input":{"@type":"PropertyValueSpecification","valueRequired":true,"valueName":"search_term_string"}}],"inLanguage":"pt-BR"},{"@type":"Organization","@id":"https:\/\/blogdofarnesio.com.br\/#organization","name":"Blog do Farn\u00e9sio","url":"https:\/\/blogdofarnesio.com.br\/","logo":{"@type":"ImageObject","inLanguage":"pt-BR","@id":"https:\/\/blogdofarnesio.com.br\/#\/schema\/logo\/image\/","url":"https:\/\/blogdofarnesio.com.br\/wp-content\/uploads\/2026\/03\/cropped-logo_new-1.png","contentUrl":"https:\/\/blogdofarnesio.com.br\/wp-content\/uploads\/2026\/03\/cropped-logo_new-1.png","width":881,"height":685,"caption":"Blog do Farn\u00e9sio"},"image":{"@id":"https:\/\/blogdofarnesio.com.br\/#\/schema\/logo\/image\/"},"sameAs":["https:\/\/www.facebook.com\/BlogQuerSaberPolitica\/"]},{"@type":"Person","@id":"https:\/\/blogdofarnesio.com.br\/#\/schema\/person\/dd1bf5eba40b687199ba45ca6b97dff9","name":"teste","image":{"@type":"ImageObject","inLanguage":"pt-BR","@id":"https:\/\/secure.gravatar.com\/avatar\/2172498d4914b51e1d89a0f97957b035ac4938723a5cac208135d389b6972a6d?s=96&d=mm&r=g","url":"https:\/\/secure.gravatar.com\/avatar\/2172498d4914b51e1d89a0f97957b035ac4938723a5cac208135d389b6972a6d?s=96&d=mm&r=g","contentUrl":"https:\/\/secure.gravatar.com\/avatar\/2172498d4914b51e1d89a0f97957b035ac4938723a5cac208135d389b6972a6d?s=96&d=mm&r=g","caption":"teste"},"url":"https:\/\/blogdofarnesio.com.br\/?author=3"}]}},"_links":{"self":[{"href":"https:\/\/blogdofarnesio.com.br\/index.php?rest_route=\/wp\/v2\/posts\/97601","targetHints":{"allow":["GET"]}}],"collection":[{"href":"https:\/\/blogdofarnesio.com.br\/index.php?rest_route=\/wp\/v2\/posts"}],"about":[{"href":"https:\/\/blogdofarnesio.com.br\/index.php?rest_route=\/wp\/v2\/types\/post"}],"author":[{"embeddable":true,"href":"https:\/\/blogdofarnesio.com.br\/index.php?rest_route=\/wp\/v2\/users\/3"}],"replies":[{"embeddable":true,"href":"https:\/\/blogdofarnesio.com.br\/index.php?rest_route=%2Fwp%2Fv2%2Fcomments&post=97601"}],"version-history":[{"count":0,"href":"https:\/\/blogdofarnesio.com.br\/index.php?rest_route=\/wp\/v2\/posts\/97601\/revisions"}],"wp:attachment":[{"href":"https:\/\/blogdofarnesio.com.br\/index.php?rest_route=%2Fwp%2Fv2%2Fmedia&parent=97601"}],"wp:term":[{"taxonomy":"category","embeddable":true,"href":"https:\/\/blogdofarnesio.com.br\/index.php?rest_route=%2Fwp%2Fv2%2Fcategories&post=97601"},{"taxonomy":"post_tag","embeddable":true,"href":"https:\/\/blogdofarnesio.com.br\/index.php?rest_route=%2Fwp%2Fv2%2Ftags&post=97601"}],"curies":[{"name":"wp","href":"https:\/\/api.w.org\/{rel}","templated":true}]}}