{"id":97498,"date":"2014-09-02T14:43:12","date_gmt":"2014-09-02T17:43:12","guid":{"rendered":"http:\/\/www.quersaberpolitica.com.br\/?p=97498"},"modified":"2014-09-02T09:34:07","modified_gmt":"2014-09-02T12:34:07","slug":"mercado-do-produtor-de-juazeiro-passou-por-faxina-no-fim-de-semana","status":"publish","type":"post","link":"https:\/\/blogdofarnesio.com.br\/?p=97498","title":{"rendered":"MERCADO DO PRODUTOR DE JUAZEIRO PASSOU POR FAXINA NO FIM DE SEMANA"},"content":{"rendered":"<p style=\"text-align: justify\"><a href=\"http:\/\/www.quersaberpolitica.com.br\/2016\/wp-content\/uploads\/2014\/09\/unnamed22.jpg\"><img loading=\"lazy\" decoding=\"async\" class=\"aligncenter size-medium wp-image-97499\" alt=\"unnamed\" src=\"http:\/\/www.quersaberpolitica.com.br\/2016\/wp-content\/uploads\/2014\/09\/unnamed22-300x224.jpg\" width=\"300\" height=\"224\" srcset=\"https:\/\/blogdofarnesio.com.br\/wp-content\/uploads\/2014\/09\/unnamed22-300x224.jpg 300w, https:\/\/blogdofarnesio.com.br\/wp-content\/uploads\/2014\/09\/unnamed22-400x300.jpg 400w, https:\/\/blogdofarnesio.com.br\/wp-content\/uploads\/2014\/09\/unnamed22.jpg 448w\" sizes=\"auto, (max-width: 300px) 100vw, 300px\" \/><\/a>Com a parceria da Secretaria de Servi\u00e7os P\u00fablicos (SESP) e do SAAE, foi realizado neste domingo (31), no Mercado do Produtor de Juazeiro, um mutir\u00e3o de limpeza nas depend\u00eancias do entreposto. \u00c0 medida que acontece mensalmente, visa garantir um ambiente mais limpo e adequado para a comercializa\u00e7\u00e3o de alimentos.<\/p>\n<p style=\"text-align: justify\">Inicialmente o entreposto foi limpo por funcion\u00e1rios da prefeitura que tiveram o aux\u00edlio de equipamentos e m\u00e1quinas (retroescavadeira, ca\u00e7amba,)\u00a0para execu\u00e7\u00e3o do servi\u00e7o. Em seguida o recinto foi lavado com auxilio de um \u2018carro de jateamento\u2019. \u201c\u00c9 um trabalho que realizamos com muito gosto, unimos for\u00e7as com as demais secretarias e possibilitamos um ambiente mais adequado para os usu\u00e1rios do entreposto\u201d, destacou Laurindo da Silva Dias, encarregado do setor operacional do mercado.<!--more--><\/p>\n<p style=\"text-align: justify\">Na ocasi\u00e3o o secret\u00e1rio de Agricultura, Pecu\u00e1ria e Abastecimento, Jorge Cerqueira, frisou a necessidade de um trabalho educativo para um ambiente limpo. \u201cO trabalho educativo \u00e9 imprescind\u00edvel, pois \u00e9 preciso que todos se conscientizem que a responsabilidades deve ser compartilhada por todos, mantendo um ambiente limpo e saud\u00e1vel. Se todos perceberem que mantendo um ambiente saud\u00e1vel, ele se torna mais valorizado, acredito que cada um far\u00e1 sua parte\u201d, declarou o secret\u00e1rio.<\/p>\n<p style=\"text-align: justify\">O titular da pasta informou ainda que a limpeza do entreposto \u00e9 executada diariamente. \u201cDe segunda a sexta s\u00e3o retiradas em m\u00e9dia, 200 toneladas de lixo, e al\u00e9m dos funcion\u00e1rios que varrem e coletam o lixo, para melhor execu\u00e7\u00e3o do servi\u00e7o tamb\u00e9m \u00e9 disponibilizado um carro coletor e um poliguindaste que retira os res\u00edduos depositados nos cont\u00eaineres distribu\u00eddos pelo entreposto\u201d.<\/p>\n<p style=\"text-align: justify\">\n","protected":false},"excerpt":{"rendered":"<p>Com a parceria da Secretaria de Servi\u00e7os P\u00fablicos (SESP) e do SAAE, foi realizado neste domingo (31), no Mercado do Produtor de Juazeiro, um mutir\u00e3o de limpeza nas depend\u00eancias do entreposto. \u00c0 medida que acontece mensalmente, visa garantir um ambiente mais limpo e adequado para a comercializa\u00e7\u00e3o de alimentos. Inicialmente o entreposto foi limpo por funcion\u00e1rios da prefeitura que tiveram o aux\u00edlio de equipamentos e m\u00e1quinas (retroescavadeira, ca\u00e7amba,)\u00a0para execu\u00e7\u00e3o do servi\u00e7o. Em seguida o recinto foi lavado com auxilio de um \u2018carro de jateamento\u2019. \u201c\u00c9 um trabalho que realizamos com muito gosto, unimos for\u00e7as com as demais secretarias e possibilitamos um ambiente mais adequado para os usu\u00e1rios do entreposto\u201d, destacou Laurindo da Silva Dias, encarregado do setor operacional do mercado.<\/p>\n","protected":false},"author":3,"featured_media":0,"comment_status":"open","ping_status":"open","sticky":false,"template":"","format":"standard","meta":{"_acf_changed":false,"footnotes":""},"categories":[14],"tags":[],"class_list":["post-97498","post","type-post","status-publish","format-standard","hentry","category-infraestrutura"],"acf":[],"yoast_head":"<!-- This site is optimized with the Yoast SEO plugin v27.4 - https:\/\/yoast.com\/product\/yoast-seo-wordpress\/ -->\n<title>MERCADO DO PRODUTOR DE JUAZEIRO PASSOU POR FAXINA NO FIM DE SEMANA - Blog do Farn\u00e9sio<\/title>\n<meta name=\"robots\" content=\"index, follow, max-snippet:-1, max-image-preview:large, max-video-preview:-1\" \/>\n<link rel=\"canonical\" href=\"https:\/\/blogdofarnesio.com.br\/?p=97498\" \/>\n<meta property=\"og:locale\" content=\"pt_BR\" \/>\n<meta property=\"og:type\" content=\"article\" \/>\n<meta property=\"og:title\" content=\"MERCADO DO PRODUTOR DE JUAZEIRO PASSOU POR FAXINA NO FIM DE SEMANA - Blog do Farn\u00e9sio\" \/>\n<meta property=\"og:description\" content=\"Com a parceria da Secretaria de Servi\u00e7os P\u00fablicos (SESP) e do SAAE, foi realizado neste domingo (31), no Mercado do Produtor de Juazeiro, um mutir\u00e3o de limpeza nas depend\u00eancias do entreposto. \u00c0 medida que acontece mensalmente, visa garantir um ambiente mais limpo e adequado para a comercializa\u00e7\u00e3o de alimentos. Inicialmente o entreposto foi limpo por funcion\u00e1rios da prefeitura que tiveram o aux\u00edlio de equipamentos e m\u00e1quinas (retroescavadeira, ca\u00e7amba,)\u00a0para execu\u00e7\u00e3o do servi\u00e7o. Em seguida o recinto foi lavado com auxilio de um \u2018carro de jateamento\u2019. \u201c\u00c9 um trabalho que realizamos com muito gosto, unimos for\u00e7as com as demais secretarias e possibilitamos um ambiente mais adequado para os usu\u00e1rios do entreposto\u201d, destacou Laurindo da Silva Dias, encarregado do setor operacional do mercado.\" \/>\n<meta property=\"og:url\" content=\"https:\/\/blogdofarnesio.com.br\/?p=97498\" \/>\n<meta property=\"og:site_name\" content=\"Blog do Farn\u00e9sio\" \/>\n<meta property=\"article:publisher\" content=\"https:\/\/www.facebook.com\/BlogQuerSaberPolitica\/\" \/>\n<meta property=\"article:published_time\" content=\"2014-09-02T17:43:12+00:00\" \/>\n<meta property=\"og:image\" content=\"http:\/\/www.quersaberpolitica.com.br\/2016\/wp-content\/uploads\/2014\/09\/unnamed22-300x224.jpg\" \/>\n<meta name=\"author\" content=\"teste\" \/>\n<meta name=\"twitter:card\" content=\"summary_large_image\" \/>\n<meta name=\"twitter:label1\" content=\"Escrito por\" \/>\n\t<meta name=\"twitter:data1\" content=\"teste\" \/>\n\t<meta name=\"twitter:label2\" content=\"Est. tempo de leitura\" \/>\n\t<meta name=\"twitter:data2\" content=\"1 minuto\" \/>\n<script type=\"application\/ld+json\" class=\"yoast-schema-graph\">{\"@context\":\"https:\\\/\\\/schema.org\",\"@graph\":[{\"@type\":\"Article\",\"@id\":\"https:\\\/\\\/blogdofarnesio.com.br\\\/?p=97498#article\",\"isPartOf\":{\"@id\":\"https:\\\/\\\/blogdofarnesio.com.br\\\/?p=97498\"},\"author\":{\"name\":\"teste\",\"@id\":\"https:\\\/\\\/blogdofarnesio.com.br\\\/#\\\/schema\\\/person\\\/dd1bf5eba40b687199ba45ca6b97dff9\"},\"headline\":\"MERCADO DO PRODUTOR DE JUAZEIRO PASSOU POR FAXINA NO FIM DE SEMANA\",\"datePublished\":\"2014-09-02T17:43:12+00:00\",\"mainEntityOfPage\":{\"@id\":\"https:\\\/\\\/blogdofarnesio.com.br\\\/?p=97498\"},\"wordCount\":286,\"commentCount\":0,\"publisher\":{\"@id\":\"https:\\\/\\\/blogdofarnesio.com.br\\\/#organization\"},\"image\":{\"@id\":\"https:\\\/\\\/blogdofarnesio.com.br\\\/?p=97498#primaryimage\"},\"thumbnailUrl\":\"http:\\\/\\\/www.quersaberpolitica.com.br\\\/2016\\\/wp-content\\\/uploads\\\/2014\\\/09\\\/unnamed22-300x224.jpg\",\"articleSection\":[\"Infraestrutura\"],\"inLanguage\":\"pt-BR\",\"potentialAction\":[{\"@type\":\"CommentAction\",\"name\":\"Comment\",\"target\":[\"https:\\\/\\\/blogdofarnesio.com.br\\\/?p=97498#respond\"]}]},{\"@type\":\"WebPage\",\"@id\":\"https:\\\/\\\/blogdofarnesio.com.br\\\/?p=97498\",\"url\":\"https:\\\/\\\/blogdofarnesio.com.br\\\/?p=97498\",\"name\":\"MERCADO DO PRODUTOR DE JUAZEIRO PASSOU POR FAXINA NO FIM DE SEMANA - Blog do Farn\u00e9sio\",\"isPartOf\":{\"@id\":\"https:\\\/\\\/blogdofarnesio.com.br\\\/#website\"},\"primaryImageOfPage\":{\"@id\":\"https:\\\/\\\/blogdofarnesio.com.br\\\/?p=97498#primaryimage\"},\"image\":{\"@id\":\"https:\\\/\\\/blogdofarnesio.com.br\\\/?p=97498#primaryimage\"},\"thumbnailUrl\":\"http:\\\/\\\/www.quersaberpolitica.com.br\\\/2016\\\/wp-content\\\/uploads\\\/2014\\\/09\\\/unnamed22-300x224.jpg\",\"datePublished\":\"2014-09-02T17:43:12+00:00\",\"breadcrumb\":{\"@id\":\"https:\\\/\\\/blogdofarnesio.com.br\\\/?p=97498#breadcrumb\"},\"inLanguage\":\"pt-BR\",\"potentialAction\":[{\"@type\":\"ReadAction\",\"target\":[\"https:\\\/\\\/blogdofarnesio.com.br\\\/?p=97498\"]}]},{\"@type\":\"ImageObject\",\"inLanguage\":\"pt-BR\",\"@id\":\"https:\\\/\\\/blogdofarnesio.com.br\\\/?p=97498#primaryimage\",\"url\":\"http:\\\/\\\/www.quersaberpolitica.com.br\\\/2016\\\/wp-content\\\/uploads\\\/2014\\\/09\\\/unnamed22-300x224.jpg\",\"contentUrl\":\"http:\\\/\\\/www.quersaberpolitica.com.br\\\/2016\\\/wp-content\\\/uploads\\\/2014\\\/09\\\/unnamed22-300x224.jpg\"},{\"@type\":\"BreadcrumbList\",\"@id\":\"https:\\\/\\\/blogdofarnesio.com.br\\\/?p=97498#breadcrumb\",\"itemListElement\":[{\"@type\":\"ListItem\",\"position\":1,\"name\":\"In\u00edcio\",\"item\":\"https:\\\/\\\/blogdofarnesio.com.br\\\/\"},{\"@type\":\"ListItem\",\"position\":2,\"name\":\"MERCADO DO PRODUTOR DE JUAZEIRO PASSOU POR FAXINA NO FIM DE SEMANA\"}]},{\"@type\":\"WebSite\",\"@id\":\"https:\\\/\\\/blogdofarnesio.com.br\\\/#website\",\"url\":\"https:\\\/\\\/blogdofarnesio.com.br\\\/\",\"name\":\"Blog do Farn\u00e9sio\",\"description\":\"Quer Saber Pol\u00edtica?\",\"publisher\":{\"@id\":\"https:\\\/\\\/blogdofarnesio.com.br\\\/#organization\"},\"potentialAction\":[{\"@type\":\"SearchAction\",\"target\":{\"@type\":\"EntryPoint\",\"urlTemplate\":\"https:\\\/\\\/blogdofarnesio.com.br\\\/?s={search_term_string}\"},\"query-input\":{\"@type\":\"PropertyValueSpecification\",\"valueRequired\":true,\"valueName\":\"search_term_string\"}}],\"inLanguage\":\"pt-BR\"},{\"@type\":\"Organization\",\"@id\":\"https:\\\/\\\/blogdofarnesio.com.br\\\/#organization\",\"name\":\"Blog do Farn\u00e9sio\",\"url\":\"https:\\\/\\\/blogdofarnesio.com.br\\\/\",\"logo\":{\"@type\":\"ImageObject\",\"inLanguage\":\"pt-BR\",\"@id\":\"https:\\\/\\\/blogdofarnesio.com.br\\\/#\\\/schema\\\/logo\\\/image\\\/\",\"url\":\"https:\\\/\\\/blogdofarnesio.com.br\\\/wp-content\\\/uploads\\\/2026\\\/03\\\/cropped-logo_new-1.png\",\"contentUrl\":\"https:\\\/\\\/blogdofarnesio.com.br\\\/wp-content\\\/uploads\\\/2026\\\/03\\\/cropped-logo_new-1.png\",\"width\":881,\"height\":685,\"caption\":\"Blog do Farn\u00e9sio\"},\"image\":{\"@id\":\"https:\\\/\\\/blogdofarnesio.com.br\\\/#\\\/schema\\\/logo\\\/image\\\/\"},\"sameAs\":[\"https:\\\/\\\/www.facebook.com\\\/BlogQuerSaberPolitica\\\/\"]},{\"@type\":\"Person\",\"@id\":\"https:\\\/\\\/blogdofarnesio.com.br\\\/#\\\/schema\\\/person\\\/dd1bf5eba40b687199ba45ca6b97dff9\",\"name\":\"teste\",\"image\":{\"@type\":\"ImageObject\",\"inLanguage\":\"pt-BR\",\"@id\":\"https:\\\/\\\/secure.gravatar.com\\\/avatar\\\/2172498d4914b51e1d89a0f97957b035ac4938723a5cac208135d389b6972a6d?s=96&d=mm&r=g\",\"url\":\"https:\\\/\\\/secure.gravatar.com\\\/avatar\\\/2172498d4914b51e1d89a0f97957b035ac4938723a5cac208135d389b6972a6d?s=96&d=mm&r=g\",\"contentUrl\":\"https:\\\/\\\/secure.gravatar.com\\\/avatar\\\/2172498d4914b51e1d89a0f97957b035ac4938723a5cac208135d389b6972a6d?s=96&d=mm&r=g\",\"caption\":\"teste\"},\"url\":\"https:\\\/\\\/blogdofarnesio.com.br\\\/?author=3\"}]}<\/script>\n<!-- \/ Yoast SEO plugin. -->","yoast_head_json":{"title":"MERCADO DO PRODUTOR DE JUAZEIRO PASSOU POR FAXINA NO FIM DE SEMANA - Blog do Farn\u00e9sio","robots":{"index":"index","follow":"follow","max-snippet":"max-snippet:-1","max-image-preview":"max-image-preview:large","max-video-preview":"max-video-preview:-1"},"canonical":"https:\/\/blogdofarnesio.com.br\/?p=97498","og_locale":"pt_BR","og_type":"article","og_title":"MERCADO DO PRODUTOR DE JUAZEIRO PASSOU POR FAXINA NO FIM DE SEMANA - Blog do Farn\u00e9sio","og_description":"Com a parceria da Secretaria de Servi\u00e7os P\u00fablicos (SESP) e do SAAE, foi realizado neste domingo (31), no Mercado do Produtor de Juazeiro, um mutir\u00e3o de limpeza nas depend\u00eancias do entreposto. \u00c0 medida que acontece mensalmente, visa garantir um ambiente mais limpo e adequado para a comercializa\u00e7\u00e3o de alimentos. Inicialmente o entreposto foi limpo por funcion\u00e1rios da prefeitura que tiveram o aux\u00edlio de equipamentos e m\u00e1quinas (retroescavadeira, ca\u00e7amba,)\u00a0para execu\u00e7\u00e3o do servi\u00e7o. Em seguida o recinto foi lavado com auxilio de um \u2018carro de jateamento\u2019. \u201c\u00c9 um trabalho que realizamos com muito gosto, unimos for\u00e7as com as demais secretarias e possibilitamos um ambiente mais adequado para os usu\u00e1rios do entreposto\u201d, destacou Laurindo da Silva Dias, encarregado do setor operacional do mercado.","og_url":"https:\/\/blogdofarnesio.com.br\/?p=97498","og_site_name":"Blog do Farn\u00e9sio","article_publisher":"https:\/\/www.facebook.com\/BlogQuerSaberPolitica\/","article_published_time":"2014-09-02T17:43:12+00:00","og_image":[{"url":"http:\/\/www.quersaberpolitica.com.br\/2016\/wp-content\/uploads\/2014\/09\/unnamed22-300x224.jpg","type":"","width":"","height":""}],"author":"teste","twitter_card":"summary_large_image","twitter_misc":{"Escrito por":"teste","Est. tempo de leitura":"1 minuto"},"schema":{"@context":"https:\/\/schema.org","@graph":[{"@type":"Article","@id":"https:\/\/blogdofarnesio.com.br\/?p=97498#article","isPartOf":{"@id":"https:\/\/blogdofarnesio.com.br\/?p=97498"},"author":{"name":"teste","@id":"https:\/\/blogdofarnesio.com.br\/#\/schema\/person\/dd1bf5eba40b687199ba45ca6b97dff9"},"headline":"MERCADO DO PRODUTOR DE JUAZEIRO PASSOU POR FAXINA NO FIM DE SEMANA","datePublished":"2014-09-02T17:43:12+00:00","mainEntityOfPage":{"@id":"https:\/\/blogdofarnesio.com.br\/?p=97498"},"wordCount":286,"commentCount":0,"publisher":{"@id":"https:\/\/blogdofarnesio.com.br\/#organization"},"image":{"@id":"https:\/\/blogdofarnesio.com.br\/?p=97498#primaryimage"},"thumbnailUrl":"http:\/\/www.quersaberpolitica.com.br\/2016\/wp-content\/uploads\/2014\/09\/unnamed22-300x224.jpg","articleSection":["Infraestrutura"],"inLanguage":"pt-BR","potentialAction":[{"@type":"CommentAction","name":"Comment","target":["https:\/\/blogdofarnesio.com.br\/?p=97498#respond"]}]},{"@type":"WebPage","@id":"https:\/\/blogdofarnesio.com.br\/?p=97498","url":"https:\/\/blogdofarnesio.com.br\/?p=97498","name":"MERCADO DO PRODUTOR DE JUAZEIRO PASSOU POR FAXINA NO FIM DE SEMANA - Blog do Farn\u00e9sio","isPartOf":{"@id":"https:\/\/blogdofarnesio.com.br\/#website"},"primaryImageOfPage":{"@id":"https:\/\/blogdofarnesio.com.br\/?p=97498#primaryimage"},"image":{"@id":"https:\/\/blogdofarnesio.com.br\/?p=97498#primaryimage"},"thumbnailUrl":"http:\/\/www.quersaberpolitica.com.br\/2016\/wp-content\/uploads\/2014\/09\/unnamed22-300x224.jpg","datePublished":"2014-09-02T17:43:12+00:00","breadcrumb":{"@id":"https:\/\/blogdofarnesio.com.br\/?p=97498#breadcrumb"},"inLanguage":"pt-BR","potentialAction":[{"@type":"ReadAction","target":["https:\/\/blogdofarnesio.com.br\/?p=97498"]}]},{"@type":"ImageObject","inLanguage":"pt-BR","@id":"https:\/\/blogdofarnesio.com.br\/?p=97498#primaryimage","url":"http:\/\/www.quersaberpolitica.com.br\/2016\/wp-content\/uploads\/2014\/09\/unnamed22-300x224.jpg","contentUrl":"http:\/\/www.quersaberpolitica.com.br\/2016\/wp-content\/uploads\/2014\/09\/unnamed22-300x224.jpg"},{"@type":"BreadcrumbList","@id":"https:\/\/blogdofarnesio.com.br\/?p=97498#breadcrumb","itemListElement":[{"@type":"ListItem","position":1,"name":"In\u00edcio","item":"https:\/\/blogdofarnesio.com.br\/"},{"@type":"ListItem","position":2,"name":"MERCADO DO PRODUTOR DE JUAZEIRO PASSOU POR FAXINA NO FIM DE SEMANA"}]},{"@type":"WebSite","@id":"https:\/\/blogdofarnesio.com.br\/#website","url":"https:\/\/blogdofarnesio.com.br\/","name":"Blog do Farn\u00e9sio","description":"Quer Saber Pol\u00edtica?","publisher":{"@id":"https:\/\/blogdofarnesio.com.br\/#organization"},"potentialAction":[{"@type":"SearchAction","target":{"@type":"EntryPoint","urlTemplate":"https:\/\/blogdofarnesio.com.br\/?s={search_term_string}"},"query-input":{"@type":"PropertyValueSpecification","valueRequired":true,"valueName":"search_term_string"}}],"inLanguage":"pt-BR"},{"@type":"Organization","@id":"https:\/\/blogdofarnesio.com.br\/#organization","name":"Blog do Farn\u00e9sio","url":"https:\/\/blogdofarnesio.com.br\/","logo":{"@type":"ImageObject","inLanguage":"pt-BR","@id":"https:\/\/blogdofarnesio.com.br\/#\/schema\/logo\/image\/","url":"https:\/\/blogdofarnesio.com.br\/wp-content\/uploads\/2026\/03\/cropped-logo_new-1.png","contentUrl":"https:\/\/blogdofarnesio.com.br\/wp-content\/uploads\/2026\/03\/cropped-logo_new-1.png","width":881,"height":685,"caption":"Blog do Farn\u00e9sio"},"image":{"@id":"https:\/\/blogdofarnesio.com.br\/#\/schema\/logo\/image\/"},"sameAs":["https:\/\/www.facebook.com\/BlogQuerSaberPolitica\/"]},{"@type":"Person","@id":"https:\/\/blogdofarnesio.com.br\/#\/schema\/person\/dd1bf5eba40b687199ba45ca6b97dff9","name":"teste","image":{"@type":"ImageObject","inLanguage":"pt-BR","@id":"https:\/\/secure.gravatar.com\/avatar\/2172498d4914b51e1d89a0f97957b035ac4938723a5cac208135d389b6972a6d?s=96&d=mm&r=g","url":"https:\/\/secure.gravatar.com\/avatar\/2172498d4914b51e1d89a0f97957b035ac4938723a5cac208135d389b6972a6d?s=96&d=mm&r=g","contentUrl":"https:\/\/secure.gravatar.com\/avatar\/2172498d4914b51e1d89a0f97957b035ac4938723a5cac208135d389b6972a6d?s=96&d=mm&r=g","caption":"teste"},"url":"https:\/\/blogdofarnesio.com.br\/?author=3"}]}},"_links":{"self":[{"href":"https:\/\/blogdofarnesio.com.br\/index.php?rest_route=\/wp\/v2\/posts\/97498","targetHints":{"allow":["GET"]}}],"collection":[{"href":"https:\/\/blogdofarnesio.com.br\/index.php?rest_route=\/wp\/v2\/posts"}],"about":[{"href":"https:\/\/blogdofarnesio.com.br\/index.php?rest_route=\/wp\/v2\/types\/post"}],"author":[{"embeddable":true,"href":"https:\/\/blogdofarnesio.com.br\/index.php?rest_route=\/wp\/v2\/users\/3"}],"replies":[{"embeddable":true,"href":"https:\/\/blogdofarnesio.com.br\/index.php?rest_route=%2Fwp%2Fv2%2Fcomments&post=97498"}],"version-history":[{"count":0,"href":"https:\/\/blogdofarnesio.com.br\/index.php?rest_route=\/wp\/v2\/posts\/97498\/revisions"}],"wp:attachment":[{"href":"https:\/\/blogdofarnesio.com.br\/index.php?rest_route=%2Fwp%2Fv2%2Fmedia&parent=97498"}],"wp:term":[{"taxonomy":"category","embeddable":true,"href":"https:\/\/blogdofarnesio.com.br\/index.php?rest_route=%2Fwp%2Fv2%2Fcategories&post=97498"},{"taxonomy":"post_tag","embeddable":true,"href":"https:\/\/blogdofarnesio.com.br\/index.php?rest_route=%2Fwp%2Fv2%2Ftags&post=97498"}],"curies":[{"name":"wp","href":"https:\/\/api.w.org\/{rel}","templated":true}]}}