{"id":96670,"date":"2014-08-26T19:00:19","date_gmt":"2014-08-26T22:00:19","guid":{"rendered":"http:\/\/www.quersaberpolitica.com.br\/?p=96670"},"modified":"2014-08-26T16:20:33","modified_gmt":"2014-08-26T19:20:33","slug":"debate-em-salvador-vai-avaliar-plano-nacional-de-banda-larga-no-nordeste","status":"publish","type":"post","link":"https:\/\/blogdofarnesio.com.br\/?p=96670","title":{"rendered":"DEBATE EM SALVADOR VAI AVALIAR PLANO NACIONAL DE BANDA LARGA NO NORDESTE"},"content":{"rendered":"<p style=\"text-align: justify\"><a href=\"http:\/\/www.quersaberpolitica.com.br\/2016\/wp-content\/uploads\/2014\/08\/unnamed365.jpg\"><img loading=\"lazy\" decoding=\"async\" class=\"aligncenter size-medium wp-image-96671\" alt=\"unnamed\" src=\"http:\/\/www.quersaberpolitica.com.br\/2016\/wp-content\/uploads\/2014\/08\/unnamed365-300x200.jpg\" width=\"300\" height=\"200\" srcset=\"https:\/\/blogdofarnesio.com.br\/wp-content\/uploads\/2014\/08\/unnamed365-300x200.jpg 300w, https:\/\/blogdofarnesio.com.br\/wp-content\/uploads\/2014\/08\/unnamed365.jpg 448w\" sizes=\"auto, (max-width: 300px) 100vw, 300px\" \/><\/a>Com o objetivo de avaliar o andamento do Plano Nacional de Banda Larga na regi\u00e3o Nordeste, representantes da Comiss\u00e3o de Ci\u00eancia e Tecnologia (CCT) do Senado estar\u00e3o em Salvador, nesta sexta-feira (29), para debater o assunto com governos, empresas, entidades sindicais e sociedade civil.<\/p>\n<p style=\"text-align: justify\">Membro da Comiss\u00e3o e especialista no setor, o senador Walter Pinheiro (PT-BA) foi um dos articuladores para que o debate ocorresse em Salvador \u2013 o primeiro encontro foi no estado do Acre, no m\u00eas passado, representando a regi\u00e3o Norte.<\/p>\n<p style=\"text-align: justify\">\u201cOs debates v\u00e3o subsidiar um relat\u00f3rio sobre essa que \u00e9 uma das pol\u00edticas p\u00fablicas mais estruturantes; a banda larga \u00e9 essencial para o desenvolvimento do Pa\u00eds\u201d, afirma Pinheiro, que estar\u00e1 na condu\u00e7\u00e3o da mesa de debates ao lado do senador Anibal Diniz (PT-AC).<\/p>\n<p style=\"text-align: justify\">Estar\u00e3o presentes representantes do Minist\u00e9rio das Comunica\u00e7\u00f5es, Anatel,\u00a0Telebr\u00e1s, Federa\u00e7\u00e3o das Ind\u00fastrias do Estado da Bahia (Fieb), Instituto de Defesa do Consumidor (IDEC), Sindicato Nacional das Empresas de Telefonia e de Servi\u00e7os M\u00f3vel Celular (Sinditelebrasil), UPB, entre outros.<!--more--><\/p>\n<p style=\"text-align: justify\"><span style=\"font-size: medium\">O evento, gratuito e sem inscri\u00e7\u00e3o pr\u00e9via, acontece, \u00e0s 10h30, no audit\u00f3rio Jutahy\u00a0 Magalh\u00e3es da Assembleia Legislativa da Bahia, no CAB. Antes, no mesmo local, o senador Pinheiro participa da 5\u00aa edi\u00e7\u00e3o do \u201cDi\u00e1logos de Comunica\u00e7\u00e3o\u201d, sobre o Marco Civil na Internet e o PNBL.<\/span><\/p>\n","protected":false},"excerpt":{"rendered":"<p>Com o objetivo de avaliar o andamento do Plano Nacional de Banda Larga na regi\u00e3o Nordeste, representantes da Comiss\u00e3o de Ci\u00eancia e Tecnologia (CCT) do Senado estar\u00e3o em Salvador, nesta sexta-feira (29), para debater o assunto com governos, empresas, entidades sindicais e sociedade civil. Membro da Comiss\u00e3o e especialista no setor, o senador Walter Pinheiro (PT-BA) foi um dos articuladores para que o debate ocorresse em Salvador \u2013 o primeiro encontro foi no estado do Acre, no m\u00eas passado, representando a regi\u00e3o Norte. \u201cOs debates v\u00e3o subsidiar um relat\u00f3rio sobre essa que \u00e9 uma das pol\u00edticas p\u00fablicas mais estruturantes; a banda larga \u00e9 essencial para o desenvolvimento do Pa\u00eds\u201d, afirma Pinheiro, que estar\u00e1 na condu\u00e7\u00e3o da mesa de debates ao&hellip; <\/p>\n","protected":false},"author":3,"featured_media":0,"comment_status":"open","ping_status":"open","sticky":false,"template":"","format":"standard","meta":{"_acf_changed":false,"footnotes":""},"categories":[35],"tags":[],"class_list":["post-96670","post","type-post","status-publish","format-standard","hentry","category-ti-internet"],"acf":[],"yoast_head":"<!-- This site is optimized with the Yoast SEO plugin v27.4 - https:\/\/yoast.com\/product\/yoast-seo-wordpress\/ -->\n<title>DEBATE EM SALVADOR VAI AVALIAR PLANO NACIONAL DE BANDA LARGA NO NORDESTE - Blog do Farn\u00e9sio<\/title>\n<meta name=\"robots\" content=\"index, follow, max-snippet:-1, max-image-preview:large, max-video-preview:-1\" \/>\n<link rel=\"canonical\" href=\"https:\/\/blogdofarnesio.com.br\/?p=96670\" \/>\n<meta property=\"og:locale\" content=\"pt_BR\" \/>\n<meta property=\"og:type\" content=\"article\" \/>\n<meta property=\"og:title\" content=\"DEBATE EM SALVADOR VAI AVALIAR PLANO NACIONAL DE BANDA LARGA NO NORDESTE - Blog do Farn\u00e9sio\" \/>\n<meta property=\"og:description\" content=\"Com o objetivo de avaliar o andamento do Plano Nacional de Banda Larga na regi\u00e3o Nordeste, representantes da Comiss\u00e3o de Ci\u00eancia e Tecnologia (CCT) do Senado estar\u00e3o em Salvador, nesta sexta-feira (29), para debater o assunto com governos, empresas, entidades sindicais e sociedade civil. Membro da Comiss\u00e3o e especialista no setor, o senador Walter Pinheiro (PT-BA) foi um dos articuladores para que o debate ocorresse em Salvador \u2013 o primeiro encontro foi no estado do Acre, no m\u00eas passado, representando a regi\u00e3o Norte. \u201cOs debates v\u00e3o subsidiar um relat\u00f3rio sobre essa que \u00e9 uma das pol\u00edticas p\u00fablicas mais estruturantes; a banda larga \u00e9 essencial para o desenvolvimento do Pa\u00eds\u201d, afirma Pinheiro, que estar\u00e1 na condu\u00e7\u00e3o da mesa de debates ao&hellip;\" \/>\n<meta property=\"og:url\" content=\"https:\/\/blogdofarnesio.com.br\/?p=96670\" \/>\n<meta property=\"og:site_name\" content=\"Blog do Farn\u00e9sio\" \/>\n<meta property=\"article:publisher\" content=\"https:\/\/www.facebook.com\/BlogQuerSaberPolitica\/\" \/>\n<meta property=\"article:published_time\" content=\"2014-08-26T22:00:19+00:00\" \/>\n<meta property=\"og:image\" content=\"http:\/\/www.quersaberpolitica.com.br\/2016\/wp-content\/uploads\/2014\/08\/unnamed365-300x200.jpg\" \/>\n<meta name=\"author\" content=\"teste\" \/>\n<meta name=\"twitter:card\" content=\"summary_large_image\" \/>\n<meta name=\"twitter:label1\" content=\"Escrito por\" \/>\n\t<meta name=\"twitter:data1\" content=\"teste\" \/>\n\t<meta name=\"twitter:label2\" content=\"Est. tempo de leitura\" \/>\n\t<meta name=\"twitter:data2\" content=\"1 minuto\" \/>\n<script type=\"application\/ld+json\" class=\"yoast-schema-graph\">{\"@context\":\"https:\\\/\\\/schema.org\",\"@graph\":[{\"@type\":\"Article\",\"@id\":\"https:\\\/\\\/blogdofarnesio.com.br\\\/?p=96670#article\",\"isPartOf\":{\"@id\":\"https:\\\/\\\/blogdofarnesio.com.br\\\/?p=96670\"},\"author\":{\"name\":\"teste\",\"@id\":\"https:\\\/\\\/blogdofarnesio.com.br\\\/#\\\/schema\\\/person\\\/dd1bf5eba40b687199ba45ca6b97dff9\"},\"headline\":\"DEBATE EM SALVADOR VAI AVALIAR PLANO NACIONAL DE BANDA LARGA NO NORDESTE\",\"datePublished\":\"2014-08-26T22:00:19+00:00\",\"mainEntityOfPage\":{\"@id\":\"https:\\\/\\\/blogdofarnesio.com.br\\\/?p=96670\"},\"wordCount\":244,\"commentCount\":0,\"publisher\":{\"@id\":\"https:\\\/\\\/blogdofarnesio.com.br\\\/#organization\"},\"image\":{\"@id\":\"https:\\\/\\\/blogdofarnesio.com.br\\\/?p=96670#primaryimage\"},\"thumbnailUrl\":\"http:\\\/\\\/www.quersaberpolitica.com.br\\\/2016\\\/wp-content\\\/uploads\\\/2014\\\/08\\\/unnamed365-300x200.jpg\",\"articleSection\":[\"T.I. (INTERNET)\"],\"inLanguage\":\"pt-BR\",\"potentialAction\":[{\"@type\":\"CommentAction\",\"name\":\"Comment\",\"target\":[\"https:\\\/\\\/blogdofarnesio.com.br\\\/?p=96670#respond\"]}]},{\"@type\":\"WebPage\",\"@id\":\"https:\\\/\\\/blogdofarnesio.com.br\\\/?p=96670\",\"url\":\"https:\\\/\\\/blogdofarnesio.com.br\\\/?p=96670\",\"name\":\"DEBATE EM SALVADOR VAI AVALIAR PLANO NACIONAL DE BANDA LARGA NO NORDESTE - Blog do Farn\u00e9sio\",\"isPartOf\":{\"@id\":\"https:\\\/\\\/blogdofarnesio.com.br\\\/#website\"},\"primaryImageOfPage\":{\"@id\":\"https:\\\/\\\/blogdofarnesio.com.br\\\/?p=96670#primaryimage\"},\"image\":{\"@id\":\"https:\\\/\\\/blogdofarnesio.com.br\\\/?p=96670#primaryimage\"},\"thumbnailUrl\":\"http:\\\/\\\/www.quersaberpolitica.com.br\\\/2016\\\/wp-content\\\/uploads\\\/2014\\\/08\\\/unnamed365-300x200.jpg\",\"datePublished\":\"2014-08-26T22:00:19+00:00\",\"breadcrumb\":{\"@id\":\"https:\\\/\\\/blogdofarnesio.com.br\\\/?p=96670#breadcrumb\"},\"inLanguage\":\"pt-BR\",\"potentialAction\":[{\"@type\":\"ReadAction\",\"target\":[\"https:\\\/\\\/blogdofarnesio.com.br\\\/?p=96670\"]}]},{\"@type\":\"ImageObject\",\"inLanguage\":\"pt-BR\",\"@id\":\"https:\\\/\\\/blogdofarnesio.com.br\\\/?p=96670#primaryimage\",\"url\":\"http:\\\/\\\/www.quersaberpolitica.com.br\\\/2016\\\/wp-content\\\/uploads\\\/2014\\\/08\\\/unnamed365-300x200.jpg\",\"contentUrl\":\"http:\\\/\\\/www.quersaberpolitica.com.br\\\/2016\\\/wp-content\\\/uploads\\\/2014\\\/08\\\/unnamed365-300x200.jpg\"},{\"@type\":\"BreadcrumbList\",\"@id\":\"https:\\\/\\\/blogdofarnesio.com.br\\\/?p=96670#breadcrumb\",\"itemListElement\":[{\"@type\":\"ListItem\",\"position\":1,\"name\":\"In\u00edcio\",\"item\":\"https:\\\/\\\/blogdofarnesio.com.br\\\/\"},{\"@type\":\"ListItem\",\"position\":2,\"name\":\"DEBATE EM SALVADOR VAI AVALIAR PLANO NACIONAL DE BANDA LARGA NO NORDESTE\"}]},{\"@type\":\"WebSite\",\"@id\":\"https:\\\/\\\/blogdofarnesio.com.br\\\/#website\",\"url\":\"https:\\\/\\\/blogdofarnesio.com.br\\\/\",\"name\":\"Blog do Farn\u00e9sio\",\"description\":\"Quer Saber Pol\u00edtica?\",\"publisher\":{\"@id\":\"https:\\\/\\\/blogdofarnesio.com.br\\\/#organization\"},\"potentialAction\":[{\"@type\":\"SearchAction\",\"target\":{\"@type\":\"EntryPoint\",\"urlTemplate\":\"https:\\\/\\\/blogdofarnesio.com.br\\\/?s={search_term_string}\"},\"query-input\":{\"@type\":\"PropertyValueSpecification\",\"valueRequired\":true,\"valueName\":\"search_term_string\"}}],\"inLanguage\":\"pt-BR\"},{\"@type\":\"Organization\",\"@id\":\"https:\\\/\\\/blogdofarnesio.com.br\\\/#organization\",\"name\":\"Blog do Farn\u00e9sio\",\"url\":\"https:\\\/\\\/blogdofarnesio.com.br\\\/\",\"logo\":{\"@type\":\"ImageObject\",\"inLanguage\":\"pt-BR\",\"@id\":\"https:\\\/\\\/blogdofarnesio.com.br\\\/#\\\/schema\\\/logo\\\/image\\\/\",\"url\":\"https:\\\/\\\/blogdofarnesio.com.br\\\/wp-content\\\/uploads\\\/2026\\\/03\\\/cropped-logo_new-1.png\",\"contentUrl\":\"https:\\\/\\\/blogdofarnesio.com.br\\\/wp-content\\\/uploads\\\/2026\\\/03\\\/cropped-logo_new-1.png\",\"width\":881,\"height\":685,\"caption\":\"Blog do Farn\u00e9sio\"},\"image\":{\"@id\":\"https:\\\/\\\/blogdofarnesio.com.br\\\/#\\\/schema\\\/logo\\\/image\\\/\"},\"sameAs\":[\"https:\\\/\\\/www.facebook.com\\\/BlogQuerSaberPolitica\\\/\"]},{\"@type\":\"Person\",\"@id\":\"https:\\\/\\\/blogdofarnesio.com.br\\\/#\\\/schema\\\/person\\\/dd1bf5eba40b687199ba45ca6b97dff9\",\"name\":\"teste\",\"image\":{\"@type\":\"ImageObject\",\"inLanguage\":\"pt-BR\",\"@id\":\"https:\\\/\\\/secure.gravatar.com\\\/avatar\\\/2172498d4914b51e1d89a0f97957b035ac4938723a5cac208135d389b6972a6d?s=96&d=mm&r=g\",\"url\":\"https:\\\/\\\/secure.gravatar.com\\\/avatar\\\/2172498d4914b51e1d89a0f97957b035ac4938723a5cac208135d389b6972a6d?s=96&d=mm&r=g\",\"contentUrl\":\"https:\\\/\\\/secure.gravatar.com\\\/avatar\\\/2172498d4914b51e1d89a0f97957b035ac4938723a5cac208135d389b6972a6d?s=96&d=mm&r=g\",\"caption\":\"teste\"},\"url\":\"https:\\\/\\\/blogdofarnesio.com.br\\\/?author=3\"}]}<\/script>\n<!-- \/ Yoast SEO plugin. -->","yoast_head_json":{"title":"DEBATE EM SALVADOR VAI AVALIAR PLANO NACIONAL DE BANDA LARGA NO NORDESTE - Blog do Farn\u00e9sio","robots":{"index":"index","follow":"follow","max-snippet":"max-snippet:-1","max-image-preview":"max-image-preview:large","max-video-preview":"max-video-preview:-1"},"canonical":"https:\/\/blogdofarnesio.com.br\/?p=96670","og_locale":"pt_BR","og_type":"article","og_title":"DEBATE EM SALVADOR VAI AVALIAR PLANO NACIONAL DE BANDA LARGA NO NORDESTE - Blog do Farn\u00e9sio","og_description":"Com o objetivo de avaliar o andamento do Plano Nacional de Banda Larga na regi\u00e3o Nordeste, representantes da Comiss\u00e3o de Ci\u00eancia e Tecnologia (CCT) do Senado estar\u00e3o em Salvador, nesta sexta-feira (29), para debater o assunto com governos, empresas, entidades sindicais e sociedade civil. Membro da Comiss\u00e3o e especialista no setor, o senador Walter Pinheiro (PT-BA) foi um dos articuladores para que o debate ocorresse em Salvador \u2013 o primeiro encontro foi no estado do Acre, no m\u00eas passado, representando a regi\u00e3o Norte. \u201cOs debates v\u00e3o subsidiar um relat\u00f3rio sobre essa que \u00e9 uma das pol\u00edticas p\u00fablicas mais estruturantes; a banda larga \u00e9 essencial para o desenvolvimento do Pa\u00eds\u201d, afirma Pinheiro, que estar\u00e1 na condu\u00e7\u00e3o da mesa de debates ao&hellip;","og_url":"https:\/\/blogdofarnesio.com.br\/?p=96670","og_site_name":"Blog do Farn\u00e9sio","article_publisher":"https:\/\/www.facebook.com\/BlogQuerSaberPolitica\/","article_published_time":"2014-08-26T22:00:19+00:00","og_image":[{"url":"http:\/\/www.quersaberpolitica.com.br\/2016\/wp-content\/uploads\/2014\/08\/unnamed365-300x200.jpg","type":"","width":"","height":""}],"author":"teste","twitter_card":"summary_large_image","twitter_misc":{"Escrito por":"teste","Est. tempo de leitura":"1 minuto"},"schema":{"@context":"https:\/\/schema.org","@graph":[{"@type":"Article","@id":"https:\/\/blogdofarnesio.com.br\/?p=96670#article","isPartOf":{"@id":"https:\/\/blogdofarnesio.com.br\/?p=96670"},"author":{"name":"teste","@id":"https:\/\/blogdofarnesio.com.br\/#\/schema\/person\/dd1bf5eba40b687199ba45ca6b97dff9"},"headline":"DEBATE EM SALVADOR VAI AVALIAR PLANO NACIONAL DE BANDA LARGA NO NORDESTE","datePublished":"2014-08-26T22:00:19+00:00","mainEntityOfPage":{"@id":"https:\/\/blogdofarnesio.com.br\/?p=96670"},"wordCount":244,"commentCount":0,"publisher":{"@id":"https:\/\/blogdofarnesio.com.br\/#organization"},"image":{"@id":"https:\/\/blogdofarnesio.com.br\/?p=96670#primaryimage"},"thumbnailUrl":"http:\/\/www.quersaberpolitica.com.br\/2016\/wp-content\/uploads\/2014\/08\/unnamed365-300x200.jpg","articleSection":["T.I. (INTERNET)"],"inLanguage":"pt-BR","potentialAction":[{"@type":"CommentAction","name":"Comment","target":["https:\/\/blogdofarnesio.com.br\/?p=96670#respond"]}]},{"@type":"WebPage","@id":"https:\/\/blogdofarnesio.com.br\/?p=96670","url":"https:\/\/blogdofarnesio.com.br\/?p=96670","name":"DEBATE EM SALVADOR VAI AVALIAR PLANO NACIONAL DE BANDA LARGA NO NORDESTE - Blog do Farn\u00e9sio","isPartOf":{"@id":"https:\/\/blogdofarnesio.com.br\/#website"},"primaryImageOfPage":{"@id":"https:\/\/blogdofarnesio.com.br\/?p=96670#primaryimage"},"image":{"@id":"https:\/\/blogdofarnesio.com.br\/?p=96670#primaryimage"},"thumbnailUrl":"http:\/\/www.quersaberpolitica.com.br\/2016\/wp-content\/uploads\/2014\/08\/unnamed365-300x200.jpg","datePublished":"2014-08-26T22:00:19+00:00","breadcrumb":{"@id":"https:\/\/blogdofarnesio.com.br\/?p=96670#breadcrumb"},"inLanguage":"pt-BR","potentialAction":[{"@type":"ReadAction","target":["https:\/\/blogdofarnesio.com.br\/?p=96670"]}]},{"@type":"ImageObject","inLanguage":"pt-BR","@id":"https:\/\/blogdofarnesio.com.br\/?p=96670#primaryimage","url":"http:\/\/www.quersaberpolitica.com.br\/2016\/wp-content\/uploads\/2014\/08\/unnamed365-300x200.jpg","contentUrl":"http:\/\/www.quersaberpolitica.com.br\/2016\/wp-content\/uploads\/2014\/08\/unnamed365-300x200.jpg"},{"@type":"BreadcrumbList","@id":"https:\/\/blogdofarnesio.com.br\/?p=96670#breadcrumb","itemListElement":[{"@type":"ListItem","position":1,"name":"In\u00edcio","item":"https:\/\/blogdofarnesio.com.br\/"},{"@type":"ListItem","position":2,"name":"DEBATE EM SALVADOR VAI AVALIAR PLANO NACIONAL DE BANDA LARGA NO NORDESTE"}]},{"@type":"WebSite","@id":"https:\/\/blogdofarnesio.com.br\/#website","url":"https:\/\/blogdofarnesio.com.br\/","name":"Blog do Farn\u00e9sio","description":"Quer Saber Pol\u00edtica?","publisher":{"@id":"https:\/\/blogdofarnesio.com.br\/#organization"},"potentialAction":[{"@type":"SearchAction","target":{"@type":"EntryPoint","urlTemplate":"https:\/\/blogdofarnesio.com.br\/?s={search_term_string}"},"query-input":{"@type":"PropertyValueSpecification","valueRequired":true,"valueName":"search_term_string"}}],"inLanguage":"pt-BR"},{"@type":"Organization","@id":"https:\/\/blogdofarnesio.com.br\/#organization","name":"Blog do Farn\u00e9sio","url":"https:\/\/blogdofarnesio.com.br\/","logo":{"@type":"ImageObject","inLanguage":"pt-BR","@id":"https:\/\/blogdofarnesio.com.br\/#\/schema\/logo\/image\/","url":"https:\/\/blogdofarnesio.com.br\/wp-content\/uploads\/2026\/03\/cropped-logo_new-1.png","contentUrl":"https:\/\/blogdofarnesio.com.br\/wp-content\/uploads\/2026\/03\/cropped-logo_new-1.png","width":881,"height":685,"caption":"Blog do Farn\u00e9sio"},"image":{"@id":"https:\/\/blogdofarnesio.com.br\/#\/schema\/logo\/image\/"},"sameAs":["https:\/\/www.facebook.com\/BlogQuerSaberPolitica\/"]},{"@type":"Person","@id":"https:\/\/blogdofarnesio.com.br\/#\/schema\/person\/dd1bf5eba40b687199ba45ca6b97dff9","name":"teste","image":{"@type":"ImageObject","inLanguage":"pt-BR","@id":"https:\/\/secure.gravatar.com\/avatar\/2172498d4914b51e1d89a0f97957b035ac4938723a5cac208135d389b6972a6d?s=96&d=mm&r=g","url":"https:\/\/secure.gravatar.com\/avatar\/2172498d4914b51e1d89a0f97957b035ac4938723a5cac208135d389b6972a6d?s=96&d=mm&r=g","contentUrl":"https:\/\/secure.gravatar.com\/avatar\/2172498d4914b51e1d89a0f97957b035ac4938723a5cac208135d389b6972a6d?s=96&d=mm&r=g","caption":"teste"},"url":"https:\/\/blogdofarnesio.com.br\/?author=3"}]}},"_links":{"self":[{"href":"https:\/\/blogdofarnesio.com.br\/index.php?rest_route=\/wp\/v2\/posts\/96670","targetHints":{"allow":["GET"]}}],"collection":[{"href":"https:\/\/blogdofarnesio.com.br\/index.php?rest_route=\/wp\/v2\/posts"}],"about":[{"href":"https:\/\/blogdofarnesio.com.br\/index.php?rest_route=\/wp\/v2\/types\/post"}],"author":[{"embeddable":true,"href":"https:\/\/blogdofarnesio.com.br\/index.php?rest_route=\/wp\/v2\/users\/3"}],"replies":[{"embeddable":true,"href":"https:\/\/blogdofarnesio.com.br\/index.php?rest_route=%2Fwp%2Fv2%2Fcomments&post=96670"}],"version-history":[{"count":0,"href":"https:\/\/blogdofarnesio.com.br\/index.php?rest_route=\/wp\/v2\/posts\/96670\/revisions"}],"wp:attachment":[{"href":"https:\/\/blogdofarnesio.com.br\/index.php?rest_route=%2Fwp%2Fv2%2Fmedia&parent=96670"}],"wp:term":[{"taxonomy":"category","embeddable":true,"href":"https:\/\/blogdofarnesio.com.br\/index.php?rest_route=%2Fwp%2Fv2%2Fcategories&post=96670"},{"taxonomy":"post_tag","embeddable":true,"href":"https:\/\/blogdofarnesio.com.br\/index.php?rest_route=%2Fwp%2Fv2%2Ftags&post=96670"}],"curies":[{"name":"wp","href":"https:\/\/api.w.org\/{rel}","templated":true}]}}