{"id":96618,"date":"2014-08-26T20:00:17","date_gmt":"2014-08-26T23:00:17","guid":{"rendered":"http:\/\/www.quersaberpolitica.com.br\/?p=96618"},"modified":"2014-08-26T16:25:45","modified_gmt":"2014-08-26T19:25:45","slug":"policia-militar-derruba-boca-de-fumo-em-manicoba-e-prende-traficantes","status":"publish","type":"post","link":"https:\/\/blogdofarnesio.com.br\/?p=96618","title":{"rendered":"POL\u00cdCIA MILITAR &#8220;DERRUBA&#8221; QUADRILHA DE TRAFICANTES EM MANI\u00c7OBA"},"content":{"rendered":"<p style=\"text-align: justify\"><a href=\"http:\/\/www.quersaberpolitica.com.br\/2016\/wp-content\/uploads\/2014\/08\/unnamed357.jpg\"><img loading=\"lazy\" decoding=\"async\" class=\"size-full wp-image-96619 alignleft\" alt=\"unnamed\" src=\"http:\/\/www.quersaberpolitica.com.br\/2016\/wp-content\/uploads\/2014\/08\/unnamed357.jpg\" width=\"285\" height=\"281\" \/><\/a>A 75\u00aa Companhia de Policia Militar, sob o Comando do Tenente Coronel Sampaio, apreendeu, nesta segunda-feira (25) por volta das 21hs, na localidade de Conhas,\u00a0 Distrito de Mani\u00e7oba, 30 quilos de maconha e desarticulou uma quadrilha\u00a0 de tr\u00e1fico de drogas.<\/p>\n<p style=\"text-align: justify\">Duas pessoas foram presas, Josienio Evangelista de Souza, natural de Oroc\u00f3 &#8211; Pe e Alexsandro \u00a0Xavier dos Santos, residente em Juazeiro \u2013 Ba.<\/p>\n<p style=\"text-align: justify\">A Guarni\u00e7\u00e3o\u00a0 do Distrito de Mani\u00e7oba realizando rondas e abordagens no per\u00edmetro do distrito ao avistar um GOL BRANCO DE PLACA JVC 8962 BA, TAXI, em atitude suspeita procederam com abordagem e ap\u00f3s acompanhamento t\u00e1tico, os policiais encontraram no porta mala do citado veiculo 24 tabletes de maconha. A droga pesou cerca de 30 quilos. O entorpecente foi entregue na Delegacia de Policia Civil local.<\/p>\n<p style=\"text-align: justify\">Segundo a pol\u00edcia, os traficantes atuavam em todo o Distrito. O Oficial de Opera\u00e7\u00f5es o Aspirante Bastos disse ainda que a Policia Militar continuar\u00e1 abordando e investiga\u00e7\u00f5es para desarticular outras quadrilhas especializadas em tr\u00e1fico de drogas no Distrito de Mani\u00e7oba e regi\u00e3o. Oportunidade em o Oficial de Opera\u00e7\u00f5es o Aspirante Bastos parabeniza a Guarni\u00e7\u00e3o comandada pelo SD PM Edson de Jesus pelo bel\u00edssimo trabalho demonstrando assim comprometimento e zelo com a sociedade Juazeirense.<\/p>\n","protected":false},"excerpt":{"rendered":"<p>A 75\u00aa Companhia de Policia Militar, sob o Comando do Tenente Coronel Sampaio, apreendeu, nesta segunda-feira (25) por volta das 21hs, na localidade de Conhas,\u00a0 Distrito de Mani\u00e7oba, 30 quilos de maconha e desarticulou uma quadrilha\u00a0 de tr\u00e1fico de drogas. Duas pessoas foram presas, Josienio Evangelista de Souza, natural de Oroc\u00f3 &#8211; Pe e Alexsandro \u00a0Xavier dos Santos, residente em Juazeiro \u2013 Ba. A Guarni\u00e7\u00e3o\u00a0 do Distrito de Mani\u00e7oba realizando rondas e abordagens no per\u00edmetro do distrito ao avistar um GOL BRANCO DE PLACA JVC 8962 BA, TAXI, em atitude suspeita procederam com abordagem e ap\u00f3s acompanhamento t\u00e1tico, os policiais encontraram no porta mala do citado veiculo 24 tabletes de maconha. A droga pesou cerca de 30 quilos. O entorpecente&hellip; <\/p>\n","protected":false},"author":3,"featured_media":0,"comment_status":"open","ping_status":"open","sticky":false,"template":"","format":"standard","meta":{"_acf_changed":false,"footnotes":""},"categories":[9],"tags":[],"class_list":["post-96618","post","type-post","status-publish","format-standard","hentry","category-policia"],"acf":[],"yoast_head":"<!-- This site is optimized with the Yoast SEO plugin v27.4 - https:\/\/yoast.com\/product\/yoast-seo-wordpress\/ -->\n<title>POL\u00cdCIA MILITAR &quot;DERRUBA&quot; QUADRILHA DE TRAFICANTES EM MANI\u00c7OBA - Blog do Farn\u00e9sio<\/title>\n<meta name=\"robots\" content=\"index, follow, max-snippet:-1, max-image-preview:large, max-video-preview:-1\" \/>\n<link rel=\"canonical\" href=\"https:\/\/blogdofarnesio.com.br\/?p=96618\" \/>\n<meta property=\"og:locale\" content=\"pt_BR\" \/>\n<meta property=\"og:type\" content=\"article\" \/>\n<meta property=\"og:title\" content=\"POL\u00cdCIA MILITAR &quot;DERRUBA&quot; QUADRILHA DE TRAFICANTES EM MANI\u00c7OBA - Blog do Farn\u00e9sio\" \/>\n<meta property=\"og:description\" content=\"A 75\u00aa Companhia de Policia Militar, sob o Comando do Tenente Coronel Sampaio, apreendeu, nesta segunda-feira (25) por volta das 21hs, na localidade de Conhas,\u00a0 Distrito de Mani\u00e7oba, 30 quilos de maconha e desarticulou uma quadrilha\u00a0 de tr\u00e1fico de drogas. Duas pessoas foram presas, Josienio Evangelista de Souza, natural de Oroc\u00f3 &#8211; Pe e Alexsandro \u00a0Xavier dos Santos, residente em Juazeiro \u2013 Ba. A Guarni\u00e7\u00e3o\u00a0 do Distrito de Mani\u00e7oba realizando rondas e abordagens no per\u00edmetro do distrito ao avistar um GOL BRANCO DE PLACA JVC 8962 BA, TAXI, em atitude suspeita procederam com abordagem e ap\u00f3s acompanhamento t\u00e1tico, os policiais encontraram no porta mala do citado veiculo 24 tabletes de maconha. A droga pesou cerca de 30 quilos. O entorpecente&hellip;\" \/>\n<meta property=\"og:url\" content=\"https:\/\/blogdofarnesio.com.br\/?p=96618\" \/>\n<meta property=\"og:site_name\" content=\"Blog do Farn\u00e9sio\" \/>\n<meta property=\"article:publisher\" content=\"https:\/\/www.facebook.com\/BlogQuerSaberPolitica\/\" \/>\n<meta property=\"article:published_time\" content=\"2014-08-26T23:00:17+00:00\" \/>\n<meta property=\"og:image\" content=\"http:\/\/www.quersaberpolitica.com.br\/2016\/wp-content\/uploads\/2014\/08\/unnamed357.jpg\" \/>\n<meta name=\"author\" content=\"teste\" \/>\n<meta name=\"twitter:card\" content=\"summary_large_image\" \/>\n<meta name=\"twitter:label1\" content=\"Escrito por\" \/>\n\t<meta name=\"twitter:data1\" content=\"teste\" \/>\n\t<meta name=\"twitter:label2\" content=\"Est. tempo de leitura\" \/>\n\t<meta name=\"twitter:data2\" content=\"1 minuto\" \/>\n<script type=\"application\/ld+json\" class=\"yoast-schema-graph\">{\"@context\":\"https:\\\/\\\/schema.org\",\"@graph\":[{\"@type\":\"Article\",\"@id\":\"https:\\\/\\\/blogdofarnesio.com.br\\\/?p=96618#article\",\"isPartOf\":{\"@id\":\"https:\\\/\\\/blogdofarnesio.com.br\\\/?p=96618\"},\"author\":{\"name\":\"teste\",\"@id\":\"https:\\\/\\\/blogdofarnesio.com.br\\\/#\\\/schema\\\/person\\\/dd1bf5eba40b687199ba45ca6b97dff9\"},\"headline\":\"POL\u00cdCIA MILITAR &#8220;DERRUBA&#8221; QUADRILHA DE TRAFICANTES EM MANI\u00c7OBA\",\"datePublished\":\"2014-08-26T23:00:17+00:00\",\"mainEntityOfPage\":{\"@id\":\"https:\\\/\\\/blogdofarnesio.com.br\\\/?p=96618\"},\"wordCount\":220,\"commentCount\":0,\"publisher\":{\"@id\":\"https:\\\/\\\/blogdofarnesio.com.br\\\/#organization\"},\"image\":{\"@id\":\"https:\\\/\\\/blogdofarnesio.com.br\\\/?p=96618#primaryimage\"},\"thumbnailUrl\":\"http:\\\/\\\/www.quersaberpolitica.com.br\\\/2016\\\/wp-content\\\/uploads\\\/2014\\\/08\\\/unnamed357.jpg\",\"articleSection\":[\"Pol\u00edcia\"],\"inLanguage\":\"pt-BR\",\"potentialAction\":[{\"@type\":\"CommentAction\",\"name\":\"Comment\",\"target\":[\"https:\\\/\\\/blogdofarnesio.com.br\\\/?p=96618#respond\"]}]},{\"@type\":\"WebPage\",\"@id\":\"https:\\\/\\\/blogdofarnesio.com.br\\\/?p=96618\",\"url\":\"https:\\\/\\\/blogdofarnesio.com.br\\\/?p=96618\",\"name\":\"POL\u00cdCIA MILITAR \\\"DERRUBA\\\" QUADRILHA DE TRAFICANTES EM MANI\u00c7OBA - Blog do Farn\u00e9sio\",\"isPartOf\":{\"@id\":\"https:\\\/\\\/blogdofarnesio.com.br\\\/#website\"},\"primaryImageOfPage\":{\"@id\":\"https:\\\/\\\/blogdofarnesio.com.br\\\/?p=96618#primaryimage\"},\"image\":{\"@id\":\"https:\\\/\\\/blogdofarnesio.com.br\\\/?p=96618#primaryimage\"},\"thumbnailUrl\":\"http:\\\/\\\/www.quersaberpolitica.com.br\\\/2016\\\/wp-content\\\/uploads\\\/2014\\\/08\\\/unnamed357.jpg\",\"datePublished\":\"2014-08-26T23:00:17+00:00\",\"breadcrumb\":{\"@id\":\"https:\\\/\\\/blogdofarnesio.com.br\\\/?p=96618#breadcrumb\"},\"inLanguage\":\"pt-BR\",\"potentialAction\":[{\"@type\":\"ReadAction\",\"target\":[\"https:\\\/\\\/blogdofarnesio.com.br\\\/?p=96618\"]}]},{\"@type\":\"ImageObject\",\"inLanguage\":\"pt-BR\",\"@id\":\"https:\\\/\\\/blogdofarnesio.com.br\\\/?p=96618#primaryimage\",\"url\":\"http:\\\/\\\/www.quersaberpolitica.com.br\\\/2016\\\/wp-content\\\/uploads\\\/2014\\\/08\\\/unnamed357.jpg\",\"contentUrl\":\"http:\\\/\\\/www.quersaberpolitica.com.br\\\/2016\\\/wp-content\\\/uploads\\\/2014\\\/08\\\/unnamed357.jpg\"},{\"@type\":\"BreadcrumbList\",\"@id\":\"https:\\\/\\\/blogdofarnesio.com.br\\\/?p=96618#breadcrumb\",\"itemListElement\":[{\"@type\":\"ListItem\",\"position\":1,\"name\":\"In\u00edcio\",\"item\":\"https:\\\/\\\/blogdofarnesio.com.br\\\/\"},{\"@type\":\"ListItem\",\"position\":2,\"name\":\"POL\u00cdCIA MILITAR &#8220;DERRUBA&#8221; QUADRILHA DE TRAFICANTES EM MANI\u00c7OBA\"}]},{\"@type\":\"WebSite\",\"@id\":\"https:\\\/\\\/blogdofarnesio.com.br\\\/#website\",\"url\":\"https:\\\/\\\/blogdofarnesio.com.br\\\/\",\"name\":\"Blog do Farn\u00e9sio\",\"description\":\"Quer Saber Pol\u00edtica?\",\"publisher\":{\"@id\":\"https:\\\/\\\/blogdofarnesio.com.br\\\/#organization\"},\"potentialAction\":[{\"@type\":\"SearchAction\",\"target\":{\"@type\":\"EntryPoint\",\"urlTemplate\":\"https:\\\/\\\/blogdofarnesio.com.br\\\/?s={search_term_string}\"},\"query-input\":{\"@type\":\"PropertyValueSpecification\",\"valueRequired\":true,\"valueName\":\"search_term_string\"}}],\"inLanguage\":\"pt-BR\"},{\"@type\":\"Organization\",\"@id\":\"https:\\\/\\\/blogdofarnesio.com.br\\\/#organization\",\"name\":\"Blog do Farn\u00e9sio\",\"url\":\"https:\\\/\\\/blogdofarnesio.com.br\\\/\",\"logo\":{\"@type\":\"ImageObject\",\"inLanguage\":\"pt-BR\",\"@id\":\"https:\\\/\\\/blogdofarnesio.com.br\\\/#\\\/schema\\\/logo\\\/image\\\/\",\"url\":\"https:\\\/\\\/blogdofarnesio.com.br\\\/wp-content\\\/uploads\\\/2026\\\/03\\\/cropped-logo_new-1.png\",\"contentUrl\":\"https:\\\/\\\/blogdofarnesio.com.br\\\/wp-content\\\/uploads\\\/2026\\\/03\\\/cropped-logo_new-1.png\",\"width\":881,\"height\":685,\"caption\":\"Blog do Farn\u00e9sio\"},\"image\":{\"@id\":\"https:\\\/\\\/blogdofarnesio.com.br\\\/#\\\/schema\\\/logo\\\/image\\\/\"},\"sameAs\":[\"https:\\\/\\\/www.facebook.com\\\/BlogQuerSaberPolitica\\\/\"]},{\"@type\":\"Person\",\"@id\":\"https:\\\/\\\/blogdofarnesio.com.br\\\/#\\\/schema\\\/person\\\/dd1bf5eba40b687199ba45ca6b97dff9\",\"name\":\"teste\",\"image\":{\"@type\":\"ImageObject\",\"inLanguage\":\"pt-BR\",\"@id\":\"https:\\\/\\\/secure.gravatar.com\\\/avatar\\\/2172498d4914b51e1d89a0f97957b035ac4938723a5cac208135d389b6972a6d?s=96&d=mm&r=g\",\"url\":\"https:\\\/\\\/secure.gravatar.com\\\/avatar\\\/2172498d4914b51e1d89a0f97957b035ac4938723a5cac208135d389b6972a6d?s=96&d=mm&r=g\",\"contentUrl\":\"https:\\\/\\\/secure.gravatar.com\\\/avatar\\\/2172498d4914b51e1d89a0f97957b035ac4938723a5cac208135d389b6972a6d?s=96&d=mm&r=g\",\"caption\":\"teste\"},\"url\":\"https:\\\/\\\/blogdofarnesio.com.br\\\/?author=3\"}]}<\/script>\n<!-- \/ Yoast SEO plugin. -->","yoast_head_json":{"title":"POL\u00cdCIA MILITAR \"DERRUBA\" QUADRILHA DE TRAFICANTES EM MANI\u00c7OBA - Blog do Farn\u00e9sio","robots":{"index":"index","follow":"follow","max-snippet":"max-snippet:-1","max-image-preview":"max-image-preview:large","max-video-preview":"max-video-preview:-1"},"canonical":"https:\/\/blogdofarnesio.com.br\/?p=96618","og_locale":"pt_BR","og_type":"article","og_title":"POL\u00cdCIA MILITAR \"DERRUBA\" QUADRILHA DE TRAFICANTES EM MANI\u00c7OBA - Blog do Farn\u00e9sio","og_description":"A 75\u00aa Companhia de Policia Militar, sob o Comando do Tenente Coronel Sampaio, apreendeu, nesta segunda-feira (25) por volta das 21hs, na localidade de Conhas,\u00a0 Distrito de Mani\u00e7oba, 30 quilos de maconha e desarticulou uma quadrilha\u00a0 de tr\u00e1fico de drogas. Duas pessoas foram presas, Josienio Evangelista de Souza, natural de Oroc\u00f3 &#8211; Pe e Alexsandro \u00a0Xavier dos Santos, residente em Juazeiro \u2013 Ba. A Guarni\u00e7\u00e3o\u00a0 do Distrito de Mani\u00e7oba realizando rondas e abordagens no per\u00edmetro do distrito ao avistar um GOL BRANCO DE PLACA JVC 8962 BA, TAXI, em atitude suspeita procederam com abordagem e ap\u00f3s acompanhamento t\u00e1tico, os policiais encontraram no porta mala do citado veiculo 24 tabletes de maconha. A droga pesou cerca de 30 quilos. O entorpecente&hellip;","og_url":"https:\/\/blogdofarnesio.com.br\/?p=96618","og_site_name":"Blog do Farn\u00e9sio","article_publisher":"https:\/\/www.facebook.com\/BlogQuerSaberPolitica\/","article_published_time":"2014-08-26T23:00:17+00:00","og_image":[{"url":"http:\/\/www.quersaberpolitica.com.br\/2016\/wp-content\/uploads\/2014\/08\/unnamed357.jpg","type":"","width":"","height":""}],"author":"teste","twitter_card":"summary_large_image","twitter_misc":{"Escrito por":"teste","Est. tempo de leitura":"1 minuto"},"schema":{"@context":"https:\/\/schema.org","@graph":[{"@type":"Article","@id":"https:\/\/blogdofarnesio.com.br\/?p=96618#article","isPartOf":{"@id":"https:\/\/blogdofarnesio.com.br\/?p=96618"},"author":{"name":"teste","@id":"https:\/\/blogdofarnesio.com.br\/#\/schema\/person\/dd1bf5eba40b687199ba45ca6b97dff9"},"headline":"POL\u00cdCIA MILITAR &#8220;DERRUBA&#8221; QUADRILHA DE TRAFICANTES EM MANI\u00c7OBA","datePublished":"2014-08-26T23:00:17+00:00","mainEntityOfPage":{"@id":"https:\/\/blogdofarnesio.com.br\/?p=96618"},"wordCount":220,"commentCount":0,"publisher":{"@id":"https:\/\/blogdofarnesio.com.br\/#organization"},"image":{"@id":"https:\/\/blogdofarnesio.com.br\/?p=96618#primaryimage"},"thumbnailUrl":"http:\/\/www.quersaberpolitica.com.br\/2016\/wp-content\/uploads\/2014\/08\/unnamed357.jpg","articleSection":["Pol\u00edcia"],"inLanguage":"pt-BR","potentialAction":[{"@type":"CommentAction","name":"Comment","target":["https:\/\/blogdofarnesio.com.br\/?p=96618#respond"]}]},{"@type":"WebPage","@id":"https:\/\/blogdofarnesio.com.br\/?p=96618","url":"https:\/\/blogdofarnesio.com.br\/?p=96618","name":"POL\u00cdCIA MILITAR \"DERRUBA\" QUADRILHA DE TRAFICANTES EM MANI\u00c7OBA - Blog do Farn\u00e9sio","isPartOf":{"@id":"https:\/\/blogdofarnesio.com.br\/#website"},"primaryImageOfPage":{"@id":"https:\/\/blogdofarnesio.com.br\/?p=96618#primaryimage"},"image":{"@id":"https:\/\/blogdofarnesio.com.br\/?p=96618#primaryimage"},"thumbnailUrl":"http:\/\/www.quersaberpolitica.com.br\/2016\/wp-content\/uploads\/2014\/08\/unnamed357.jpg","datePublished":"2014-08-26T23:00:17+00:00","breadcrumb":{"@id":"https:\/\/blogdofarnesio.com.br\/?p=96618#breadcrumb"},"inLanguage":"pt-BR","potentialAction":[{"@type":"ReadAction","target":["https:\/\/blogdofarnesio.com.br\/?p=96618"]}]},{"@type":"ImageObject","inLanguage":"pt-BR","@id":"https:\/\/blogdofarnesio.com.br\/?p=96618#primaryimage","url":"http:\/\/www.quersaberpolitica.com.br\/2016\/wp-content\/uploads\/2014\/08\/unnamed357.jpg","contentUrl":"http:\/\/www.quersaberpolitica.com.br\/2016\/wp-content\/uploads\/2014\/08\/unnamed357.jpg"},{"@type":"BreadcrumbList","@id":"https:\/\/blogdofarnesio.com.br\/?p=96618#breadcrumb","itemListElement":[{"@type":"ListItem","position":1,"name":"In\u00edcio","item":"https:\/\/blogdofarnesio.com.br\/"},{"@type":"ListItem","position":2,"name":"POL\u00cdCIA MILITAR &#8220;DERRUBA&#8221; QUADRILHA DE TRAFICANTES EM MANI\u00c7OBA"}]},{"@type":"WebSite","@id":"https:\/\/blogdofarnesio.com.br\/#website","url":"https:\/\/blogdofarnesio.com.br\/","name":"Blog do Farn\u00e9sio","description":"Quer Saber Pol\u00edtica?","publisher":{"@id":"https:\/\/blogdofarnesio.com.br\/#organization"},"potentialAction":[{"@type":"SearchAction","target":{"@type":"EntryPoint","urlTemplate":"https:\/\/blogdofarnesio.com.br\/?s={search_term_string}"},"query-input":{"@type":"PropertyValueSpecification","valueRequired":true,"valueName":"search_term_string"}}],"inLanguage":"pt-BR"},{"@type":"Organization","@id":"https:\/\/blogdofarnesio.com.br\/#organization","name":"Blog do Farn\u00e9sio","url":"https:\/\/blogdofarnesio.com.br\/","logo":{"@type":"ImageObject","inLanguage":"pt-BR","@id":"https:\/\/blogdofarnesio.com.br\/#\/schema\/logo\/image\/","url":"https:\/\/blogdofarnesio.com.br\/wp-content\/uploads\/2026\/03\/cropped-logo_new-1.png","contentUrl":"https:\/\/blogdofarnesio.com.br\/wp-content\/uploads\/2026\/03\/cropped-logo_new-1.png","width":881,"height":685,"caption":"Blog do Farn\u00e9sio"},"image":{"@id":"https:\/\/blogdofarnesio.com.br\/#\/schema\/logo\/image\/"},"sameAs":["https:\/\/www.facebook.com\/BlogQuerSaberPolitica\/"]},{"@type":"Person","@id":"https:\/\/blogdofarnesio.com.br\/#\/schema\/person\/dd1bf5eba40b687199ba45ca6b97dff9","name":"teste","image":{"@type":"ImageObject","inLanguage":"pt-BR","@id":"https:\/\/secure.gravatar.com\/avatar\/2172498d4914b51e1d89a0f97957b035ac4938723a5cac208135d389b6972a6d?s=96&d=mm&r=g","url":"https:\/\/secure.gravatar.com\/avatar\/2172498d4914b51e1d89a0f97957b035ac4938723a5cac208135d389b6972a6d?s=96&d=mm&r=g","contentUrl":"https:\/\/secure.gravatar.com\/avatar\/2172498d4914b51e1d89a0f97957b035ac4938723a5cac208135d389b6972a6d?s=96&d=mm&r=g","caption":"teste"},"url":"https:\/\/blogdofarnesio.com.br\/?author=3"}]}},"_links":{"self":[{"href":"https:\/\/blogdofarnesio.com.br\/index.php?rest_route=\/wp\/v2\/posts\/96618","targetHints":{"allow":["GET"]}}],"collection":[{"href":"https:\/\/blogdofarnesio.com.br\/index.php?rest_route=\/wp\/v2\/posts"}],"about":[{"href":"https:\/\/blogdofarnesio.com.br\/index.php?rest_route=\/wp\/v2\/types\/post"}],"author":[{"embeddable":true,"href":"https:\/\/blogdofarnesio.com.br\/index.php?rest_route=\/wp\/v2\/users\/3"}],"replies":[{"embeddable":true,"href":"https:\/\/blogdofarnesio.com.br\/index.php?rest_route=%2Fwp%2Fv2%2Fcomments&post=96618"}],"version-history":[{"count":0,"href":"https:\/\/blogdofarnesio.com.br\/index.php?rest_route=\/wp\/v2\/posts\/96618\/revisions"}],"wp:attachment":[{"href":"https:\/\/blogdofarnesio.com.br\/index.php?rest_route=%2Fwp%2Fv2%2Fmedia&parent=96618"}],"wp:term":[{"taxonomy":"category","embeddable":true,"href":"https:\/\/blogdofarnesio.com.br\/index.php?rest_route=%2Fwp%2Fv2%2Fcategories&post=96618"},{"taxonomy":"post_tag","embeddable":true,"href":"https:\/\/blogdofarnesio.com.br\/index.php?rest_route=%2Fwp%2Fv2%2Ftags&post=96618"}],"curies":[{"name":"wp","href":"https:\/\/api.w.org\/{rel}","templated":true}]}}