{"id":96591,"date":"2014-08-26T07:42:21","date_gmt":"2014-08-26T10:42:21","guid":{"rendered":"http:\/\/www.quersaberpolitica.com.br\/?p=96591"},"modified":"2014-08-25T20:26:41","modified_gmt":"2014-08-25T23:26:41","slug":"1o-forum-comunitario-do-selo-unicef-foi-realizado-com-sucesso-em-petrolinape","status":"publish","type":"post","link":"https:\/\/blogdofarnesio.com.br\/?p=96591","title":{"rendered":"1\u00ba F\u00d3RUM COMUNIT\u00c1RIO DO SELO UNICEF FOI REALIZADO COM SUCESSO EM PETROLINA\/PE"},"content":{"rendered":"<p style=\"text-align: justify\"><a href=\"http:\/\/www.quersaberpolitica.com.br\/2016\/wp-content\/uploads\/2014\/08\/unnamed351.jpg\"><img loading=\"lazy\" decoding=\"async\" class=\"aligncenter size-medium wp-image-96592\" alt=\"unnamed\" src=\"http:\/\/www.quersaberpolitica.com.br\/2016\/wp-content\/uploads\/2014\/08\/unnamed351-300x214.jpg\" width=\"300\" height=\"214\" srcset=\"https:\/\/blogdofarnesio.com.br\/wp-content\/uploads\/2014\/08\/unnamed351-300x214.jpg 300w, https:\/\/blogdofarnesio.com.br\/wp-content\/uploads\/2014\/08\/unnamed351-420x300.jpg 420w, https:\/\/blogdofarnesio.com.br\/wp-content\/uploads\/2014\/08\/unnamed351.jpg 448w\" sizes=\"auto, (max-width: 300px) 100vw, 300px\" \/><\/a>O Conselho Municipal de Defesa dos Direitos da Crian\u00e7a e do Adolescente (CMDCA), em conjunto com a Prefeitura, atrav\u00e9s das Secretarias de Cidadania, Sa\u00fade e Educa\u00e7\u00e3o, realizou na manh\u00e3 de hoje dia 25 de Agosto de 2014, o 1\u00ba F\u00f3rum Comunit\u00e1rio do Selo UNICEF Munic\u00edpio aprovado edi\u00e7\u00e3o 2013\/2016.<\/p>\n<p style=\"text-align: justify\">O objetivo do f\u00f3rum \u00e9 melhorar a qualidade de vida de crian\u00e7as e adolescentes a partir de um planejamento participativo, continuado e a longo prazo. O Prefeito de Petrolina J\u00falio Emilio Lossio de Macedo, com diversas autoridades do munic\u00edpio e pessoas da sociedade civil participaram do evento, que teve como tema: \u201cInvestindo na redu\u00e7\u00e3o das desigualdades\u201d .<\/p>\n<p style=\"text-align: justify\">Os munic\u00edpios do Semi\u00e1rido brasileiro e da Amaz\u00f4nia Legal concorrem ao Selo UNICEF 2013\/2016, que tem por objetivo dar visibilidade \u00e0s a\u00e7\u00f5es da Educa\u00e7\u00e3o, Sa\u00fade e Assist\u00eancia Social, proporcionando o aumento dos \u00edndices de desenvolvimento Humano (IDH). O munic\u00edpio de Petrolina tamb\u00e9m est\u00e1 no p\u00e1reo e j\u00e1 est\u00e1 sendo observado pelo Fundo UNICEF,devendo medir os avan\u00e7os que ocorrem desde 2011 at\u00e9 2016.<!--more--><\/p>\n<p>Segundo a Secret\u00e1ria de Cidadania e Articuladora do Selo UNICEF em Petrolina C\u00e9lia Regina Carvalho , que ministrou palestra de sensibiliza\u00e7\u00e3o sobre o tema e, apresentou a metodologia do F\u00f3rum, a participa\u00e7\u00e3o harmoniosa das tr\u00eas secretarias Educa\u00e7\u00e3o, Sa\u00fade e Cidadania \u00e9 fundamental para se chegar aos \u00edndices propostos pelo UNICEF. A participa\u00e7\u00e3o do Conselho Municipal da Crian\u00e7a e do Adolescente tamb\u00e9m \u00e9 de suma import\u00e2ncia na contribui\u00e7\u00e3o nesse processo. Ela ainda explicou que durante o per\u00edodo em que est\u00e1 concorrendo ao Selo, uma equipe do Unicef estar\u00e1 acompanhando passo a passo as a\u00e7\u00f5es desenvolvidas com vistas \u00e0 premia\u00e7\u00e3o.<\/p>\n<p>\u201cO Selo UNICEF representa para os munic\u00edpios o reconhecimento a n\u00edvel mundial dos avan\u00e7os da administra\u00e7\u00e3o p\u00fablica. N\u00e3o acompanha premia\u00e7\u00e3o em dinheiro, mas significa muito para cada gestor\u201d. Destacou o prefeito de Petrolina, Julio Lossio. Segundo ele, os indicadores de desenvolvimento precisam ser alcan\u00e7ados e nada melhor para uma gest\u00e3o do que avaliar seu secretariado criando novos desafios em favor da popula\u00e7\u00e3o.<\/p>\n<p>A iniciativa do UNICEF vem contribuindo para que o Brasil alcance os Objetivos de Desenvolvimento do Mil\u00eanio (ODM) relacionados para que a popula\u00e7\u00e3o de at\u00e9 17 anos, reduza as disparidades regionais e avance na universaliza\u00e7\u00e3o dos direitos previstos no Estatuto da Crian\u00e7a e do Adolescente. Participaram da realiza\u00e7\u00e3o do F\u00f3rum Comunit\u00e1rio do Selo UNICEF pessoas de diversas institui\u00e7\u00f5es como promotores, l\u00edderes comunit\u00e1rios e religiosos, vereadores, Conselho tutelar, professor, gestores de escolas do n\u00facleo estadual e municipal, entre outros.<\/p>\n<p>Os munic\u00edpios que se inscrevem no Selo s\u00e3o agrupados de acordo com sua realidade socioecon\u00f4mica e assumem o compromisso de elaborar um diagn\u00f3stico participativo da situa\u00e7\u00e3o de suas crian\u00e7as e seus adolescentes e um Plano Municipal de A\u00e7\u00e3o para enfrentar os principais problemas que afetam meninas e meninos. O UNICEF, por sua vez, promove a capacita\u00e7\u00e3o dos gestores e t\u00e9cnicos municipais, avalia e monitora os resultados obtidos. Ao final do ciclo do Selo, os munic\u00edpios que conseguem melhorar as condi\u00e7\u00f5es de vida de suas crian\u00e7as e adolescentes recebem o Selo UNICEF Munic\u00edpio Aprovado na Edi\u00e7\u00e3o 2013\/2016<\/p>\n","protected":false},"excerpt":{"rendered":"<p>O Conselho Municipal de Defesa dos Direitos da Crian\u00e7a e do Adolescente (CMDCA), em conjunto com a Prefeitura, atrav\u00e9s das Secretarias de Cidadania, Sa\u00fade e Educa\u00e7\u00e3o, realizou na manh\u00e3 de hoje dia 25 de Agosto de 2014, o 1\u00ba F\u00f3rum Comunit\u00e1rio do Selo UNICEF Munic\u00edpio aprovado edi\u00e7\u00e3o 2013\/2016. O objetivo do f\u00f3rum \u00e9 melhorar a qualidade de vida de crian\u00e7as e adolescentes a partir de um planejamento participativo, continuado e a longo prazo. O Prefeito de Petrolina J\u00falio Emilio Lossio de Macedo, com diversas autoridades do munic\u00edpio e pessoas da sociedade civil participaram do evento, que teve como tema: \u201cInvestindo na redu\u00e7\u00e3o das desigualdades\u201d . Os munic\u00edpios do Semi\u00e1rido brasileiro e da Amaz\u00f4nia Legal concorrem ao Selo UNICEF 2013\/2016, que&hellip; <\/p>\n","protected":false},"author":3,"featured_media":0,"comment_status":"open","ping_status":"open","sticky":false,"template":"","format":"standard","meta":{"_acf_changed":false,"footnotes":""},"categories":[1],"tags":[],"class_list":["post-96591","post","type-post","status-publish","format-standard","hentry","category-politica"],"acf":[],"yoast_head":"<!-- This site is optimized with the Yoast SEO plugin v27.4 - https:\/\/yoast.com\/product\/yoast-seo-wordpress\/ -->\n<title>1\u00ba F\u00d3RUM COMUNIT\u00c1RIO DO SELO UNICEF FOI REALIZADO COM SUCESSO EM PETROLINA\/PE - Blog do Farn\u00e9sio<\/title>\n<meta name=\"robots\" content=\"index, follow, max-snippet:-1, max-image-preview:large, max-video-preview:-1\" \/>\n<link rel=\"canonical\" href=\"https:\/\/blogdofarnesio.com.br\/?p=96591\" \/>\n<meta property=\"og:locale\" content=\"pt_BR\" \/>\n<meta property=\"og:type\" content=\"article\" \/>\n<meta property=\"og:title\" content=\"1\u00ba F\u00d3RUM COMUNIT\u00c1RIO DO SELO UNICEF FOI REALIZADO COM SUCESSO EM PETROLINA\/PE - Blog do Farn\u00e9sio\" \/>\n<meta property=\"og:description\" content=\"O Conselho Municipal de Defesa dos Direitos da Crian\u00e7a e do Adolescente (CMDCA), em conjunto com a Prefeitura, atrav\u00e9s das Secretarias de Cidadania, Sa\u00fade e Educa\u00e7\u00e3o, realizou na manh\u00e3 de hoje dia 25 de Agosto de 2014, o 1\u00ba F\u00f3rum Comunit\u00e1rio do Selo UNICEF Munic\u00edpio aprovado edi\u00e7\u00e3o 2013\/2016. O objetivo do f\u00f3rum \u00e9 melhorar a qualidade de vida de crian\u00e7as e adolescentes a partir de um planejamento participativo, continuado e a longo prazo. O Prefeito de Petrolina J\u00falio Emilio Lossio de Macedo, com diversas autoridades do munic\u00edpio e pessoas da sociedade civil participaram do evento, que teve como tema: \u201cInvestindo na redu\u00e7\u00e3o das desigualdades\u201d . Os munic\u00edpios do Semi\u00e1rido brasileiro e da Amaz\u00f4nia Legal concorrem ao Selo UNICEF 2013\/2016, que&hellip;\" \/>\n<meta property=\"og:url\" content=\"https:\/\/blogdofarnesio.com.br\/?p=96591\" \/>\n<meta property=\"og:site_name\" content=\"Blog do Farn\u00e9sio\" \/>\n<meta property=\"article:publisher\" content=\"https:\/\/www.facebook.com\/BlogQuerSaberPolitica\/\" \/>\n<meta property=\"article:published_time\" content=\"2014-08-26T10:42:21+00:00\" \/>\n<meta property=\"og:image\" content=\"http:\/\/www.quersaberpolitica.com.br\/2016\/wp-content\/uploads\/2014\/08\/unnamed351-300x214.jpg\" \/>\n<meta name=\"author\" content=\"teste\" \/>\n<meta name=\"twitter:card\" content=\"summary_large_image\" \/>\n<meta name=\"twitter:label1\" content=\"Escrito por\" \/>\n\t<meta name=\"twitter:data1\" content=\"teste\" \/>\n\t<meta name=\"twitter:label2\" content=\"Est. tempo de leitura\" \/>\n\t<meta name=\"twitter:data2\" content=\"3 minutos\" \/>\n<script type=\"application\/ld+json\" class=\"yoast-schema-graph\">{\"@context\":\"https:\\\/\\\/schema.org\",\"@graph\":[{\"@type\":\"Article\",\"@id\":\"https:\\\/\\\/blogdofarnesio.com.br\\\/?p=96591#article\",\"isPartOf\":{\"@id\":\"https:\\\/\\\/blogdofarnesio.com.br\\\/?p=96591\"},\"author\":{\"name\":\"teste\",\"@id\":\"https:\\\/\\\/blogdofarnesio.com.br\\\/#\\\/schema\\\/person\\\/dd1bf5eba40b687199ba45ca6b97dff9\"},\"headline\":\"1\u00ba F\u00d3RUM COMUNIT\u00c1RIO DO SELO UNICEF FOI REALIZADO COM SUCESSO EM PETROLINA\\\/PE\",\"datePublished\":\"2014-08-26T10:42:21+00:00\",\"mainEntityOfPage\":{\"@id\":\"https:\\\/\\\/blogdofarnesio.com.br\\\/?p=96591\"},\"wordCount\":576,\"commentCount\":0,\"publisher\":{\"@id\":\"https:\\\/\\\/blogdofarnesio.com.br\\\/#organization\"},\"image\":{\"@id\":\"https:\\\/\\\/blogdofarnesio.com.br\\\/?p=96591#primaryimage\"},\"thumbnailUrl\":\"http:\\\/\\\/www.quersaberpolitica.com.br\\\/2016\\\/wp-content\\\/uploads\\\/2014\\\/08\\\/unnamed351-300x214.jpg\",\"articleSection\":[\"Pol\u00edtica\"],\"inLanguage\":\"pt-BR\",\"potentialAction\":[{\"@type\":\"CommentAction\",\"name\":\"Comment\",\"target\":[\"https:\\\/\\\/blogdofarnesio.com.br\\\/?p=96591#respond\"]}]},{\"@type\":\"WebPage\",\"@id\":\"https:\\\/\\\/blogdofarnesio.com.br\\\/?p=96591\",\"url\":\"https:\\\/\\\/blogdofarnesio.com.br\\\/?p=96591\",\"name\":\"1\u00ba F\u00d3RUM COMUNIT\u00c1RIO DO SELO UNICEF FOI REALIZADO COM SUCESSO EM PETROLINA\\\/PE - Blog do Farn\u00e9sio\",\"isPartOf\":{\"@id\":\"https:\\\/\\\/blogdofarnesio.com.br\\\/#website\"},\"primaryImageOfPage\":{\"@id\":\"https:\\\/\\\/blogdofarnesio.com.br\\\/?p=96591#primaryimage\"},\"image\":{\"@id\":\"https:\\\/\\\/blogdofarnesio.com.br\\\/?p=96591#primaryimage\"},\"thumbnailUrl\":\"http:\\\/\\\/www.quersaberpolitica.com.br\\\/2016\\\/wp-content\\\/uploads\\\/2014\\\/08\\\/unnamed351-300x214.jpg\",\"datePublished\":\"2014-08-26T10:42:21+00:00\",\"breadcrumb\":{\"@id\":\"https:\\\/\\\/blogdofarnesio.com.br\\\/?p=96591#breadcrumb\"},\"inLanguage\":\"pt-BR\",\"potentialAction\":[{\"@type\":\"ReadAction\",\"target\":[\"https:\\\/\\\/blogdofarnesio.com.br\\\/?p=96591\"]}]},{\"@type\":\"ImageObject\",\"inLanguage\":\"pt-BR\",\"@id\":\"https:\\\/\\\/blogdofarnesio.com.br\\\/?p=96591#primaryimage\",\"url\":\"http:\\\/\\\/www.quersaberpolitica.com.br\\\/2016\\\/wp-content\\\/uploads\\\/2014\\\/08\\\/unnamed351-300x214.jpg\",\"contentUrl\":\"http:\\\/\\\/www.quersaberpolitica.com.br\\\/2016\\\/wp-content\\\/uploads\\\/2014\\\/08\\\/unnamed351-300x214.jpg\"},{\"@type\":\"BreadcrumbList\",\"@id\":\"https:\\\/\\\/blogdofarnesio.com.br\\\/?p=96591#breadcrumb\",\"itemListElement\":[{\"@type\":\"ListItem\",\"position\":1,\"name\":\"In\u00edcio\",\"item\":\"https:\\\/\\\/blogdofarnesio.com.br\\\/\"},{\"@type\":\"ListItem\",\"position\":2,\"name\":\"1\u00ba F\u00d3RUM COMUNIT\u00c1RIO DO SELO UNICEF FOI REALIZADO COM SUCESSO EM PETROLINA\\\/PE\"}]},{\"@type\":\"WebSite\",\"@id\":\"https:\\\/\\\/blogdofarnesio.com.br\\\/#website\",\"url\":\"https:\\\/\\\/blogdofarnesio.com.br\\\/\",\"name\":\"Blog do Farn\u00e9sio\",\"description\":\"Quer Saber Pol\u00edtica?\",\"publisher\":{\"@id\":\"https:\\\/\\\/blogdofarnesio.com.br\\\/#organization\"},\"potentialAction\":[{\"@type\":\"SearchAction\",\"target\":{\"@type\":\"EntryPoint\",\"urlTemplate\":\"https:\\\/\\\/blogdofarnesio.com.br\\\/?s={search_term_string}\"},\"query-input\":{\"@type\":\"PropertyValueSpecification\",\"valueRequired\":true,\"valueName\":\"search_term_string\"}}],\"inLanguage\":\"pt-BR\"},{\"@type\":\"Organization\",\"@id\":\"https:\\\/\\\/blogdofarnesio.com.br\\\/#organization\",\"name\":\"Blog do Farn\u00e9sio\",\"url\":\"https:\\\/\\\/blogdofarnesio.com.br\\\/\",\"logo\":{\"@type\":\"ImageObject\",\"inLanguage\":\"pt-BR\",\"@id\":\"https:\\\/\\\/blogdofarnesio.com.br\\\/#\\\/schema\\\/logo\\\/image\\\/\",\"url\":\"https:\\\/\\\/blogdofarnesio.com.br\\\/wp-content\\\/uploads\\\/2026\\\/03\\\/cropped-logo_new-1.png\",\"contentUrl\":\"https:\\\/\\\/blogdofarnesio.com.br\\\/wp-content\\\/uploads\\\/2026\\\/03\\\/cropped-logo_new-1.png\",\"width\":881,\"height\":685,\"caption\":\"Blog do Farn\u00e9sio\"},\"image\":{\"@id\":\"https:\\\/\\\/blogdofarnesio.com.br\\\/#\\\/schema\\\/logo\\\/image\\\/\"},\"sameAs\":[\"https:\\\/\\\/www.facebook.com\\\/BlogQuerSaberPolitica\\\/\"]},{\"@type\":\"Person\",\"@id\":\"https:\\\/\\\/blogdofarnesio.com.br\\\/#\\\/schema\\\/person\\\/dd1bf5eba40b687199ba45ca6b97dff9\",\"name\":\"teste\",\"image\":{\"@type\":\"ImageObject\",\"inLanguage\":\"pt-BR\",\"@id\":\"https:\\\/\\\/secure.gravatar.com\\\/avatar\\\/2172498d4914b51e1d89a0f97957b035ac4938723a5cac208135d389b6972a6d?s=96&d=mm&r=g\",\"url\":\"https:\\\/\\\/secure.gravatar.com\\\/avatar\\\/2172498d4914b51e1d89a0f97957b035ac4938723a5cac208135d389b6972a6d?s=96&d=mm&r=g\",\"contentUrl\":\"https:\\\/\\\/secure.gravatar.com\\\/avatar\\\/2172498d4914b51e1d89a0f97957b035ac4938723a5cac208135d389b6972a6d?s=96&d=mm&r=g\",\"caption\":\"teste\"},\"url\":\"https:\\\/\\\/blogdofarnesio.com.br\\\/?author=3\"}]}<\/script>\n<!-- \/ Yoast SEO plugin. -->","yoast_head_json":{"title":"1\u00ba F\u00d3RUM COMUNIT\u00c1RIO DO SELO UNICEF FOI REALIZADO COM SUCESSO EM PETROLINA\/PE - Blog do Farn\u00e9sio","robots":{"index":"index","follow":"follow","max-snippet":"max-snippet:-1","max-image-preview":"max-image-preview:large","max-video-preview":"max-video-preview:-1"},"canonical":"https:\/\/blogdofarnesio.com.br\/?p=96591","og_locale":"pt_BR","og_type":"article","og_title":"1\u00ba F\u00d3RUM COMUNIT\u00c1RIO DO SELO UNICEF FOI REALIZADO COM SUCESSO EM PETROLINA\/PE - Blog do Farn\u00e9sio","og_description":"O Conselho Municipal de Defesa dos Direitos da Crian\u00e7a e do Adolescente (CMDCA), em conjunto com a Prefeitura, atrav\u00e9s das Secretarias de Cidadania, Sa\u00fade e Educa\u00e7\u00e3o, realizou na manh\u00e3 de hoje dia 25 de Agosto de 2014, o 1\u00ba F\u00f3rum Comunit\u00e1rio do Selo UNICEF Munic\u00edpio aprovado edi\u00e7\u00e3o 2013\/2016. O objetivo do f\u00f3rum \u00e9 melhorar a qualidade de vida de crian\u00e7as e adolescentes a partir de um planejamento participativo, continuado e a longo prazo. O Prefeito de Petrolina J\u00falio Emilio Lossio de Macedo, com diversas autoridades do munic\u00edpio e pessoas da sociedade civil participaram do evento, que teve como tema: \u201cInvestindo na redu\u00e7\u00e3o das desigualdades\u201d . Os munic\u00edpios do Semi\u00e1rido brasileiro e da Amaz\u00f4nia Legal concorrem ao Selo UNICEF 2013\/2016, que&hellip;","og_url":"https:\/\/blogdofarnesio.com.br\/?p=96591","og_site_name":"Blog do Farn\u00e9sio","article_publisher":"https:\/\/www.facebook.com\/BlogQuerSaberPolitica\/","article_published_time":"2014-08-26T10:42:21+00:00","og_image":[{"url":"http:\/\/www.quersaberpolitica.com.br\/2016\/wp-content\/uploads\/2014\/08\/unnamed351-300x214.jpg","type":"","width":"","height":""}],"author":"teste","twitter_card":"summary_large_image","twitter_misc":{"Escrito por":"teste","Est. tempo de leitura":"3 minutos"},"schema":{"@context":"https:\/\/schema.org","@graph":[{"@type":"Article","@id":"https:\/\/blogdofarnesio.com.br\/?p=96591#article","isPartOf":{"@id":"https:\/\/blogdofarnesio.com.br\/?p=96591"},"author":{"name":"teste","@id":"https:\/\/blogdofarnesio.com.br\/#\/schema\/person\/dd1bf5eba40b687199ba45ca6b97dff9"},"headline":"1\u00ba F\u00d3RUM COMUNIT\u00c1RIO DO SELO UNICEF FOI REALIZADO COM SUCESSO EM PETROLINA\/PE","datePublished":"2014-08-26T10:42:21+00:00","mainEntityOfPage":{"@id":"https:\/\/blogdofarnesio.com.br\/?p=96591"},"wordCount":576,"commentCount":0,"publisher":{"@id":"https:\/\/blogdofarnesio.com.br\/#organization"},"image":{"@id":"https:\/\/blogdofarnesio.com.br\/?p=96591#primaryimage"},"thumbnailUrl":"http:\/\/www.quersaberpolitica.com.br\/2016\/wp-content\/uploads\/2014\/08\/unnamed351-300x214.jpg","articleSection":["Pol\u00edtica"],"inLanguage":"pt-BR","potentialAction":[{"@type":"CommentAction","name":"Comment","target":["https:\/\/blogdofarnesio.com.br\/?p=96591#respond"]}]},{"@type":"WebPage","@id":"https:\/\/blogdofarnesio.com.br\/?p=96591","url":"https:\/\/blogdofarnesio.com.br\/?p=96591","name":"1\u00ba F\u00d3RUM COMUNIT\u00c1RIO DO SELO UNICEF FOI REALIZADO COM SUCESSO EM PETROLINA\/PE - Blog do Farn\u00e9sio","isPartOf":{"@id":"https:\/\/blogdofarnesio.com.br\/#website"},"primaryImageOfPage":{"@id":"https:\/\/blogdofarnesio.com.br\/?p=96591#primaryimage"},"image":{"@id":"https:\/\/blogdofarnesio.com.br\/?p=96591#primaryimage"},"thumbnailUrl":"http:\/\/www.quersaberpolitica.com.br\/2016\/wp-content\/uploads\/2014\/08\/unnamed351-300x214.jpg","datePublished":"2014-08-26T10:42:21+00:00","breadcrumb":{"@id":"https:\/\/blogdofarnesio.com.br\/?p=96591#breadcrumb"},"inLanguage":"pt-BR","potentialAction":[{"@type":"ReadAction","target":["https:\/\/blogdofarnesio.com.br\/?p=96591"]}]},{"@type":"ImageObject","inLanguage":"pt-BR","@id":"https:\/\/blogdofarnesio.com.br\/?p=96591#primaryimage","url":"http:\/\/www.quersaberpolitica.com.br\/2016\/wp-content\/uploads\/2014\/08\/unnamed351-300x214.jpg","contentUrl":"http:\/\/www.quersaberpolitica.com.br\/2016\/wp-content\/uploads\/2014\/08\/unnamed351-300x214.jpg"},{"@type":"BreadcrumbList","@id":"https:\/\/blogdofarnesio.com.br\/?p=96591#breadcrumb","itemListElement":[{"@type":"ListItem","position":1,"name":"In\u00edcio","item":"https:\/\/blogdofarnesio.com.br\/"},{"@type":"ListItem","position":2,"name":"1\u00ba F\u00d3RUM COMUNIT\u00c1RIO DO SELO UNICEF FOI REALIZADO COM SUCESSO EM PETROLINA\/PE"}]},{"@type":"WebSite","@id":"https:\/\/blogdofarnesio.com.br\/#website","url":"https:\/\/blogdofarnesio.com.br\/","name":"Blog do Farn\u00e9sio","description":"Quer Saber Pol\u00edtica?","publisher":{"@id":"https:\/\/blogdofarnesio.com.br\/#organization"},"potentialAction":[{"@type":"SearchAction","target":{"@type":"EntryPoint","urlTemplate":"https:\/\/blogdofarnesio.com.br\/?s={search_term_string}"},"query-input":{"@type":"PropertyValueSpecification","valueRequired":true,"valueName":"search_term_string"}}],"inLanguage":"pt-BR"},{"@type":"Organization","@id":"https:\/\/blogdofarnesio.com.br\/#organization","name":"Blog do Farn\u00e9sio","url":"https:\/\/blogdofarnesio.com.br\/","logo":{"@type":"ImageObject","inLanguage":"pt-BR","@id":"https:\/\/blogdofarnesio.com.br\/#\/schema\/logo\/image\/","url":"https:\/\/blogdofarnesio.com.br\/wp-content\/uploads\/2026\/03\/cropped-logo_new-1.png","contentUrl":"https:\/\/blogdofarnesio.com.br\/wp-content\/uploads\/2026\/03\/cropped-logo_new-1.png","width":881,"height":685,"caption":"Blog do Farn\u00e9sio"},"image":{"@id":"https:\/\/blogdofarnesio.com.br\/#\/schema\/logo\/image\/"},"sameAs":["https:\/\/www.facebook.com\/BlogQuerSaberPolitica\/"]},{"@type":"Person","@id":"https:\/\/blogdofarnesio.com.br\/#\/schema\/person\/dd1bf5eba40b687199ba45ca6b97dff9","name":"teste","image":{"@type":"ImageObject","inLanguage":"pt-BR","@id":"https:\/\/secure.gravatar.com\/avatar\/2172498d4914b51e1d89a0f97957b035ac4938723a5cac208135d389b6972a6d?s=96&d=mm&r=g","url":"https:\/\/secure.gravatar.com\/avatar\/2172498d4914b51e1d89a0f97957b035ac4938723a5cac208135d389b6972a6d?s=96&d=mm&r=g","contentUrl":"https:\/\/secure.gravatar.com\/avatar\/2172498d4914b51e1d89a0f97957b035ac4938723a5cac208135d389b6972a6d?s=96&d=mm&r=g","caption":"teste"},"url":"https:\/\/blogdofarnesio.com.br\/?author=3"}]}},"_links":{"self":[{"href":"https:\/\/blogdofarnesio.com.br\/index.php?rest_route=\/wp\/v2\/posts\/96591","targetHints":{"allow":["GET"]}}],"collection":[{"href":"https:\/\/blogdofarnesio.com.br\/index.php?rest_route=\/wp\/v2\/posts"}],"about":[{"href":"https:\/\/blogdofarnesio.com.br\/index.php?rest_route=\/wp\/v2\/types\/post"}],"author":[{"embeddable":true,"href":"https:\/\/blogdofarnesio.com.br\/index.php?rest_route=\/wp\/v2\/users\/3"}],"replies":[{"embeddable":true,"href":"https:\/\/blogdofarnesio.com.br\/index.php?rest_route=%2Fwp%2Fv2%2Fcomments&post=96591"}],"version-history":[{"count":0,"href":"https:\/\/blogdofarnesio.com.br\/index.php?rest_route=\/wp\/v2\/posts\/96591\/revisions"}],"wp:attachment":[{"href":"https:\/\/blogdofarnesio.com.br\/index.php?rest_route=%2Fwp%2Fv2%2Fmedia&parent=96591"}],"wp:term":[{"taxonomy":"category","embeddable":true,"href":"https:\/\/blogdofarnesio.com.br\/index.php?rest_route=%2Fwp%2Fv2%2Fcategories&post=96591"},{"taxonomy":"post_tag","embeddable":true,"href":"https:\/\/blogdofarnesio.com.br\/index.php?rest_route=%2Fwp%2Fv2%2Ftags&post=96591"}],"curies":[{"name":"wp","href":"https:\/\/api.w.org\/{rel}","templated":true}]}}