{"id":96563,"date":"2014-08-26T08:04:14","date_gmt":"2014-08-26T11:04:14","guid":{"rendered":"http:\/\/www.quersaberpolitica.com.br\/?p=96563"},"modified":"2014-08-25T20:48:46","modified_gmt":"2014-08-25T23:48:46","slug":"ao-amigo-colega-companheiro-webster-brandao","status":"publish","type":"post","link":"https:\/\/blogdofarnesio.com.br\/2014\/08\/ao-amigo-colega-companheiro-webster-brandao\/","title":{"rendered":"AO AMIGO, COLEGA, COMPANHEIRO&#8230;WEBSTER BRAND\u00c3O"},"content":{"rendered":"<p style=\"text-align: center\"><a href=\"http:\/\/www.quersaberpolitica.com.br\/2016\/wp-content\/uploads\/2012\/07\/blogqspminutolagrima0.jpg\"><img loading=\"lazy\" decoding=\"async\" class=\"aligncenter size-full wp-image-36837\" alt=\"blogqspminutolagrima0\" src=\"http:\/\/www.quersaberpolitica.com.br\/2016\/wp-content\/uploads\/2012\/07\/blogqspminutolagrima0.jpg\" width=\"211\" height=\"239\" \/><\/a>Amigo \u00e9 coisa para se guardar<br \/>\nDebaixo de sete chaves<br \/>\nDentro do cora\u00e7\u00e3o<br \/>\nAssim falava a can\u00e7\u00e3o que na Am\u00e9rica ouvi<br \/>\nMas quem cantava chorou<br \/>\nAo ver o seu amigo partir<\/p>\n<p style=\"text-align: center\">Mas quem ficou, no pensamento voou<br \/>\nCom seu canto que o outro lembrou<br \/>\nE quem voou, no pensamento ficou<br \/>\nCom a lembran\u00e7a que o outro cantou<\/p>\n<p style=\"text-align: center\">Amigo \u00e9 coisa para se guardar<br \/>\nNo lado esquerdo do peito<br \/>\nMesmo que o tempo e a dist\u00e2ncia digam &#8220;n\u00e3o&#8221;<br \/>\nMesmo esquecendo a can\u00e7\u00e3o<br \/>\nO que importa \u00e9 ouvir<br \/>\nA voz que vem do cora\u00e7\u00e3o<\/p>\n<p style=\"text-align: center\">Pois seja o que vier, venha o que vier<br \/>\nQualquer dia, amigo, eu volto<br \/>\nA te encontrar<br \/>\nQualquer dia, amigo, a gente vai se encontrar<\/p>\n<p style=\"text-align: center\">Do seu amigo e colegas de trabalho<\/p>\n<p style=\"text-align: center\">Geraldo Abreu ( leitor do blog )<\/p>\n","protected":false},"excerpt":{"rendered":"<p>Amigo \u00e9 coisa para se guardar Debaixo de sete chaves Dentro do cora\u00e7\u00e3o Assim falava a can\u00e7\u00e3o que na Am\u00e9rica ouvi Mas quem cantava chorou Ao ver o seu amigo partir Mas quem ficou, no pensamento voou Com seu canto que o outro lembrou E quem voou, no pensamento ficou Com a lembran\u00e7a que o outro cantou Amigo \u00e9 coisa para se guardar No lado esquerdo do peito Mesmo que o tempo e a dist\u00e2ncia digam &#8220;n\u00e3o&#8221; Mesmo esquecendo a can\u00e7\u00e3o O que importa \u00e9 ouvir A voz que vem do cora\u00e7\u00e3o Pois seja o que vier, venha o que vier Qualquer dia, amigo, eu volto A te encontrar Qualquer dia, amigo, a gente vai se encontrar Do seu amigo&hellip; <\/p>\n","protected":false},"author":3,"featured_media":0,"comment_status":"open","ping_status":"open","sticky":false,"template":"","format":"standard","meta":{"_acf_changed":false,"footnotes":""},"categories":[32],"tags":[],"class_list":["post-96563","post","type-post","status-publish","format-standard","hentry","category-costumes"],"acf":[],"yoast_head":"<!-- This site is optimized with the Yoast SEO plugin v27.5 - https:\/\/yoast.com\/product\/yoast-seo-wordpress\/ -->\n<title>AO AMIGO, COLEGA, COMPANHEIRO...WEBSTER BRAND\u00c3O - Blog do Farn\u00e9sio<\/title>\n<meta name=\"robots\" content=\"index, follow, max-snippet:-1, max-image-preview:large, max-video-preview:-1\" \/>\n<link rel=\"canonical\" href=\"https:\/\/blogdofarnesio.com.br\/2014\/08\/ao-amigo-colega-companheiro-webster-brandao\/\" \/>\n<meta property=\"og:locale\" content=\"pt_BR\" \/>\n<meta property=\"og:type\" content=\"article\" \/>\n<meta property=\"og:title\" content=\"AO AMIGO, COLEGA, COMPANHEIRO...WEBSTER BRAND\u00c3O - Blog do Farn\u00e9sio\" \/>\n<meta property=\"og:description\" content=\"Amigo \u00e9 coisa para se guardar Debaixo de sete chaves Dentro do cora\u00e7\u00e3o Assim falava a can\u00e7\u00e3o que na Am\u00e9rica ouvi Mas quem cantava chorou Ao ver o seu amigo partir Mas quem ficou, no pensamento voou Com seu canto que o outro lembrou E quem voou, no pensamento ficou Com a lembran\u00e7a que o outro cantou Amigo \u00e9 coisa para se guardar No lado esquerdo do peito Mesmo que o tempo e a dist\u00e2ncia digam &#8220;n\u00e3o&#8221; Mesmo esquecendo a can\u00e7\u00e3o O que importa \u00e9 ouvir A voz que vem do cora\u00e7\u00e3o Pois seja o que vier, venha o que vier Qualquer dia, amigo, eu volto A te encontrar Qualquer dia, amigo, a gente vai se encontrar Do seu amigo&hellip;\" \/>\n<meta property=\"og:url\" content=\"https:\/\/blogdofarnesio.com.br\/2014\/08\/ao-amigo-colega-companheiro-webster-brandao\/\" \/>\n<meta property=\"og:site_name\" content=\"Blog do Farn\u00e9sio\" \/>\n<meta property=\"article:publisher\" content=\"https:\/\/www.facebook.com\/BlogQuerSaberPolitica\/\" \/>\n<meta property=\"article:published_time\" content=\"2014-08-26T11:04:14+00:00\" \/>\n<meta property=\"og:image\" content=\"http:\/\/www.quersaberpolitica.com.br\/2016\/wp-content\/uploads\/2012\/07\/blogqspminutolagrima0.jpg\" \/>\n<meta name=\"author\" content=\"teste\" \/>\n<meta name=\"twitter:card\" content=\"summary_large_image\" \/>\n<meta name=\"twitter:label1\" content=\"Escrito por\" \/>\n\t<meta name=\"twitter:data1\" content=\"teste\" \/>\n\t<meta name=\"twitter:label2\" content=\"Est. tempo de leitura\" \/>\n\t<meta name=\"twitter:data2\" content=\"1 minuto\" \/>\n<script type=\"application\/ld+json\" class=\"yoast-schema-graph\">{\"@context\":\"https:\\\/\\\/schema.org\",\"@graph\":[{\"@type\":\"Article\",\"@id\":\"https:\\\/\\\/blogdofarnesio.com.br\\\/2014\\\/08\\\/ao-amigo-colega-companheiro-webster-brandao\\\/#article\",\"isPartOf\":{\"@id\":\"https:\\\/\\\/blogdofarnesio.com.br\\\/2014\\\/08\\\/ao-amigo-colega-companheiro-webster-brandao\\\/\"},\"author\":{\"name\":\"teste\",\"@id\":\"https:\\\/\\\/blogdofarnesio.com.br\\\/#\\\/schema\\\/person\\\/dd1bf5eba40b687199ba45ca6b97dff9\"},\"headline\":\"AO AMIGO, COLEGA, COMPANHEIRO&#8230;WEBSTER BRAND\u00c3O\",\"datePublished\":\"2014-08-26T11:04:14+00:00\",\"mainEntityOfPage\":{\"@id\":\"https:\\\/\\\/blogdofarnesio.com.br\\\/2014\\\/08\\\/ao-amigo-colega-companheiro-webster-brandao\\\/\"},\"wordCount\":141,\"commentCount\":0,\"publisher\":{\"@id\":\"https:\\\/\\\/blogdofarnesio.com.br\\\/#organization\"},\"image\":{\"@id\":\"https:\\\/\\\/blogdofarnesio.com.br\\\/2014\\\/08\\\/ao-amigo-colega-companheiro-webster-brandao\\\/#primaryimage\"},\"thumbnailUrl\":\"http:\\\/\\\/www.quersaberpolitica.com.br\\\/2016\\\/wp-content\\\/uploads\\\/2012\\\/07\\\/blogqspminutolagrima0.jpg\",\"articleSection\":[\"Costumes\"],\"inLanguage\":\"pt-BR\",\"potentialAction\":[{\"@type\":\"CommentAction\",\"name\":\"Comment\",\"target\":[\"https:\\\/\\\/blogdofarnesio.com.br\\\/2014\\\/08\\\/ao-amigo-colega-companheiro-webster-brandao\\\/#respond\"]}]},{\"@type\":\"WebPage\",\"@id\":\"https:\\\/\\\/blogdofarnesio.com.br\\\/2014\\\/08\\\/ao-amigo-colega-companheiro-webster-brandao\\\/\",\"url\":\"https:\\\/\\\/blogdofarnesio.com.br\\\/2014\\\/08\\\/ao-amigo-colega-companheiro-webster-brandao\\\/\",\"name\":\"AO AMIGO, COLEGA, COMPANHEIRO...WEBSTER BRAND\u00c3O - Blog do Farn\u00e9sio\",\"isPartOf\":{\"@id\":\"https:\\\/\\\/blogdofarnesio.com.br\\\/#website\"},\"primaryImageOfPage\":{\"@id\":\"https:\\\/\\\/blogdofarnesio.com.br\\\/2014\\\/08\\\/ao-amigo-colega-companheiro-webster-brandao\\\/#primaryimage\"},\"image\":{\"@id\":\"https:\\\/\\\/blogdofarnesio.com.br\\\/2014\\\/08\\\/ao-amigo-colega-companheiro-webster-brandao\\\/#primaryimage\"},\"thumbnailUrl\":\"http:\\\/\\\/www.quersaberpolitica.com.br\\\/2016\\\/wp-content\\\/uploads\\\/2012\\\/07\\\/blogqspminutolagrima0.jpg\",\"datePublished\":\"2014-08-26T11:04:14+00:00\",\"breadcrumb\":{\"@id\":\"https:\\\/\\\/blogdofarnesio.com.br\\\/2014\\\/08\\\/ao-amigo-colega-companheiro-webster-brandao\\\/#breadcrumb\"},\"inLanguage\":\"pt-BR\",\"potentialAction\":[{\"@type\":\"ReadAction\",\"target\":[\"https:\\\/\\\/blogdofarnesio.com.br\\\/2014\\\/08\\\/ao-amigo-colega-companheiro-webster-brandao\\\/\"]}]},{\"@type\":\"ImageObject\",\"inLanguage\":\"pt-BR\",\"@id\":\"https:\\\/\\\/blogdofarnesio.com.br\\\/2014\\\/08\\\/ao-amigo-colega-companheiro-webster-brandao\\\/#primaryimage\",\"url\":\"http:\\\/\\\/www.quersaberpolitica.com.br\\\/2016\\\/wp-content\\\/uploads\\\/2012\\\/07\\\/blogqspminutolagrima0.jpg\",\"contentUrl\":\"http:\\\/\\\/www.quersaberpolitica.com.br\\\/2016\\\/wp-content\\\/uploads\\\/2012\\\/07\\\/blogqspminutolagrima0.jpg\"},{\"@type\":\"BreadcrumbList\",\"@id\":\"https:\\\/\\\/blogdofarnesio.com.br\\\/2014\\\/08\\\/ao-amigo-colega-companheiro-webster-brandao\\\/#breadcrumb\",\"itemListElement\":[{\"@type\":\"ListItem\",\"position\":1,\"name\":\"In\u00edcio\",\"item\":\"https:\\\/\\\/blogdofarnesio.com.br\\\/\"},{\"@type\":\"ListItem\",\"position\":2,\"name\":\"AO AMIGO, COLEGA, COMPANHEIRO&#8230;WEBSTER BRAND\u00c3O\"}]},{\"@type\":\"WebSite\",\"@id\":\"https:\\\/\\\/blogdofarnesio.com.br\\\/#website\",\"url\":\"https:\\\/\\\/blogdofarnesio.com.br\\\/\",\"name\":\"Blog do Farn\u00e9sio\",\"description\":\"Quer Saber Pol\u00edtica?\",\"publisher\":{\"@id\":\"https:\\\/\\\/blogdofarnesio.com.br\\\/#organization\"},\"potentialAction\":[{\"@type\":\"SearchAction\",\"target\":{\"@type\":\"EntryPoint\",\"urlTemplate\":\"https:\\\/\\\/blogdofarnesio.com.br\\\/?s={search_term_string}\"},\"query-input\":{\"@type\":\"PropertyValueSpecification\",\"valueRequired\":true,\"valueName\":\"search_term_string\"}}],\"inLanguage\":\"pt-BR\"},{\"@type\":\"Organization\",\"@id\":\"https:\\\/\\\/blogdofarnesio.com.br\\\/#organization\",\"name\":\"Blog do Farn\u00e9sio\",\"url\":\"https:\\\/\\\/blogdofarnesio.com.br\\\/\",\"logo\":{\"@type\":\"ImageObject\",\"inLanguage\":\"pt-BR\",\"@id\":\"https:\\\/\\\/blogdofarnesio.com.br\\\/#\\\/schema\\\/logo\\\/image\\\/\",\"url\":\"https:\\\/\\\/blogdofarnesio.com.br\\\/wp-content\\\/uploads\\\/2026\\\/03\\\/cropped-logo_new-1.png\",\"contentUrl\":\"https:\\\/\\\/blogdofarnesio.com.br\\\/wp-content\\\/uploads\\\/2026\\\/03\\\/cropped-logo_new-1.png\",\"width\":881,\"height\":685,\"caption\":\"Blog do Farn\u00e9sio\"},\"image\":{\"@id\":\"https:\\\/\\\/blogdofarnesio.com.br\\\/#\\\/schema\\\/logo\\\/image\\\/\"},\"sameAs\":[\"https:\\\/\\\/www.facebook.com\\\/BlogQuerSaberPolitica\\\/\"]},{\"@type\":\"Person\",\"@id\":\"https:\\\/\\\/blogdofarnesio.com.br\\\/#\\\/schema\\\/person\\\/dd1bf5eba40b687199ba45ca6b97dff9\",\"name\":\"teste\",\"image\":{\"@type\":\"ImageObject\",\"inLanguage\":\"pt-BR\",\"@id\":\"https:\\\/\\\/secure.gravatar.com\\\/avatar\\\/2172498d4914b51e1d89a0f97957b035ac4938723a5cac208135d389b6972a6d?s=96&d=mm&r=g\",\"url\":\"https:\\\/\\\/secure.gravatar.com\\\/avatar\\\/2172498d4914b51e1d89a0f97957b035ac4938723a5cac208135d389b6972a6d?s=96&d=mm&r=g\",\"contentUrl\":\"https:\\\/\\\/secure.gravatar.com\\\/avatar\\\/2172498d4914b51e1d89a0f97957b035ac4938723a5cac208135d389b6972a6d?s=96&d=mm&r=g\",\"caption\":\"teste\"},\"url\":\"https:\\\/\\\/blogdofarnesio.com.br\\\/author\\\/teste\\\/\"}]}<\/script>\n<!-- \/ Yoast SEO plugin. -->","yoast_head_json":{"title":"AO AMIGO, COLEGA, COMPANHEIRO...WEBSTER BRAND\u00c3O - Blog do Farn\u00e9sio","robots":{"index":"index","follow":"follow","max-snippet":"max-snippet:-1","max-image-preview":"max-image-preview:large","max-video-preview":"max-video-preview:-1"},"canonical":"https:\/\/blogdofarnesio.com.br\/2014\/08\/ao-amigo-colega-companheiro-webster-brandao\/","og_locale":"pt_BR","og_type":"article","og_title":"AO AMIGO, COLEGA, COMPANHEIRO...WEBSTER BRAND\u00c3O - Blog do Farn\u00e9sio","og_description":"Amigo \u00e9 coisa para se guardar Debaixo de sete chaves Dentro do cora\u00e7\u00e3o Assim falava a can\u00e7\u00e3o que na Am\u00e9rica ouvi Mas quem cantava chorou Ao ver o seu amigo partir Mas quem ficou, no pensamento voou Com seu canto que o outro lembrou E quem voou, no pensamento ficou Com a lembran\u00e7a que o outro cantou Amigo \u00e9 coisa para se guardar No lado esquerdo do peito Mesmo que o tempo e a dist\u00e2ncia digam &#8220;n\u00e3o&#8221; Mesmo esquecendo a can\u00e7\u00e3o O que importa \u00e9 ouvir A voz que vem do cora\u00e7\u00e3o Pois seja o que vier, venha o que vier Qualquer dia, amigo, eu volto A te encontrar Qualquer dia, amigo, a gente vai se encontrar Do seu amigo&hellip;","og_url":"https:\/\/blogdofarnesio.com.br\/2014\/08\/ao-amigo-colega-companheiro-webster-brandao\/","og_site_name":"Blog do Farn\u00e9sio","article_publisher":"https:\/\/www.facebook.com\/BlogQuerSaberPolitica\/","article_published_time":"2014-08-26T11:04:14+00:00","og_image":[{"url":"http:\/\/www.quersaberpolitica.com.br\/2016\/wp-content\/uploads\/2012\/07\/blogqspminutolagrima0.jpg","type":"","width":"","height":""}],"author":"teste","twitter_card":"summary_large_image","twitter_misc":{"Escrito por":"teste","Est. tempo de leitura":"1 minuto"},"schema":{"@context":"https:\/\/schema.org","@graph":[{"@type":"Article","@id":"https:\/\/blogdofarnesio.com.br\/2014\/08\/ao-amigo-colega-companheiro-webster-brandao\/#article","isPartOf":{"@id":"https:\/\/blogdofarnesio.com.br\/2014\/08\/ao-amigo-colega-companheiro-webster-brandao\/"},"author":{"name":"teste","@id":"https:\/\/blogdofarnesio.com.br\/#\/schema\/person\/dd1bf5eba40b687199ba45ca6b97dff9"},"headline":"AO AMIGO, COLEGA, COMPANHEIRO&#8230;WEBSTER BRAND\u00c3O","datePublished":"2014-08-26T11:04:14+00:00","mainEntityOfPage":{"@id":"https:\/\/blogdofarnesio.com.br\/2014\/08\/ao-amigo-colega-companheiro-webster-brandao\/"},"wordCount":141,"commentCount":0,"publisher":{"@id":"https:\/\/blogdofarnesio.com.br\/#organization"},"image":{"@id":"https:\/\/blogdofarnesio.com.br\/2014\/08\/ao-amigo-colega-companheiro-webster-brandao\/#primaryimage"},"thumbnailUrl":"http:\/\/www.quersaberpolitica.com.br\/2016\/wp-content\/uploads\/2012\/07\/blogqspminutolagrima0.jpg","articleSection":["Costumes"],"inLanguage":"pt-BR","potentialAction":[{"@type":"CommentAction","name":"Comment","target":["https:\/\/blogdofarnesio.com.br\/2014\/08\/ao-amigo-colega-companheiro-webster-brandao\/#respond"]}]},{"@type":"WebPage","@id":"https:\/\/blogdofarnesio.com.br\/2014\/08\/ao-amigo-colega-companheiro-webster-brandao\/","url":"https:\/\/blogdofarnesio.com.br\/2014\/08\/ao-amigo-colega-companheiro-webster-brandao\/","name":"AO AMIGO, COLEGA, COMPANHEIRO...WEBSTER BRAND\u00c3O - Blog do Farn\u00e9sio","isPartOf":{"@id":"https:\/\/blogdofarnesio.com.br\/#website"},"primaryImageOfPage":{"@id":"https:\/\/blogdofarnesio.com.br\/2014\/08\/ao-amigo-colega-companheiro-webster-brandao\/#primaryimage"},"image":{"@id":"https:\/\/blogdofarnesio.com.br\/2014\/08\/ao-amigo-colega-companheiro-webster-brandao\/#primaryimage"},"thumbnailUrl":"http:\/\/www.quersaberpolitica.com.br\/2016\/wp-content\/uploads\/2012\/07\/blogqspminutolagrima0.jpg","datePublished":"2014-08-26T11:04:14+00:00","breadcrumb":{"@id":"https:\/\/blogdofarnesio.com.br\/2014\/08\/ao-amigo-colega-companheiro-webster-brandao\/#breadcrumb"},"inLanguage":"pt-BR","potentialAction":[{"@type":"ReadAction","target":["https:\/\/blogdofarnesio.com.br\/2014\/08\/ao-amigo-colega-companheiro-webster-brandao\/"]}]},{"@type":"ImageObject","inLanguage":"pt-BR","@id":"https:\/\/blogdofarnesio.com.br\/2014\/08\/ao-amigo-colega-companheiro-webster-brandao\/#primaryimage","url":"http:\/\/www.quersaberpolitica.com.br\/2016\/wp-content\/uploads\/2012\/07\/blogqspminutolagrima0.jpg","contentUrl":"http:\/\/www.quersaberpolitica.com.br\/2016\/wp-content\/uploads\/2012\/07\/blogqspminutolagrima0.jpg"},{"@type":"BreadcrumbList","@id":"https:\/\/blogdofarnesio.com.br\/2014\/08\/ao-amigo-colega-companheiro-webster-brandao\/#breadcrumb","itemListElement":[{"@type":"ListItem","position":1,"name":"In\u00edcio","item":"https:\/\/blogdofarnesio.com.br\/"},{"@type":"ListItem","position":2,"name":"AO AMIGO, COLEGA, COMPANHEIRO&#8230;WEBSTER BRAND\u00c3O"}]},{"@type":"WebSite","@id":"https:\/\/blogdofarnesio.com.br\/#website","url":"https:\/\/blogdofarnesio.com.br\/","name":"Blog do Farn\u00e9sio","description":"Quer Saber Pol\u00edtica?","publisher":{"@id":"https:\/\/blogdofarnesio.com.br\/#organization"},"potentialAction":[{"@type":"SearchAction","target":{"@type":"EntryPoint","urlTemplate":"https:\/\/blogdofarnesio.com.br\/?s={search_term_string}"},"query-input":{"@type":"PropertyValueSpecification","valueRequired":true,"valueName":"search_term_string"}}],"inLanguage":"pt-BR"},{"@type":"Organization","@id":"https:\/\/blogdofarnesio.com.br\/#organization","name":"Blog do Farn\u00e9sio","url":"https:\/\/blogdofarnesio.com.br\/","logo":{"@type":"ImageObject","inLanguage":"pt-BR","@id":"https:\/\/blogdofarnesio.com.br\/#\/schema\/logo\/image\/","url":"https:\/\/blogdofarnesio.com.br\/wp-content\/uploads\/2026\/03\/cropped-logo_new-1.png","contentUrl":"https:\/\/blogdofarnesio.com.br\/wp-content\/uploads\/2026\/03\/cropped-logo_new-1.png","width":881,"height":685,"caption":"Blog do Farn\u00e9sio"},"image":{"@id":"https:\/\/blogdofarnesio.com.br\/#\/schema\/logo\/image\/"},"sameAs":["https:\/\/www.facebook.com\/BlogQuerSaberPolitica\/"]},{"@type":"Person","@id":"https:\/\/blogdofarnesio.com.br\/#\/schema\/person\/dd1bf5eba40b687199ba45ca6b97dff9","name":"teste","image":{"@type":"ImageObject","inLanguage":"pt-BR","@id":"https:\/\/secure.gravatar.com\/avatar\/2172498d4914b51e1d89a0f97957b035ac4938723a5cac208135d389b6972a6d?s=96&d=mm&r=g","url":"https:\/\/secure.gravatar.com\/avatar\/2172498d4914b51e1d89a0f97957b035ac4938723a5cac208135d389b6972a6d?s=96&d=mm&r=g","contentUrl":"https:\/\/secure.gravatar.com\/avatar\/2172498d4914b51e1d89a0f97957b035ac4938723a5cac208135d389b6972a6d?s=96&d=mm&r=g","caption":"teste"},"url":"https:\/\/blogdofarnesio.com.br\/author\/teste\/"}]}},"_links":{"self":[{"href":"https:\/\/blogdofarnesio.com.br\/wp-json\/wp\/v2\/posts\/96563","targetHints":{"allow":["GET"]}}],"collection":[{"href":"https:\/\/blogdofarnesio.com.br\/wp-json\/wp\/v2\/posts"}],"about":[{"href":"https:\/\/blogdofarnesio.com.br\/wp-json\/wp\/v2\/types\/post"}],"author":[{"embeddable":true,"href":"https:\/\/blogdofarnesio.com.br\/wp-json\/wp\/v2\/users\/3"}],"replies":[{"embeddable":true,"href":"https:\/\/blogdofarnesio.com.br\/wp-json\/wp\/v2\/comments?post=96563"}],"version-history":[{"count":0,"href":"https:\/\/blogdofarnesio.com.br\/wp-json\/wp\/v2\/posts\/96563\/revisions"}],"wp:attachment":[{"href":"https:\/\/blogdofarnesio.com.br\/wp-json\/wp\/v2\/media?parent=96563"}],"wp:term":[{"taxonomy":"category","embeddable":true,"href":"https:\/\/blogdofarnesio.com.br\/wp-json\/wp\/v2\/categories?post=96563"},{"taxonomy":"post_tag","embeddable":true,"href":"https:\/\/blogdofarnesio.com.br\/wp-json\/wp\/v2\/tags?post=96563"}],"curies":[{"name":"wp","href":"https:\/\/api.w.org\/{rel}","templated":true}]}}