{"id":96542,"date":"2014-08-25T17:32:13","date_gmt":"2014-08-25T20:32:13","guid":{"rendered":"http:\/\/www.quersaberpolitica.com.br\/?p=96542"},"modified":"2014-08-25T16:36:23","modified_gmt":"2014-08-25T19:36:23","slug":"em-artigo-prefeito-de-petrolina-critica-vice-de-marina","status":"publish","type":"post","link":"https:\/\/blogdofarnesio.com.br\/?p=96542","title":{"rendered":"EM ARTIGO, PREFEITO DE PETROLINA CRITICA VICE DE MARINA"},"content":{"rendered":"<header>\n<div>\n<figure id=\"attachment_29259\" aria-describedby=\"caption-attachment-29259\" style=\"width: 448px\" class=\"wp-caption aligncenter\"><a href=\"http:\/\/www.quersaberpolitica.com.br\/2016\/wp-content\/uploads\/2013\/02\/blogqspjlpmdb-2.jpg\"><img loading=\"lazy\" decoding=\"async\" class=\"size-full wp-image-29259\" alt=\"Pref. Julio Lossio   Foto Farn\u00e9sio Silva\" src=\"http:\/\/www.quersaberpolitica.com.br\/2016\/wp-content\/uploads\/2013\/02\/blogqspjlpmdb-2.jpg\" width=\"448\" height=\"336\" srcset=\"https:\/\/blogdofarnesio.com.br\/wp-content\/uploads\/2013\/02\/blogqspjlpmdb-2.jpg 448w, https:\/\/blogdofarnesio.com.br\/wp-content\/uploads\/2013\/02\/blogqspjlpmdb-2-300x224.jpg 300w, https:\/\/blogdofarnesio.com.br\/wp-content\/uploads\/2013\/02\/blogqspjlpmdb-2-400x300.jpg 400w\" sizes=\"auto, (max-width: 448px) 100vw, 448px\" \/><\/a><figcaption id=\"caption-attachment-29259\" class=\"wp-caption-text\">Pref. Julio Lossio \u00a0 \u00a0 \u00a0 \u00a0 \u00a0 \u00a0 \u00a0 \u00a0 \u00a0 \u00a0 \u00a0Foto Farn\u00e9sio Silva<\/figcaption><\/figure>\n<\/div>\n<\/header>\n<div style=\"text-align: justify\">\n<p>Por J\u00falio L\u00f3ssio, prefeito de Petrolina<\/p>\n<p>Em seu discurso no lan\u00e7amento da candidatura de Marina Silva a Presidente, o candidato a vice-presidente, Beto Albuquerque, poderia ter falado de ideias e propostas, ao inv\u00e9s de atacar o Senador e candidato a Governador de Pernambuco, Armando Monteiro.<\/p>\n<p>O mesmo Beto Albuquerque que, por sinal, aproveitou a oportunidade de participarda chapa de Marina para fugir de uma grande derrota que se avizinhava no Rio Grande do Sul, tendo em vista que o mesmo ocupava a terceira posi\u00e7\u00e3o nas pesquisas para o Senado.<\/p>\n<p>Diferente dele que n\u00e3o tinha a aprova\u00e7\u00e3o popular no Rio Grande do Sul, Armando Monteiro est\u00e1 e sempre esteve bem avaliado pelo povo pernambucano, seja nas urnas, seja nas pesquisas.<\/p>\n<p>Talvez o Deputado, agora ao lado de Marina, n\u00e3o tenha tido coragem de defender a sua rela\u00e7\u00e3o com o agroneg\u00f3cio que sempre participa do financiamento de suas campanhas, tampouco de fazer a defesa da soja transg\u00eanica que sua companheira Marina abomina e que ele tanto defende.<\/p>\n<p>Quem \u00e9 financiado pelos patr\u00f5es do agroneg\u00f3cio n\u00e3o tem autoridade para chegar aqui criticando aquele que o povo pernambucano sempre aprovou.<\/p>\n<\/div>\n","protected":false},"excerpt":{"rendered":"<p>Por J\u00falio L\u00f3ssio, prefeito de Petrolina Em seu discurso no lan\u00e7amento da candidatura de Marina Silva a Presidente, o candidato a vice-presidente, Beto Albuquerque, poderia ter falado de ideias e propostas, ao inv\u00e9s de atacar o Senador e candidato a Governador de Pernambuco, Armando Monteiro. O mesmo Beto Albuquerque que, por sinal, aproveitou a oportunidade de participarda chapa de Marina para fugir de uma grande derrota que se avizinhava no Rio Grande do Sul, tendo em vista que o mesmo ocupava a terceira posi\u00e7\u00e3o nas pesquisas para o Senado. Diferente dele que n\u00e3o tinha a aprova\u00e7\u00e3o popular no Rio Grande do Sul, Armando Monteiro est\u00e1 e sempre esteve bem avaliado pelo povo pernambucano, seja nas urnas, seja nas pesquisas. Talvez&hellip; <\/p>\n","protected":false},"author":3,"featured_media":0,"comment_status":"open","ping_status":"open","sticky":false,"template":"","format":"standard","meta":{"_acf_changed":false,"footnotes":""},"categories":[1],"tags":[],"class_list":["post-96542","post","type-post","status-publish","format-standard","hentry","category-politica"],"acf":[],"yoast_head":"<!-- This site is optimized with the Yoast SEO plugin v27.4 - https:\/\/yoast.com\/product\/yoast-seo-wordpress\/ -->\n<title>EM ARTIGO, PREFEITO DE PETROLINA CRITICA VICE DE MARINA - Blog do Farn\u00e9sio<\/title>\n<meta name=\"robots\" content=\"index, follow, max-snippet:-1, max-image-preview:large, max-video-preview:-1\" \/>\n<link rel=\"canonical\" href=\"https:\/\/blogdofarnesio.com.br\/?p=96542\" \/>\n<meta property=\"og:locale\" content=\"pt_BR\" \/>\n<meta property=\"og:type\" content=\"article\" \/>\n<meta property=\"og:title\" content=\"EM ARTIGO, PREFEITO DE PETROLINA CRITICA VICE DE MARINA - Blog do Farn\u00e9sio\" \/>\n<meta property=\"og:description\" content=\"Por J\u00falio L\u00f3ssio, prefeito de Petrolina Em seu discurso no lan\u00e7amento da candidatura de Marina Silva a Presidente, o candidato a vice-presidente, Beto Albuquerque, poderia ter falado de ideias e propostas, ao inv\u00e9s de atacar o Senador e candidato a Governador de Pernambuco, Armando Monteiro. O mesmo Beto Albuquerque que, por sinal, aproveitou a oportunidade de participarda chapa de Marina para fugir de uma grande derrota que se avizinhava no Rio Grande do Sul, tendo em vista que o mesmo ocupava a terceira posi\u00e7\u00e3o nas pesquisas para o Senado. Diferente dele que n\u00e3o tinha a aprova\u00e7\u00e3o popular no Rio Grande do Sul, Armando Monteiro est\u00e1 e sempre esteve bem avaliado pelo povo pernambucano, seja nas urnas, seja nas pesquisas. Talvez&hellip;\" \/>\n<meta property=\"og:url\" content=\"https:\/\/blogdofarnesio.com.br\/?p=96542\" \/>\n<meta property=\"og:site_name\" content=\"Blog do Farn\u00e9sio\" \/>\n<meta property=\"article:publisher\" content=\"https:\/\/www.facebook.com\/BlogQuerSaberPolitica\/\" \/>\n<meta property=\"article:published_time\" content=\"2014-08-25T20:32:13+00:00\" \/>\n<meta property=\"og:image\" content=\"http:\/\/www.quersaberpolitica.com.br\/2016\/wp-content\/uploads\/2013\/02\/blogqspjlpmdb-2.jpg\" \/>\n<meta name=\"author\" content=\"teste\" \/>\n<meta name=\"twitter:card\" content=\"summary_large_image\" \/>\n<meta name=\"twitter:label1\" content=\"Escrito por\" \/>\n\t<meta name=\"twitter:data1\" content=\"teste\" \/>\n\t<meta name=\"twitter:label2\" content=\"Est. tempo de leitura\" \/>\n\t<meta name=\"twitter:data2\" content=\"1 minuto\" \/>\n<script type=\"application\/ld+json\" class=\"yoast-schema-graph\">{\"@context\":\"https:\\\/\\\/schema.org\",\"@graph\":[{\"@type\":\"Article\",\"@id\":\"https:\\\/\\\/blogdofarnesio.com.br\\\/?p=96542#article\",\"isPartOf\":{\"@id\":\"https:\\\/\\\/blogdofarnesio.com.br\\\/?p=96542\"},\"author\":{\"name\":\"teste\",\"@id\":\"https:\\\/\\\/blogdofarnesio.com.br\\\/#\\\/schema\\\/person\\\/dd1bf5eba40b687199ba45ca6b97dff9\"},\"headline\":\"EM ARTIGO, PREFEITO DE PETROLINA CRITICA VICE DE MARINA\",\"datePublished\":\"2014-08-25T20:32:13+00:00\",\"mainEntityOfPage\":{\"@id\":\"https:\\\/\\\/blogdofarnesio.com.br\\\/?p=96542\"},\"wordCount\":222,\"commentCount\":0,\"publisher\":{\"@id\":\"https:\\\/\\\/blogdofarnesio.com.br\\\/#organization\"},\"image\":{\"@id\":\"https:\\\/\\\/blogdofarnesio.com.br\\\/?p=96542#primaryimage\"},\"thumbnailUrl\":\"http:\\\/\\\/www.quersaberpolitica.com.br\\\/2016\\\/wp-content\\\/uploads\\\/2013\\\/02\\\/blogqspjlpmdb-2.jpg\",\"articleSection\":[\"Pol\u00edtica\"],\"inLanguage\":\"pt-BR\",\"potentialAction\":[{\"@type\":\"CommentAction\",\"name\":\"Comment\",\"target\":[\"https:\\\/\\\/blogdofarnesio.com.br\\\/?p=96542#respond\"]}]},{\"@type\":\"WebPage\",\"@id\":\"https:\\\/\\\/blogdofarnesio.com.br\\\/?p=96542\",\"url\":\"https:\\\/\\\/blogdofarnesio.com.br\\\/?p=96542\",\"name\":\"EM ARTIGO, PREFEITO DE PETROLINA CRITICA VICE DE MARINA - Blog do Farn\u00e9sio\",\"isPartOf\":{\"@id\":\"https:\\\/\\\/blogdofarnesio.com.br\\\/#website\"},\"primaryImageOfPage\":{\"@id\":\"https:\\\/\\\/blogdofarnesio.com.br\\\/?p=96542#primaryimage\"},\"image\":{\"@id\":\"https:\\\/\\\/blogdofarnesio.com.br\\\/?p=96542#primaryimage\"},\"thumbnailUrl\":\"http:\\\/\\\/www.quersaberpolitica.com.br\\\/2016\\\/wp-content\\\/uploads\\\/2013\\\/02\\\/blogqspjlpmdb-2.jpg\",\"datePublished\":\"2014-08-25T20:32:13+00:00\",\"breadcrumb\":{\"@id\":\"https:\\\/\\\/blogdofarnesio.com.br\\\/?p=96542#breadcrumb\"},\"inLanguage\":\"pt-BR\",\"potentialAction\":[{\"@type\":\"ReadAction\",\"target\":[\"https:\\\/\\\/blogdofarnesio.com.br\\\/?p=96542\"]}]},{\"@type\":\"ImageObject\",\"inLanguage\":\"pt-BR\",\"@id\":\"https:\\\/\\\/blogdofarnesio.com.br\\\/?p=96542#primaryimage\",\"url\":\"http:\\\/\\\/www.quersaberpolitica.com.br\\\/2016\\\/wp-content\\\/uploads\\\/2013\\\/02\\\/blogqspjlpmdb-2.jpg\",\"contentUrl\":\"http:\\\/\\\/www.quersaberpolitica.com.br\\\/2016\\\/wp-content\\\/uploads\\\/2013\\\/02\\\/blogqspjlpmdb-2.jpg\"},{\"@type\":\"BreadcrumbList\",\"@id\":\"https:\\\/\\\/blogdofarnesio.com.br\\\/?p=96542#breadcrumb\",\"itemListElement\":[{\"@type\":\"ListItem\",\"position\":1,\"name\":\"In\u00edcio\",\"item\":\"https:\\\/\\\/blogdofarnesio.com.br\\\/\"},{\"@type\":\"ListItem\",\"position\":2,\"name\":\"EM ARTIGO, PREFEITO DE PETROLINA CRITICA VICE DE MARINA\"}]},{\"@type\":\"WebSite\",\"@id\":\"https:\\\/\\\/blogdofarnesio.com.br\\\/#website\",\"url\":\"https:\\\/\\\/blogdofarnesio.com.br\\\/\",\"name\":\"Blog do Farn\u00e9sio\",\"description\":\"Quer Saber Pol\u00edtica?\",\"publisher\":{\"@id\":\"https:\\\/\\\/blogdofarnesio.com.br\\\/#organization\"},\"potentialAction\":[{\"@type\":\"SearchAction\",\"target\":{\"@type\":\"EntryPoint\",\"urlTemplate\":\"https:\\\/\\\/blogdofarnesio.com.br\\\/?s={search_term_string}\"},\"query-input\":{\"@type\":\"PropertyValueSpecification\",\"valueRequired\":true,\"valueName\":\"search_term_string\"}}],\"inLanguage\":\"pt-BR\"},{\"@type\":\"Organization\",\"@id\":\"https:\\\/\\\/blogdofarnesio.com.br\\\/#organization\",\"name\":\"Blog do Farn\u00e9sio\",\"url\":\"https:\\\/\\\/blogdofarnesio.com.br\\\/\",\"logo\":{\"@type\":\"ImageObject\",\"inLanguage\":\"pt-BR\",\"@id\":\"https:\\\/\\\/blogdofarnesio.com.br\\\/#\\\/schema\\\/logo\\\/image\\\/\",\"url\":\"https:\\\/\\\/blogdofarnesio.com.br\\\/wp-content\\\/uploads\\\/2026\\\/03\\\/cropped-logo_new-1.png\",\"contentUrl\":\"https:\\\/\\\/blogdofarnesio.com.br\\\/wp-content\\\/uploads\\\/2026\\\/03\\\/cropped-logo_new-1.png\",\"width\":881,\"height\":685,\"caption\":\"Blog do Farn\u00e9sio\"},\"image\":{\"@id\":\"https:\\\/\\\/blogdofarnesio.com.br\\\/#\\\/schema\\\/logo\\\/image\\\/\"},\"sameAs\":[\"https:\\\/\\\/www.facebook.com\\\/BlogQuerSaberPolitica\\\/\"]},{\"@type\":\"Person\",\"@id\":\"https:\\\/\\\/blogdofarnesio.com.br\\\/#\\\/schema\\\/person\\\/dd1bf5eba40b687199ba45ca6b97dff9\",\"name\":\"teste\",\"image\":{\"@type\":\"ImageObject\",\"inLanguage\":\"pt-BR\",\"@id\":\"https:\\\/\\\/secure.gravatar.com\\\/avatar\\\/2172498d4914b51e1d89a0f97957b035ac4938723a5cac208135d389b6972a6d?s=96&d=mm&r=g\",\"url\":\"https:\\\/\\\/secure.gravatar.com\\\/avatar\\\/2172498d4914b51e1d89a0f97957b035ac4938723a5cac208135d389b6972a6d?s=96&d=mm&r=g\",\"contentUrl\":\"https:\\\/\\\/secure.gravatar.com\\\/avatar\\\/2172498d4914b51e1d89a0f97957b035ac4938723a5cac208135d389b6972a6d?s=96&d=mm&r=g\",\"caption\":\"teste\"},\"url\":\"https:\\\/\\\/blogdofarnesio.com.br\\\/?author=3\"}]}<\/script>\n<!-- \/ Yoast SEO plugin. -->","yoast_head_json":{"title":"EM ARTIGO, PREFEITO DE PETROLINA CRITICA VICE DE MARINA - Blog do Farn\u00e9sio","robots":{"index":"index","follow":"follow","max-snippet":"max-snippet:-1","max-image-preview":"max-image-preview:large","max-video-preview":"max-video-preview:-1"},"canonical":"https:\/\/blogdofarnesio.com.br\/?p=96542","og_locale":"pt_BR","og_type":"article","og_title":"EM ARTIGO, PREFEITO DE PETROLINA CRITICA VICE DE MARINA - Blog do Farn\u00e9sio","og_description":"Por J\u00falio L\u00f3ssio, prefeito de Petrolina Em seu discurso no lan\u00e7amento da candidatura de Marina Silva a Presidente, o candidato a vice-presidente, Beto Albuquerque, poderia ter falado de ideias e propostas, ao inv\u00e9s de atacar o Senador e candidato a Governador de Pernambuco, Armando Monteiro. O mesmo Beto Albuquerque que, por sinal, aproveitou a oportunidade de participarda chapa de Marina para fugir de uma grande derrota que se avizinhava no Rio Grande do Sul, tendo em vista que o mesmo ocupava a terceira posi\u00e7\u00e3o nas pesquisas para o Senado. Diferente dele que n\u00e3o tinha a aprova\u00e7\u00e3o popular no Rio Grande do Sul, Armando Monteiro est\u00e1 e sempre esteve bem avaliado pelo povo pernambucano, seja nas urnas, seja nas pesquisas. Talvez&hellip;","og_url":"https:\/\/blogdofarnesio.com.br\/?p=96542","og_site_name":"Blog do Farn\u00e9sio","article_publisher":"https:\/\/www.facebook.com\/BlogQuerSaberPolitica\/","article_published_time":"2014-08-25T20:32:13+00:00","og_image":[{"url":"http:\/\/www.quersaberpolitica.com.br\/2016\/wp-content\/uploads\/2013\/02\/blogqspjlpmdb-2.jpg","type":"","width":"","height":""}],"author":"teste","twitter_card":"summary_large_image","twitter_misc":{"Escrito por":"teste","Est. tempo de leitura":"1 minuto"},"schema":{"@context":"https:\/\/schema.org","@graph":[{"@type":"Article","@id":"https:\/\/blogdofarnesio.com.br\/?p=96542#article","isPartOf":{"@id":"https:\/\/blogdofarnesio.com.br\/?p=96542"},"author":{"name":"teste","@id":"https:\/\/blogdofarnesio.com.br\/#\/schema\/person\/dd1bf5eba40b687199ba45ca6b97dff9"},"headline":"EM ARTIGO, PREFEITO DE PETROLINA CRITICA VICE DE MARINA","datePublished":"2014-08-25T20:32:13+00:00","mainEntityOfPage":{"@id":"https:\/\/blogdofarnesio.com.br\/?p=96542"},"wordCount":222,"commentCount":0,"publisher":{"@id":"https:\/\/blogdofarnesio.com.br\/#organization"},"image":{"@id":"https:\/\/blogdofarnesio.com.br\/?p=96542#primaryimage"},"thumbnailUrl":"http:\/\/www.quersaberpolitica.com.br\/2016\/wp-content\/uploads\/2013\/02\/blogqspjlpmdb-2.jpg","articleSection":["Pol\u00edtica"],"inLanguage":"pt-BR","potentialAction":[{"@type":"CommentAction","name":"Comment","target":["https:\/\/blogdofarnesio.com.br\/?p=96542#respond"]}]},{"@type":"WebPage","@id":"https:\/\/blogdofarnesio.com.br\/?p=96542","url":"https:\/\/blogdofarnesio.com.br\/?p=96542","name":"EM ARTIGO, PREFEITO DE PETROLINA CRITICA VICE DE MARINA - Blog do Farn\u00e9sio","isPartOf":{"@id":"https:\/\/blogdofarnesio.com.br\/#website"},"primaryImageOfPage":{"@id":"https:\/\/blogdofarnesio.com.br\/?p=96542#primaryimage"},"image":{"@id":"https:\/\/blogdofarnesio.com.br\/?p=96542#primaryimage"},"thumbnailUrl":"http:\/\/www.quersaberpolitica.com.br\/2016\/wp-content\/uploads\/2013\/02\/blogqspjlpmdb-2.jpg","datePublished":"2014-08-25T20:32:13+00:00","breadcrumb":{"@id":"https:\/\/blogdofarnesio.com.br\/?p=96542#breadcrumb"},"inLanguage":"pt-BR","potentialAction":[{"@type":"ReadAction","target":["https:\/\/blogdofarnesio.com.br\/?p=96542"]}]},{"@type":"ImageObject","inLanguage":"pt-BR","@id":"https:\/\/blogdofarnesio.com.br\/?p=96542#primaryimage","url":"http:\/\/www.quersaberpolitica.com.br\/2016\/wp-content\/uploads\/2013\/02\/blogqspjlpmdb-2.jpg","contentUrl":"http:\/\/www.quersaberpolitica.com.br\/2016\/wp-content\/uploads\/2013\/02\/blogqspjlpmdb-2.jpg"},{"@type":"BreadcrumbList","@id":"https:\/\/blogdofarnesio.com.br\/?p=96542#breadcrumb","itemListElement":[{"@type":"ListItem","position":1,"name":"In\u00edcio","item":"https:\/\/blogdofarnesio.com.br\/"},{"@type":"ListItem","position":2,"name":"EM ARTIGO, PREFEITO DE PETROLINA CRITICA VICE DE MARINA"}]},{"@type":"WebSite","@id":"https:\/\/blogdofarnesio.com.br\/#website","url":"https:\/\/blogdofarnesio.com.br\/","name":"Blog do Farn\u00e9sio","description":"Quer Saber Pol\u00edtica?","publisher":{"@id":"https:\/\/blogdofarnesio.com.br\/#organization"},"potentialAction":[{"@type":"SearchAction","target":{"@type":"EntryPoint","urlTemplate":"https:\/\/blogdofarnesio.com.br\/?s={search_term_string}"},"query-input":{"@type":"PropertyValueSpecification","valueRequired":true,"valueName":"search_term_string"}}],"inLanguage":"pt-BR"},{"@type":"Organization","@id":"https:\/\/blogdofarnesio.com.br\/#organization","name":"Blog do Farn\u00e9sio","url":"https:\/\/blogdofarnesio.com.br\/","logo":{"@type":"ImageObject","inLanguage":"pt-BR","@id":"https:\/\/blogdofarnesio.com.br\/#\/schema\/logo\/image\/","url":"https:\/\/blogdofarnesio.com.br\/wp-content\/uploads\/2026\/03\/cropped-logo_new-1.png","contentUrl":"https:\/\/blogdofarnesio.com.br\/wp-content\/uploads\/2026\/03\/cropped-logo_new-1.png","width":881,"height":685,"caption":"Blog do Farn\u00e9sio"},"image":{"@id":"https:\/\/blogdofarnesio.com.br\/#\/schema\/logo\/image\/"},"sameAs":["https:\/\/www.facebook.com\/BlogQuerSaberPolitica\/"]},{"@type":"Person","@id":"https:\/\/blogdofarnesio.com.br\/#\/schema\/person\/dd1bf5eba40b687199ba45ca6b97dff9","name":"teste","image":{"@type":"ImageObject","inLanguage":"pt-BR","@id":"https:\/\/secure.gravatar.com\/avatar\/2172498d4914b51e1d89a0f97957b035ac4938723a5cac208135d389b6972a6d?s=96&d=mm&r=g","url":"https:\/\/secure.gravatar.com\/avatar\/2172498d4914b51e1d89a0f97957b035ac4938723a5cac208135d389b6972a6d?s=96&d=mm&r=g","contentUrl":"https:\/\/secure.gravatar.com\/avatar\/2172498d4914b51e1d89a0f97957b035ac4938723a5cac208135d389b6972a6d?s=96&d=mm&r=g","caption":"teste"},"url":"https:\/\/blogdofarnesio.com.br\/?author=3"}]}},"_links":{"self":[{"href":"https:\/\/blogdofarnesio.com.br\/index.php?rest_route=\/wp\/v2\/posts\/96542","targetHints":{"allow":["GET"]}}],"collection":[{"href":"https:\/\/blogdofarnesio.com.br\/index.php?rest_route=\/wp\/v2\/posts"}],"about":[{"href":"https:\/\/blogdofarnesio.com.br\/index.php?rest_route=\/wp\/v2\/types\/post"}],"author":[{"embeddable":true,"href":"https:\/\/blogdofarnesio.com.br\/index.php?rest_route=\/wp\/v2\/users\/3"}],"replies":[{"embeddable":true,"href":"https:\/\/blogdofarnesio.com.br\/index.php?rest_route=%2Fwp%2Fv2%2Fcomments&post=96542"}],"version-history":[{"count":0,"href":"https:\/\/blogdofarnesio.com.br\/index.php?rest_route=\/wp\/v2\/posts\/96542\/revisions"}],"wp:attachment":[{"href":"https:\/\/blogdofarnesio.com.br\/index.php?rest_route=%2Fwp%2Fv2%2Fmedia&parent=96542"}],"wp:term":[{"taxonomy":"category","embeddable":true,"href":"https:\/\/blogdofarnesio.com.br\/index.php?rest_route=%2Fwp%2Fv2%2Fcategories&post=96542"},{"taxonomy":"post_tag","embeddable":true,"href":"https:\/\/blogdofarnesio.com.br\/index.php?rest_route=%2Fwp%2Fv2%2Ftags&post=96542"}],"curies":[{"name":"wp","href":"https:\/\/api.w.org\/{rel}","templated":true}]}}