{"id":96425,"date":"2014-08-24T12:00:58","date_gmt":"2014-08-24T15:00:58","guid":{"rendered":"http:\/\/www.quersaberpolitica.com.br\/?p=96425"},"modified":"2014-08-24T09:57:41","modified_gmt":"2014-08-24T12:57:41","slug":"aviao-de-eduardo-caixa-2-pode-derrubar-marina","status":"publish","type":"post","link":"https:\/\/blogdofarnesio.com.br\/?p=96425","title":{"rendered":"AVI\u00c3O DE EDUARDO: CAIXA 2 PODE DERRUBAR MARINA"},"content":{"rendered":"<div style=\"text-align: justify\"><img loading=\"lazy\" decoding=\"async\" class=\"aligncenter\" alt=\": \" src=\"http:\/\/www.brasil247.com\/images\/cache\/1000x357\/crop\/images%7Ccms-image-000389125.jpg\" width=\"480\" height=\"171\" \/><strong>247 &#8211;<\/strong>\u00a0O PSB e sua candidata Marina Silva ter\u00e3o que superar uma quest\u00e3o delicada caso pretendam alcan\u00e7ar voo de cruzeiro na corrida pela presid\u00eancia da Rep\u00fablica. Trata-se de explicar a quem pertencia o avi\u00e3o usado por Eduardo Campos e Marina Silva, que caiu em Santos (SP) matando o ex-governador pernambucano e outras seis pessoas, assim como a origem dos recursos para a aquisi\u00e7\u00e3o.<\/p>\n<\/div>\n<div style=\"text-align: justify\">\n<section>\n<div>\n<p>Reportagem deste domingo dos rep\u00f3rteres Mariana Barbosa e M\u00e1rio Cesar Carvalho na Folha de S. Paulo (leia\u00a0<a href=\"http:\/\/www1.folha.uol.com.br\/fsp\/poder\/182262-pf-vai-investigar-se-aviao-foi-comprado-com-uso-de-caixa-2.shtml\" target=\"_blank\">aqui<\/a>) revela que a Pol\u00edcia Federal j\u00e1 investiga a hip\u00f3tese de que a aeronave tenha sido comprada com caixa 2 de campanhas pelo PSB ou pelo pr\u00f3prio Eduardo Campos, atrav\u00e9s de laranjas. E o PSB ter\u00e1 que indicar, rapidamente, na presta\u00e7\u00e3o de contas quem doou a aeronave \u00e0 sua campanha presidencial.<\/p>\n<p>\u00c9 a\u00ed que come\u00e7am os problemas. <!--more-->O grupo AF Andrade, que tem a aeronave em seu nome e pertence a um usineiro quebrado do interior paulista, alega que a aeronave foi vendida a amigos de Eduardo Campos. O ex-piloto diz que toda a transa\u00e7\u00e3o foi intermediada por Aldo Guedes, bra\u00e7o direito do ex-governador, que \u00e9 casado com uma de suas primas e s\u00f3cio em uma fazenda, al\u00e9m de ter sido nomeado para a presid\u00eancia da empresa de g\u00e1s \u2013 em Pernambuco, Guedes \u00e9 tamb\u00e9m tido como tesoureiro informal do PSB.<\/p>\n<p>Como os amigos de Campos n\u00e3o possu\u00edam patrim\u00f4nio declarado para comprar uma aeronave avaliada em R$ 18,5 milh\u00f5es, a principal suspeita da PF \u00e9 de caixa dois eleitoral. E o grande impasse \u00e9: quem ir\u00e1 se declarar propriet\u00e1rio da aeronave? At\u00e9 porque o propriet\u00e1rio ser\u00e1 respons\u00e1vel pelos danos materiais em Santos e pela repara\u00e7\u00e3o que ter\u00e1 de ser paga aos familiares das v\u00edtimas.<\/p>\n<p>A tend\u00eancia, no entanto, \u00e9 que n\u00e3o apare\u00e7a nenhum propriet\u00e1rio \u2013 o que inviabilizaria a presta\u00e7\u00e3o de contas do PSB. Ricardo Tepedino, advogado do grupo AF Andrade, assegura que a aeronave foi repassada aos amigos de Eduardo Campos, que, por sua vez, negam a opera\u00e7\u00e3o.<\/p>\n<p>As consequ\u00eancias disso podem ser muito negativas para a pr\u00f3pria Marina Silva. &#8220;A doa\u00e7\u00e3o precisa constar de um contrato, com a emiss\u00e3o de recibo eleitoral pela campanha&#8221;, diz K\u00e1tia Kufa, presidente do Instituto Paulista de Direito Eleitoral. &#8220;O contrato deve ser anterior \u00e0 doa\u00e7\u00e3o&#8221;. De acordo com a especialista em legisla\u00e7\u00e3o eleitoral, &#8220;se os gastos com o avi\u00e3o n\u00e3o forem declarados, isso pode configurar omiss\u00e3o de despesas e o candidato pode responder a uma a\u00e7\u00e3o por abuso de poder econ\u00f4mico&#8221;. A consequ\u00eancia, diz ela, seria a cassa\u00e7\u00e3o da candidatura de Marina.<\/p>\n<p>A grande dificuldade do PSB ser\u00e1 convencer algum empres\u00e1rio ou amigo de Campos a assinar um contrato, que lhe daria tamb\u00e9m a obriga\u00e7\u00e3o de arcar com o custo de v\u00e1rias repara\u00e7\u00f5es.<\/p>\n<\/div>\n<\/section>\n<\/div>\n","protected":false},"excerpt":{"rendered":"<p>247 &#8211;\u00a0O PSB e sua candidata Marina Silva ter\u00e3o que superar uma quest\u00e3o delicada caso pretendam alcan\u00e7ar voo de cruzeiro na corrida pela presid\u00eancia da Rep\u00fablica. Trata-se de explicar a quem pertencia o avi\u00e3o usado por Eduardo Campos e Marina Silva, que caiu em Santos (SP) matando o ex-governador pernambucano e outras seis pessoas, assim como a origem dos recursos para a aquisi\u00e7\u00e3o. Reportagem deste domingo dos rep\u00f3rteres Mariana Barbosa e M\u00e1rio Cesar Carvalho na Folha de S. Paulo (leia\u00a0aqui) revela que a Pol\u00edcia Federal j\u00e1 investiga a hip\u00f3tese de que a aeronave tenha sido comprada com caixa 2 de campanhas pelo PSB ou pelo pr\u00f3prio Eduardo Campos, atrav\u00e9s de laranjas. E o PSB ter\u00e1 que indicar, rapidamente, na presta\u00e7\u00e3o&hellip; <\/p>\n","protected":false},"author":3,"featured_media":0,"comment_status":"open","ping_status":"open","sticky":false,"template":"","format":"standard","meta":{"_acf_changed":false,"footnotes":""},"categories":[1],"tags":[],"class_list":["post-96425","post","type-post","status-publish","format-standard","hentry","category-politica"],"acf":[],"yoast_head":"<!-- This site is optimized with the Yoast SEO plugin v27.4 - https:\/\/yoast.com\/product\/yoast-seo-wordpress\/ -->\n<title>AVI\u00c3O DE EDUARDO: CAIXA 2 PODE DERRUBAR MARINA - Blog do Farn\u00e9sio<\/title>\n<meta name=\"robots\" content=\"index, follow, max-snippet:-1, max-image-preview:large, max-video-preview:-1\" \/>\n<link rel=\"canonical\" href=\"https:\/\/blogdofarnesio.com.br\/?p=96425\" \/>\n<meta property=\"og:locale\" content=\"pt_BR\" \/>\n<meta property=\"og:type\" content=\"article\" \/>\n<meta property=\"og:title\" content=\"AVI\u00c3O DE EDUARDO: CAIXA 2 PODE DERRUBAR MARINA - Blog do Farn\u00e9sio\" \/>\n<meta property=\"og:description\" content=\"247 &#8211;\u00a0O PSB e sua candidata Marina Silva ter\u00e3o que superar uma quest\u00e3o delicada caso pretendam alcan\u00e7ar voo de cruzeiro na corrida pela presid\u00eancia da Rep\u00fablica. Trata-se de explicar a quem pertencia o avi\u00e3o usado por Eduardo Campos e Marina Silva, que caiu em Santos (SP) matando o ex-governador pernambucano e outras seis pessoas, assim como a origem dos recursos para a aquisi\u00e7\u00e3o. Reportagem deste domingo dos rep\u00f3rteres Mariana Barbosa e M\u00e1rio Cesar Carvalho na Folha de S. Paulo (leia\u00a0aqui) revela que a Pol\u00edcia Federal j\u00e1 investiga a hip\u00f3tese de que a aeronave tenha sido comprada com caixa 2 de campanhas pelo PSB ou pelo pr\u00f3prio Eduardo Campos, atrav\u00e9s de laranjas. E o PSB ter\u00e1 que indicar, rapidamente, na presta\u00e7\u00e3o&hellip;\" \/>\n<meta property=\"og:url\" content=\"https:\/\/blogdofarnesio.com.br\/?p=96425\" \/>\n<meta property=\"og:site_name\" content=\"Blog do Farn\u00e9sio\" \/>\n<meta property=\"article:publisher\" content=\"https:\/\/www.facebook.com\/BlogQuerSaberPolitica\/\" \/>\n<meta property=\"article:published_time\" content=\"2014-08-24T15:00:58+00:00\" \/>\n<meta property=\"og:image\" content=\"http:\/\/www.brasil247.com\/images\/cache\/1000x357\/crop\/images%7Ccms-image-000389125.jpg\" \/>\n<meta name=\"author\" content=\"teste\" \/>\n<meta name=\"twitter:card\" content=\"summary_large_image\" \/>\n<meta name=\"twitter:label1\" content=\"Escrito por\" \/>\n\t<meta name=\"twitter:data1\" content=\"teste\" \/>\n\t<meta name=\"twitter:label2\" content=\"Est. tempo de leitura\" \/>\n\t<meta name=\"twitter:data2\" content=\"2 minutos\" \/>\n<script type=\"application\/ld+json\" class=\"yoast-schema-graph\">{\"@context\":\"https:\\\/\\\/schema.org\",\"@graph\":[{\"@type\":\"Article\",\"@id\":\"https:\\\/\\\/blogdofarnesio.com.br\\\/?p=96425#article\",\"isPartOf\":{\"@id\":\"https:\\\/\\\/blogdofarnesio.com.br\\\/?p=96425\"},\"author\":{\"name\":\"teste\",\"@id\":\"https:\\\/\\\/blogdofarnesio.com.br\\\/#\\\/schema\\\/person\\\/dd1bf5eba40b687199ba45ca6b97dff9\"},\"headline\":\"AVI\u00c3O DE EDUARDO: CAIXA 2 PODE DERRUBAR MARINA\",\"datePublished\":\"2014-08-24T15:00:58+00:00\",\"mainEntityOfPage\":{\"@id\":\"https:\\\/\\\/blogdofarnesio.com.br\\\/?p=96425\"},\"wordCount\":503,\"commentCount\":0,\"publisher\":{\"@id\":\"https:\\\/\\\/blogdofarnesio.com.br\\\/#organization\"},\"image\":{\"@id\":\"https:\\\/\\\/blogdofarnesio.com.br\\\/?p=96425#primaryimage\"},\"thumbnailUrl\":\"http:\\\/\\\/www.brasil247.com\\\/images\\\/cache\\\/1000x357\\\/crop\\\/images%7Ccms-image-000389125.jpg\",\"articleSection\":[\"Pol\u00edtica\"],\"inLanguage\":\"pt-BR\",\"potentialAction\":[{\"@type\":\"CommentAction\",\"name\":\"Comment\",\"target\":[\"https:\\\/\\\/blogdofarnesio.com.br\\\/?p=96425#respond\"]}]},{\"@type\":\"WebPage\",\"@id\":\"https:\\\/\\\/blogdofarnesio.com.br\\\/?p=96425\",\"url\":\"https:\\\/\\\/blogdofarnesio.com.br\\\/?p=96425\",\"name\":\"AVI\u00c3O DE EDUARDO: CAIXA 2 PODE DERRUBAR MARINA - Blog do Farn\u00e9sio\",\"isPartOf\":{\"@id\":\"https:\\\/\\\/blogdofarnesio.com.br\\\/#website\"},\"primaryImageOfPage\":{\"@id\":\"https:\\\/\\\/blogdofarnesio.com.br\\\/?p=96425#primaryimage\"},\"image\":{\"@id\":\"https:\\\/\\\/blogdofarnesio.com.br\\\/?p=96425#primaryimage\"},\"thumbnailUrl\":\"http:\\\/\\\/www.brasil247.com\\\/images\\\/cache\\\/1000x357\\\/crop\\\/images%7Ccms-image-000389125.jpg\",\"datePublished\":\"2014-08-24T15:00:58+00:00\",\"breadcrumb\":{\"@id\":\"https:\\\/\\\/blogdofarnesio.com.br\\\/?p=96425#breadcrumb\"},\"inLanguage\":\"pt-BR\",\"potentialAction\":[{\"@type\":\"ReadAction\",\"target\":[\"https:\\\/\\\/blogdofarnesio.com.br\\\/?p=96425\"]}]},{\"@type\":\"ImageObject\",\"inLanguage\":\"pt-BR\",\"@id\":\"https:\\\/\\\/blogdofarnesio.com.br\\\/?p=96425#primaryimage\",\"url\":\"http:\\\/\\\/www.brasil247.com\\\/images\\\/cache\\\/1000x357\\\/crop\\\/images%7Ccms-image-000389125.jpg\",\"contentUrl\":\"http:\\\/\\\/www.brasil247.com\\\/images\\\/cache\\\/1000x357\\\/crop\\\/images%7Ccms-image-000389125.jpg\"},{\"@type\":\"BreadcrumbList\",\"@id\":\"https:\\\/\\\/blogdofarnesio.com.br\\\/?p=96425#breadcrumb\",\"itemListElement\":[{\"@type\":\"ListItem\",\"position\":1,\"name\":\"In\u00edcio\",\"item\":\"https:\\\/\\\/blogdofarnesio.com.br\\\/\"},{\"@type\":\"ListItem\",\"position\":2,\"name\":\"AVI\u00c3O DE EDUARDO: CAIXA 2 PODE DERRUBAR MARINA\"}]},{\"@type\":\"WebSite\",\"@id\":\"https:\\\/\\\/blogdofarnesio.com.br\\\/#website\",\"url\":\"https:\\\/\\\/blogdofarnesio.com.br\\\/\",\"name\":\"Blog do Farn\u00e9sio\",\"description\":\"Quer Saber Pol\u00edtica?\",\"publisher\":{\"@id\":\"https:\\\/\\\/blogdofarnesio.com.br\\\/#organization\"},\"potentialAction\":[{\"@type\":\"SearchAction\",\"target\":{\"@type\":\"EntryPoint\",\"urlTemplate\":\"https:\\\/\\\/blogdofarnesio.com.br\\\/?s={search_term_string}\"},\"query-input\":{\"@type\":\"PropertyValueSpecification\",\"valueRequired\":true,\"valueName\":\"search_term_string\"}}],\"inLanguage\":\"pt-BR\"},{\"@type\":\"Organization\",\"@id\":\"https:\\\/\\\/blogdofarnesio.com.br\\\/#organization\",\"name\":\"Blog do Farn\u00e9sio\",\"url\":\"https:\\\/\\\/blogdofarnesio.com.br\\\/\",\"logo\":{\"@type\":\"ImageObject\",\"inLanguage\":\"pt-BR\",\"@id\":\"https:\\\/\\\/blogdofarnesio.com.br\\\/#\\\/schema\\\/logo\\\/image\\\/\",\"url\":\"https:\\\/\\\/blogdofarnesio.com.br\\\/wp-content\\\/uploads\\\/2026\\\/03\\\/cropped-logo_new-1.png\",\"contentUrl\":\"https:\\\/\\\/blogdofarnesio.com.br\\\/wp-content\\\/uploads\\\/2026\\\/03\\\/cropped-logo_new-1.png\",\"width\":881,\"height\":685,\"caption\":\"Blog do Farn\u00e9sio\"},\"image\":{\"@id\":\"https:\\\/\\\/blogdofarnesio.com.br\\\/#\\\/schema\\\/logo\\\/image\\\/\"},\"sameAs\":[\"https:\\\/\\\/www.facebook.com\\\/BlogQuerSaberPolitica\\\/\"]},{\"@type\":\"Person\",\"@id\":\"https:\\\/\\\/blogdofarnesio.com.br\\\/#\\\/schema\\\/person\\\/dd1bf5eba40b687199ba45ca6b97dff9\",\"name\":\"teste\",\"image\":{\"@type\":\"ImageObject\",\"inLanguage\":\"pt-BR\",\"@id\":\"https:\\\/\\\/secure.gravatar.com\\\/avatar\\\/2172498d4914b51e1d89a0f97957b035ac4938723a5cac208135d389b6972a6d?s=96&d=mm&r=g\",\"url\":\"https:\\\/\\\/secure.gravatar.com\\\/avatar\\\/2172498d4914b51e1d89a0f97957b035ac4938723a5cac208135d389b6972a6d?s=96&d=mm&r=g\",\"contentUrl\":\"https:\\\/\\\/secure.gravatar.com\\\/avatar\\\/2172498d4914b51e1d89a0f97957b035ac4938723a5cac208135d389b6972a6d?s=96&d=mm&r=g\",\"caption\":\"teste\"},\"url\":\"https:\\\/\\\/blogdofarnesio.com.br\\\/?author=3\"}]}<\/script>\n<!-- \/ Yoast SEO plugin. -->","yoast_head_json":{"title":"AVI\u00c3O DE EDUARDO: CAIXA 2 PODE DERRUBAR MARINA - Blog do Farn\u00e9sio","robots":{"index":"index","follow":"follow","max-snippet":"max-snippet:-1","max-image-preview":"max-image-preview:large","max-video-preview":"max-video-preview:-1"},"canonical":"https:\/\/blogdofarnesio.com.br\/?p=96425","og_locale":"pt_BR","og_type":"article","og_title":"AVI\u00c3O DE EDUARDO: CAIXA 2 PODE DERRUBAR MARINA - Blog do Farn\u00e9sio","og_description":"247 &#8211;\u00a0O PSB e sua candidata Marina Silva ter\u00e3o que superar uma quest\u00e3o delicada caso pretendam alcan\u00e7ar voo de cruzeiro na corrida pela presid\u00eancia da Rep\u00fablica. Trata-se de explicar a quem pertencia o avi\u00e3o usado por Eduardo Campos e Marina Silva, que caiu em Santos (SP) matando o ex-governador pernambucano e outras seis pessoas, assim como a origem dos recursos para a aquisi\u00e7\u00e3o. Reportagem deste domingo dos rep\u00f3rteres Mariana Barbosa e M\u00e1rio Cesar Carvalho na Folha de S. Paulo (leia\u00a0aqui) revela que a Pol\u00edcia Federal j\u00e1 investiga a hip\u00f3tese de que a aeronave tenha sido comprada com caixa 2 de campanhas pelo PSB ou pelo pr\u00f3prio Eduardo Campos, atrav\u00e9s de laranjas. E o PSB ter\u00e1 que indicar, rapidamente, na presta\u00e7\u00e3o&hellip;","og_url":"https:\/\/blogdofarnesio.com.br\/?p=96425","og_site_name":"Blog do Farn\u00e9sio","article_publisher":"https:\/\/www.facebook.com\/BlogQuerSaberPolitica\/","article_published_time":"2014-08-24T15:00:58+00:00","og_image":[{"url":"http:\/\/www.brasil247.com\/images\/cache\/1000x357\/crop\/images%7Ccms-image-000389125.jpg","type":"","width":"","height":""}],"author":"teste","twitter_card":"summary_large_image","twitter_misc":{"Escrito por":"teste","Est. tempo de leitura":"2 minutos"},"schema":{"@context":"https:\/\/schema.org","@graph":[{"@type":"Article","@id":"https:\/\/blogdofarnesio.com.br\/?p=96425#article","isPartOf":{"@id":"https:\/\/blogdofarnesio.com.br\/?p=96425"},"author":{"name":"teste","@id":"https:\/\/blogdofarnesio.com.br\/#\/schema\/person\/dd1bf5eba40b687199ba45ca6b97dff9"},"headline":"AVI\u00c3O DE EDUARDO: CAIXA 2 PODE DERRUBAR MARINA","datePublished":"2014-08-24T15:00:58+00:00","mainEntityOfPage":{"@id":"https:\/\/blogdofarnesio.com.br\/?p=96425"},"wordCount":503,"commentCount":0,"publisher":{"@id":"https:\/\/blogdofarnesio.com.br\/#organization"},"image":{"@id":"https:\/\/blogdofarnesio.com.br\/?p=96425#primaryimage"},"thumbnailUrl":"http:\/\/www.brasil247.com\/images\/cache\/1000x357\/crop\/images%7Ccms-image-000389125.jpg","articleSection":["Pol\u00edtica"],"inLanguage":"pt-BR","potentialAction":[{"@type":"CommentAction","name":"Comment","target":["https:\/\/blogdofarnesio.com.br\/?p=96425#respond"]}]},{"@type":"WebPage","@id":"https:\/\/blogdofarnesio.com.br\/?p=96425","url":"https:\/\/blogdofarnesio.com.br\/?p=96425","name":"AVI\u00c3O DE EDUARDO: CAIXA 2 PODE DERRUBAR MARINA - Blog do Farn\u00e9sio","isPartOf":{"@id":"https:\/\/blogdofarnesio.com.br\/#website"},"primaryImageOfPage":{"@id":"https:\/\/blogdofarnesio.com.br\/?p=96425#primaryimage"},"image":{"@id":"https:\/\/blogdofarnesio.com.br\/?p=96425#primaryimage"},"thumbnailUrl":"http:\/\/www.brasil247.com\/images\/cache\/1000x357\/crop\/images%7Ccms-image-000389125.jpg","datePublished":"2014-08-24T15:00:58+00:00","breadcrumb":{"@id":"https:\/\/blogdofarnesio.com.br\/?p=96425#breadcrumb"},"inLanguage":"pt-BR","potentialAction":[{"@type":"ReadAction","target":["https:\/\/blogdofarnesio.com.br\/?p=96425"]}]},{"@type":"ImageObject","inLanguage":"pt-BR","@id":"https:\/\/blogdofarnesio.com.br\/?p=96425#primaryimage","url":"http:\/\/www.brasil247.com\/images\/cache\/1000x357\/crop\/images%7Ccms-image-000389125.jpg","contentUrl":"http:\/\/www.brasil247.com\/images\/cache\/1000x357\/crop\/images%7Ccms-image-000389125.jpg"},{"@type":"BreadcrumbList","@id":"https:\/\/blogdofarnesio.com.br\/?p=96425#breadcrumb","itemListElement":[{"@type":"ListItem","position":1,"name":"In\u00edcio","item":"https:\/\/blogdofarnesio.com.br\/"},{"@type":"ListItem","position":2,"name":"AVI\u00c3O DE EDUARDO: CAIXA 2 PODE DERRUBAR MARINA"}]},{"@type":"WebSite","@id":"https:\/\/blogdofarnesio.com.br\/#website","url":"https:\/\/blogdofarnesio.com.br\/","name":"Blog do Farn\u00e9sio","description":"Quer Saber Pol\u00edtica?","publisher":{"@id":"https:\/\/blogdofarnesio.com.br\/#organization"},"potentialAction":[{"@type":"SearchAction","target":{"@type":"EntryPoint","urlTemplate":"https:\/\/blogdofarnesio.com.br\/?s={search_term_string}"},"query-input":{"@type":"PropertyValueSpecification","valueRequired":true,"valueName":"search_term_string"}}],"inLanguage":"pt-BR"},{"@type":"Organization","@id":"https:\/\/blogdofarnesio.com.br\/#organization","name":"Blog do Farn\u00e9sio","url":"https:\/\/blogdofarnesio.com.br\/","logo":{"@type":"ImageObject","inLanguage":"pt-BR","@id":"https:\/\/blogdofarnesio.com.br\/#\/schema\/logo\/image\/","url":"https:\/\/blogdofarnesio.com.br\/wp-content\/uploads\/2026\/03\/cropped-logo_new-1.png","contentUrl":"https:\/\/blogdofarnesio.com.br\/wp-content\/uploads\/2026\/03\/cropped-logo_new-1.png","width":881,"height":685,"caption":"Blog do Farn\u00e9sio"},"image":{"@id":"https:\/\/blogdofarnesio.com.br\/#\/schema\/logo\/image\/"},"sameAs":["https:\/\/www.facebook.com\/BlogQuerSaberPolitica\/"]},{"@type":"Person","@id":"https:\/\/blogdofarnesio.com.br\/#\/schema\/person\/dd1bf5eba40b687199ba45ca6b97dff9","name":"teste","image":{"@type":"ImageObject","inLanguage":"pt-BR","@id":"https:\/\/secure.gravatar.com\/avatar\/2172498d4914b51e1d89a0f97957b035ac4938723a5cac208135d389b6972a6d?s=96&d=mm&r=g","url":"https:\/\/secure.gravatar.com\/avatar\/2172498d4914b51e1d89a0f97957b035ac4938723a5cac208135d389b6972a6d?s=96&d=mm&r=g","contentUrl":"https:\/\/secure.gravatar.com\/avatar\/2172498d4914b51e1d89a0f97957b035ac4938723a5cac208135d389b6972a6d?s=96&d=mm&r=g","caption":"teste"},"url":"https:\/\/blogdofarnesio.com.br\/?author=3"}]}},"_links":{"self":[{"href":"https:\/\/blogdofarnesio.com.br\/index.php?rest_route=\/wp\/v2\/posts\/96425","targetHints":{"allow":["GET"]}}],"collection":[{"href":"https:\/\/blogdofarnesio.com.br\/index.php?rest_route=\/wp\/v2\/posts"}],"about":[{"href":"https:\/\/blogdofarnesio.com.br\/index.php?rest_route=\/wp\/v2\/types\/post"}],"author":[{"embeddable":true,"href":"https:\/\/blogdofarnesio.com.br\/index.php?rest_route=\/wp\/v2\/users\/3"}],"replies":[{"embeddable":true,"href":"https:\/\/blogdofarnesio.com.br\/index.php?rest_route=%2Fwp%2Fv2%2Fcomments&post=96425"}],"version-history":[{"count":0,"href":"https:\/\/blogdofarnesio.com.br\/index.php?rest_route=\/wp\/v2\/posts\/96425\/revisions"}],"wp:attachment":[{"href":"https:\/\/blogdofarnesio.com.br\/index.php?rest_route=%2Fwp%2Fv2%2Fmedia&parent=96425"}],"wp:term":[{"taxonomy":"category","embeddable":true,"href":"https:\/\/blogdofarnesio.com.br\/index.php?rest_route=%2Fwp%2Fv2%2Fcategories&post=96425"},{"taxonomy":"post_tag","embeddable":true,"href":"https:\/\/blogdofarnesio.com.br\/index.php?rest_route=%2Fwp%2Fv2%2Ftags&post=96425"}],"curies":[{"name":"wp","href":"https:\/\/api.w.org\/{rel}","templated":true}]}}