{"id":9626,"date":"2011-12-22T15:00:06","date_gmt":"2011-12-22T15:00:06","guid":{"rendered":"http:\/\/www.quersaberpolitica.com.br?p=9626"},"modified":"-0001-11-30T00:00:00","modified_gmt":"-0001-11-30T03:00:00","slug":"prefeito-julio-lossio-acompanha-saida-de-onibus-do-tfd","status":"publish","type":"post","link":"https:\/\/blogdofarnesio.com.br\/?p=9626","title":{"rendered":"Prefeito Julio Lossio acompanha sa\u00edda de \u00f4nibus do TFD"},"content":{"rendered":"<p style=\"text-align: justify;\"><span style=\"font-size: small;\"><a rel=\"lightbox\" href=\"http:\/\/www.quersaberpolitica.com.br\/2016\/wp-content\/uploads\/2012\/12\/blogqspjlacompanhasaidadeonibustfd.jpg\"><img loading=\"lazy\" decoding=\"async\" style=\"margin-top: 5px; margin-bottom: 5px; margin-left: 10px; margin-right: 10px; float: left;\" title=\"Imagem Arquivo PMP\" src=\"http:\/\/www.quersaberpolitica.com.br\/2016\/wp-content\/uploads\/2012\/12\/blogqspjlacompanhasaidadeonibustfd.jpg\" alt=\"\" width=\"200\" height=\"149\" \/><\/a>Atento &agrave; qualidade dos servi&ccedil;os de sa&uacute;de oferecidos em Petrolina, o prefeito Julio Lossio acompanhou, ontem (20), a sa&iacute;da do &ocirc;nibus que transporta os pacientes em Tratamento Fora Domic&iacute;lio (TFD). O servi&ccedil;o, direito de todo cidad&atilde;o residente no munic&iacute;pio, garante o acesso ao atendimento m&eacute;dico gratuito na capital do Estado, quando Petrolina n&atilde;o puder mais oferecer os meios para os tratamentos mais complexos de sua enfermidade.<\/span><\/p>\n<p style=\"text-align: justify;\"><span style=\"font-size: small;\">Uma equipe composta por m&eacute;dicos autorizadores, assistente social, auxiliares administrativos e auxiliares de servi&ccedil;os gerais atende &agrave; demanda encaminhada pela rede de Aten&ccedil;&atilde;o Especializada, pelos servi&ccedil;os de refer&ecirc;ncia do munic&iacute;pio, e pela rede hospitalar p&uacute;blica. Esses usu&aacute;rios s&atilde;o conduzidos para o tratamento no TFD, quando h&aacute; possibilidade de cura total ou parcial e permanecem na cidade a qual foi encaminhado por um per&iacute;odo limitado ao seu tratamento.<\/span><\/p>\n<p style=\"text-align: justify;\"><span style=\"font-size: small;\">O meio utilizado para o transporte &eacute; definido de acordo com as caracter&iacute;sticas de cada paciente. A Prefeitura Municipal oferece &ocirc;nibus fretado em m&eacute;dia 5 dias na semana, &ocirc;nibus fretado para casos excepcionais, ambul&acirc;ncias para pacientes acamados que necessitam de aten&ccedil;&atilde;o especial e avi&atilde;o nos casos selecionados por junta m&eacute;dica. Em 2011, 5.192 pacientes j&aacute; foram atendidos pelo servi&ccedil;o.<\/span><\/p>\n<p style=\"text-align: justify;\"><span style=\"font-size: small;\">&#8220;Estamos trabalhando para ampliar o cuidado &agrave;s pessoas. Quando esse cuidado n&atilde;o pode acontecer aqui em Petrolina, ent&atilde;o precisamos buscar outros meios e locais para fazer o atendimento&#8221;, afirmou o prefeito Julio Lossio, ressaltando o empenho da gest&atilde;o municipal em qualificar os servi&ccedil;os de sa&uacute;de oferecidos no munic&iacute;pio. &#8220;Petrolina tem, hoje, uma aten&ccedil;&atilde;o prim&aacute;ria &agrave; sa&uacute;de que &eacute; refer&ecirc;ncia, assim como o nosso Servi&ccedil;o de Atendimento M&oacute;vel de Urg&ecirc;ncia (SAMU &#8211; 192), elogiado pela Coordena&ccedil;&atilde;o de Urg&ecirc;ncia e Emerg&ecirc;ncia do Minist&eacute;rio da Sa&uacute;de&#8221;, completou o prefeito.<\/span><\/p>\n<p style=\"text-align: justify;\"><span style=\"font-size: small;\">(Eneida Trindade &#8211; Ascom Petrolina)<\/span><\/p>\n","protected":false},"excerpt":{"rendered":"<p>Atento &agrave; qualidade dos servi&ccedil;os de sa&uacute;de oferecidos em Petrolina, o prefeito Julio Lossio acompanhou, ontem (20), a sa&iacute;da do &ocirc;nibus que transporta os pacientes em Tratamento Fora Domic&iacute;lio (TFD). O servi&ccedil;o, direito de todo cidad&atilde;o residente no munic&iacute;pio, garante o acesso ao atendimento m&eacute;dico gratuito na capital do Estado, quando Petrolina n&atilde;o puder mais oferecer os meios para os tratamentos mais complexos de sua enfermidade. Uma equipe composta por m&eacute;dicos autorizadores, assistente social, auxiliares administrativos e auxiliares de servi&ccedil;os gerais atende &agrave; demanda encaminhada pela rede de Aten&ccedil;&atilde;o Especializada, pelos servi&ccedil;os de refer&ecirc;ncia do munic&iacute;pio, e pela rede hospitalar p&uacute;blica. Esses usu&aacute;rios s&atilde;o conduzidos para o tratamento no TFD, quando h&aacute; possibilidade de cura total ou parcial e permanecem&hellip; <\/p>\n","protected":false},"author":0,"featured_media":0,"comment_status":"open","ping_status":"open","sticky":false,"template":"","format":"standard","meta":{"_acf_changed":false,"footnotes":""},"categories":[3],"tags":[],"class_list":["post-9626","post","type-post","status-publish","format-standard","hentry","category-entretenimento"],"acf":[],"yoast_head":"<!-- This site is optimized with the Yoast SEO plugin v27.4 - https:\/\/yoast.com\/product\/yoast-seo-wordpress\/ -->\n<title>Prefeito Julio Lossio acompanha sa\u00edda de \u00f4nibus do TFD - Blog do Farn\u00e9sio<\/title>\n<meta name=\"robots\" content=\"index, follow, max-snippet:-1, max-image-preview:large, max-video-preview:-1\" \/>\n<link rel=\"canonical\" href=\"https:\/\/blogdofarnesio.com.br\/?p=9626\" \/>\n<meta property=\"og:locale\" content=\"pt_BR\" \/>\n<meta property=\"og:type\" content=\"article\" \/>\n<meta property=\"og:title\" content=\"Prefeito Julio Lossio acompanha sa\u00edda de \u00f4nibus do TFD - Blog do Farn\u00e9sio\" \/>\n<meta property=\"og:description\" content=\"Atento &agrave; qualidade dos servi&ccedil;os de sa&uacute;de oferecidos em Petrolina, o prefeito Julio Lossio acompanhou, ontem (20), a sa&iacute;da do &ocirc;nibus que transporta os pacientes em Tratamento Fora Domic&iacute;lio (TFD). O servi&ccedil;o, direito de todo cidad&atilde;o residente no munic&iacute;pio, garante o acesso ao atendimento m&eacute;dico gratuito na capital do Estado, quando Petrolina n&atilde;o puder mais oferecer os meios para os tratamentos mais complexos de sua enfermidade. Uma equipe composta por m&eacute;dicos autorizadores, assistente social, auxiliares administrativos e auxiliares de servi&ccedil;os gerais atende &agrave; demanda encaminhada pela rede de Aten&ccedil;&atilde;o Especializada, pelos servi&ccedil;os de refer&ecirc;ncia do munic&iacute;pio, e pela rede hospitalar p&uacute;blica. Esses usu&aacute;rios s&atilde;o conduzidos para o tratamento no TFD, quando h&aacute; possibilidade de cura total ou parcial e permanecem&hellip;\" \/>\n<meta property=\"og:url\" content=\"https:\/\/blogdofarnesio.com.br\/?p=9626\" \/>\n<meta property=\"og:site_name\" content=\"Blog do Farn\u00e9sio\" \/>\n<meta property=\"article:publisher\" content=\"https:\/\/www.facebook.com\/BlogQuerSaberPolitica\/\" \/>\n<meta property=\"article:published_time\" content=\"2011-12-22T15:00:06+00:00\" \/>\n<meta property=\"og:image\" content=\"http:\/\/www.quersaberpolitica.com.br\/2016\/wp-content\/uploads\/2012\/12\/blogqspjlacompanhasaidadeonibustfd.jpg\" \/>\n<meta name=\"twitter:card\" content=\"summary_large_image\" \/>\n<meta name=\"twitter:label1\" content=\"Est. tempo de leitura\" \/>\n\t<meta name=\"twitter:data1\" content=\"2 minutos\" \/>\n<script type=\"application\/ld+json\" class=\"yoast-schema-graph\">{\"@context\":\"https:\\\/\\\/schema.org\",\"@graph\":[{\"@type\":\"Article\",\"@id\":\"https:\\\/\\\/blogdofarnesio.com.br\\\/?p=9626#article\",\"isPartOf\":{\"@id\":\"https:\\\/\\\/blogdofarnesio.com.br\\\/?p=9626\"},\"author\":{\"name\":\"\",\"@id\":\"\"},\"headline\":\"Prefeito Julio Lossio acompanha sa\u00edda de \u00f4nibus do TFD\",\"datePublished\":\"2011-12-22T15:00:06+00:00\",\"mainEntityOfPage\":{\"@id\":\"https:\\\/\\\/blogdofarnesio.com.br\\\/?p=9626\"},\"wordCount\":386,\"commentCount\":0,\"publisher\":{\"@id\":\"https:\\\/\\\/blogdofarnesio.com.br\\\/#organization\"},\"image\":{\"@id\":\"https:\\\/\\\/blogdofarnesio.com.br\\\/?p=9626#primaryimage\"},\"thumbnailUrl\":\"http:\\\/\\\/www.quersaberpolitica.com.br\\\/2016\\\/wp-content\\\/uploads\\\/2012\\\/12\\\/blogqspjlacompanhasaidadeonibustfd.jpg\",\"articleSection\":[\"Entretenimento\"],\"inLanguage\":\"pt-BR\",\"potentialAction\":[{\"@type\":\"CommentAction\",\"name\":\"Comment\",\"target\":[\"https:\\\/\\\/blogdofarnesio.com.br\\\/?p=9626#respond\"]}]},{\"@type\":\"WebPage\",\"@id\":\"https:\\\/\\\/blogdofarnesio.com.br\\\/?p=9626\",\"url\":\"https:\\\/\\\/blogdofarnesio.com.br\\\/?p=9626\",\"name\":\"Prefeito Julio Lossio acompanha sa\u00edda de \u00f4nibus do TFD - Blog do Farn\u00e9sio\",\"isPartOf\":{\"@id\":\"https:\\\/\\\/blogdofarnesio.com.br\\\/#website\"},\"primaryImageOfPage\":{\"@id\":\"https:\\\/\\\/blogdofarnesio.com.br\\\/?p=9626#primaryimage\"},\"image\":{\"@id\":\"https:\\\/\\\/blogdofarnesio.com.br\\\/?p=9626#primaryimage\"},\"thumbnailUrl\":\"http:\\\/\\\/www.quersaberpolitica.com.br\\\/2016\\\/wp-content\\\/uploads\\\/2012\\\/12\\\/blogqspjlacompanhasaidadeonibustfd.jpg\",\"datePublished\":\"2011-12-22T15:00:06+00:00\",\"breadcrumb\":{\"@id\":\"https:\\\/\\\/blogdofarnesio.com.br\\\/?p=9626#breadcrumb\"},\"inLanguage\":\"pt-BR\",\"potentialAction\":[{\"@type\":\"ReadAction\",\"target\":[\"https:\\\/\\\/blogdofarnesio.com.br\\\/?p=9626\"]}]},{\"@type\":\"ImageObject\",\"inLanguage\":\"pt-BR\",\"@id\":\"https:\\\/\\\/blogdofarnesio.com.br\\\/?p=9626#primaryimage\",\"url\":\"http:\\\/\\\/www.quersaberpolitica.com.br\\\/2016\\\/wp-content\\\/uploads\\\/2012\\\/12\\\/blogqspjlacompanhasaidadeonibustfd.jpg\",\"contentUrl\":\"http:\\\/\\\/www.quersaberpolitica.com.br\\\/2016\\\/wp-content\\\/uploads\\\/2012\\\/12\\\/blogqspjlacompanhasaidadeonibustfd.jpg\"},{\"@type\":\"BreadcrumbList\",\"@id\":\"https:\\\/\\\/blogdofarnesio.com.br\\\/?p=9626#breadcrumb\",\"itemListElement\":[{\"@type\":\"ListItem\",\"position\":1,\"name\":\"In\u00edcio\",\"item\":\"https:\\\/\\\/blogdofarnesio.com.br\\\/\"},{\"@type\":\"ListItem\",\"position\":2,\"name\":\"Prefeito Julio Lossio acompanha sa\u00edda de \u00f4nibus do TFD\"}]},{\"@type\":\"WebSite\",\"@id\":\"https:\\\/\\\/blogdofarnesio.com.br\\\/#website\",\"url\":\"https:\\\/\\\/blogdofarnesio.com.br\\\/\",\"name\":\"Blog do Farn\u00e9sio\",\"description\":\"Quer Saber Pol\u00edtica?\",\"publisher\":{\"@id\":\"https:\\\/\\\/blogdofarnesio.com.br\\\/#organization\"},\"potentialAction\":[{\"@type\":\"SearchAction\",\"target\":{\"@type\":\"EntryPoint\",\"urlTemplate\":\"https:\\\/\\\/blogdofarnesio.com.br\\\/?s={search_term_string}\"},\"query-input\":{\"@type\":\"PropertyValueSpecification\",\"valueRequired\":true,\"valueName\":\"search_term_string\"}}],\"inLanguage\":\"pt-BR\"},{\"@type\":\"Organization\",\"@id\":\"https:\\\/\\\/blogdofarnesio.com.br\\\/#organization\",\"name\":\"Blog do Farn\u00e9sio\",\"url\":\"https:\\\/\\\/blogdofarnesio.com.br\\\/\",\"logo\":{\"@type\":\"ImageObject\",\"inLanguage\":\"pt-BR\",\"@id\":\"https:\\\/\\\/blogdofarnesio.com.br\\\/#\\\/schema\\\/logo\\\/image\\\/\",\"url\":\"https:\\\/\\\/blogdofarnesio.com.br\\\/wp-content\\\/uploads\\\/2026\\\/03\\\/cropped-logo_new-1.png\",\"contentUrl\":\"https:\\\/\\\/blogdofarnesio.com.br\\\/wp-content\\\/uploads\\\/2026\\\/03\\\/cropped-logo_new-1.png\",\"width\":881,\"height\":685,\"caption\":\"Blog do Farn\u00e9sio\"},\"image\":{\"@id\":\"https:\\\/\\\/blogdofarnesio.com.br\\\/#\\\/schema\\\/logo\\\/image\\\/\"},\"sameAs\":[\"https:\\\/\\\/www.facebook.com\\\/BlogQuerSaberPolitica\\\/\"]}]}<\/script>\n<!-- \/ Yoast SEO plugin. -->","yoast_head_json":{"title":"Prefeito Julio Lossio acompanha sa\u00edda de \u00f4nibus do TFD - Blog do Farn\u00e9sio","robots":{"index":"index","follow":"follow","max-snippet":"max-snippet:-1","max-image-preview":"max-image-preview:large","max-video-preview":"max-video-preview:-1"},"canonical":"https:\/\/blogdofarnesio.com.br\/?p=9626","og_locale":"pt_BR","og_type":"article","og_title":"Prefeito Julio Lossio acompanha sa\u00edda de \u00f4nibus do TFD - Blog do Farn\u00e9sio","og_description":"Atento &agrave; qualidade dos servi&ccedil;os de sa&uacute;de oferecidos em Petrolina, o prefeito Julio Lossio acompanhou, ontem (20), a sa&iacute;da do &ocirc;nibus que transporta os pacientes em Tratamento Fora Domic&iacute;lio (TFD). O servi&ccedil;o, direito de todo cidad&atilde;o residente no munic&iacute;pio, garante o acesso ao atendimento m&eacute;dico gratuito na capital do Estado, quando Petrolina n&atilde;o puder mais oferecer os meios para os tratamentos mais complexos de sua enfermidade. Uma equipe composta por m&eacute;dicos autorizadores, assistente social, auxiliares administrativos e auxiliares de servi&ccedil;os gerais atende &agrave; demanda encaminhada pela rede de Aten&ccedil;&atilde;o Especializada, pelos servi&ccedil;os de refer&ecirc;ncia do munic&iacute;pio, e pela rede hospitalar p&uacute;blica. Esses usu&aacute;rios s&atilde;o conduzidos para o tratamento no TFD, quando h&aacute; possibilidade de cura total ou parcial e permanecem&hellip;","og_url":"https:\/\/blogdofarnesio.com.br\/?p=9626","og_site_name":"Blog do Farn\u00e9sio","article_publisher":"https:\/\/www.facebook.com\/BlogQuerSaberPolitica\/","article_published_time":"2011-12-22T15:00:06+00:00","og_image":[{"url":"http:\/\/www.quersaberpolitica.com.br\/2016\/wp-content\/uploads\/2012\/12\/blogqspjlacompanhasaidadeonibustfd.jpg","type":"","width":"","height":""}],"twitter_card":"summary_large_image","twitter_misc":{"Est. tempo de leitura":"2 minutos"},"schema":{"@context":"https:\/\/schema.org","@graph":[{"@type":"Article","@id":"https:\/\/blogdofarnesio.com.br\/?p=9626#article","isPartOf":{"@id":"https:\/\/blogdofarnesio.com.br\/?p=9626"},"author":{"name":"","@id":""},"headline":"Prefeito Julio Lossio acompanha sa\u00edda de \u00f4nibus do TFD","datePublished":"2011-12-22T15:00:06+00:00","mainEntityOfPage":{"@id":"https:\/\/blogdofarnesio.com.br\/?p=9626"},"wordCount":386,"commentCount":0,"publisher":{"@id":"https:\/\/blogdofarnesio.com.br\/#organization"},"image":{"@id":"https:\/\/blogdofarnesio.com.br\/?p=9626#primaryimage"},"thumbnailUrl":"http:\/\/www.quersaberpolitica.com.br\/2016\/wp-content\/uploads\/2012\/12\/blogqspjlacompanhasaidadeonibustfd.jpg","articleSection":["Entretenimento"],"inLanguage":"pt-BR","potentialAction":[{"@type":"CommentAction","name":"Comment","target":["https:\/\/blogdofarnesio.com.br\/?p=9626#respond"]}]},{"@type":"WebPage","@id":"https:\/\/blogdofarnesio.com.br\/?p=9626","url":"https:\/\/blogdofarnesio.com.br\/?p=9626","name":"Prefeito Julio Lossio acompanha sa\u00edda de \u00f4nibus do TFD - Blog do Farn\u00e9sio","isPartOf":{"@id":"https:\/\/blogdofarnesio.com.br\/#website"},"primaryImageOfPage":{"@id":"https:\/\/blogdofarnesio.com.br\/?p=9626#primaryimage"},"image":{"@id":"https:\/\/blogdofarnesio.com.br\/?p=9626#primaryimage"},"thumbnailUrl":"http:\/\/www.quersaberpolitica.com.br\/2016\/wp-content\/uploads\/2012\/12\/blogqspjlacompanhasaidadeonibustfd.jpg","datePublished":"2011-12-22T15:00:06+00:00","breadcrumb":{"@id":"https:\/\/blogdofarnesio.com.br\/?p=9626#breadcrumb"},"inLanguage":"pt-BR","potentialAction":[{"@type":"ReadAction","target":["https:\/\/blogdofarnesio.com.br\/?p=9626"]}]},{"@type":"ImageObject","inLanguage":"pt-BR","@id":"https:\/\/blogdofarnesio.com.br\/?p=9626#primaryimage","url":"http:\/\/www.quersaberpolitica.com.br\/2016\/wp-content\/uploads\/2012\/12\/blogqspjlacompanhasaidadeonibustfd.jpg","contentUrl":"http:\/\/www.quersaberpolitica.com.br\/2016\/wp-content\/uploads\/2012\/12\/blogqspjlacompanhasaidadeonibustfd.jpg"},{"@type":"BreadcrumbList","@id":"https:\/\/blogdofarnesio.com.br\/?p=9626#breadcrumb","itemListElement":[{"@type":"ListItem","position":1,"name":"In\u00edcio","item":"https:\/\/blogdofarnesio.com.br\/"},{"@type":"ListItem","position":2,"name":"Prefeito Julio Lossio acompanha sa\u00edda de \u00f4nibus do TFD"}]},{"@type":"WebSite","@id":"https:\/\/blogdofarnesio.com.br\/#website","url":"https:\/\/blogdofarnesio.com.br\/","name":"Blog do Farn\u00e9sio","description":"Quer Saber Pol\u00edtica?","publisher":{"@id":"https:\/\/blogdofarnesio.com.br\/#organization"},"potentialAction":[{"@type":"SearchAction","target":{"@type":"EntryPoint","urlTemplate":"https:\/\/blogdofarnesio.com.br\/?s={search_term_string}"},"query-input":{"@type":"PropertyValueSpecification","valueRequired":true,"valueName":"search_term_string"}}],"inLanguage":"pt-BR"},{"@type":"Organization","@id":"https:\/\/blogdofarnesio.com.br\/#organization","name":"Blog do Farn\u00e9sio","url":"https:\/\/blogdofarnesio.com.br\/","logo":{"@type":"ImageObject","inLanguage":"pt-BR","@id":"https:\/\/blogdofarnesio.com.br\/#\/schema\/logo\/image\/","url":"https:\/\/blogdofarnesio.com.br\/wp-content\/uploads\/2026\/03\/cropped-logo_new-1.png","contentUrl":"https:\/\/blogdofarnesio.com.br\/wp-content\/uploads\/2026\/03\/cropped-logo_new-1.png","width":881,"height":685,"caption":"Blog do Farn\u00e9sio"},"image":{"@id":"https:\/\/blogdofarnesio.com.br\/#\/schema\/logo\/image\/"},"sameAs":["https:\/\/www.facebook.com\/BlogQuerSaberPolitica\/"]}]}},"_links":{"self":[{"href":"https:\/\/blogdofarnesio.com.br\/index.php?rest_route=\/wp\/v2\/posts\/9626","targetHints":{"allow":["GET"]}}],"collection":[{"href":"https:\/\/blogdofarnesio.com.br\/index.php?rest_route=\/wp\/v2\/posts"}],"about":[{"href":"https:\/\/blogdofarnesio.com.br\/index.php?rest_route=\/wp\/v2\/types\/post"}],"replies":[{"embeddable":true,"href":"https:\/\/blogdofarnesio.com.br\/index.php?rest_route=%2Fwp%2Fv2%2Fcomments&post=9626"}],"version-history":[{"count":0,"href":"https:\/\/blogdofarnesio.com.br\/index.php?rest_route=\/wp\/v2\/posts\/9626\/revisions"}],"wp:attachment":[{"href":"https:\/\/blogdofarnesio.com.br\/index.php?rest_route=%2Fwp%2Fv2%2Fmedia&parent=9626"}],"wp:term":[{"taxonomy":"category","embeddable":true,"href":"https:\/\/blogdofarnesio.com.br\/index.php?rest_route=%2Fwp%2Fv2%2Fcategories&post=9626"},{"taxonomy":"post_tag","embeddable":true,"href":"https:\/\/blogdofarnesio.com.br\/index.php?rest_route=%2Fwp%2Fv2%2Ftags&post=9626"}],"curies":[{"name":"wp","href":"https:\/\/api.w.org\/{rel}","templated":true}]}}