{"id":96080,"date":"2014-08-21T14:21:28","date_gmt":"2014-08-21T17:21:28","guid":{"rendered":"http:\/\/www.quersaberpolitica.com.br\/?p=96080"},"modified":"2014-08-21T12:48:32","modified_gmt":"2014-08-21T15:48:32","slug":"prefeito-entrega-reforma-da-escola-graciosa-xavier-em-carnaiba","status":"publish","type":"post","link":"https:\/\/blogdofarnesio.com.br\/?p=96080","title":{"rendered":"PREFEITO ENTREGA REFORMA DA ESCOLA GRACIOSA XAVIER EM CARNA\u00cdBA"},"content":{"rendered":"<p style=\"text-align: justify\"><a href=\"http:\/\/www.quersaberpolitica.com.br\/2016\/wp-content\/uploads\/2014\/08\/unnamed280.jpg\"><img loading=\"lazy\" decoding=\"async\" class=\"aligncenter size-full wp-image-96081\" alt=\"unnamed\" src=\"http:\/\/www.quersaberpolitica.com.br\/2016\/wp-content\/uploads\/2014\/08\/unnamed280.jpg\" width=\"448\" height=\"298\" srcset=\"https:\/\/blogdofarnesio.com.br\/wp-content\/uploads\/2014\/08\/unnamed280.jpg 448w, https:\/\/blogdofarnesio.com.br\/wp-content\/uploads\/2014\/08\/unnamed280-300x199.jpg 300w\" sizes=\"auto, (max-width: 448px) 100vw, 448px\" \/><\/a>\u00a0Alegria e emo\u00e7\u00e3o marcaram a inaugura\u00e7\u00e3o da reforma e climatiza\u00e7\u00e3o da Escola Graciosa Xavier, nesta quarta-feira (20), no distrito de Carna\u00edba do Sert\u00e3o.\u00a0O prefeito Isaac Carvalho, acompanhado do secret\u00e1rio de Educa\u00e7\u00e3o e Esportes, Cl\u00e9riston Andrade, entregou \u00e0 comunidade uma importante unidade educacional que h\u00e1 28 anos n\u00e3o passava por reforma.<\/p>\n<p style=\"text-align: justify\">Al\u00e9m dos moradores do distrito, quem tamb\u00e9m prestigiou a inaugura\u00e7\u00e3o foram os vereadores Agnaldo Meira e Dami\u00e3o Medrado, os Secret\u00e1rios Edvan Gon\u00e7alves, Raimundo Francisco Filho, C\u00e9lia Regina, Jorge Cerqueira, Eduardo Lopes, Paulo Bonfim e o Assessor Fl\u00e1vio Lu\u00eds.<\/p>\n<p style=\"text-align: justify\">Segundo o Secret\u00e1rio da SEDUC, Cl\u00e9riston Andrade, entregar esta unidade escolar reformada e climatizada \u00e9\u00a0\u00a0 \u201ccontribuir para que os alunos possam ter um ensino p\u00fablico gratuito e de qualidade e assim cumprir com a meta de trabalho, que \u00e9 climatizar todas as escolas do munic\u00edpio de Juazeiro dando um futuro melhor \u00e0s crian\u00e7as e\u00a0 jovens do nosso munic\u00edpio\u201d.<\/p>\n<p style=\"text-align: justify\"><img loading=\"lazy\" decoding=\"async\" alt=\"\" src=\"https:\/\/ci6.googleusercontent.com\/proxy\/4joc-lB5BvMObGtNkzPtDw7YW3J9z82MqmpBCX63LlJW69u02UxBlQQF63clhJKORA=s0-d-e1-ft#https:\/\/a.gfx.ms\/i_safe.gif\" width=\"1\" height=\"1\" \/>A Escola Graciosa Xavier Ramos tem 499 alunos matriculados do 5\u00ba ao 9\u00ba ano do Ensino Fundamental. \u201cDesde 2009 trabalho no munic\u00edpio como Professora e h\u00e1 sete meses que sou diretora desta institui\u00e7\u00e3o de ensino e nunca tinha visto meus alunos t\u00e3o empolgados como agora, posso ver a alegria estampada no rostinho deles. \u00c9 a realiza\u00e7\u00e3o de um sonho v\u00ea-la\u00a0 reformada e climatizada\u201d,\u00a0 declarou a Gestora da Escola, Lucimar Carvalho.<\/p>\n<p style=\"text-align: justify\">Para a aluna do 9\u00ba A, Maria Vit\u00f3ria Evangelista, de 16 anos, a reforma e climatiza\u00e7\u00e3o da escola ajudam no interesse pelos estudos. \u201cEstou motivada a buscar mais conhecimento, porque antes o calor e as paredes deterioradas e sujas\u00a0 faziam com que eu e meus colegas fic\u00e1ssemos entrando e saindo da sala toda hora. Hoje me d\u00e1 vontade de vir assistir a aula e aprender o conte\u00fado aplicado pelo professor em sala\u201d, reconheceu.<\/p>\n<p style=\"text-align: justify\">O prefeito Isaac Carvalho ressaltou a import\u00e2ncia que a Educa\u00e7\u00e3o tem recebido em Juazeiro. \u201cNa nossa gest\u00e3o s\u00e3o mais de 60 escolas com ar condicionado, al\u00e9m da valoriza\u00e7\u00e3o do nosso servidor. Juazeiro tem hoje a Escola de Forma\u00e7\u00e3o de Professores que \u00e9 a EFEJ, pioneira na Bahia, que oferece as instala\u00e7\u00f5es necess\u00e1rias para o desenvolvimento da pol\u00edtica de forma\u00e7\u00e3o do educador. J\u00e1 inauguramos nove creches do Proinfancia. Estamos melhorando cada vez mais esses equipamentos, investindo na Educa\u00e7\u00e3o e, assim, contribuindo para o desenvolvimento do nosso munic\u00edpio\u201d, concluiu.<\/p>\n","protected":false},"excerpt":{"rendered":"<p>\u00a0Alegria e emo\u00e7\u00e3o marcaram a inaugura\u00e7\u00e3o da reforma e climatiza\u00e7\u00e3o da Escola Graciosa Xavier, nesta quarta-feira (20), no distrito de Carna\u00edba do Sert\u00e3o.\u00a0O prefeito Isaac Carvalho, acompanhado do secret\u00e1rio de Educa\u00e7\u00e3o e Esportes, Cl\u00e9riston Andrade, entregou \u00e0 comunidade uma importante unidade educacional que h\u00e1 28 anos n\u00e3o passava por reforma. Al\u00e9m dos moradores do distrito, quem tamb\u00e9m prestigiou a inaugura\u00e7\u00e3o foram os vereadores Agnaldo Meira e Dami\u00e3o Medrado, os Secret\u00e1rios Edvan Gon\u00e7alves, Raimundo Francisco Filho, C\u00e9lia Regina, Jorge Cerqueira, Eduardo Lopes, Paulo Bonfim e o Assessor Fl\u00e1vio Lu\u00eds. Segundo o Secret\u00e1rio da SEDUC, Cl\u00e9riston Andrade, entregar esta unidade escolar reformada e climatizada \u00e9\u00a0\u00a0 \u201ccontribuir para que os alunos possam ter um ensino p\u00fablico gratuito e de qualidade e assim cumprir&hellip; <\/p>\n","protected":false},"author":3,"featured_media":0,"comment_status":"open","ping_status":"open","sticky":false,"template":"","format":"standard","meta":{"_acf_changed":false,"footnotes":""},"categories":[44],"tags":[],"class_list":["post-96080","post","type-post","status-publish","format-standard","hentry","category-administracao"],"acf":[],"yoast_head":"<!-- This site is optimized with the Yoast SEO plugin v27.4 - https:\/\/yoast.com\/product\/yoast-seo-wordpress\/ -->\n<title>PREFEITO ENTREGA REFORMA DA ESCOLA GRACIOSA XAVIER EM CARNA\u00cdBA - Blog do Farn\u00e9sio<\/title>\n<meta name=\"robots\" content=\"index, follow, max-snippet:-1, max-image-preview:large, max-video-preview:-1\" \/>\n<link rel=\"canonical\" href=\"https:\/\/blogdofarnesio.com.br\/?p=96080\" \/>\n<meta property=\"og:locale\" content=\"pt_BR\" \/>\n<meta property=\"og:type\" content=\"article\" \/>\n<meta property=\"og:title\" content=\"PREFEITO ENTREGA REFORMA DA ESCOLA GRACIOSA XAVIER EM CARNA\u00cdBA - Blog do Farn\u00e9sio\" \/>\n<meta property=\"og:description\" content=\"\u00a0Alegria e emo\u00e7\u00e3o marcaram a inaugura\u00e7\u00e3o da reforma e climatiza\u00e7\u00e3o da Escola Graciosa Xavier, nesta quarta-feira (20), no distrito de Carna\u00edba do Sert\u00e3o.\u00a0O prefeito Isaac Carvalho, acompanhado do secret\u00e1rio de Educa\u00e7\u00e3o e Esportes, Cl\u00e9riston Andrade, entregou \u00e0 comunidade uma importante unidade educacional que h\u00e1 28 anos n\u00e3o passava por reforma. Al\u00e9m dos moradores do distrito, quem tamb\u00e9m prestigiou a inaugura\u00e7\u00e3o foram os vereadores Agnaldo Meira e Dami\u00e3o Medrado, os Secret\u00e1rios Edvan Gon\u00e7alves, Raimundo Francisco Filho, C\u00e9lia Regina, Jorge Cerqueira, Eduardo Lopes, Paulo Bonfim e o Assessor Fl\u00e1vio Lu\u00eds. Segundo o Secret\u00e1rio da SEDUC, Cl\u00e9riston Andrade, entregar esta unidade escolar reformada e climatizada \u00e9\u00a0\u00a0 \u201ccontribuir para que os alunos possam ter um ensino p\u00fablico gratuito e de qualidade e assim cumprir&hellip;\" \/>\n<meta property=\"og:url\" content=\"https:\/\/blogdofarnesio.com.br\/?p=96080\" \/>\n<meta property=\"og:site_name\" content=\"Blog do Farn\u00e9sio\" \/>\n<meta property=\"article:publisher\" content=\"https:\/\/www.facebook.com\/BlogQuerSaberPolitica\/\" \/>\n<meta property=\"article:published_time\" content=\"2014-08-21T17:21:28+00:00\" \/>\n<meta property=\"og:image\" content=\"http:\/\/www.quersaberpolitica.com.br\/2016\/wp-content\/uploads\/2014\/08\/unnamed280.jpg\" \/>\n<meta name=\"author\" content=\"teste\" \/>\n<meta name=\"twitter:card\" content=\"summary_large_image\" \/>\n<meta name=\"twitter:label1\" content=\"Escrito por\" \/>\n\t<meta name=\"twitter:data1\" content=\"teste\" \/>\n\t<meta name=\"twitter:label2\" content=\"Est. tempo de leitura\" \/>\n\t<meta name=\"twitter:data2\" content=\"2 minutos\" \/>\n<script type=\"application\/ld+json\" class=\"yoast-schema-graph\">{\"@context\":\"https:\\\/\\\/schema.org\",\"@graph\":[{\"@type\":\"Article\",\"@id\":\"https:\\\/\\\/blogdofarnesio.com.br\\\/?p=96080#article\",\"isPartOf\":{\"@id\":\"https:\\\/\\\/blogdofarnesio.com.br\\\/?p=96080\"},\"author\":{\"name\":\"teste\",\"@id\":\"https:\\\/\\\/blogdofarnesio.com.br\\\/#\\\/schema\\\/person\\\/dd1bf5eba40b687199ba45ca6b97dff9\"},\"headline\":\"PREFEITO ENTREGA REFORMA DA ESCOLA GRACIOSA XAVIER EM CARNA\u00cdBA\",\"datePublished\":\"2014-08-21T17:21:28+00:00\",\"mainEntityOfPage\":{\"@id\":\"https:\\\/\\\/blogdofarnesio.com.br\\\/?p=96080\"},\"wordCount\":419,\"commentCount\":0,\"publisher\":{\"@id\":\"https:\\\/\\\/blogdofarnesio.com.br\\\/#organization\"},\"image\":{\"@id\":\"https:\\\/\\\/blogdofarnesio.com.br\\\/?p=96080#primaryimage\"},\"thumbnailUrl\":\"http:\\\/\\\/www.quersaberpolitica.com.br\\\/2016\\\/wp-content\\\/uploads\\\/2014\\\/08\\\/unnamed280.jpg\",\"articleSection\":[\"Administra\u00e7\u00e3o\"],\"inLanguage\":\"pt-BR\",\"potentialAction\":[{\"@type\":\"CommentAction\",\"name\":\"Comment\",\"target\":[\"https:\\\/\\\/blogdofarnesio.com.br\\\/?p=96080#respond\"]}]},{\"@type\":\"WebPage\",\"@id\":\"https:\\\/\\\/blogdofarnesio.com.br\\\/?p=96080\",\"url\":\"https:\\\/\\\/blogdofarnesio.com.br\\\/?p=96080\",\"name\":\"PREFEITO ENTREGA REFORMA DA ESCOLA GRACIOSA XAVIER EM CARNA\u00cdBA - Blog do Farn\u00e9sio\",\"isPartOf\":{\"@id\":\"https:\\\/\\\/blogdofarnesio.com.br\\\/#website\"},\"primaryImageOfPage\":{\"@id\":\"https:\\\/\\\/blogdofarnesio.com.br\\\/?p=96080#primaryimage\"},\"image\":{\"@id\":\"https:\\\/\\\/blogdofarnesio.com.br\\\/?p=96080#primaryimage\"},\"thumbnailUrl\":\"http:\\\/\\\/www.quersaberpolitica.com.br\\\/2016\\\/wp-content\\\/uploads\\\/2014\\\/08\\\/unnamed280.jpg\",\"datePublished\":\"2014-08-21T17:21:28+00:00\",\"breadcrumb\":{\"@id\":\"https:\\\/\\\/blogdofarnesio.com.br\\\/?p=96080#breadcrumb\"},\"inLanguage\":\"pt-BR\",\"potentialAction\":[{\"@type\":\"ReadAction\",\"target\":[\"https:\\\/\\\/blogdofarnesio.com.br\\\/?p=96080\"]}]},{\"@type\":\"ImageObject\",\"inLanguage\":\"pt-BR\",\"@id\":\"https:\\\/\\\/blogdofarnesio.com.br\\\/?p=96080#primaryimage\",\"url\":\"http:\\\/\\\/www.quersaberpolitica.com.br\\\/2016\\\/wp-content\\\/uploads\\\/2014\\\/08\\\/unnamed280.jpg\",\"contentUrl\":\"http:\\\/\\\/www.quersaberpolitica.com.br\\\/2016\\\/wp-content\\\/uploads\\\/2014\\\/08\\\/unnamed280.jpg\"},{\"@type\":\"BreadcrumbList\",\"@id\":\"https:\\\/\\\/blogdofarnesio.com.br\\\/?p=96080#breadcrumb\",\"itemListElement\":[{\"@type\":\"ListItem\",\"position\":1,\"name\":\"In\u00edcio\",\"item\":\"https:\\\/\\\/blogdofarnesio.com.br\\\/\"},{\"@type\":\"ListItem\",\"position\":2,\"name\":\"PREFEITO ENTREGA REFORMA DA ESCOLA GRACIOSA XAVIER EM CARNA\u00cdBA\"}]},{\"@type\":\"WebSite\",\"@id\":\"https:\\\/\\\/blogdofarnesio.com.br\\\/#website\",\"url\":\"https:\\\/\\\/blogdofarnesio.com.br\\\/\",\"name\":\"Blog do Farn\u00e9sio\",\"description\":\"Quer Saber Pol\u00edtica?\",\"publisher\":{\"@id\":\"https:\\\/\\\/blogdofarnesio.com.br\\\/#organization\"},\"potentialAction\":[{\"@type\":\"SearchAction\",\"target\":{\"@type\":\"EntryPoint\",\"urlTemplate\":\"https:\\\/\\\/blogdofarnesio.com.br\\\/?s={search_term_string}\"},\"query-input\":{\"@type\":\"PropertyValueSpecification\",\"valueRequired\":true,\"valueName\":\"search_term_string\"}}],\"inLanguage\":\"pt-BR\"},{\"@type\":\"Organization\",\"@id\":\"https:\\\/\\\/blogdofarnesio.com.br\\\/#organization\",\"name\":\"Blog do Farn\u00e9sio\",\"url\":\"https:\\\/\\\/blogdofarnesio.com.br\\\/\",\"logo\":{\"@type\":\"ImageObject\",\"inLanguage\":\"pt-BR\",\"@id\":\"https:\\\/\\\/blogdofarnesio.com.br\\\/#\\\/schema\\\/logo\\\/image\\\/\",\"url\":\"https:\\\/\\\/blogdofarnesio.com.br\\\/wp-content\\\/uploads\\\/2026\\\/03\\\/cropped-logo_new-1.png\",\"contentUrl\":\"https:\\\/\\\/blogdofarnesio.com.br\\\/wp-content\\\/uploads\\\/2026\\\/03\\\/cropped-logo_new-1.png\",\"width\":881,\"height\":685,\"caption\":\"Blog do Farn\u00e9sio\"},\"image\":{\"@id\":\"https:\\\/\\\/blogdofarnesio.com.br\\\/#\\\/schema\\\/logo\\\/image\\\/\"},\"sameAs\":[\"https:\\\/\\\/www.facebook.com\\\/BlogQuerSaberPolitica\\\/\"]},{\"@type\":\"Person\",\"@id\":\"https:\\\/\\\/blogdofarnesio.com.br\\\/#\\\/schema\\\/person\\\/dd1bf5eba40b687199ba45ca6b97dff9\",\"name\":\"teste\",\"image\":{\"@type\":\"ImageObject\",\"inLanguage\":\"pt-BR\",\"@id\":\"https:\\\/\\\/secure.gravatar.com\\\/avatar\\\/2172498d4914b51e1d89a0f97957b035ac4938723a5cac208135d389b6972a6d?s=96&d=mm&r=g\",\"url\":\"https:\\\/\\\/secure.gravatar.com\\\/avatar\\\/2172498d4914b51e1d89a0f97957b035ac4938723a5cac208135d389b6972a6d?s=96&d=mm&r=g\",\"contentUrl\":\"https:\\\/\\\/secure.gravatar.com\\\/avatar\\\/2172498d4914b51e1d89a0f97957b035ac4938723a5cac208135d389b6972a6d?s=96&d=mm&r=g\",\"caption\":\"teste\"},\"url\":\"https:\\\/\\\/blogdofarnesio.com.br\\\/?author=3\"}]}<\/script>\n<!-- \/ Yoast SEO plugin. -->","yoast_head_json":{"title":"PREFEITO ENTREGA REFORMA DA ESCOLA GRACIOSA XAVIER EM CARNA\u00cdBA - Blog do Farn\u00e9sio","robots":{"index":"index","follow":"follow","max-snippet":"max-snippet:-1","max-image-preview":"max-image-preview:large","max-video-preview":"max-video-preview:-1"},"canonical":"https:\/\/blogdofarnesio.com.br\/?p=96080","og_locale":"pt_BR","og_type":"article","og_title":"PREFEITO ENTREGA REFORMA DA ESCOLA GRACIOSA XAVIER EM CARNA\u00cdBA - Blog do Farn\u00e9sio","og_description":"\u00a0Alegria e emo\u00e7\u00e3o marcaram a inaugura\u00e7\u00e3o da reforma e climatiza\u00e7\u00e3o da Escola Graciosa Xavier, nesta quarta-feira (20), no distrito de Carna\u00edba do Sert\u00e3o.\u00a0O prefeito Isaac Carvalho, acompanhado do secret\u00e1rio de Educa\u00e7\u00e3o e Esportes, Cl\u00e9riston Andrade, entregou \u00e0 comunidade uma importante unidade educacional que h\u00e1 28 anos n\u00e3o passava por reforma. Al\u00e9m dos moradores do distrito, quem tamb\u00e9m prestigiou a inaugura\u00e7\u00e3o foram os vereadores Agnaldo Meira e Dami\u00e3o Medrado, os Secret\u00e1rios Edvan Gon\u00e7alves, Raimundo Francisco Filho, C\u00e9lia Regina, Jorge Cerqueira, Eduardo Lopes, Paulo Bonfim e o Assessor Fl\u00e1vio Lu\u00eds. Segundo o Secret\u00e1rio da SEDUC, Cl\u00e9riston Andrade, entregar esta unidade escolar reformada e climatizada \u00e9\u00a0\u00a0 \u201ccontribuir para que os alunos possam ter um ensino p\u00fablico gratuito e de qualidade e assim cumprir&hellip;","og_url":"https:\/\/blogdofarnesio.com.br\/?p=96080","og_site_name":"Blog do Farn\u00e9sio","article_publisher":"https:\/\/www.facebook.com\/BlogQuerSaberPolitica\/","article_published_time":"2014-08-21T17:21:28+00:00","og_image":[{"url":"http:\/\/www.quersaberpolitica.com.br\/2016\/wp-content\/uploads\/2014\/08\/unnamed280.jpg","type":"","width":"","height":""}],"author":"teste","twitter_card":"summary_large_image","twitter_misc":{"Escrito por":"teste","Est. tempo de leitura":"2 minutos"},"schema":{"@context":"https:\/\/schema.org","@graph":[{"@type":"Article","@id":"https:\/\/blogdofarnesio.com.br\/?p=96080#article","isPartOf":{"@id":"https:\/\/blogdofarnesio.com.br\/?p=96080"},"author":{"name":"teste","@id":"https:\/\/blogdofarnesio.com.br\/#\/schema\/person\/dd1bf5eba40b687199ba45ca6b97dff9"},"headline":"PREFEITO ENTREGA REFORMA DA ESCOLA GRACIOSA XAVIER EM CARNA\u00cdBA","datePublished":"2014-08-21T17:21:28+00:00","mainEntityOfPage":{"@id":"https:\/\/blogdofarnesio.com.br\/?p=96080"},"wordCount":419,"commentCount":0,"publisher":{"@id":"https:\/\/blogdofarnesio.com.br\/#organization"},"image":{"@id":"https:\/\/blogdofarnesio.com.br\/?p=96080#primaryimage"},"thumbnailUrl":"http:\/\/www.quersaberpolitica.com.br\/2016\/wp-content\/uploads\/2014\/08\/unnamed280.jpg","articleSection":["Administra\u00e7\u00e3o"],"inLanguage":"pt-BR","potentialAction":[{"@type":"CommentAction","name":"Comment","target":["https:\/\/blogdofarnesio.com.br\/?p=96080#respond"]}]},{"@type":"WebPage","@id":"https:\/\/blogdofarnesio.com.br\/?p=96080","url":"https:\/\/blogdofarnesio.com.br\/?p=96080","name":"PREFEITO ENTREGA REFORMA DA ESCOLA GRACIOSA XAVIER EM CARNA\u00cdBA - Blog do Farn\u00e9sio","isPartOf":{"@id":"https:\/\/blogdofarnesio.com.br\/#website"},"primaryImageOfPage":{"@id":"https:\/\/blogdofarnesio.com.br\/?p=96080#primaryimage"},"image":{"@id":"https:\/\/blogdofarnesio.com.br\/?p=96080#primaryimage"},"thumbnailUrl":"http:\/\/www.quersaberpolitica.com.br\/2016\/wp-content\/uploads\/2014\/08\/unnamed280.jpg","datePublished":"2014-08-21T17:21:28+00:00","breadcrumb":{"@id":"https:\/\/blogdofarnesio.com.br\/?p=96080#breadcrumb"},"inLanguage":"pt-BR","potentialAction":[{"@type":"ReadAction","target":["https:\/\/blogdofarnesio.com.br\/?p=96080"]}]},{"@type":"ImageObject","inLanguage":"pt-BR","@id":"https:\/\/blogdofarnesio.com.br\/?p=96080#primaryimage","url":"http:\/\/www.quersaberpolitica.com.br\/2016\/wp-content\/uploads\/2014\/08\/unnamed280.jpg","contentUrl":"http:\/\/www.quersaberpolitica.com.br\/2016\/wp-content\/uploads\/2014\/08\/unnamed280.jpg"},{"@type":"BreadcrumbList","@id":"https:\/\/blogdofarnesio.com.br\/?p=96080#breadcrumb","itemListElement":[{"@type":"ListItem","position":1,"name":"In\u00edcio","item":"https:\/\/blogdofarnesio.com.br\/"},{"@type":"ListItem","position":2,"name":"PREFEITO ENTREGA REFORMA DA ESCOLA GRACIOSA XAVIER EM CARNA\u00cdBA"}]},{"@type":"WebSite","@id":"https:\/\/blogdofarnesio.com.br\/#website","url":"https:\/\/blogdofarnesio.com.br\/","name":"Blog do Farn\u00e9sio","description":"Quer Saber Pol\u00edtica?","publisher":{"@id":"https:\/\/blogdofarnesio.com.br\/#organization"},"potentialAction":[{"@type":"SearchAction","target":{"@type":"EntryPoint","urlTemplate":"https:\/\/blogdofarnesio.com.br\/?s={search_term_string}"},"query-input":{"@type":"PropertyValueSpecification","valueRequired":true,"valueName":"search_term_string"}}],"inLanguage":"pt-BR"},{"@type":"Organization","@id":"https:\/\/blogdofarnesio.com.br\/#organization","name":"Blog do Farn\u00e9sio","url":"https:\/\/blogdofarnesio.com.br\/","logo":{"@type":"ImageObject","inLanguage":"pt-BR","@id":"https:\/\/blogdofarnesio.com.br\/#\/schema\/logo\/image\/","url":"https:\/\/blogdofarnesio.com.br\/wp-content\/uploads\/2026\/03\/cropped-logo_new-1.png","contentUrl":"https:\/\/blogdofarnesio.com.br\/wp-content\/uploads\/2026\/03\/cropped-logo_new-1.png","width":881,"height":685,"caption":"Blog do Farn\u00e9sio"},"image":{"@id":"https:\/\/blogdofarnesio.com.br\/#\/schema\/logo\/image\/"},"sameAs":["https:\/\/www.facebook.com\/BlogQuerSaberPolitica\/"]},{"@type":"Person","@id":"https:\/\/blogdofarnesio.com.br\/#\/schema\/person\/dd1bf5eba40b687199ba45ca6b97dff9","name":"teste","image":{"@type":"ImageObject","inLanguage":"pt-BR","@id":"https:\/\/secure.gravatar.com\/avatar\/2172498d4914b51e1d89a0f97957b035ac4938723a5cac208135d389b6972a6d?s=96&d=mm&r=g","url":"https:\/\/secure.gravatar.com\/avatar\/2172498d4914b51e1d89a0f97957b035ac4938723a5cac208135d389b6972a6d?s=96&d=mm&r=g","contentUrl":"https:\/\/secure.gravatar.com\/avatar\/2172498d4914b51e1d89a0f97957b035ac4938723a5cac208135d389b6972a6d?s=96&d=mm&r=g","caption":"teste"},"url":"https:\/\/blogdofarnesio.com.br\/?author=3"}]}},"_links":{"self":[{"href":"https:\/\/blogdofarnesio.com.br\/index.php?rest_route=\/wp\/v2\/posts\/96080","targetHints":{"allow":["GET"]}}],"collection":[{"href":"https:\/\/blogdofarnesio.com.br\/index.php?rest_route=\/wp\/v2\/posts"}],"about":[{"href":"https:\/\/blogdofarnesio.com.br\/index.php?rest_route=\/wp\/v2\/types\/post"}],"author":[{"embeddable":true,"href":"https:\/\/blogdofarnesio.com.br\/index.php?rest_route=\/wp\/v2\/users\/3"}],"replies":[{"embeddable":true,"href":"https:\/\/blogdofarnesio.com.br\/index.php?rest_route=%2Fwp%2Fv2%2Fcomments&post=96080"}],"version-history":[{"count":0,"href":"https:\/\/blogdofarnesio.com.br\/index.php?rest_route=\/wp\/v2\/posts\/96080\/revisions"}],"wp:attachment":[{"href":"https:\/\/blogdofarnesio.com.br\/index.php?rest_route=%2Fwp%2Fv2%2Fmedia&parent=96080"}],"wp:term":[{"taxonomy":"category","embeddable":true,"href":"https:\/\/blogdofarnesio.com.br\/index.php?rest_route=%2Fwp%2Fv2%2Fcategories&post=96080"},{"taxonomy":"post_tag","embeddable":true,"href":"https:\/\/blogdofarnesio.com.br\/index.php?rest_route=%2Fwp%2Fv2%2Ftags&post=96080"}],"curies":[{"name":"wp","href":"https:\/\/api.w.org\/{rel}","templated":true}]}}