{"id":96068,"date":"2014-08-21T15:02:07","date_gmt":"2014-08-21T18:02:07","guid":{"rendered":"http:\/\/www.quersaberpolitica.com.br\/?p=96068"},"modified":"2014-08-21T13:00:03","modified_gmt":"2014-08-21T16:00:03","slug":"ordem-publica-e-amma-promovem-blitz-de-fiscalizacao-em-construcoes-na-cidade-de-petrolina","status":"publish","type":"post","link":"https:\/\/blogdofarnesio.com.br\/?p=96068","title":{"rendered":"ORDEM P\u00daBLICA E AMMA PROMOVEM BLITZ DE FISCALIZA\u00c7\u00c3O EM CONSTRU\u00c7\u00d5ES NA CIDADE DE PETROLINA"},"content":{"rendered":"<p style=\"text-align: justify\"><a href=\"http:\/\/www.quersaberpolitica.com.br\/2016\/wp-content\/uploads\/2014\/08\/unnamed277.jpg\"><img loading=\"lazy\" decoding=\"async\" class=\"aligncenter size-full wp-image-96070\" alt=\"unnamed\" src=\"http:\/\/www.quersaberpolitica.com.br\/2016\/wp-content\/uploads\/2014\/08\/unnamed277.jpg\" width=\"448\" height=\"336\" srcset=\"https:\/\/blogdofarnesio.com.br\/wp-content\/uploads\/2014\/08\/unnamed277.jpg 448w, https:\/\/blogdofarnesio.com.br\/wp-content\/uploads\/2014\/08\/unnamed277-300x224.jpg 300w, https:\/\/blogdofarnesio.com.br\/wp-content\/uploads\/2014\/08\/unnamed277-400x300.jpg 400w\" sizes=\"auto, (max-width: 448px) 100vw, 448px\" \/><\/a>Durante o dia de ontem (20), A Secretaria Executiva de Ordem P\u00fablica e Seguran\u00e7a Cidad\u00e3 realizou uma opera\u00e7\u00e3o conjunta com a Secretaria Executiva de Urbanismo e a Ag\u00eancia Municipal de Meio Ambiente (AMMA), que culminou na fiscaliza\u00e7\u00e3o de constru\u00e7\u00f5es e ocupa\u00e7\u00f5es clandestinas nas margens do Riacho das Porteiras, no trecho que corta os bairros Pedro Raimundo e Ouro Preto, pr\u00f3ximo da Avenida dos Tropeiros. As ocupa\u00e7\u00f5es est\u00e3o situadas em faixa de preserva\u00e7\u00e3o ambiental e local de extremo risco.<\/p>\n<p style=\"text-align: justify\">Os agentes de fiscaliza\u00e7\u00e3o da AMMA observaram que as pessoas que est\u00e3o ocupando irregularmente a \u00e1rea est\u00e3o desrespeitando a legisla\u00e7\u00e3o ambiental federal em vigor, que determina a preserva\u00e7\u00e3o de uma faixa m\u00ednima de 30 metros para cada lado do riacho. O diagn\u00f3stico da Ag\u00eancia concluiu ent\u00e3o que dessa maneira essas pessoas est\u00e3o colocando em risco suas pr\u00f3prias vidas e de seus familiares, j\u00e1 que se trata de um Riacho natural por onde corre volume imenso de \u00e1guas quando ocorrem as fortes chuvas.<\/p>\n<p style=\"text-align: justify\">Para o secret\u00e1rio da Ordem P\u00fablica e Seguran\u00e7a Cidad\u00e3, Jota Santos, \u201cas constru\u00e7\u00f5es em \u00e1rea irregular representam grande risco \u00e0s pessoas que est\u00e3o morando nesse lugar. Vale salientar que no in\u00edcio do m\u00eas de julho deste ano, expedimos notifica\u00e7\u00f5es embargando as obras que estavam sedo erguidas no local, bem como determinando que fossem feito a demoli\u00e7\u00e3o das obras. Entretanto at\u00e9 esse momento as notifica\u00e7\u00f5es n\u00e3o foram cumpridas e algumas constru\u00e7\u00f5es at\u00e9 conclu\u00eddas. A partir de agora, e de maneira conjunta com os parceiros da opera\u00e7\u00e3o buscaremos tomar as provid\u00eancias, principalmente porque devemos salvaguardar as vidas que est\u00e3o habitando o local\u201d, explicou o secret\u00e1rio.<\/p>\n","protected":false},"excerpt":{"rendered":"<p>Durante o dia de ontem (20), A Secretaria Executiva de Ordem P\u00fablica e Seguran\u00e7a Cidad\u00e3 realizou uma opera\u00e7\u00e3o conjunta com a Secretaria Executiva de Urbanismo e a Ag\u00eancia Municipal de Meio Ambiente (AMMA), que culminou na fiscaliza\u00e7\u00e3o de constru\u00e7\u00f5es e ocupa\u00e7\u00f5es clandestinas nas margens do Riacho das Porteiras, no trecho que corta os bairros Pedro Raimundo e Ouro Preto, pr\u00f3ximo da Avenida dos Tropeiros. As ocupa\u00e7\u00f5es est\u00e3o situadas em faixa de preserva\u00e7\u00e3o ambiental e local de extremo risco. Os agentes de fiscaliza\u00e7\u00e3o da AMMA observaram que as pessoas que est\u00e3o ocupando irregularmente a \u00e1rea est\u00e3o desrespeitando a legisla\u00e7\u00e3o ambiental federal em vigor, que determina a preserva\u00e7\u00e3o de uma faixa m\u00ednima de 30 metros para cada lado do riacho. O diagn\u00f3stico&hellip; <\/p>\n","protected":false},"author":3,"featured_media":0,"comment_status":"open","ping_status":"open","sticky":false,"template":"","format":"standard","meta":{"_acf_changed":false,"footnotes":""},"categories":[1],"tags":[],"class_list":["post-96068","post","type-post","status-publish","format-standard","hentry","category-politica"],"acf":[],"yoast_head":"<!-- This site is optimized with the Yoast SEO plugin v27.4 - https:\/\/yoast.com\/product\/yoast-seo-wordpress\/ -->\n<title>ORDEM P\u00daBLICA E AMMA PROMOVEM BLITZ DE FISCALIZA\u00c7\u00c3O EM CONSTRU\u00c7\u00d5ES NA CIDADE DE PETROLINA - Blog do Farn\u00e9sio<\/title>\n<meta name=\"robots\" content=\"index, follow, max-snippet:-1, max-image-preview:large, max-video-preview:-1\" \/>\n<link rel=\"canonical\" href=\"https:\/\/blogdofarnesio.com.br\/?p=96068\" \/>\n<meta property=\"og:locale\" content=\"pt_BR\" \/>\n<meta property=\"og:type\" content=\"article\" \/>\n<meta property=\"og:title\" content=\"ORDEM P\u00daBLICA E AMMA PROMOVEM BLITZ DE FISCALIZA\u00c7\u00c3O EM CONSTRU\u00c7\u00d5ES NA CIDADE DE PETROLINA - Blog do Farn\u00e9sio\" \/>\n<meta property=\"og:description\" content=\"Durante o dia de ontem (20), A Secretaria Executiva de Ordem P\u00fablica e Seguran\u00e7a Cidad\u00e3 realizou uma opera\u00e7\u00e3o conjunta com a Secretaria Executiva de Urbanismo e a Ag\u00eancia Municipal de Meio Ambiente (AMMA), que culminou na fiscaliza\u00e7\u00e3o de constru\u00e7\u00f5es e ocupa\u00e7\u00f5es clandestinas nas margens do Riacho das Porteiras, no trecho que corta os bairros Pedro Raimundo e Ouro Preto, pr\u00f3ximo da Avenida dos Tropeiros. As ocupa\u00e7\u00f5es est\u00e3o situadas em faixa de preserva\u00e7\u00e3o ambiental e local de extremo risco. Os agentes de fiscaliza\u00e7\u00e3o da AMMA observaram que as pessoas que est\u00e3o ocupando irregularmente a \u00e1rea est\u00e3o desrespeitando a legisla\u00e7\u00e3o ambiental federal em vigor, que determina a preserva\u00e7\u00e3o de uma faixa m\u00ednima de 30 metros para cada lado do riacho. O diagn\u00f3stico&hellip;\" \/>\n<meta property=\"og:url\" content=\"https:\/\/blogdofarnesio.com.br\/?p=96068\" \/>\n<meta property=\"og:site_name\" content=\"Blog do Farn\u00e9sio\" \/>\n<meta property=\"article:publisher\" content=\"https:\/\/www.facebook.com\/BlogQuerSaberPolitica\/\" \/>\n<meta property=\"article:published_time\" content=\"2014-08-21T18:02:07+00:00\" \/>\n<meta property=\"og:image\" content=\"http:\/\/www.quersaberpolitica.com.br\/2016\/wp-content\/uploads\/2014\/08\/unnamed277.jpg\" \/>\n<meta name=\"author\" content=\"teste\" \/>\n<meta name=\"twitter:card\" content=\"summary_large_image\" \/>\n<meta name=\"twitter:label1\" content=\"Escrito por\" \/>\n\t<meta name=\"twitter:data1\" content=\"teste\" \/>\n\t<meta name=\"twitter:label2\" content=\"Est. tempo de leitura\" \/>\n\t<meta name=\"twitter:data2\" content=\"2 minutos\" \/>\n<script type=\"application\/ld+json\" class=\"yoast-schema-graph\">{\"@context\":\"https:\\\/\\\/schema.org\",\"@graph\":[{\"@type\":\"Article\",\"@id\":\"https:\\\/\\\/blogdofarnesio.com.br\\\/?p=96068#article\",\"isPartOf\":{\"@id\":\"https:\\\/\\\/blogdofarnesio.com.br\\\/?p=96068\"},\"author\":{\"name\":\"teste\",\"@id\":\"https:\\\/\\\/blogdofarnesio.com.br\\\/#\\\/schema\\\/person\\\/dd1bf5eba40b687199ba45ca6b97dff9\"},\"headline\":\"ORDEM P\u00daBLICA E AMMA PROMOVEM BLITZ DE FISCALIZA\u00c7\u00c3O EM CONSTRU\u00c7\u00d5ES NA CIDADE DE PETROLINA\",\"datePublished\":\"2014-08-21T18:02:07+00:00\",\"mainEntityOfPage\":{\"@id\":\"https:\\\/\\\/blogdofarnesio.com.br\\\/?p=96068\"},\"wordCount\":317,\"commentCount\":0,\"publisher\":{\"@id\":\"https:\\\/\\\/blogdofarnesio.com.br\\\/#organization\"},\"image\":{\"@id\":\"https:\\\/\\\/blogdofarnesio.com.br\\\/?p=96068#primaryimage\"},\"thumbnailUrl\":\"http:\\\/\\\/www.quersaberpolitica.com.br\\\/2016\\\/wp-content\\\/uploads\\\/2014\\\/08\\\/unnamed277.jpg\",\"articleSection\":[\"Pol\u00edtica\"],\"inLanguage\":\"pt-BR\",\"potentialAction\":[{\"@type\":\"CommentAction\",\"name\":\"Comment\",\"target\":[\"https:\\\/\\\/blogdofarnesio.com.br\\\/?p=96068#respond\"]}]},{\"@type\":\"WebPage\",\"@id\":\"https:\\\/\\\/blogdofarnesio.com.br\\\/?p=96068\",\"url\":\"https:\\\/\\\/blogdofarnesio.com.br\\\/?p=96068\",\"name\":\"ORDEM P\u00daBLICA E AMMA PROMOVEM BLITZ DE FISCALIZA\u00c7\u00c3O EM CONSTRU\u00c7\u00d5ES NA CIDADE DE PETROLINA - Blog do Farn\u00e9sio\",\"isPartOf\":{\"@id\":\"https:\\\/\\\/blogdofarnesio.com.br\\\/#website\"},\"primaryImageOfPage\":{\"@id\":\"https:\\\/\\\/blogdofarnesio.com.br\\\/?p=96068#primaryimage\"},\"image\":{\"@id\":\"https:\\\/\\\/blogdofarnesio.com.br\\\/?p=96068#primaryimage\"},\"thumbnailUrl\":\"http:\\\/\\\/www.quersaberpolitica.com.br\\\/2016\\\/wp-content\\\/uploads\\\/2014\\\/08\\\/unnamed277.jpg\",\"datePublished\":\"2014-08-21T18:02:07+00:00\",\"breadcrumb\":{\"@id\":\"https:\\\/\\\/blogdofarnesio.com.br\\\/?p=96068#breadcrumb\"},\"inLanguage\":\"pt-BR\",\"potentialAction\":[{\"@type\":\"ReadAction\",\"target\":[\"https:\\\/\\\/blogdofarnesio.com.br\\\/?p=96068\"]}]},{\"@type\":\"ImageObject\",\"inLanguage\":\"pt-BR\",\"@id\":\"https:\\\/\\\/blogdofarnesio.com.br\\\/?p=96068#primaryimage\",\"url\":\"http:\\\/\\\/www.quersaberpolitica.com.br\\\/2016\\\/wp-content\\\/uploads\\\/2014\\\/08\\\/unnamed277.jpg\",\"contentUrl\":\"http:\\\/\\\/www.quersaberpolitica.com.br\\\/2016\\\/wp-content\\\/uploads\\\/2014\\\/08\\\/unnamed277.jpg\"},{\"@type\":\"BreadcrumbList\",\"@id\":\"https:\\\/\\\/blogdofarnesio.com.br\\\/?p=96068#breadcrumb\",\"itemListElement\":[{\"@type\":\"ListItem\",\"position\":1,\"name\":\"In\u00edcio\",\"item\":\"https:\\\/\\\/blogdofarnesio.com.br\\\/\"},{\"@type\":\"ListItem\",\"position\":2,\"name\":\"ORDEM P\u00daBLICA E AMMA PROMOVEM BLITZ DE FISCALIZA\u00c7\u00c3O EM CONSTRU\u00c7\u00d5ES NA CIDADE DE PETROLINA\"}]},{\"@type\":\"WebSite\",\"@id\":\"https:\\\/\\\/blogdofarnesio.com.br\\\/#website\",\"url\":\"https:\\\/\\\/blogdofarnesio.com.br\\\/\",\"name\":\"Blog do Farn\u00e9sio\",\"description\":\"Quer Saber Pol\u00edtica?\",\"publisher\":{\"@id\":\"https:\\\/\\\/blogdofarnesio.com.br\\\/#organization\"},\"potentialAction\":[{\"@type\":\"SearchAction\",\"target\":{\"@type\":\"EntryPoint\",\"urlTemplate\":\"https:\\\/\\\/blogdofarnesio.com.br\\\/?s={search_term_string}\"},\"query-input\":{\"@type\":\"PropertyValueSpecification\",\"valueRequired\":true,\"valueName\":\"search_term_string\"}}],\"inLanguage\":\"pt-BR\"},{\"@type\":\"Organization\",\"@id\":\"https:\\\/\\\/blogdofarnesio.com.br\\\/#organization\",\"name\":\"Blog do Farn\u00e9sio\",\"url\":\"https:\\\/\\\/blogdofarnesio.com.br\\\/\",\"logo\":{\"@type\":\"ImageObject\",\"inLanguage\":\"pt-BR\",\"@id\":\"https:\\\/\\\/blogdofarnesio.com.br\\\/#\\\/schema\\\/logo\\\/image\\\/\",\"url\":\"https:\\\/\\\/blogdofarnesio.com.br\\\/wp-content\\\/uploads\\\/2026\\\/03\\\/cropped-logo_new-1.png\",\"contentUrl\":\"https:\\\/\\\/blogdofarnesio.com.br\\\/wp-content\\\/uploads\\\/2026\\\/03\\\/cropped-logo_new-1.png\",\"width\":881,\"height\":685,\"caption\":\"Blog do Farn\u00e9sio\"},\"image\":{\"@id\":\"https:\\\/\\\/blogdofarnesio.com.br\\\/#\\\/schema\\\/logo\\\/image\\\/\"},\"sameAs\":[\"https:\\\/\\\/www.facebook.com\\\/BlogQuerSaberPolitica\\\/\"]},{\"@type\":\"Person\",\"@id\":\"https:\\\/\\\/blogdofarnesio.com.br\\\/#\\\/schema\\\/person\\\/dd1bf5eba40b687199ba45ca6b97dff9\",\"name\":\"teste\",\"image\":{\"@type\":\"ImageObject\",\"inLanguage\":\"pt-BR\",\"@id\":\"https:\\\/\\\/secure.gravatar.com\\\/avatar\\\/2172498d4914b51e1d89a0f97957b035ac4938723a5cac208135d389b6972a6d?s=96&d=mm&r=g\",\"url\":\"https:\\\/\\\/secure.gravatar.com\\\/avatar\\\/2172498d4914b51e1d89a0f97957b035ac4938723a5cac208135d389b6972a6d?s=96&d=mm&r=g\",\"contentUrl\":\"https:\\\/\\\/secure.gravatar.com\\\/avatar\\\/2172498d4914b51e1d89a0f97957b035ac4938723a5cac208135d389b6972a6d?s=96&d=mm&r=g\",\"caption\":\"teste\"},\"url\":\"https:\\\/\\\/blogdofarnesio.com.br\\\/?author=3\"}]}<\/script>\n<!-- \/ Yoast SEO plugin. -->","yoast_head_json":{"title":"ORDEM P\u00daBLICA E AMMA PROMOVEM BLITZ DE FISCALIZA\u00c7\u00c3O EM CONSTRU\u00c7\u00d5ES NA CIDADE DE PETROLINA - Blog do Farn\u00e9sio","robots":{"index":"index","follow":"follow","max-snippet":"max-snippet:-1","max-image-preview":"max-image-preview:large","max-video-preview":"max-video-preview:-1"},"canonical":"https:\/\/blogdofarnesio.com.br\/?p=96068","og_locale":"pt_BR","og_type":"article","og_title":"ORDEM P\u00daBLICA E AMMA PROMOVEM BLITZ DE FISCALIZA\u00c7\u00c3O EM CONSTRU\u00c7\u00d5ES NA CIDADE DE PETROLINA - Blog do Farn\u00e9sio","og_description":"Durante o dia de ontem (20), A Secretaria Executiva de Ordem P\u00fablica e Seguran\u00e7a Cidad\u00e3 realizou uma opera\u00e7\u00e3o conjunta com a Secretaria Executiva de Urbanismo e a Ag\u00eancia Municipal de Meio Ambiente (AMMA), que culminou na fiscaliza\u00e7\u00e3o de constru\u00e7\u00f5es e ocupa\u00e7\u00f5es clandestinas nas margens do Riacho das Porteiras, no trecho que corta os bairros Pedro Raimundo e Ouro Preto, pr\u00f3ximo da Avenida dos Tropeiros. As ocupa\u00e7\u00f5es est\u00e3o situadas em faixa de preserva\u00e7\u00e3o ambiental e local de extremo risco. Os agentes de fiscaliza\u00e7\u00e3o da AMMA observaram que as pessoas que est\u00e3o ocupando irregularmente a \u00e1rea est\u00e3o desrespeitando a legisla\u00e7\u00e3o ambiental federal em vigor, que determina a preserva\u00e7\u00e3o de uma faixa m\u00ednima de 30 metros para cada lado do riacho. O diagn\u00f3stico&hellip;","og_url":"https:\/\/blogdofarnesio.com.br\/?p=96068","og_site_name":"Blog do Farn\u00e9sio","article_publisher":"https:\/\/www.facebook.com\/BlogQuerSaberPolitica\/","article_published_time":"2014-08-21T18:02:07+00:00","og_image":[{"url":"http:\/\/www.quersaberpolitica.com.br\/2016\/wp-content\/uploads\/2014\/08\/unnamed277.jpg","type":"","width":"","height":""}],"author":"teste","twitter_card":"summary_large_image","twitter_misc":{"Escrito por":"teste","Est. tempo de leitura":"2 minutos"},"schema":{"@context":"https:\/\/schema.org","@graph":[{"@type":"Article","@id":"https:\/\/blogdofarnesio.com.br\/?p=96068#article","isPartOf":{"@id":"https:\/\/blogdofarnesio.com.br\/?p=96068"},"author":{"name":"teste","@id":"https:\/\/blogdofarnesio.com.br\/#\/schema\/person\/dd1bf5eba40b687199ba45ca6b97dff9"},"headline":"ORDEM P\u00daBLICA E AMMA PROMOVEM BLITZ DE FISCALIZA\u00c7\u00c3O EM CONSTRU\u00c7\u00d5ES NA CIDADE DE PETROLINA","datePublished":"2014-08-21T18:02:07+00:00","mainEntityOfPage":{"@id":"https:\/\/blogdofarnesio.com.br\/?p=96068"},"wordCount":317,"commentCount":0,"publisher":{"@id":"https:\/\/blogdofarnesio.com.br\/#organization"},"image":{"@id":"https:\/\/blogdofarnesio.com.br\/?p=96068#primaryimage"},"thumbnailUrl":"http:\/\/www.quersaberpolitica.com.br\/2016\/wp-content\/uploads\/2014\/08\/unnamed277.jpg","articleSection":["Pol\u00edtica"],"inLanguage":"pt-BR","potentialAction":[{"@type":"CommentAction","name":"Comment","target":["https:\/\/blogdofarnesio.com.br\/?p=96068#respond"]}]},{"@type":"WebPage","@id":"https:\/\/blogdofarnesio.com.br\/?p=96068","url":"https:\/\/blogdofarnesio.com.br\/?p=96068","name":"ORDEM P\u00daBLICA E AMMA PROMOVEM BLITZ DE FISCALIZA\u00c7\u00c3O EM CONSTRU\u00c7\u00d5ES NA CIDADE DE PETROLINA - Blog do Farn\u00e9sio","isPartOf":{"@id":"https:\/\/blogdofarnesio.com.br\/#website"},"primaryImageOfPage":{"@id":"https:\/\/blogdofarnesio.com.br\/?p=96068#primaryimage"},"image":{"@id":"https:\/\/blogdofarnesio.com.br\/?p=96068#primaryimage"},"thumbnailUrl":"http:\/\/www.quersaberpolitica.com.br\/2016\/wp-content\/uploads\/2014\/08\/unnamed277.jpg","datePublished":"2014-08-21T18:02:07+00:00","breadcrumb":{"@id":"https:\/\/blogdofarnesio.com.br\/?p=96068#breadcrumb"},"inLanguage":"pt-BR","potentialAction":[{"@type":"ReadAction","target":["https:\/\/blogdofarnesio.com.br\/?p=96068"]}]},{"@type":"ImageObject","inLanguage":"pt-BR","@id":"https:\/\/blogdofarnesio.com.br\/?p=96068#primaryimage","url":"http:\/\/www.quersaberpolitica.com.br\/2016\/wp-content\/uploads\/2014\/08\/unnamed277.jpg","contentUrl":"http:\/\/www.quersaberpolitica.com.br\/2016\/wp-content\/uploads\/2014\/08\/unnamed277.jpg"},{"@type":"BreadcrumbList","@id":"https:\/\/blogdofarnesio.com.br\/?p=96068#breadcrumb","itemListElement":[{"@type":"ListItem","position":1,"name":"In\u00edcio","item":"https:\/\/blogdofarnesio.com.br\/"},{"@type":"ListItem","position":2,"name":"ORDEM P\u00daBLICA E AMMA PROMOVEM BLITZ DE FISCALIZA\u00c7\u00c3O EM CONSTRU\u00c7\u00d5ES NA CIDADE DE PETROLINA"}]},{"@type":"WebSite","@id":"https:\/\/blogdofarnesio.com.br\/#website","url":"https:\/\/blogdofarnesio.com.br\/","name":"Blog do Farn\u00e9sio","description":"Quer Saber Pol\u00edtica?","publisher":{"@id":"https:\/\/blogdofarnesio.com.br\/#organization"},"potentialAction":[{"@type":"SearchAction","target":{"@type":"EntryPoint","urlTemplate":"https:\/\/blogdofarnesio.com.br\/?s={search_term_string}"},"query-input":{"@type":"PropertyValueSpecification","valueRequired":true,"valueName":"search_term_string"}}],"inLanguage":"pt-BR"},{"@type":"Organization","@id":"https:\/\/blogdofarnesio.com.br\/#organization","name":"Blog do Farn\u00e9sio","url":"https:\/\/blogdofarnesio.com.br\/","logo":{"@type":"ImageObject","inLanguage":"pt-BR","@id":"https:\/\/blogdofarnesio.com.br\/#\/schema\/logo\/image\/","url":"https:\/\/blogdofarnesio.com.br\/wp-content\/uploads\/2026\/03\/cropped-logo_new-1.png","contentUrl":"https:\/\/blogdofarnesio.com.br\/wp-content\/uploads\/2026\/03\/cropped-logo_new-1.png","width":881,"height":685,"caption":"Blog do Farn\u00e9sio"},"image":{"@id":"https:\/\/blogdofarnesio.com.br\/#\/schema\/logo\/image\/"},"sameAs":["https:\/\/www.facebook.com\/BlogQuerSaberPolitica\/"]},{"@type":"Person","@id":"https:\/\/blogdofarnesio.com.br\/#\/schema\/person\/dd1bf5eba40b687199ba45ca6b97dff9","name":"teste","image":{"@type":"ImageObject","inLanguage":"pt-BR","@id":"https:\/\/secure.gravatar.com\/avatar\/2172498d4914b51e1d89a0f97957b035ac4938723a5cac208135d389b6972a6d?s=96&d=mm&r=g","url":"https:\/\/secure.gravatar.com\/avatar\/2172498d4914b51e1d89a0f97957b035ac4938723a5cac208135d389b6972a6d?s=96&d=mm&r=g","contentUrl":"https:\/\/secure.gravatar.com\/avatar\/2172498d4914b51e1d89a0f97957b035ac4938723a5cac208135d389b6972a6d?s=96&d=mm&r=g","caption":"teste"},"url":"https:\/\/blogdofarnesio.com.br\/?author=3"}]}},"_links":{"self":[{"href":"https:\/\/blogdofarnesio.com.br\/index.php?rest_route=\/wp\/v2\/posts\/96068","targetHints":{"allow":["GET"]}}],"collection":[{"href":"https:\/\/blogdofarnesio.com.br\/index.php?rest_route=\/wp\/v2\/posts"}],"about":[{"href":"https:\/\/blogdofarnesio.com.br\/index.php?rest_route=\/wp\/v2\/types\/post"}],"author":[{"embeddable":true,"href":"https:\/\/blogdofarnesio.com.br\/index.php?rest_route=\/wp\/v2\/users\/3"}],"replies":[{"embeddable":true,"href":"https:\/\/blogdofarnesio.com.br\/index.php?rest_route=%2Fwp%2Fv2%2Fcomments&post=96068"}],"version-history":[{"count":0,"href":"https:\/\/blogdofarnesio.com.br\/index.php?rest_route=\/wp\/v2\/posts\/96068\/revisions"}],"wp:attachment":[{"href":"https:\/\/blogdofarnesio.com.br\/index.php?rest_route=%2Fwp%2Fv2%2Fmedia&parent=96068"}],"wp:term":[{"taxonomy":"category","embeddable":true,"href":"https:\/\/blogdofarnesio.com.br\/index.php?rest_route=%2Fwp%2Fv2%2Fcategories&post=96068"},{"taxonomy":"post_tag","embeddable":true,"href":"https:\/\/blogdofarnesio.com.br\/index.php?rest_route=%2Fwp%2Fv2%2Ftags&post=96068"}],"curies":[{"name":"wp","href":"https:\/\/api.w.org\/{rel}","templated":true}]}}