{"id":96000,"date":"2014-08-21T16:01:21","date_gmt":"2014-08-21T19:01:21","guid":{"rendered":"http:\/\/www.quersaberpolitica.com.br\/?p=96000"},"modified":"2014-08-21T13:26:16","modified_gmt":"2014-08-21T16:26:16","slug":"odacy-retoma-campanha-em-visita-a-cohab-massangano","status":"publish","type":"post","link":"https:\/\/blogdofarnesio.com.br\/?p=96000","title":{"rendered":"ODACY RETOMA CAMPANHA EM VISITA \u00c0 COHAB MASSANGANO"},"content":{"rendered":"<p style=\"text-align: justify\"><a href=\"http:\/\/www.quersaberpolitica.com.br\/2016\/wp-content\/uploads\/2014\/08\/unnamed267.jpg\"><img loading=\"lazy\" decoding=\"async\" class=\"aligncenter size-full wp-image-96001\" alt=\"unnamed\" src=\"http:\/\/www.quersaberpolitica.com.br\/2016\/wp-content\/uploads\/2014\/08\/unnamed267.jpg\" width=\"448\" height=\"299\" srcset=\"https:\/\/blogdofarnesio.com.br\/wp-content\/uploads\/2014\/08\/unnamed267.jpg 448w, https:\/\/blogdofarnesio.com.br\/wp-content\/uploads\/2014\/08\/unnamed267-300x200.jpg 300w\" sizes=\"auto, (max-width: 448px) 100vw, 448px\" \/><\/a>O deputado estadual Odacy Amorim, candidato do PT \u00e0 reelei\u00e7\u00e3o, retomou nesta tarde-noite de ter\u00e7a-feira, 19, a sua campanha para as elei\u00e7\u00f5es 2014. O parlamentar reuniu a milit\u00e2ncia para uma caminhada pelo bairro Cohab Massangano. Neste retorno, Odacy reiterou ter ficado abalado com a morte do ex-governador Eduardo Campos na semana passada. O acidente a\u00e9reo que matou Eduardo e outras seis pessoas, ocorreu na quarta, dia 13, em Santos-SP. \u00a0A trag\u00e9dia fez com que todas as coliga\u00e7\u00f5es no estado e no Pa\u00eds suspendessem as campanhas por sete dias.<\/p>\n<p style=\"text-align: justify\">Odacy contou que sempre disse que mesmo estando fora do PSB, nunca perdeu a amizade do ex-governador e foi um momento triste para a hist\u00f3ria pol\u00edtica de Pernambuco e do Brasil. \u201cA morte de Eduardo foi uma coisa inesperada e sua despedida, inesquec\u00edvel como todos podemos acompanhar\u201d, comentou o parlamentar.<!--more--><\/p>\n<p style=\"text-align: justify\">Agora, voltando as atividades de sua reelei\u00e7\u00e3o, o parlamentar revelou que vai procurar intensificar a presta\u00e7\u00e3o de contas de seu mandato junto \u00e0 popula\u00e7\u00e3o para que as pessoas possam d\u00e1 mais voto de confian\u00e7a a sua jornada como deputado estadual majorit\u00e1rio em Petrolina.<\/p>\n<p style=\"text-align: justify\">\u201cSempre agi com transpar\u00eancia quando fui prefeito de Petrolina e \u00e9 dessa forma, apresentando nossas principais a\u00e7\u00f5es desse primeiro mandato, mais as obras que resultaram em mais de R$ 100 milh\u00f5es de investimentos em apenas dois anos como prefeito, que espero ter de novo apoio dos petrolinenses e pernambucanos, al\u00e9m de ajudar nas elei\u00e7\u00f5es do meu colega Adalberto Cavalcanti (PTB) para deputado federal, Armando para governador e Jo\u00e3o Paulo para senador e na reelei\u00e7\u00e3o da presidenta Dilma\u201d, afirmou o deputado Odacy Amorim.<\/p>\n<p style=\"text-align: justify\">Homenagem tamb\u00e9m na alepe \u2013 Odacy lembrou que na \u00faltima segunda-feira, dia 18, ele, vice-l\u00edder do PT na Assembleia e o colega de sigla, Manoel Santos, l\u00edder petista na Casa, prestaram homenagem ao ex-governador Eduardo Campos. Os dois pronunciamentos A sess\u00e3o da Alepe ocorrida na \u00faltima segunda-feira, 18, ap\u00f3s a trag\u00e9dia do dia 13 de agosto.<\/p>\n<p style=\"text-align: justify\">&#8220;Esta Casa passa por um momento muito triste da hist\u00f3ria. A morte do ex-governador Eduardo Campos da forma inesperada que foi, zerou qualquer disputa pol\u00edtica e por isso, l\u00edderes de todas as legendas vierem prestar homenagem a Eduardo e da o ultimo adeus a um dos maiores pol\u00edticos brasileiros com grande aprova\u00e7\u00e3o popular&#8221;, discursou Odacy da tribuna.<\/p>\n","protected":false},"excerpt":{"rendered":"<p>O deputado estadual Odacy Amorim, candidato do PT \u00e0 reelei\u00e7\u00e3o, retomou nesta tarde-noite de ter\u00e7a-feira, 19, a sua campanha para as elei\u00e7\u00f5es 2014. O parlamentar reuniu a milit\u00e2ncia para uma caminhada pelo bairro Cohab Massangano. Neste retorno, Odacy reiterou ter ficado abalado com a morte do ex-governador Eduardo Campos na semana passada. O acidente a\u00e9reo que matou Eduardo e outras seis pessoas, ocorreu na quarta, dia 13, em Santos-SP. \u00a0A trag\u00e9dia fez com que todas as coliga\u00e7\u00f5es no estado e no Pa\u00eds suspendessem as campanhas por sete dias. Odacy contou que sempre disse que mesmo estando fora do PSB, nunca perdeu a amizade do ex-governador e foi um momento triste para a hist\u00f3ria pol\u00edtica de Pernambuco e do Brasil. \u201cA&hellip; <\/p>\n","protected":false},"author":3,"featured_media":0,"comment_status":"open","ping_status":"open","sticky":false,"template":"","format":"standard","meta":{"_acf_changed":false,"footnotes":""},"categories":[34],"tags":[],"class_list":["post-96000","post","type-post","status-publish","format-standard","hentry","category-eleicoes"],"acf":[],"yoast_head":"<!-- This site is optimized with the Yoast SEO plugin v27.4 - https:\/\/yoast.com\/product\/yoast-seo-wordpress\/ -->\n<title>ODACY RETOMA CAMPANHA EM VISITA \u00c0 COHAB MASSANGANO  - Blog do Farn\u00e9sio<\/title>\n<meta name=\"robots\" content=\"index, follow, max-snippet:-1, max-image-preview:large, max-video-preview:-1\" \/>\n<link rel=\"canonical\" href=\"https:\/\/blogdofarnesio.com.br\/?p=96000\" \/>\n<meta property=\"og:locale\" content=\"pt_BR\" \/>\n<meta property=\"og:type\" content=\"article\" \/>\n<meta property=\"og:title\" content=\"ODACY RETOMA CAMPANHA EM VISITA \u00c0 COHAB MASSANGANO  - Blog do Farn\u00e9sio\" \/>\n<meta property=\"og:description\" content=\"O deputado estadual Odacy Amorim, candidato do PT \u00e0 reelei\u00e7\u00e3o, retomou nesta tarde-noite de ter\u00e7a-feira, 19, a sua campanha para as elei\u00e7\u00f5es 2014. O parlamentar reuniu a milit\u00e2ncia para uma caminhada pelo bairro Cohab Massangano. Neste retorno, Odacy reiterou ter ficado abalado com a morte do ex-governador Eduardo Campos na semana passada. O acidente a\u00e9reo que matou Eduardo e outras seis pessoas, ocorreu na quarta, dia 13, em Santos-SP. \u00a0A trag\u00e9dia fez com que todas as coliga\u00e7\u00f5es no estado e no Pa\u00eds suspendessem as campanhas por sete dias. Odacy contou que sempre disse que mesmo estando fora do PSB, nunca perdeu a amizade do ex-governador e foi um momento triste para a hist\u00f3ria pol\u00edtica de Pernambuco e do Brasil. \u201cA&hellip;\" \/>\n<meta property=\"og:url\" content=\"https:\/\/blogdofarnesio.com.br\/?p=96000\" \/>\n<meta property=\"og:site_name\" content=\"Blog do Farn\u00e9sio\" \/>\n<meta property=\"article:publisher\" content=\"https:\/\/www.facebook.com\/BlogQuerSaberPolitica\/\" \/>\n<meta property=\"article:published_time\" content=\"2014-08-21T19:01:21+00:00\" \/>\n<meta property=\"og:image\" content=\"http:\/\/www.quersaberpolitica.com.br\/2016\/wp-content\/uploads\/2014\/08\/unnamed267.jpg\" \/>\n<meta name=\"author\" content=\"teste\" \/>\n<meta name=\"twitter:card\" content=\"summary_large_image\" \/>\n<meta name=\"twitter:label1\" content=\"Escrito por\" \/>\n\t<meta name=\"twitter:data1\" content=\"teste\" \/>\n\t<meta name=\"twitter:label2\" content=\"Est. tempo de leitura\" \/>\n\t<meta name=\"twitter:data2\" content=\"2 minutos\" \/>\n<script type=\"application\/ld+json\" class=\"yoast-schema-graph\">{\"@context\":\"https:\\\/\\\/schema.org\",\"@graph\":[{\"@type\":\"Article\",\"@id\":\"https:\\\/\\\/blogdofarnesio.com.br\\\/?p=96000#article\",\"isPartOf\":{\"@id\":\"https:\\\/\\\/blogdofarnesio.com.br\\\/?p=96000\"},\"author\":{\"name\":\"teste\",\"@id\":\"https:\\\/\\\/blogdofarnesio.com.br\\\/#\\\/schema\\\/person\\\/dd1bf5eba40b687199ba45ca6b97dff9\"},\"headline\":\"ODACY RETOMA CAMPANHA EM VISITA \u00c0 COHAB MASSANGANO\",\"datePublished\":\"2014-08-21T19:01:21+00:00\",\"mainEntityOfPage\":{\"@id\":\"https:\\\/\\\/blogdofarnesio.com.br\\\/?p=96000\"},\"wordCount\":406,\"commentCount\":0,\"publisher\":{\"@id\":\"https:\\\/\\\/blogdofarnesio.com.br\\\/#organization\"},\"image\":{\"@id\":\"https:\\\/\\\/blogdofarnesio.com.br\\\/?p=96000#primaryimage\"},\"thumbnailUrl\":\"http:\\\/\\\/www.quersaberpolitica.com.br\\\/2016\\\/wp-content\\\/uploads\\\/2014\\\/08\\\/unnamed267.jpg\",\"articleSection\":[\"Elei\u00e7\u00f5es\"],\"inLanguage\":\"pt-BR\",\"potentialAction\":[{\"@type\":\"CommentAction\",\"name\":\"Comment\",\"target\":[\"https:\\\/\\\/blogdofarnesio.com.br\\\/?p=96000#respond\"]}]},{\"@type\":\"WebPage\",\"@id\":\"https:\\\/\\\/blogdofarnesio.com.br\\\/?p=96000\",\"url\":\"https:\\\/\\\/blogdofarnesio.com.br\\\/?p=96000\",\"name\":\"ODACY RETOMA CAMPANHA EM VISITA \u00c0 COHAB MASSANGANO - Blog do Farn\u00e9sio\",\"isPartOf\":{\"@id\":\"https:\\\/\\\/blogdofarnesio.com.br\\\/#website\"},\"primaryImageOfPage\":{\"@id\":\"https:\\\/\\\/blogdofarnesio.com.br\\\/?p=96000#primaryimage\"},\"image\":{\"@id\":\"https:\\\/\\\/blogdofarnesio.com.br\\\/?p=96000#primaryimage\"},\"thumbnailUrl\":\"http:\\\/\\\/www.quersaberpolitica.com.br\\\/2016\\\/wp-content\\\/uploads\\\/2014\\\/08\\\/unnamed267.jpg\",\"datePublished\":\"2014-08-21T19:01:21+00:00\",\"breadcrumb\":{\"@id\":\"https:\\\/\\\/blogdofarnesio.com.br\\\/?p=96000#breadcrumb\"},\"inLanguage\":\"pt-BR\",\"potentialAction\":[{\"@type\":\"ReadAction\",\"target\":[\"https:\\\/\\\/blogdofarnesio.com.br\\\/?p=96000\"]}]},{\"@type\":\"ImageObject\",\"inLanguage\":\"pt-BR\",\"@id\":\"https:\\\/\\\/blogdofarnesio.com.br\\\/?p=96000#primaryimage\",\"url\":\"http:\\\/\\\/www.quersaberpolitica.com.br\\\/2016\\\/wp-content\\\/uploads\\\/2014\\\/08\\\/unnamed267.jpg\",\"contentUrl\":\"http:\\\/\\\/www.quersaberpolitica.com.br\\\/2016\\\/wp-content\\\/uploads\\\/2014\\\/08\\\/unnamed267.jpg\"},{\"@type\":\"BreadcrumbList\",\"@id\":\"https:\\\/\\\/blogdofarnesio.com.br\\\/?p=96000#breadcrumb\",\"itemListElement\":[{\"@type\":\"ListItem\",\"position\":1,\"name\":\"In\u00edcio\",\"item\":\"https:\\\/\\\/blogdofarnesio.com.br\\\/\"},{\"@type\":\"ListItem\",\"position\":2,\"name\":\"ODACY RETOMA CAMPANHA EM VISITA \u00c0 COHAB MASSANGANO\"}]},{\"@type\":\"WebSite\",\"@id\":\"https:\\\/\\\/blogdofarnesio.com.br\\\/#website\",\"url\":\"https:\\\/\\\/blogdofarnesio.com.br\\\/\",\"name\":\"Blog do Farn\u00e9sio\",\"description\":\"Quer Saber Pol\u00edtica?\",\"publisher\":{\"@id\":\"https:\\\/\\\/blogdofarnesio.com.br\\\/#organization\"},\"potentialAction\":[{\"@type\":\"SearchAction\",\"target\":{\"@type\":\"EntryPoint\",\"urlTemplate\":\"https:\\\/\\\/blogdofarnesio.com.br\\\/?s={search_term_string}\"},\"query-input\":{\"@type\":\"PropertyValueSpecification\",\"valueRequired\":true,\"valueName\":\"search_term_string\"}}],\"inLanguage\":\"pt-BR\"},{\"@type\":\"Organization\",\"@id\":\"https:\\\/\\\/blogdofarnesio.com.br\\\/#organization\",\"name\":\"Blog do Farn\u00e9sio\",\"url\":\"https:\\\/\\\/blogdofarnesio.com.br\\\/\",\"logo\":{\"@type\":\"ImageObject\",\"inLanguage\":\"pt-BR\",\"@id\":\"https:\\\/\\\/blogdofarnesio.com.br\\\/#\\\/schema\\\/logo\\\/image\\\/\",\"url\":\"https:\\\/\\\/blogdofarnesio.com.br\\\/wp-content\\\/uploads\\\/2026\\\/03\\\/cropped-logo_new-1.png\",\"contentUrl\":\"https:\\\/\\\/blogdofarnesio.com.br\\\/wp-content\\\/uploads\\\/2026\\\/03\\\/cropped-logo_new-1.png\",\"width\":881,\"height\":685,\"caption\":\"Blog do Farn\u00e9sio\"},\"image\":{\"@id\":\"https:\\\/\\\/blogdofarnesio.com.br\\\/#\\\/schema\\\/logo\\\/image\\\/\"},\"sameAs\":[\"https:\\\/\\\/www.facebook.com\\\/BlogQuerSaberPolitica\\\/\"]},{\"@type\":\"Person\",\"@id\":\"https:\\\/\\\/blogdofarnesio.com.br\\\/#\\\/schema\\\/person\\\/dd1bf5eba40b687199ba45ca6b97dff9\",\"name\":\"teste\",\"image\":{\"@type\":\"ImageObject\",\"inLanguage\":\"pt-BR\",\"@id\":\"https:\\\/\\\/secure.gravatar.com\\\/avatar\\\/2172498d4914b51e1d89a0f97957b035ac4938723a5cac208135d389b6972a6d?s=96&d=mm&r=g\",\"url\":\"https:\\\/\\\/secure.gravatar.com\\\/avatar\\\/2172498d4914b51e1d89a0f97957b035ac4938723a5cac208135d389b6972a6d?s=96&d=mm&r=g\",\"contentUrl\":\"https:\\\/\\\/secure.gravatar.com\\\/avatar\\\/2172498d4914b51e1d89a0f97957b035ac4938723a5cac208135d389b6972a6d?s=96&d=mm&r=g\",\"caption\":\"teste\"},\"url\":\"https:\\\/\\\/blogdofarnesio.com.br\\\/?author=3\"}]}<\/script>\n<!-- \/ Yoast SEO plugin. -->","yoast_head_json":{"title":"ODACY RETOMA CAMPANHA EM VISITA \u00c0 COHAB MASSANGANO  - Blog do Farn\u00e9sio","robots":{"index":"index","follow":"follow","max-snippet":"max-snippet:-1","max-image-preview":"max-image-preview:large","max-video-preview":"max-video-preview:-1"},"canonical":"https:\/\/blogdofarnesio.com.br\/?p=96000","og_locale":"pt_BR","og_type":"article","og_title":"ODACY RETOMA CAMPANHA EM VISITA \u00c0 COHAB MASSANGANO  - Blog do Farn\u00e9sio","og_description":"O deputado estadual Odacy Amorim, candidato do PT \u00e0 reelei\u00e7\u00e3o, retomou nesta tarde-noite de ter\u00e7a-feira, 19, a sua campanha para as elei\u00e7\u00f5es 2014. O parlamentar reuniu a milit\u00e2ncia para uma caminhada pelo bairro Cohab Massangano. Neste retorno, Odacy reiterou ter ficado abalado com a morte do ex-governador Eduardo Campos na semana passada. O acidente a\u00e9reo que matou Eduardo e outras seis pessoas, ocorreu na quarta, dia 13, em Santos-SP. \u00a0A trag\u00e9dia fez com que todas as coliga\u00e7\u00f5es no estado e no Pa\u00eds suspendessem as campanhas por sete dias. Odacy contou que sempre disse que mesmo estando fora do PSB, nunca perdeu a amizade do ex-governador e foi um momento triste para a hist\u00f3ria pol\u00edtica de Pernambuco e do Brasil. \u201cA&hellip;","og_url":"https:\/\/blogdofarnesio.com.br\/?p=96000","og_site_name":"Blog do Farn\u00e9sio","article_publisher":"https:\/\/www.facebook.com\/BlogQuerSaberPolitica\/","article_published_time":"2014-08-21T19:01:21+00:00","og_image":[{"url":"http:\/\/www.quersaberpolitica.com.br\/2016\/wp-content\/uploads\/2014\/08\/unnamed267.jpg","type":"","width":"","height":""}],"author":"teste","twitter_card":"summary_large_image","twitter_misc":{"Escrito por":"teste","Est. tempo de leitura":"2 minutos"},"schema":{"@context":"https:\/\/schema.org","@graph":[{"@type":"Article","@id":"https:\/\/blogdofarnesio.com.br\/?p=96000#article","isPartOf":{"@id":"https:\/\/blogdofarnesio.com.br\/?p=96000"},"author":{"name":"teste","@id":"https:\/\/blogdofarnesio.com.br\/#\/schema\/person\/dd1bf5eba40b687199ba45ca6b97dff9"},"headline":"ODACY RETOMA CAMPANHA EM VISITA \u00c0 COHAB MASSANGANO","datePublished":"2014-08-21T19:01:21+00:00","mainEntityOfPage":{"@id":"https:\/\/blogdofarnesio.com.br\/?p=96000"},"wordCount":406,"commentCount":0,"publisher":{"@id":"https:\/\/blogdofarnesio.com.br\/#organization"},"image":{"@id":"https:\/\/blogdofarnesio.com.br\/?p=96000#primaryimage"},"thumbnailUrl":"http:\/\/www.quersaberpolitica.com.br\/2016\/wp-content\/uploads\/2014\/08\/unnamed267.jpg","articleSection":["Elei\u00e7\u00f5es"],"inLanguage":"pt-BR","potentialAction":[{"@type":"CommentAction","name":"Comment","target":["https:\/\/blogdofarnesio.com.br\/?p=96000#respond"]}]},{"@type":"WebPage","@id":"https:\/\/blogdofarnesio.com.br\/?p=96000","url":"https:\/\/blogdofarnesio.com.br\/?p=96000","name":"ODACY RETOMA CAMPANHA EM VISITA \u00c0 COHAB MASSANGANO - Blog do Farn\u00e9sio","isPartOf":{"@id":"https:\/\/blogdofarnesio.com.br\/#website"},"primaryImageOfPage":{"@id":"https:\/\/blogdofarnesio.com.br\/?p=96000#primaryimage"},"image":{"@id":"https:\/\/blogdofarnesio.com.br\/?p=96000#primaryimage"},"thumbnailUrl":"http:\/\/www.quersaberpolitica.com.br\/2016\/wp-content\/uploads\/2014\/08\/unnamed267.jpg","datePublished":"2014-08-21T19:01:21+00:00","breadcrumb":{"@id":"https:\/\/blogdofarnesio.com.br\/?p=96000#breadcrumb"},"inLanguage":"pt-BR","potentialAction":[{"@type":"ReadAction","target":["https:\/\/blogdofarnesio.com.br\/?p=96000"]}]},{"@type":"ImageObject","inLanguage":"pt-BR","@id":"https:\/\/blogdofarnesio.com.br\/?p=96000#primaryimage","url":"http:\/\/www.quersaberpolitica.com.br\/2016\/wp-content\/uploads\/2014\/08\/unnamed267.jpg","contentUrl":"http:\/\/www.quersaberpolitica.com.br\/2016\/wp-content\/uploads\/2014\/08\/unnamed267.jpg"},{"@type":"BreadcrumbList","@id":"https:\/\/blogdofarnesio.com.br\/?p=96000#breadcrumb","itemListElement":[{"@type":"ListItem","position":1,"name":"In\u00edcio","item":"https:\/\/blogdofarnesio.com.br\/"},{"@type":"ListItem","position":2,"name":"ODACY RETOMA CAMPANHA EM VISITA \u00c0 COHAB MASSANGANO"}]},{"@type":"WebSite","@id":"https:\/\/blogdofarnesio.com.br\/#website","url":"https:\/\/blogdofarnesio.com.br\/","name":"Blog do Farn\u00e9sio","description":"Quer Saber Pol\u00edtica?","publisher":{"@id":"https:\/\/blogdofarnesio.com.br\/#organization"},"potentialAction":[{"@type":"SearchAction","target":{"@type":"EntryPoint","urlTemplate":"https:\/\/blogdofarnesio.com.br\/?s={search_term_string}"},"query-input":{"@type":"PropertyValueSpecification","valueRequired":true,"valueName":"search_term_string"}}],"inLanguage":"pt-BR"},{"@type":"Organization","@id":"https:\/\/blogdofarnesio.com.br\/#organization","name":"Blog do Farn\u00e9sio","url":"https:\/\/blogdofarnesio.com.br\/","logo":{"@type":"ImageObject","inLanguage":"pt-BR","@id":"https:\/\/blogdofarnesio.com.br\/#\/schema\/logo\/image\/","url":"https:\/\/blogdofarnesio.com.br\/wp-content\/uploads\/2026\/03\/cropped-logo_new-1.png","contentUrl":"https:\/\/blogdofarnesio.com.br\/wp-content\/uploads\/2026\/03\/cropped-logo_new-1.png","width":881,"height":685,"caption":"Blog do Farn\u00e9sio"},"image":{"@id":"https:\/\/blogdofarnesio.com.br\/#\/schema\/logo\/image\/"},"sameAs":["https:\/\/www.facebook.com\/BlogQuerSaberPolitica\/"]},{"@type":"Person","@id":"https:\/\/blogdofarnesio.com.br\/#\/schema\/person\/dd1bf5eba40b687199ba45ca6b97dff9","name":"teste","image":{"@type":"ImageObject","inLanguage":"pt-BR","@id":"https:\/\/secure.gravatar.com\/avatar\/2172498d4914b51e1d89a0f97957b035ac4938723a5cac208135d389b6972a6d?s=96&d=mm&r=g","url":"https:\/\/secure.gravatar.com\/avatar\/2172498d4914b51e1d89a0f97957b035ac4938723a5cac208135d389b6972a6d?s=96&d=mm&r=g","contentUrl":"https:\/\/secure.gravatar.com\/avatar\/2172498d4914b51e1d89a0f97957b035ac4938723a5cac208135d389b6972a6d?s=96&d=mm&r=g","caption":"teste"},"url":"https:\/\/blogdofarnesio.com.br\/?author=3"}]}},"_links":{"self":[{"href":"https:\/\/blogdofarnesio.com.br\/index.php?rest_route=\/wp\/v2\/posts\/96000","targetHints":{"allow":["GET"]}}],"collection":[{"href":"https:\/\/blogdofarnesio.com.br\/index.php?rest_route=\/wp\/v2\/posts"}],"about":[{"href":"https:\/\/blogdofarnesio.com.br\/index.php?rest_route=\/wp\/v2\/types\/post"}],"author":[{"embeddable":true,"href":"https:\/\/blogdofarnesio.com.br\/index.php?rest_route=\/wp\/v2\/users\/3"}],"replies":[{"embeddable":true,"href":"https:\/\/blogdofarnesio.com.br\/index.php?rest_route=%2Fwp%2Fv2%2Fcomments&post=96000"}],"version-history":[{"count":0,"href":"https:\/\/blogdofarnesio.com.br\/index.php?rest_route=\/wp\/v2\/posts\/96000\/revisions"}],"wp:attachment":[{"href":"https:\/\/blogdofarnesio.com.br\/index.php?rest_route=%2Fwp%2Fv2%2Fmedia&parent=96000"}],"wp:term":[{"taxonomy":"category","embeddable":true,"href":"https:\/\/blogdofarnesio.com.br\/index.php?rest_route=%2Fwp%2Fv2%2Fcategories&post=96000"},{"taxonomy":"post_tag","embeddable":true,"href":"https:\/\/blogdofarnesio.com.br\/index.php?rest_route=%2Fwp%2Fv2%2Ftags&post=96000"}],"curies":[{"name":"wp","href":"https:\/\/api.w.org\/{rel}","templated":true}]}}