{"id":9600,"date":"2011-12-21T11:13:36","date_gmt":"2011-12-21T11:13:36","guid":{"rendered":"http:\/\/www.quersaberpolitica.com.br?p=9600"},"modified":"2011-12-21T10:51:36","modified_gmt":"2011-12-21T10:51:36","slug":"pela-primeira-vez-prefeito-de-petrolina-assume-que-e-candidato-a-reeleicao","status":"publish","type":"post","link":"https:\/\/blogdofarnesio.com.br\/?p=9600","title":{"rendered":"Pela primeira vez prefeito de Petrolina assume que \u00e9 candidato a reelei\u00e7\u00e3o"},"content":{"rendered":"<p><img loading=\"lazy\" decoding=\"async\" style=\"float: left; margin-top: 5px; margin-bottom: 5px; margin-left: 10px; margin-right: 10px;\" title=\"Imagem Luan Campos BlogQSP\" src=\"http:\/\/www.quersaberpolitica.com.br\/2016\/wp-content\/uploads\/2012\/12\/blogqspprefeitojlandreacoletivaconfraternizacao_(1).jpg\" alt=\"\" width=\"200\" height=\"150\" \/><\/p>\n<p style=\"text-align: justify;\"><span style=\"font-size: small;\"><a rel=\"lightbox\" href=\"http:\/\/www.quersaberpolitica.com.br\/2016\/wp-content\/uploads\/2012\/12\/blogqspconfraternizacaojl90.jpg\"><img loading=\"lazy\" decoding=\"async\" style=\"margin-top: 5px; margin-bottom: 5px; margin-left: 10px; margin-right: 10px; float: right;\" title=\"Imagem Luan Campos\" src=\"http:\/\/www.quersaberpolitica.com.br\/2016\/wp-content\/uploads\/2012\/12\/blogqspconfraternizacaojl90.jpg\" alt=\"\" width=\"200\" height=\"150\" \/><\/a>Ontem a noite (21), o prefeito de Petrolina Dr&ordm; Julio Lossio e a primeira Dama do municipio Sr&ordf; Andr&eacute;ia Lossio, receberam em sua Vila na estrada da Tapera, amigos, servidores municipais e boa parte da imprensa regional para uma noite de confraterniza&ccedil;&atilde;o, com direito a an&uacute;ncio &agrave; imprensa de que ser&aacute; candidato a reelei&ccedil;&atilde;o ano que vem.<\/span><\/p>\n<p style=\"text-align: justify;\"><span style=\"font-size: small;\">Ap&oacute;s fazer uma an&aacute;lise do que foram esses tr&ecirc;s  primeiros anos de sua administra&ccedil;&atilde;o &agrave; frente dos destinos de Petrolina, Julio Lossio pela primeira vez afirmou ser candidato a reelei&ccedil;&atilde;o, e que para isso tem intensificado os contatos pol&iacute;ticos visando montar uma ampla linha de coliga&ccedil;&atilde;o, onde n&atilde;o tem nenhuma restri&ccedil;&atilde;o a qualquer partido, quer seja de direita, de esquerda e de centro. <\/span><\/p>\n<p style=\"text-align: justify;\"><span style=\"font-size: small;\">Segundo o prefeito, o que realmente vai importar nas discuss&otilde;es com aliados e poss&iacute;veis aliados &eacute; a linha program&aacute;tica do partido a coligar-se, em conson&acirc;ncia com sua proposta para a &#8221; Nova Petrolina&#8221;. Citando partidos que podem ser conversados, o alcaide de Petrolina n&atilde;o descartou sequer o partido do governador Eduardo Campos PSB, o PT dos deputados Cristina e Odacy, quando aproveitou para falar de sua presen&ccedil;a na confraterniza&ccedil;&atilde;o do PTB de Armando Monteiro. <\/span><\/p>\n<p style=\"text-align: justify;\"><span style=\"font-size: small;\">Segundo Lossio, o senador Monteiro tem sido parceiro de Petrolina, atrav&eacute;s de a&ccedil;&otilde;es parlamentares e do SENAI, e o Partido Trabalhista Brasileiro PTB, sob seu comando em Pernambuco pode tamb&eacute;m vir a integrar o grupo de partidos aliados que se juntar&atilde;o para sua reelei&ccedil;&atilde;o. No entanto, disse o prefeito, n&atilde;o existe nenhuma defini&ccedil;&atilde;o. O que de real existe &eacute; que ele, Julio Lossio &eacute; candidato a reelei&ccedil;&atilde;o nas elei&ccedil;&otilde;es de 2012.<\/span><\/p>\n<p style=\"text-align: justify;\"><span style=\"font-size: x-small;\"><strong><em>Por Farn&eacute;sio Silva<\/em><\/strong><\/span><\/p>\n","protected":false},"excerpt":{"rendered":"<p>Ontem a noite (21), o prefeito de Petrolina Dr&ordm; Julio Lossio e a primeira Dama do municipio Sr&ordf; Andr&eacute;ia Lossio, receberam em sua Vila na estrada da Tapera, amigos, servidores municipais e boa parte da imprensa regional para uma noite de confraterniza&ccedil;&atilde;o, com direito a an&uacute;ncio &agrave; imprensa de que ser&aacute; candidato a reelei&ccedil;&atilde;o ano que vem. Ap&oacute;s fazer uma an&aacute;lise do que foram esses tr&ecirc;s primeiros anos de sua administra&ccedil;&atilde;o &agrave; frente dos destinos de Petrolina, Julio Lossio pela primeira vez afirmou ser candidato a reelei&ccedil;&atilde;o, e que para isso tem intensificado os contatos pol&iacute;ticos visando montar uma ampla linha de coliga&ccedil;&atilde;o, onde n&atilde;o tem nenhuma restri&ccedil;&atilde;o a qualquer partido, quer seja de direita, de esquerda e de centro.&hellip; <\/p>\n","protected":false},"author":0,"featured_media":0,"comment_status":"open","ping_status":"open","sticky":false,"template":"","format":"standard","meta":{"_acf_changed":false,"footnotes":""},"categories":[43],"tags":[],"class_list":["post-9600","post","type-post","status-publish","format-standard","hentry","category-sem-categoria"],"acf":[],"yoast_head":"<!-- This site is optimized with the Yoast SEO plugin v27.4 - https:\/\/yoast.com\/product\/yoast-seo-wordpress\/ -->\n<title>Pela primeira vez prefeito de Petrolina assume que \u00e9 candidato a reelei\u00e7\u00e3o - Blog do Farn\u00e9sio<\/title>\n<meta name=\"robots\" content=\"index, follow, max-snippet:-1, max-image-preview:large, max-video-preview:-1\" \/>\n<link rel=\"canonical\" href=\"https:\/\/blogdofarnesio.com.br\/?p=9600\" \/>\n<meta property=\"og:locale\" content=\"pt_BR\" \/>\n<meta property=\"og:type\" content=\"article\" \/>\n<meta property=\"og:title\" content=\"Pela primeira vez prefeito de Petrolina assume que \u00e9 candidato a reelei\u00e7\u00e3o - Blog do Farn\u00e9sio\" \/>\n<meta property=\"og:description\" content=\"Ontem a noite (21), o prefeito de Petrolina Dr&ordm; Julio Lossio e a primeira Dama do municipio Sr&ordf; Andr&eacute;ia Lossio, receberam em sua Vila na estrada da Tapera, amigos, servidores municipais e boa parte da imprensa regional para uma noite de confraterniza&ccedil;&atilde;o, com direito a an&uacute;ncio &agrave; imprensa de que ser&aacute; candidato a reelei&ccedil;&atilde;o ano que vem. Ap&oacute;s fazer uma an&aacute;lise do que foram esses tr&ecirc;s primeiros anos de sua administra&ccedil;&atilde;o &agrave; frente dos destinos de Petrolina, Julio Lossio pela primeira vez afirmou ser candidato a reelei&ccedil;&atilde;o, e que para isso tem intensificado os contatos pol&iacute;ticos visando montar uma ampla linha de coliga&ccedil;&atilde;o, onde n&atilde;o tem nenhuma restri&ccedil;&atilde;o a qualquer partido, quer seja de direita, de esquerda e de centro.&hellip;\" \/>\n<meta property=\"og:url\" content=\"https:\/\/blogdofarnesio.com.br\/?p=9600\" \/>\n<meta property=\"og:site_name\" content=\"Blog do Farn\u00e9sio\" \/>\n<meta property=\"article:publisher\" content=\"https:\/\/www.facebook.com\/BlogQuerSaberPolitica\/\" \/>\n<meta property=\"article:published_time\" content=\"2011-12-21T11:13:36+00:00\" \/>\n<meta property=\"og:image\" content=\"http:\/\/www.quersaberpolitica.com.br\/2016\/wp-content\/uploads\/2012\/12\/blogqspprefeitojlandreacoletivaconfraternizacao_(1).jpg\" \/>\n<meta name=\"twitter:card\" content=\"summary_large_image\" \/>\n<meta name=\"twitter:label1\" content=\"Est. tempo de leitura\" \/>\n\t<meta name=\"twitter:data1\" content=\"2 minutos\" \/>\n<script type=\"application\/ld+json\" class=\"yoast-schema-graph\">{\"@context\":\"https:\\\/\\\/schema.org\",\"@graph\":[{\"@type\":\"Article\",\"@id\":\"https:\\\/\\\/blogdofarnesio.com.br\\\/?p=9600#article\",\"isPartOf\":{\"@id\":\"https:\\\/\\\/blogdofarnesio.com.br\\\/?p=9600\"},\"author\":{\"name\":\"\",\"@id\":\"\"},\"headline\":\"Pela primeira vez prefeito de Petrolina assume que \u00e9 candidato a reelei\u00e7\u00e3o\",\"datePublished\":\"2011-12-21T11:13:36+00:00\",\"mainEntityOfPage\":{\"@id\":\"https:\\\/\\\/blogdofarnesio.com.br\\\/?p=9600\"},\"wordCount\":352,\"commentCount\":0,\"publisher\":{\"@id\":\"https:\\\/\\\/blogdofarnesio.com.br\\\/#organization\"},\"image\":{\"@id\":\"https:\\\/\\\/blogdofarnesio.com.br\\\/?p=9600#primaryimage\"},\"thumbnailUrl\":\"http:\\\/\\\/www.quersaberpolitica.com.br\\\/2016\\\/wp-content\\\/uploads\\\/2012\\\/12\\\/blogqspprefeitojlandreacoletivaconfraternizacao_(1).jpg\",\"inLanguage\":\"pt-BR\",\"potentialAction\":[{\"@type\":\"CommentAction\",\"name\":\"Comment\",\"target\":[\"https:\\\/\\\/blogdofarnesio.com.br\\\/?p=9600#respond\"]}]},{\"@type\":\"WebPage\",\"@id\":\"https:\\\/\\\/blogdofarnesio.com.br\\\/?p=9600\",\"url\":\"https:\\\/\\\/blogdofarnesio.com.br\\\/?p=9600\",\"name\":\"Pela primeira vez prefeito de Petrolina assume que \u00e9 candidato a reelei\u00e7\u00e3o - Blog do Farn\u00e9sio\",\"isPartOf\":{\"@id\":\"https:\\\/\\\/blogdofarnesio.com.br\\\/#website\"},\"primaryImageOfPage\":{\"@id\":\"https:\\\/\\\/blogdofarnesio.com.br\\\/?p=9600#primaryimage\"},\"image\":{\"@id\":\"https:\\\/\\\/blogdofarnesio.com.br\\\/?p=9600#primaryimage\"},\"thumbnailUrl\":\"http:\\\/\\\/www.quersaberpolitica.com.br\\\/2016\\\/wp-content\\\/uploads\\\/2012\\\/12\\\/blogqspprefeitojlandreacoletivaconfraternizacao_(1).jpg\",\"datePublished\":\"2011-12-21T11:13:36+00:00\",\"breadcrumb\":{\"@id\":\"https:\\\/\\\/blogdofarnesio.com.br\\\/?p=9600#breadcrumb\"},\"inLanguage\":\"pt-BR\",\"potentialAction\":[{\"@type\":\"ReadAction\",\"target\":[\"https:\\\/\\\/blogdofarnesio.com.br\\\/?p=9600\"]}]},{\"@type\":\"ImageObject\",\"inLanguage\":\"pt-BR\",\"@id\":\"https:\\\/\\\/blogdofarnesio.com.br\\\/?p=9600#primaryimage\",\"url\":\"http:\\\/\\\/www.quersaberpolitica.com.br\\\/2016\\\/wp-content\\\/uploads\\\/2012\\\/12\\\/blogqspprefeitojlandreacoletivaconfraternizacao_(1).jpg\",\"contentUrl\":\"http:\\\/\\\/www.quersaberpolitica.com.br\\\/2016\\\/wp-content\\\/uploads\\\/2012\\\/12\\\/blogqspprefeitojlandreacoletivaconfraternizacao_(1).jpg\"},{\"@type\":\"BreadcrumbList\",\"@id\":\"https:\\\/\\\/blogdofarnesio.com.br\\\/?p=9600#breadcrumb\",\"itemListElement\":[{\"@type\":\"ListItem\",\"position\":1,\"name\":\"In\u00edcio\",\"item\":\"https:\\\/\\\/blogdofarnesio.com.br\\\/\"},{\"@type\":\"ListItem\",\"position\":2,\"name\":\"Pela primeira vez prefeito de Petrolina assume que \u00e9 candidato a reelei\u00e7\u00e3o\"}]},{\"@type\":\"WebSite\",\"@id\":\"https:\\\/\\\/blogdofarnesio.com.br\\\/#website\",\"url\":\"https:\\\/\\\/blogdofarnesio.com.br\\\/\",\"name\":\"Blog do Farn\u00e9sio\",\"description\":\"Quer Saber Pol\u00edtica?\",\"publisher\":{\"@id\":\"https:\\\/\\\/blogdofarnesio.com.br\\\/#organization\"},\"potentialAction\":[{\"@type\":\"SearchAction\",\"target\":{\"@type\":\"EntryPoint\",\"urlTemplate\":\"https:\\\/\\\/blogdofarnesio.com.br\\\/?s={search_term_string}\"},\"query-input\":{\"@type\":\"PropertyValueSpecification\",\"valueRequired\":true,\"valueName\":\"search_term_string\"}}],\"inLanguage\":\"pt-BR\"},{\"@type\":\"Organization\",\"@id\":\"https:\\\/\\\/blogdofarnesio.com.br\\\/#organization\",\"name\":\"Blog do Farn\u00e9sio\",\"url\":\"https:\\\/\\\/blogdofarnesio.com.br\\\/\",\"logo\":{\"@type\":\"ImageObject\",\"inLanguage\":\"pt-BR\",\"@id\":\"https:\\\/\\\/blogdofarnesio.com.br\\\/#\\\/schema\\\/logo\\\/image\\\/\",\"url\":\"https:\\\/\\\/blogdofarnesio.com.br\\\/wp-content\\\/uploads\\\/2026\\\/03\\\/cropped-logo_new-1.png\",\"contentUrl\":\"https:\\\/\\\/blogdofarnesio.com.br\\\/wp-content\\\/uploads\\\/2026\\\/03\\\/cropped-logo_new-1.png\",\"width\":881,\"height\":685,\"caption\":\"Blog do Farn\u00e9sio\"},\"image\":{\"@id\":\"https:\\\/\\\/blogdofarnesio.com.br\\\/#\\\/schema\\\/logo\\\/image\\\/\"},\"sameAs\":[\"https:\\\/\\\/www.facebook.com\\\/BlogQuerSaberPolitica\\\/\"]}]}<\/script>\n<!-- \/ Yoast SEO plugin. -->","yoast_head_json":{"title":"Pela primeira vez prefeito de Petrolina assume que \u00e9 candidato a reelei\u00e7\u00e3o - Blog do Farn\u00e9sio","robots":{"index":"index","follow":"follow","max-snippet":"max-snippet:-1","max-image-preview":"max-image-preview:large","max-video-preview":"max-video-preview:-1"},"canonical":"https:\/\/blogdofarnesio.com.br\/?p=9600","og_locale":"pt_BR","og_type":"article","og_title":"Pela primeira vez prefeito de Petrolina assume que \u00e9 candidato a reelei\u00e7\u00e3o - Blog do Farn\u00e9sio","og_description":"Ontem a noite (21), o prefeito de Petrolina Dr&ordm; Julio Lossio e a primeira Dama do municipio Sr&ordf; Andr&eacute;ia Lossio, receberam em sua Vila na estrada da Tapera, amigos, servidores municipais e boa parte da imprensa regional para uma noite de confraterniza&ccedil;&atilde;o, com direito a an&uacute;ncio &agrave; imprensa de que ser&aacute; candidato a reelei&ccedil;&atilde;o ano que vem. Ap&oacute;s fazer uma an&aacute;lise do que foram esses tr&ecirc;s primeiros anos de sua administra&ccedil;&atilde;o &agrave; frente dos destinos de Petrolina, Julio Lossio pela primeira vez afirmou ser candidato a reelei&ccedil;&atilde;o, e que para isso tem intensificado os contatos pol&iacute;ticos visando montar uma ampla linha de coliga&ccedil;&atilde;o, onde n&atilde;o tem nenhuma restri&ccedil;&atilde;o a qualquer partido, quer seja de direita, de esquerda e de centro.&hellip;","og_url":"https:\/\/blogdofarnesio.com.br\/?p=9600","og_site_name":"Blog do Farn\u00e9sio","article_publisher":"https:\/\/www.facebook.com\/BlogQuerSaberPolitica\/","article_published_time":"2011-12-21T11:13:36+00:00","og_image":[{"url":"http:\/\/www.quersaberpolitica.com.br\/2016\/wp-content\/uploads\/2012\/12\/blogqspprefeitojlandreacoletivaconfraternizacao_(1).jpg","type":"","width":"","height":""}],"twitter_card":"summary_large_image","twitter_misc":{"Est. tempo de leitura":"2 minutos"},"schema":{"@context":"https:\/\/schema.org","@graph":[{"@type":"Article","@id":"https:\/\/blogdofarnesio.com.br\/?p=9600#article","isPartOf":{"@id":"https:\/\/blogdofarnesio.com.br\/?p=9600"},"author":{"name":"","@id":""},"headline":"Pela primeira vez prefeito de Petrolina assume que \u00e9 candidato a reelei\u00e7\u00e3o","datePublished":"2011-12-21T11:13:36+00:00","mainEntityOfPage":{"@id":"https:\/\/blogdofarnesio.com.br\/?p=9600"},"wordCount":352,"commentCount":0,"publisher":{"@id":"https:\/\/blogdofarnesio.com.br\/#organization"},"image":{"@id":"https:\/\/blogdofarnesio.com.br\/?p=9600#primaryimage"},"thumbnailUrl":"http:\/\/www.quersaberpolitica.com.br\/2016\/wp-content\/uploads\/2012\/12\/blogqspprefeitojlandreacoletivaconfraternizacao_(1).jpg","inLanguage":"pt-BR","potentialAction":[{"@type":"CommentAction","name":"Comment","target":["https:\/\/blogdofarnesio.com.br\/?p=9600#respond"]}]},{"@type":"WebPage","@id":"https:\/\/blogdofarnesio.com.br\/?p=9600","url":"https:\/\/blogdofarnesio.com.br\/?p=9600","name":"Pela primeira vez prefeito de Petrolina assume que \u00e9 candidato a reelei\u00e7\u00e3o - Blog do Farn\u00e9sio","isPartOf":{"@id":"https:\/\/blogdofarnesio.com.br\/#website"},"primaryImageOfPage":{"@id":"https:\/\/blogdofarnesio.com.br\/?p=9600#primaryimage"},"image":{"@id":"https:\/\/blogdofarnesio.com.br\/?p=9600#primaryimage"},"thumbnailUrl":"http:\/\/www.quersaberpolitica.com.br\/2016\/wp-content\/uploads\/2012\/12\/blogqspprefeitojlandreacoletivaconfraternizacao_(1).jpg","datePublished":"2011-12-21T11:13:36+00:00","breadcrumb":{"@id":"https:\/\/blogdofarnesio.com.br\/?p=9600#breadcrumb"},"inLanguage":"pt-BR","potentialAction":[{"@type":"ReadAction","target":["https:\/\/blogdofarnesio.com.br\/?p=9600"]}]},{"@type":"ImageObject","inLanguage":"pt-BR","@id":"https:\/\/blogdofarnesio.com.br\/?p=9600#primaryimage","url":"http:\/\/www.quersaberpolitica.com.br\/2016\/wp-content\/uploads\/2012\/12\/blogqspprefeitojlandreacoletivaconfraternizacao_(1).jpg","contentUrl":"http:\/\/www.quersaberpolitica.com.br\/2016\/wp-content\/uploads\/2012\/12\/blogqspprefeitojlandreacoletivaconfraternizacao_(1).jpg"},{"@type":"BreadcrumbList","@id":"https:\/\/blogdofarnesio.com.br\/?p=9600#breadcrumb","itemListElement":[{"@type":"ListItem","position":1,"name":"In\u00edcio","item":"https:\/\/blogdofarnesio.com.br\/"},{"@type":"ListItem","position":2,"name":"Pela primeira vez prefeito de Petrolina assume que \u00e9 candidato a reelei\u00e7\u00e3o"}]},{"@type":"WebSite","@id":"https:\/\/blogdofarnesio.com.br\/#website","url":"https:\/\/blogdofarnesio.com.br\/","name":"Blog do Farn\u00e9sio","description":"Quer Saber Pol\u00edtica?","publisher":{"@id":"https:\/\/blogdofarnesio.com.br\/#organization"},"potentialAction":[{"@type":"SearchAction","target":{"@type":"EntryPoint","urlTemplate":"https:\/\/blogdofarnesio.com.br\/?s={search_term_string}"},"query-input":{"@type":"PropertyValueSpecification","valueRequired":true,"valueName":"search_term_string"}}],"inLanguage":"pt-BR"},{"@type":"Organization","@id":"https:\/\/blogdofarnesio.com.br\/#organization","name":"Blog do Farn\u00e9sio","url":"https:\/\/blogdofarnesio.com.br\/","logo":{"@type":"ImageObject","inLanguage":"pt-BR","@id":"https:\/\/blogdofarnesio.com.br\/#\/schema\/logo\/image\/","url":"https:\/\/blogdofarnesio.com.br\/wp-content\/uploads\/2026\/03\/cropped-logo_new-1.png","contentUrl":"https:\/\/blogdofarnesio.com.br\/wp-content\/uploads\/2026\/03\/cropped-logo_new-1.png","width":881,"height":685,"caption":"Blog do Farn\u00e9sio"},"image":{"@id":"https:\/\/blogdofarnesio.com.br\/#\/schema\/logo\/image\/"},"sameAs":["https:\/\/www.facebook.com\/BlogQuerSaberPolitica\/"]}]}},"_links":{"self":[{"href":"https:\/\/blogdofarnesio.com.br\/index.php?rest_route=\/wp\/v2\/posts\/9600","targetHints":{"allow":["GET"]}}],"collection":[{"href":"https:\/\/blogdofarnesio.com.br\/index.php?rest_route=\/wp\/v2\/posts"}],"about":[{"href":"https:\/\/blogdofarnesio.com.br\/index.php?rest_route=\/wp\/v2\/types\/post"}],"replies":[{"embeddable":true,"href":"https:\/\/blogdofarnesio.com.br\/index.php?rest_route=%2Fwp%2Fv2%2Fcomments&post=9600"}],"version-history":[{"count":0,"href":"https:\/\/blogdofarnesio.com.br\/index.php?rest_route=\/wp\/v2\/posts\/9600\/revisions"}],"wp:attachment":[{"href":"https:\/\/blogdofarnesio.com.br\/index.php?rest_route=%2Fwp%2Fv2%2Fmedia&parent=9600"}],"wp:term":[{"taxonomy":"category","embeddable":true,"href":"https:\/\/blogdofarnesio.com.br\/index.php?rest_route=%2Fwp%2Fv2%2Fcategories&post=9600"},{"taxonomy":"post_tag","embeddable":true,"href":"https:\/\/blogdofarnesio.com.br\/index.php?rest_route=%2Fwp%2Fv2%2Ftags&post=9600"}],"curies":[{"name":"wp","href":"https:\/\/api.w.org\/{rel}","templated":true}]}}