{"id":9580,"date":"2011-12-21T11:36:04","date_gmt":"2011-12-21T11:36:04","guid":{"rendered":"http:\/\/www.quersaberpolitica.com.br?p=9580"},"modified":"-0001-11-30T00:00:00","modified_gmt":"-0001-11-30T03:00:00","slug":"farmacias-populares-nao-funcionarao-nos-ultimos-dois-sabados-de-2011","status":"publish","type":"post","link":"https:\/\/blogdofarnesio.com.br\/?p=9580","title":{"rendered":"Farm\u00e1cias Populares n\u00e3o funcionar\u00e3o nos \u00faltimos dois s\u00e1bados de 2011"},"content":{"rendered":"<p style=\"text-align: justify;\"><span style=\"font-size: small;\"><a rel=\"lightbox\" href=\"http:\/\/www.quersaberpolitica.com.br\/2016\/wp-content\/uploads\/2012\/12\/blogqsp_farmaciapopular.jpg\"><img loading=\"lazy\" decoding=\"async\" style=\"margin-top: 5px; margin-bottom: 5px; margin-left: 10px; margin-right: 10px; float: left;\" title=\"Imagem Ilustrativa\" src=\"http:\/\/www.quersaberpolitica.com.br\/2016\/wp-content\/uploads\/2012\/12\/blogqsp_farmaciapopular.jpg\" alt=\"\" width=\"200\" height=\"145\" \/><\/a>A Secretaria da Sa&uacute;de de Juazeiro (Sesau) informa que em virtude dos feriados de Natal e Reveillon, nos dias 24\/12 e 31\/12, &uacute;ltimos s&aacute;bados do ano de 2011, as Farm&aacute;cias Populares I (Itaberaba) e II (Camel&oacute;dromo) n&atilde;o funcionar&atilde;o. Os servi&ccedil;os voltar&atilde;o a ser disponibilizados para a comunidade, normalmente, a partir da segunda-feira (02\/01\/2012).<\/span><\/p>\n<p style=\"text-align: justify;\"><span style=\"font-size: small;\">As Farm&aacute;cias Populares funcionam de segunda a sexta-feira, das 8h &agrave;s 12h e das 14h &agrave;s 18h e aos s&aacute;bados, das 8h &agrave;s 13h.  As unidades est&atilde;o localizadas na Pra&ccedil;a Pedro Pereira Primo, no Camel&oacute;dromo 2 de julho e no bairro Itaberaba.<\/span><\/p>\n<p style=\"text-align: justify;\"><span style=\"font-size: small;\">(Ascom PMJ)<\/span><\/p>\n","protected":false},"excerpt":{"rendered":"<p>A Secretaria da Sa&uacute;de de Juazeiro (Sesau) informa que em virtude dos feriados de Natal e Reveillon, nos dias 24\/12 e 31\/12, &uacute;ltimos s&aacute;bados do ano de 2011, as Farm&aacute;cias Populares I (Itaberaba) e II (Camel&oacute;dromo) n&atilde;o funcionar&atilde;o. Os servi&ccedil;os voltar&atilde;o a ser disponibilizados para a comunidade, normalmente, a partir da segunda-feira (02\/01\/2012). As Farm&aacute;cias Populares funcionam de segunda a sexta-feira, das 8h &agrave;s 12h e das 14h &agrave;s 18h e aos s&aacute;bados, das 8h &agrave;s 13h. As unidades est&atilde;o localizadas na Pra&ccedil;a Pedro Pereira Primo, no Camel&oacute;dromo 2 de julho e no bairro Itaberaba. (Ascom PMJ)<\/p>\n","protected":false},"author":0,"featured_media":0,"comment_status":"open","ping_status":"open","sticky":false,"template":"","format":"standard","meta":{"_acf_changed":false,"footnotes":""},"categories":[43],"tags":[],"class_list":["post-9580","post","type-post","status-publish","format-standard","hentry","category-sem-categoria"],"acf":[],"yoast_head":"<!-- This site is optimized with the Yoast SEO plugin v27.4 - https:\/\/yoast.com\/product\/yoast-seo-wordpress\/ -->\n<title>Farm\u00e1cias Populares n\u00e3o funcionar\u00e3o nos \u00faltimos dois s\u00e1bados de 2011 - Blog do Farn\u00e9sio<\/title>\n<meta name=\"robots\" content=\"index, follow, max-snippet:-1, max-image-preview:large, max-video-preview:-1\" \/>\n<link rel=\"canonical\" href=\"https:\/\/blogdofarnesio.com.br\/?p=9580\" \/>\n<meta property=\"og:locale\" content=\"pt_BR\" \/>\n<meta property=\"og:type\" content=\"article\" \/>\n<meta property=\"og:title\" content=\"Farm\u00e1cias Populares n\u00e3o funcionar\u00e3o nos \u00faltimos dois s\u00e1bados de 2011 - Blog do Farn\u00e9sio\" \/>\n<meta property=\"og:description\" content=\"A Secretaria da Sa&uacute;de de Juazeiro (Sesau) informa que em virtude dos feriados de Natal e Reveillon, nos dias 24\/12 e 31\/12, &uacute;ltimos s&aacute;bados do ano de 2011, as Farm&aacute;cias Populares I (Itaberaba) e II (Camel&oacute;dromo) n&atilde;o funcionar&atilde;o. Os servi&ccedil;os voltar&atilde;o a ser disponibilizados para a comunidade, normalmente, a partir da segunda-feira (02\/01\/2012). As Farm&aacute;cias Populares funcionam de segunda a sexta-feira, das 8h &agrave;s 12h e das 14h &agrave;s 18h e aos s&aacute;bados, das 8h &agrave;s 13h. As unidades est&atilde;o localizadas na Pra&ccedil;a Pedro Pereira Primo, no Camel&oacute;dromo 2 de julho e no bairro Itaberaba. (Ascom PMJ)\" \/>\n<meta property=\"og:url\" content=\"https:\/\/blogdofarnesio.com.br\/?p=9580\" \/>\n<meta property=\"og:site_name\" content=\"Blog do Farn\u00e9sio\" \/>\n<meta property=\"article:publisher\" content=\"https:\/\/www.facebook.com\/BlogQuerSaberPolitica\/\" \/>\n<meta property=\"article:published_time\" content=\"2011-12-21T11:36:04+00:00\" \/>\n<meta property=\"og:image\" content=\"http:\/\/www.quersaberpolitica.com.br\/2016\/wp-content\/uploads\/2012\/12\/blogqsp_farmaciapopular.jpg\" \/>\n<meta name=\"twitter:card\" content=\"summary_large_image\" \/>\n<meta name=\"twitter:label1\" content=\"Est. tempo de leitura\" \/>\n\t<meta name=\"twitter:data1\" content=\"1 minuto\" \/>\n<script type=\"application\/ld+json\" class=\"yoast-schema-graph\">{\"@context\":\"https:\\\/\\\/schema.org\",\"@graph\":[{\"@type\":\"Article\",\"@id\":\"https:\\\/\\\/blogdofarnesio.com.br\\\/?p=9580#article\",\"isPartOf\":{\"@id\":\"https:\\\/\\\/blogdofarnesio.com.br\\\/?p=9580\"},\"author\":{\"name\":\"\",\"@id\":\"\"},\"headline\":\"Farm\u00e1cias Populares n\u00e3o funcionar\u00e3o nos \u00faltimos dois s\u00e1bados de 2011\",\"datePublished\":\"2011-12-21T11:36:04+00:00\",\"mainEntityOfPage\":{\"@id\":\"https:\\\/\\\/blogdofarnesio.com.br\\\/?p=9580\"},\"wordCount\":135,\"commentCount\":0,\"publisher\":{\"@id\":\"https:\\\/\\\/blogdofarnesio.com.br\\\/#organization\"},\"image\":{\"@id\":\"https:\\\/\\\/blogdofarnesio.com.br\\\/?p=9580#primaryimage\"},\"thumbnailUrl\":\"http:\\\/\\\/www.quersaberpolitica.com.br\\\/2016\\\/wp-content\\\/uploads\\\/2012\\\/12\\\/blogqsp_farmaciapopular.jpg\",\"inLanguage\":\"pt-BR\",\"potentialAction\":[{\"@type\":\"CommentAction\",\"name\":\"Comment\",\"target\":[\"https:\\\/\\\/blogdofarnesio.com.br\\\/?p=9580#respond\"]}]},{\"@type\":\"WebPage\",\"@id\":\"https:\\\/\\\/blogdofarnesio.com.br\\\/?p=9580\",\"url\":\"https:\\\/\\\/blogdofarnesio.com.br\\\/?p=9580\",\"name\":\"Farm\u00e1cias Populares n\u00e3o funcionar\u00e3o nos \u00faltimos dois s\u00e1bados de 2011 - Blog do Farn\u00e9sio\",\"isPartOf\":{\"@id\":\"https:\\\/\\\/blogdofarnesio.com.br\\\/#website\"},\"primaryImageOfPage\":{\"@id\":\"https:\\\/\\\/blogdofarnesio.com.br\\\/?p=9580#primaryimage\"},\"image\":{\"@id\":\"https:\\\/\\\/blogdofarnesio.com.br\\\/?p=9580#primaryimage\"},\"thumbnailUrl\":\"http:\\\/\\\/www.quersaberpolitica.com.br\\\/2016\\\/wp-content\\\/uploads\\\/2012\\\/12\\\/blogqsp_farmaciapopular.jpg\",\"datePublished\":\"2011-12-21T11:36:04+00:00\",\"breadcrumb\":{\"@id\":\"https:\\\/\\\/blogdofarnesio.com.br\\\/?p=9580#breadcrumb\"},\"inLanguage\":\"pt-BR\",\"potentialAction\":[{\"@type\":\"ReadAction\",\"target\":[\"https:\\\/\\\/blogdofarnesio.com.br\\\/?p=9580\"]}]},{\"@type\":\"ImageObject\",\"inLanguage\":\"pt-BR\",\"@id\":\"https:\\\/\\\/blogdofarnesio.com.br\\\/?p=9580#primaryimage\",\"url\":\"http:\\\/\\\/www.quersaberpolitica.com.br\\\/2016\\\/wp-content\\\/uploads\\\/2012\\\/12\\\/blogqsp_farmaciapopular.jpg\",\"contentUrl\":\"http:\\\/\\\/www.quersaberpolitica.com.br\\\/2016\\\/wp-content\\\/uploads\\\/2012\\\/12\\\/blogqsp_farmaciapopular.jpg\"},{\"@type\":\"BreadcrumbList\",\"@id\":\"https:\\\/\\\/blogdofarnesio.com.br\\\/?p=9580#breadcrumb\",\"itemListElement\":[{\"@type\":\"ListItem\",\"position\":1,\"name\":\"In\u00edcio\",\"item\":\"https:\\\/\\\/blogdofarnesio.com.br\\\/\"},{\"@type\":\"ListItem\",\"position\":2,\"name\":\"Farm\u00e1cias Populares n\u00e3o funcionar\u00e3o nos \u00faltimos dois s\u00e1bados de 2011\"}]},{\"@type\":\"WebSite\",\"@id\":\"https:\\\/\\\/blogdofarnesio.com.br\\\/#website\",\"url\":\"https:\\\/\\\/blogdofarnesio.com.br\\\/\",\"name\":\"Blog do Farn\u00e9sio\",\"description\":\"Quer Saber Pol\u00edtica?\",\"publisher\":{\"@id\":\"https:\\\/\\\/blogdofarnesio.com.br\\\/#organization\"},\"potentialAction\":[{\"@type\":\"SearchAction\",\"target\":{\"@type\":\"EntryPoint\",\"urlTemplate\":\"https:\\\/\\\/blogdofarnesio.com.br\\\/?s={search_term_string}\"},\"query-input\":{\"@type\":\"PropertyValueSpecification\",\"valueRequired\":true,\"valueName\":\"search_term_string\"}}],\"inLanguage\":\"pt-BR\"},{\"@type\":\"Organization\",\"@id\":\"https:\\\/\\\/blogdofarnesio.com.br\\\/#organization\",\"name\":\"Blog do Farn\u00e9sio\",\"url\":\"https:\\\/\\\/blogdofarnesio.com.br\\\/\",\"logo\":{\"@type\":\"ImageObject\",\"inLanguage\":\"pt-BR\",\"@id\":\"https:\\\/\\\/blogdofarnesio.com.br\\\/#\\\/schema\\\/logo\\\/image\\\/\",\"url\":\"https:\\\/\\\/blogdofarnesio.com.br\\\/wp-content\\\/uploads\\\/2026\\\/03\\\/cropped-logo_new-1.png\",\"contentUrl\":\"https:\\\/\\\/blogdofarnesio.com.br\\\/wp-content\\\/uploads\\\/2026\\\/03\\\/cropped-logo_new-1.png\",\"width\":881,\"height\":685,\"caption\":\"Blog do Farn\u00e9sio\"},\"image\":{\"@id\":\"https:\\\/\\\/blogdofarnesio.com.br\\\/#\\\/schema\\\/logo\\\/image\\\/\"},\"sameAs\":[\"https:\\\/\\\/www.facebook.com\\\/BlogQuerSaberPolitica\\\/\"]}]}<\/script>\n<!-- \/ Yoast SEO plugin. -->","yoast_head_json":{"title":"Farm\u00e1cias Populares n\u00e3o funcionar\u00e3o nos \u00faltimos dois s\u00e1bados de 2011 - Blog do Farn\u00e9sio","robots":{"index":"index","follow":"follow","max-snippet":"max-snippet:-1","max-image-preview":"max-image-preview:large","max-video-preview":"max-video-preview:-1"},"canonical":"https:\/\/blogdofarnesio.com.br\/?p=9580","og_locale":"pt_BR","og_type":"article","og_title":"Farm\u00e1cias Populares n\u00e3o funcionar\u00e3o nos \u00faltimos dois s\u00e1bados de 2011 - Blog do Farn\u00e9sio","og_description":"A Secretaria da Sa&uacute;de de Juazeiro (Sesau) informa que em virtude dos feriados de Natal e Reveillon, nos dias 24\/12 e 31\/12, &uacute;ltimos s&aacute;bados do ano de 2011, as Farm&aacute;cias Populares I (Itaberaba) e II (Camel&oacute;dromo) n&atilde;o funcionar&atilde;o. Os servi&ccedil;os voltar&atilde;o a ser disponibilizados para a comunidade, normalmente, a partir da segunda-feira (02\/01\/2012). As Farm&aacute;cias Populares funcionam de segunda a sexta-feira, das 8h &agrave;s 12h e das 14h &agrave;s 18h e aos s&aacute;bados, das 8h &agrave;s 13h. As unidades est&atilde;o localizadas na Pra&ccedil;a Pedro Pereira Primo, no Camel&oacute;dromo 2 de julho e no bairro Itaberaba. (Ascom PMJ)","og_url":"https:\/\/blogdofarnesio.com.br\/?p=9580","og_site_name":"Blog do Farn\u00e9sio","article_publisher":"https:\/\/www.facebook.com\/BlogQuerSaberPolitica\/","article_published_time":"2011-12-21T11:36:04+00:00","og_image":[{"url":"http:\/\/www.quersaberpolitica.com.br\/2016\/wp-content\/uploads\/2012\/12\/blogqsp_farmaciapopular.jpg","type":"","width":"","height":""}],"twitter_card":"summary_large_image","twitter_misc":{"Est. tempo de leitura":"1 minuto"},"schema":{"@context":"https:\/\/schema.org","@graph":[{"@type":"Article","@id":"https:\/\/blogdofarnesio.com.br\/?p=9580#article","isPartOf":{"@id":"https:\/\/blogdofarnesio.com.br\/?p=9580"},"author":{"name":"","@id":""},"headline":"Farm\u00e1cias Populares n\u00e3o funcionar\u00e3o nos \u00faltimos dois s\u00e1bados de 2011","datePublished":"2011-12-21T11:36:04+00:00","mainEntityOfPage":{"@id":"https:\/\/blogdofarnesio.com.br\/?p=9580"},"wordCount":135,"commentCount":0,"publisher":{"@id":"https:\/\/blogdofarnesio.com.br\/#organization"},"image":{"@id":"https:\/\/blogdofarnesio.com.br\/?p=9580#primaryimage"},"thumbnailUrl":"http:\/\/www.quersaberpolitica.com.br\/2016\/wp-content\/uploads\/2012\/12\/blogqsp_farmaciapopular.jpg","inLanguage":"pt-BR","potentialAction":[{"@type":"CommentAction","name":"Comment","target":["https:\/\/blogdofarnesio.com.br\/?p=9580#respond"]}]},{"@type":"WebPage","@id":"https:\/\/blogdofarnesio.com.br\/?p=9580","url":"https:\/\/blogdofarnesio.com.br\/?p=9580","name":"Farm\u00e1cias Populares n\u00e3o funcionar\u00e3o nos \u00faltimos dois s\u00e1bados de 2011 - Blog do Farn\u00e9sio","isPartOf":{"@id":"https:\/\/blogdofarnesio.com.br\/#website"},"primaryImageOfPage":{"@id":"https:\/\/blogdofarnesio.com.br\/?p=9580#primaryimage"},"image":{"@id":"https:\/\/blogdofarnesio.com.br\/?p=9580#primaryimage"},"thumbnailUrl":"http:\/\/www.quersaberpolitica.com.br\/2016\/wp-content\/uploads\/2012\/12\/blogqsp_farmaciapopular.jpg","datePublished":"2011-12-21T11:36:04+00:00","breadcrumb":{"@id":"https:\/\/blogdofarnesio.com.br\/?p=9580#breadcrumb"},"inLanguage":"pt-BR","potentialAction":[{"@type":"ReadAction","target":["https:\/\/blogdofarnesio.com.br\/?p=9580"]}]},{"@type":"ImageObject","inLanguage":"pt-BR","@id":"https:\/\/blogdofarnesio.com.br\/?p=9580#primaryimage","url":"http:\/\/www.quersaberpolitica.com.br\/2016\/wp-content\/uploads\/2012\/12\/blogqsp_farmaciapopular.jpg","contentUrl":"http:\/\/www.quersaberpolitica.com.br\/2016\/wp-content\/uploads\/2012\/12\/blogqsp_farmaciapopular.jpg"},{"@type":"BreadcrumbList","@id":"https:\/\/blogdofarnesio.com.br\/?p=9580#breadcrumb","itemListElement":[{"@type":"ListItem","position":1,"name":"In\u00edcio","item":"https:\/\/blogdofarnesio.com.br\/"},{"@type":"ListItem","position":2,"name":"Farm\u00e1cias Populares n\u00e3o funcionar\u00e3o nos \u00faltimos dois s\u00e1bados de 2011"}]},{"@type":"WebSite","@id":"https:\/\/blogdofarnesio.com.br\/#website","url":"https:\/\/blogdofarnesio.com.br\/","name":"Blog do Farn\u00e9sio","description":"Quer Saber Pol\u00edtica?","publisher":{"@id":"https:\/\/blogdofarnesio.com.br\/#organization"},"potentialAction":[{"@type":"SearchAction","target":{"@type":"EntryPoint","urlTemplate":"https:\/\/blogdofarnesio.com.br\/?s={search_term_string}"},"query-input":{"@type":"PropertyValueSpecification","valueRequired":true,"valueName":"search_term_string"}}],"inLanguage":"pt-BR"},{"@type":"Organization","@id":"https:\/\/blogdofarnesio.com.br\/#organization","name":"Blog do Farn\u00e9sio","url":"https:\/\/blogdofarnesio.com.br\/","logo":{"@type":"ImageObject","inLanguage":"pt-BR","@id":"https:\/\/blogdofarnesio.com.br\/#\/schema\/logo\/image\/","url":"https:\/\/blogdofarnesio.com.br\/wp-content\/uploads\/2026\/03\/cropped-logo_new-1.png","contentUrl":"https:\/\/blogdofarnesio.com.br\/wp-content\/uploads\/2026\/03\/cropped-logo_new-1.png","width":881,"height":685,"caption":"Blog do Farn\u00e9sio"},"image":{"@id":"https:\/\/blogdofarnesio.com.br\/#\/schema\/logo\/image\/"},"sameAs":["https:\/\/www.facebook.com\/BlogQuerSaberPolitica\/"]}]}},"_links":{"self":[{"href":"https:\/\/blogdofarnesio.com.br\/index.php?rest_route=\/wp\/v2\/posts\/9580","targetHints":{"allow":["GET"]}}],"collection":[{"href":"https:\/\/blogdofarnesio.com.br\/index.php?rest_route=\/wp\/v2\/posts"}],"about":[{"href":"https:\/\/blogdofarnesio.com.br\/index.php?rest_route=\/wp\/v2\/types\/post"}],"replies":[{"embeddable":true,"href":"https:\/\/blogdofarnesio.com.br\/index.php?rest_route=%2Fwp%2Fv2%2Fcomments&post=9580"}],"version-history":[{"count":0,"href":"https:\/\/blogdofarnesio.com.br\/index.php?rest_route=\/wp\/v2\/posts\/9580\/revisions"}],"wp:attachment":[{"href":"https:\/\/blogdofarnesio.com.br\/index.php?rest_route=%2Fwp%2Fv2%2Fmedia&parent=9580"}],"wp:term":[{"taxonomy":"category","embeddable":true,"href":"https:\/\/blogdofarnesio.com.br\/index.php?rest_route=%2Fwp%2Fv2%2Fcategories&post=9580"},{"taxonomy":"post_tag","embeddable":true,"href":"https:\/\/blogdofarnesio.com.br\/index.php?rest_route=%2Fwp%2Fv2%2Ftags&post=9580"}],"curies":[{"name":"wp","href":"https:\/\/api.w.org\/{rel}","templated":true}]}}