{"id":95526,"date":"2014-08-17T19:48:17","date_gmt":"2014-08-17T22:48:17","guid":{"rendered":"http:\/\/www.quersaberpolitica.com.br\/?p=95526"},"modified":"2014-08-17T19:48:17","modified_gmt":"2014-08-17T22:48:17","slug":"senador-pinheiro-participou-do-velorio-de-eduardo-campos-em-recife-pe","status":"publish","type":"post","link":"https:\/\/blogdofarnesio.com.br\/?p=95526","title":{"rendered":"SENADOR PINHEIRO PARTICIPOU DO VEL\u00d3RIO DE EDUARDO CAMPOS EM RECIFE (PE)"},"content":{"rendered":"<p style=\"text-align: justify\"><span style=\"font-size: large\"><a href=\"http:\/\/www.quersaberpolitica.com.br\/2016\/wp-content\/uploads\/2013\/07\/BLOGQSP.Foto_Andre_Correa.jpg\"><img loading=\"lazy\" decoding=\"async\" class=\"alignleft size-medium wp-image-48927\" alt=\"Senador Walter Pinheiro (PT-BA) diz que requerimento para cria\u00e7\u00e3o da Comiss\u00e3o Parlamentar Mista de Inqu\u00e9rito (CPMI) do Cachoeira j\u00e1 conta com 60 assinaturas\" src=\"http:\/\/www.quersaberpolitica.com.br\/2016\/wp-content\/uploads\/2013\/07\/BLOGQSP.Foto_Andre_Correa-300x207.jpg\" width=\"300\" height=\"207\" srcset=\"https:\/\/blogdofarnesio.com.br\/wp-content\/uploads\/2013\/07\/BLOGQSP.Foto_Andre_Correa-300x207.jpg 300w, https:\/\/blogdofarnesio.com.br\/wp-content\/uploads\/2013\/07\/BLOGQSP.Foto_Andre_Correa-433x300.jpg 433w, https:\/\/blogdofarnesio.com.br\/wp-content\/uploads\/2013\/07\/BLOGQSP.Foto_Andre_Correa.jpg 800w\" sizes=\"auto, (max-width: 300px) 100vw, 300px\" \/><\/a>O senador Walter Pinheiro (PT-BA) participou, neste domingo (17), do vel\u00f3rio do ex-governador de Pernambuco Eduardo Campos, em Recife (PE). Pinheiro foi prestar sua \u00faltima homenagem a Eduardo Campos no Pal\u00e1cio do Campo das Princesas, ao lado do governador da Bahia, Jaques Wagner, de Rui Costa, Jo\u00e3o Le\u00e3o e Otto Alencar, candidatos da chapa majorit\u00e1ria da coliga\u00e7\u00e3o Pra Bahia Mudar Mais.<\/span><\/p>\n<p style=\"text-align: justify\"><span style=\"font-size: large\">Amigo pessoal de Eduardo Campos, Pinheiro destacou o exemplo de lideran\u00e7a do ex-governador de Pernambuco.\u201cUma amizade constru\u00edda no Congresso, que passou para al\u00e9m da pol\u00edtica.\u00a0Quando ministro, foi um parceiro na \u00e1rea de Ci\u00eancia e Tecnologia; no Congresso, um colega dos mais preparados para os grandes debates do pa\u00eds, como o pacto federativo\u201d, lembrou o senador.\u00a0<!--more--><\/span><\/p>\n<p style=\"text-align: justify\"><span style=\"font-size: large\">Pinheiro\u00a0classificou Eduardo Campos como um pol\u00edtico da sua gera\u00e7\u00e3o, com os mesmos princ\u00edpios, compromissos e vontade de promover transforma\u00e7\u00f5es pela a\u00e7\u00e3o pol\u00edtica. \u201cNesse momento de consterna\u00e7\u00e3o, solidarizamo-nos com todos os seus familiares e amigos, al\u00e9m dos entes dos demais envolvidos nessa trag\u00e9dia, desejando que possam encontrar resigna\u00e7\u00e3o e paz\u201d, encerrou o senador.<\/span><\/p>\n<p style=\"text-align: justify\"><span style=\"font-size: large\">Por cerca de tr\u00eas horas, o desfile em carro aberto do Corpo de Bombeiros passou por v\u00e1rias ruas do Recife acompanhado por centenas de pessoas e de carros. Ao lado do caix\u00e3o, tr\u00eas dos cinco filhos de Eduardo Campos comandam as sauda\u00e7\u00f5es ao ex-governador. Renata Campos, vi\u00fava de Eduardo, levou Miguel, filho mais novo do casal dentro da cabine da viatura, ao lado de Cec\u00edlia Ramos, vi\u00fava de Carlos Percol.<\/span><\/p>\n<p style=\"text-align: justify\"><span style=\"font-size: large\">A chegada dos restos mortais ao largo da Pra\u00e7a da Rep\u00fablica, no Centro da capital, foi marcada por uma enorme como\u00e7\u00e3o. Desde o in\u00edcio da manh\u00e3 de ontem (16), pernambucanos de v\u00e1rios lugares do estado se concentravam no local \u00e0 espera do \u00faltimo adeus. O enterro do ex-governador est\u00e1 marcado para as 17h, no Cemit\u00e9rio de Santo Amaro.<\/span><\/p>\n","protected":false},"excerpt":{"rendered":"<p>O senador Walter Pinheiro (PT-BA) participou, neste domingo (17), do vel\u00f3rio do ex-governador de Pernambuco Eduardo Campos, em Recife (PE). Pinheiro foi prestar sua \u00faltima homenagem a Eduardo Campos no Pal\u00e1cio do Campo das Princesas, ao lado do governador da Bahia, Jaques Wagner, de Rui Costa, Jo\u00e3o Le\u00e3o e Otto Alencar, candidatos da chapa majorit\u00e1ria da coliga\u00e7\u00e3o Pra Bahia Mudar Mais. Amigo pessoal de Eduardo Campos, Pinheiro destacou o exemplo de lideran\u00e7a do ex-governador de Pernambuco.\u201cUma amizade constru\u00edda no Congresso, que passou para al\u00e9m da pol\u00edtica.\u00a0Quando ministro, foi um parceiro na \u00e1rea de Ci\u00eancia e Tecnologia; no Congresso, um colega dos mais preparados para os grandes debates do pa\u00eds, como o pacto federativo\u201d, lembrou o senador.\u00a0<\/p>\n","protected":false},"author":3,"featured_media":0,"comment_status":"open","ping_status":"open","sticky":false,"template":"","format":"standard","meta":{"_acf_changed":false,"footnotes":""},"categories":[1],"tags":[],"class_list":["post-95526","post","type-post","status-publish","format-standard","hentry","category-politica"],"acf":[],"yoast_head":"<!-- This site is optimized with the Yoast SEO plugin v27.4 - https:\/\/yoast.com\/product\/yoast-seo-wordpress\/ -->\n<title>SENADOR PINHEIRO PARTICIPOU DO VEL\u00d3RIO DE EDUARDO CAMPOS EM RECIFE (PE) - Blog do Farn\u00e9sio<\/title>\n<meta name=\"robots\" content=\"index, follow, max-snippet:-1, max-image-preview:large, max-video-preview:-1\" \/>\n<link rel=\"canonical\" href=\"https:\/\/blogdofarnesio.com.br\/?p=95526\" \/>\n<meta property=\"og:locale\" content=\"pt_BR\" \/>\n<meta property=\"og:type\" content=\"article\" \/>\n<meta property=\"og:title\" content=\"SENADOR PINHEIRO PARTICIPOU DO VEL\u00d3RIO DE EDUARDO CAMPOS EM RECIFE (PE) - Blog do Farn\u00e9sio\" \/>\n<meta property=\"og:description\" content=\"O senador Walter Pinheiro (PT-BA) participou, neste domingo (17), do vel\u00f3rio do ex-governador de Pernambuco Eduardo Campos, em Recife (PE). Pinheiro foi prestar sua \u00faltima homenagem a Eduardo Campos no Pal\u00e1cio do Campo das Princesas, ao lado do governador da Bahia, Jaques Wagner, de Rui Costa, Jo\u00e3o Le\u00e3o e Otto Alencar, candidatos da chapa majorit\u00e1ria da coliga\u00e7\u00e3o Pra Bahia Mudar Mais. Amigo pessoal de Eduardo Campos, Pinheiro destacou o exemplo de lideran\u00e7a do ex-governador de Pernambuco.\u201cUma amizade constru\u00edda no Congresso, que passou para al\u00e9m da pol\u00edtica.\u00a0Quando ministro, foi um parceiro na \u00e1rea de Ci\u00eancia e Tecnologia; no Congresso, um colega dos mais preparados para os grandes debates do pa\u00eds, como o pacto federativo\u201d, lembrou o senador.\u00a0\" \/>\n<meta property=\"og:url\" content=\"https:\/\/blogdofarnesio.com.br\/?p=95526\" \/>\n<meta property=\"og:site_name\" content=\"Blog do Farn\u00e9sio\" \/>\n<meta property=\"article:publisher\" content=\"https:\/\/www.facebook.com\/BlogQuerSaberPolitica\/\" \/>\n<meta property=\"article:published_time\" content=\"2014-08-17T22:48:17+00:00\" \/>\n<meta property=\"og:image\" content=\"http:\/\/www.quersaberpolitica.com.br\/2016\/wp-content\/uploads\/2013\/07\/BLOGQSP.Foto_Andre_Correa-300x207.jpg\" \/>\n<meta name=\"author\" content=\"teste\" \/>\n<meta name=\"twitter:card\" content=\"summary_large_image\" \/>\n<meta name=\"twitter:label1\" content=\"Escrito por\" \/>\n\t<meta name=\"twitter:data1\" content=\"teste\" \/>\n\t<meta name=\"twitter:label2\" content=\"Est. tempo de leitura\" \/>\n\t<meta name=\"twitter:data2\" content=\"2 minutos\" \/>\n<script type=\"application\/ld+json\" class=\"yoast-schema-graph\">{\"@context\":\"https:\\\/\\\/schema.org\",\"@graph\":[{\"@type\":\"Article\",\"@id\":\"https:\\\/\\\/blogdofarnesio.com.br\\\/?p=95526#article\",\"isPartOf\":{\"@id\":\"https:\\\/\\\/blogdofarnesio.com.br\\\/?p=95526\"},\"author\":{\"name\":\"teste\",\"@id\":\"https:\\\/\\\/blogdofarnesio.com.br\\\/#\\\/schema\\\/person\\\/dd1bf5eba40b687199ba45ca6b97dff9\"},\"headline\":\"SENADOR PINHEIRO PARTICIPOU DO VEL\u00d3RIO DE EDUARDO CAMPOS EM RECIFE (PE)\",\"datePublished\":\"2014-08-17T22:48:17+00:00\",\"mainEntityOfPage\":{\"@id\":\"https:\\\/\\\/blogdofarnesio.com.br\\\/?p=95526\"},\"wordCount\":344,\"commentCount\":0,\"publisher\":{\"@id\":\"https:\\\/\\\/blogdofarnesio.com.br\\\/#organization\"},\"image\":{\"@id\":\"https:\\\/\\\/blogdofarnesio.com.br\\\/?p=95526#primaryimage\"},\"thumbnailUrl\":\"http:\\\/\\\/www.quersaberpolitica.com.br\\\/2016\\\/wp-content\\\/uploads\\\/2013\\\/07\\\/BLOGQSP.Foto_Andre_Correa-300x207.jpg\",\"articleSection\":[\"Pol\u00edtica\"],\"inLanguage\":\"pt-BR\",\"potentialAction\":[{\"@type\":\"CommentAction\",\"name\":\"Comment\",\"target\":[\"https:\\\/\\\/blogdofarnesio.com.br\\\/?p=95526#respond\"]}]},{\"@type\":\"WebPage\",\"@id\":\"https:\\\/\\\/blogdofarnesio.com.br\\\/?p=95526\",\"url\":\"https:\\\/\\\/blogdofarnesio.com.br\\\/?p=95526\",\"name\":\"SENADOR PINHEIRO PARTICIPOU DO VEL\u00d3RIO DE EDUARDO CAMPOS EM RECIFE (PE) - Blog do Farn\u00e9sio\",\"isPartOf\":{\"@id\":\"https:\\\/\\\/blogdofarnesio.com.br\\\/#website\"},\"primaryImageOfPage\":{\"@id\":\"https:\\\/\\\/blogdofarnesio.com.br\\\/?p=95526#primaryimage\"},\"image\":{\"@id\":\"https:\\\/\\\/blogdofarnesio.com.br\\\/?p=95526#primaryimage\"},\"thumbnailUrl\":\"http:\\\/\\\/www.quersaberpolitica.com.br\\\/2016\\\/wp-content\\\/uploads\\\/2013\\\/07\\\/BLOGQSP.Foto_Andre_Correa-300x207.jpg\",\"datePublished\":\"2014-08-17T22:48:17+00:00\",\"breadcrumb\":{\"@id\":\"https:\\\/\\\/blogdofarnesio.com.br\\\/?p=95526#breadcrumb\"},\"inLanguage\":\"pt-BR\",\"potentialAction\":[{\"@type\":\"ReadAction\",\"target\":[\"https:\\\/\\\/blogdofarnesio.com.br\\\/?p=95526\"]}]},{\"@type\":\"ImageObject\",\"inLanguage\":\"pt-BR\",\"@id\":\"https:\\\/\\\/blogdofarnesio.com.br\\\/?p=95526#primaryimage\",\"url\":\"http:\\\/\\\/www.quersaberpolitica.com.br\\\/2016\\\/wp-content\\\/uploads\\\/2013\\\/07\\\/BLOGQSP.Foto_Andre_Correa-300x207.jpg\",\"contentUrl\":\"http:\\\/\\\/www.quersaberpolitica.com.br\\\/2016\\\/wp-content\\\/uploads\\\/2013\\\/07\\\/BLOGQSP.Foto_Andre_Correa-300x207.jpg\"},{\"@type\":\"BreadcrumbList\",\"@id\":\"https:\\\/\\\/blogdofarnesio.com.br\\\/?p=95526#breadcrumb\",\"itemListElement\":[{\"@type\":\"ListItem\",\"position\":1,\"name\":\"In\u00edcio\",\"item\":\"https:\\\/\\\/blogdofarnesio.com.br\\\/\"},{\"@type\":\"ListItem\",\"position\":2,\"name\":\"SENADOR PINHEIRO PARTICIPOU DO VEL\u00d3RIO DE EDUARDO CAMPOS EM RECIFE (PE)\"}]},{\"@type\":\"WebSite\",\"@id\":\"https:\\\/\\\/blogdofarnesio.com.br\\\/#website\",\"url\":\"https:\\\/\\\/blogdofarnesio.com.br\\\/\",\"name\":\"Blog do Farn\u00e9sio\",\"description\":\"Quer Saber Pol\u00edtica?\",\"publisher\":{\"@id\":\"https:\\\/\\\/blogdofarnesio.com.br\\\/#organization\"},\"potentialAction\":[{\"@type\":\"SearchAction\",\"target\":{\"@type\":\"EntryPoint\",\"urlTemplate\":\"https:\\\/\\\/blogdofarnesio.com.br\\\/?s={search_term_string}\"},\"query-input\":{\"@type\":\"PropertyValueSpecification\",\"valueRequired\":true,\"valueName\":\"search_term_string\"}}],\"inLanguage\":\"pt-BR\"},{\"@type\":\"Organization\",\"@id\":\"https:\\\/\\\/blogdofarnesio.com.br\\\/#organization\",\"name\":\"Blog do Farn\u00e9sio\",\"url\":\"https:\\\/\\\/blogdofarnesio.com.br\\\/\",\"logo\":{\"@type\":\"ImageObject\",\"inLanguage\":\"pt-BR\",\"@id\":\"https:\\\/\\\/blogdofarnesio.com.br\\\/#\\\/schema\\\/logo\\\/image\\\/\",\"url\":\"https:\\\/\\\/blogdofarnesio.com.br\\\/wp-content\\\/uploads\\\/2026\\\/03\\\/cropped-logo_new-1.png\",\"contentUrl\":\"https:\\\/\\\/blogdofarnesio.com.br\\\/wp-content\\\/uploads\\\/2026\\\/03\\\/cropped-logo_new-1.png\",\"width\":881,\"height\":685,\"caption\":\"Blog do Farn\u00e9sio\"},\"image\":{\"@id\":\"https:\\\/\\\/blogdofarnesio.com.br\\\/#\\\/schema\\\/logo\\\/image\\\/\"},\"sameAs\":[\"https:\\\/\\\/www.facebook.com\\\/BlogQuerSaberPolitica\\\/\"]},{\"@type\":\"Person\",\"@id\":\"https:\\\/\\\/blogdofarnesio.com.br\\\/#\\\/schema\\\/person\\\/dd1bf5eba40b687199ba45ca6b97dff9\",\"name\":\"teste\",\"image\":{\"@type\":\"ImageObject\",\"inLanguage\":\"pt-BR\",\"@id\":\"https:\\\/\\\/secure.gravatar.com\\\/avatar\\\/2172498d4914b51e1d89a0f97957b035ac4938723a5cac208135d389b6972a6d?s=96&d=mm&r=g\",\"url\":\"https:\\\/\\\/secure.gravatar.com\\\/avatar\\\/2172498d4914b51e1d89a0f97957b035ac4938723a5cac208135d389b6972a6d?s=96&d=mm&r=g\",\"contentUrl\":\"https:\\\/\\\/secure.gravatar.com\\\/avatar\\\/2172498d4914b51e1d89a0f97957b035ac4938723a5cac208135d389b6972a6d?s=96&d=mm&r=g\",\"caption\":\"teste\"},\"url\":\"https:\\\/\\\/blogdofarnesio.com.br\\\/?author=3\"}]}<\/script>\n<!-- \/ Yoast SEO plugin. -->","yoast_head_json":{"title":"SENADOR PINHEIRO PARTICIPOU DO VEL\u00d3RIO DE EDUARDO CAMPOS EM RECIFE (PE) - Blog do Farn\u00e9sio","robots":{"index":"index","follow":"follow","max-snippet":"max-snippet:-1","max-image-preview":"max-image-preview:large","max-video-preview":"max-video-preview:-1"},"canonical":"https:\/\/blogdofarnesio.com.br\/?p=95526","og_locale":"pt_BR","og_type":"article","og_title":"SENADOR PINHEIRO PARTICIPOU DO VEL\u00d3RIO DE EDUARDO CAMPOS EM RECIFE (PE) - Blog do Farn\u00e9sio","og_description":"O senador Walter Pinheiro (PT-BA) participou, neste domingo (17), do vel\u00f3rio do ex-governador de Pernambuco Eduardo Campos, em Recife (PE). Pinheiro foi prestar sua \u00faltima homenagem a Eduardo Campos no Pal\u00e1cio do Campo das Princesas, ao lado do governador da Bahia, Jaques Wagner, de Rui Costa, Jo\u00e3o Le\u00e3o e Otto Alencar, candidatos da chapa majorit\u00e1ria da coliga\u00e7\u00e3o Pra Bahia Mudar Mais. Amigo pessoal de Eduardo Campos, Pinheiro destacou o exemplo de lideran\u00e7a do ex-governador de Pernambuco.\u201cUma amizade constru\u00edda no Congresso, que passou para al\u00e9m da pol\u00edtica.\u00a0Quando ministro, foi um parceiro na \u00e1rea de Ci\u00eancia e Tecnologia; no Congresso, um colega dos mais preparados para os grandes debates do pa\u00eds, como o pacto federativo\u201d, lembrou o senador.\u00a0","og_url":"https:\/\/blogdofarnesio.com.br\/?p=95526","og_site_name":"Blog do Farn\u00e9sio","article_publisher":"https:\/\/www.facebook.com\/BlogQuerSaberPolitica\/","article_published_time":"2014-08-17T22:48:17+00:00","og_image":[{"url":"http:\/\/www.quersaberpolitica.com.br\/2016\/wp-content\/uploads\/2013\/07\/BLOGQSP.Foto_Andre_Correa-300x207.jpg","type":"","width":"","height":""}],"author":"teste","twitter_card":"summary_large_image","twitter_misc":{"Escrito por":"teste","Est. tempo de leitura":"2 minutos"},"schema":{"@context":"https:\/\/schema.org","@graph":[{"@type":"Article","@id":"https:\/\/blogdofarnesio.com.br\/?p=95526#article","isPartOf":{"@id":"https:\/\/blogdofarnesio.com.br\/?p=95526"},"author":{"name":"teste","@id":"https:\/\/blogdofarnesio.com.br\/#\/schema\/person\/dd1bf5eba40b687199ba45ca6b97dff9"},"headline":"SENADOR PINHEIRO PARTICIPOU DO VEL\u00d3RIO DE EDUARDO CAMPOS EM RECIFE (PE)","datePublished":"2014-08-17T22:48:17+00:00","mainEntityOfPage":{"@id":"https:\/\/blogdofarnesio.com.br\/?p=95526"},"wordCount":344,"commentCount":0,"publisher":{"@id":"https:\/\/blogdofarnesio.com.br\/#organization"},"image":{"@id":"https:\/\/blogdofarnesio.com.br\/?p=95526#primaryimage"},"thumbnailUrl":"http:\/\/www.quersaberpolitica.com.br\/2016\/wp-content\/uploads\/2013\/07\/BLOGQSP.Foto_Andre_Correa-300x207.jpg","articleSection":["Pol\u00edtica"],"inLanguage":"pt-BR","potentialAction":[{"@type":"CommentAction","name":"Comment","target":["https:\/\/blogdofarnesio.com.br\/?p=95526#respond"]}]},{"@type":"WebPage","@id":"https:\/\/blogdofarnesio.com.br\/?p=95526","url":"https:\/\/blogdofarnesio.com.br\/?p=95526","name":"SENADOR PINHEIRO PARTICIPOU DO VEL\u00d3RIO DE EDUARDO CAMPOS EM RECIFE (PE) - Blog do Farn\u00e9sio","isPartOf":{"@id":"https:\/\/blogdofarnesio.com.br\/#website"},"primaryImageOfPage":{"@id":"https:\/\/blogdofarnesio.com.br\/?p=95526#primaryimage"},"image":{"@id":"https:\/\/blogdofarnesio.com.br\/?p=95526#primaryimage"},"thumbnailUrl":"http:\/\/www.quersaberpolitica.com.br\/2016\/wp-content\/uploads\/2013\/07\/BLOGQSP.Foto_Andre_Correa-300x207.jpg","datePublished":"2014-08-17T22:48:17+00:00","breadcrumb":{"@id":"https:\/\/blogdofarnesio.com.br\/?p=95526#breadcrumb"},"inLanguage":"pt-BR","potentialAction":[{"@type":"ReadAction","target":["https:\/\/blogdofarnesio.com.br\/?p=95526"]}]},{"@type":"ImageObject","inLanguage":"pt-BR","@id":"https:\/\/blogdofarnesio.com.br\/?p=95526#primaryimage","url":"http:\/\/www.quersaberpolitica.com.br\/2016\/wp-content\/uploads\/2013\/07\/BLOGQSP.Foto_Andre_Correa-300x207.jpg","contentUrl":"http:\/\/www.quersaberpolitica.com.br\/2016\/wp-content\/uploads\/2013\/07\/BLOGQSP.Foto_Andre_Correa-300x207.jpg"},{"@type":"BreadcrumbList","@id":"https:\/\/blogdofarnesio.com.br\/?p=95526#breadcrumb","itemListElement":[{"@type":"ListItem","position":1,"name":"In\u00edcio","item":"https:\/\/blogdofarnesio.com.br\/"},{"@type":"ListItem","position":2,"name":"SENADOR PINHEIRO PARTICIPOU DO VEL\u00d3RIO DE EDUARDO CAMPOS EM RECIFE (PE)"}]},{"@type":"WebSite","@id":"https:\/\/blogdofarnesio.com.br\/#website","url":"https:\/\/blogdofarnesio.com.br\/","name":"Blog do Farn\u00e9sio","description":"Quer Saber Pol\u00edtica?","publisher":{"@id":"https:\/\/blogdofarnesio.com.br\/#organization"},"potentialAction":[{"@type":"SearchAction","target":{"@type":"EntryPoint","urlTemplate":"https:\/\/blogdofarnesio.com.br\/?s={search_term_string}"},"query-input":{"@type":"PropertyValueSpecification","valueRequired":true,"valueName":"search_term_string"}}],"inLanguage":"pt-BR"},{"@type":"Organization","@id":"https:\/\/blogdofarnesio.com.br\/#organization","name":"Blog do Farn\u00e9sio","url":"https:\/\/blogdofarnesio.com.br\/","logo":{"@type":"ImageObject","inLanguage":"pt-BR","@id":"https:\/\/blogdofarnesio.com.br\/#\/schema\/logo\/image\/","url":"https:\/\/blogdofarnesio.com.br\/wp-content\/uploads\/2026\/03\/cropped-logo_new-1.png","contentUrl":"https:\/\/blogdofarnesio.com.br\/wp-content\/uploads\/2026\/03\/cropped-logo_new-1.png","width":881,"height":685,"caption":"Blog do Farn\u00e9sio"},"image":{"@id":"https:\/\/blogdofarnesio.com.br\/#\/schema\/logo\/image\/"},"sameAs":["https:\/\/www.facebook.com\/BlogQuerSaberPolitica\/"]},{"@type":"Person","@id":"https:\/\/blogdofarnesio.com.br\/#\/schema\/person\/dd1bf5eba40b687199ba45ca6b97dff9","name":"teste","image":{"@type":"ImageObject","inLanguage":"pt-BR","@id":"https:\/\/secure.gravatar.com\/avatar\/2172498d4914b51e1d89a0f97957b035ac4938723a5cac208135d389b6972a6d?s=96&d=mm&r=g","url":"https:\/\/secure.gravatar.com\/avatar\/2172498d4914b51e1d89a0f97957b035ac4938723a5cac208135d389b6972a6d?s=96&d=mm&r=g","contentUrl":"https:\/\/secure.gravatar.com\/avatar\/2172498d4914b51e1d89a0f97957b035ac4938723a5cac208135d389b6972a6d?s=96&d=mm&r=g","caption":"teste"},"url":"https:\/\/blogdofarnesio.com.br\/?author=3"}]}},"_links":{"self":[{"href":"https:\/\/blogdofarnesio.com.br\/index.php?rest_route=\/wp\/v2\/posts\/95526","targetHints":{"allow":["GET"]}}],"collection":[{"href":"https:\/\/blogdofarnesio.com.br\/index.php?rest_route=\/wp\/v2\/posts"}],"about":[{"href":"https:\/\/blogdofarnesio.com.br\/index.php?rest_route=\/wp\/v2\/types\/post"}],"author":[{"embeddable":true,"href":"https:\/\/blogdofarnesio.com.br\/index.php?rest_route=\/wp\/v2\/users\/3"}],"replies":[{"embeddable":true,"href":"https:\/\/blogdofarnesio.com.br\/index.php?rest_route=%2Fwp%2Fv2%2Fcomments&post=95526"}],"version-history":[{"count":0,"href":"https:\/\/blogdofarnesio.com.br\/index.php?rest_route=\/wp\/v2\/posts\/95526\/revisions"}],"wp:attachment":[{"href":"https:\/\/blogdofarnesio.com.br\/index.php?rest_route=%2Fwp%2Fv2%2Fmedia&parent=95526"}],"wp:term":[{"taxonomy":"category","embeddable":true,"href":"https:\/\/blogdofarnesio.com.br\/index.php?rest_route=%2Fwp%2Fv2%2Fcategories&post=95526"},{"taxonomy":"post_tag","embeddable":true,"href":"https:\/\/blogdofarnesio.com.br\/index.php?rest_route=%2Fwp%2Fv2%2Ftags&post=95526"}],"curies":[{"name":"wp","href":"https:\/\/api.w.org\/{rel}","templated":true}]}}