{"id":95499,"date":"2014-08-17T12:00:44","date_gmt":"2014-08-17T15:00:44","guid":{"rendered":"http:\/\/www.quersaberpolitica.com.br\/?p=95499"},"modified":"2014-08-17T09:27:50","modified_gmt":"2014-08-17T12:27:50","slug":"mais-importante-canal-de-tv-arabe-al-jazira-vai-transmitir-ao-vivo-cortejo-de-eduardo-campos","status":"publish","type":"post","link":"https:\/\/blogdofarnesio.com.br\/2014\/08\/mais-importante-canal-de-tv-arabe-al-jazira-vai-transmitir-ao-vivo-cortejo-de-eduardo-campos\/","title":{"rendered":"MAIS IMPORTANTE CANAL DE TV \u00c1RABE, &#8220;AL JAZIRA&#8221;, VAI TRANSMITIR AO VIVO CORTEJO DE EDUARDO CAMPOS"},"content":{"rendered":"<p style=\"text-align: justify\"><a href=\"http:\/\/www.quersaberpolitica.com.br\/2016\/wp-content\/uploads\/2014\/08\/BLOGQSPaljazeera_network.jpg\"><img loading=\"lazy\" decoding=\"async\" class=\"aligncenter  wp-image-95504\" alt=\"BLOGQSPaljazeera_network\" src=\"http:\/\/www.quersaberpolitica.com.br\/2016\/wp-content\/uploads\/2014\/08\/BLOGQSPaljazeera_network.jpg\" width=\"350\" height=\"210\" srcset=\"https:\/\/blogdofarnesio.com.br\/wp-content\/uploads\/2014\/08\/BLOGQSPaljazeera_network.jpg 500w, https:\/\/blogdofarnesio.com.br\/wp-content\/uploads\/2014\/08\/BLOGQSPaljazeera_network-300x180.jpg 300w\" sizes=\"auto, (max-width: 350px) 100vw, 350px\" \/><\/a>A maior emissora de televis\u00e3o do Catar, Al Jazira, ir\u00e1 transmitir em tempo real o \u00faltimo adeus ao ex-governador Eduardo Campos (PSB). O vel\u00f3rio ter\u00e1 in\u00edcio na madrugada deste domingo, por volta das 2 horas, momento previsto para chegada dos restos mortais do pol\u00edtico e dos outros assessores envolvidos no acidente a\u00e9reo no \u00faltimo dia 13. Jornalistas da CNN tamb\u00e9m far\u00e3o a cobertura completa do sepultamento.<\/p>\n<p style=\"text-align: justify\">Chefes de governo do Canad\u00e1 e dos Estados do Sudeste, como Rio de Janeiro e S\u00e3o Paulo, tamb\u00e9m enviaram as condol\u00eancias \u00e0 fam\u00edlia com coroas de flores.<\/p>\n<p style=\"text-align: justify\">O candidato do PSB \u00e0 Presid\u00eancia morreu aos 49 anos em um acidente de avi\u00e3o em Santos (72 km de S\u00e3o Paulo). A aeronave modelo Cessna 560XL, prefixo PR-AFA, vinha do Rio de Janeiro e tinha sete pessoas a bordo.\u00a0O Corpo de Bombeiros confirmou que n\u00e3o h\u00e1 sobreviventes.<\/p>\n","protected":false},"excerpt":{"rendered":"<p>A maior emissora de televis\u00e3o do Catar, Al Jazira, ir\u00e1 transmitir em tempo real o \u00faltimo adeus ao ex-governador Eduardo Campos (PSB). O vel\u00f3rio ter\u00e1 in\u00edcio na madrugada deste domingo, por volta das 2 horas, momento previsto para chegada dos restos mortais do pol\u00edtico e dos outros assessores envolvidos no acidente a\u00e9reo no \u00faltimo dia 13. Jornalistas da CNN tamb\u00e9m far\u00e3o a cobertura completa do sepultamento. Chefes de governo do Canad\u00e1 e dos Estados do Sudeste, como Rio de Janeiro e S\u00e3o Paulo, tamb\u00e9m enviaram as condol\u00eancias \u00e0 fam\u00edlia com coroas de flores. O candidato do PSB \u00e0 Presid\u00eancia morreu aos 49 anos em um acidente de avi\u00e3o em Santos (72 km de S\u00e3o Paulo). A aeronave modelo Cessna 560XL,&hellip; <\/p>\n","protected":false},"author":3,"featured_media":0,"comment_status":"open","ping_status":"open","sticky":false,"template":"","format":"standard","meta":{"_acf_changed":false,"footnotes":""},"categories":[32],"tags":[],"class_list":["post-95499","post","type-post","status-publish","format-standard","hentry","category-costumes"],"acf":[],"yoast_head":"<!-- This site is optimized with the Yoast SEO plugin v27.5 - https:\/\/yoast.com\/product\/yoast-seo-wordpress\/ -->\n<title>MAIS IMPORTANTE CANAL DE TV \u00c1RABE, &quot;AL JAZIRA&quot;, VAI TRANSMITIR AO VIVO CORTEJO DE EDUARDO CAMPOS - Blog do Farn\u00e9sio<\/title>\n<meta name=\"robots\" content=\"index, follow, max-snippet:-1, max-image-preview:large, max-video-preview:-1\" \/>\n<link rel=\"canonical\" href=\"https:\/\/blogdofarnesio.com.br\/2014\/08\/mais-importante-canal-de-tv-arabe-al-jazira-vai-transmitir-ao-vivo-cortejo-de-eduardo-campos\/\" \/>\n<meta property=\"og:locale\" content=\"pt_BR\" \/>\n<meta property=\"og:type\" content=\"article\" \/>\n<meta property=\"og:title\" content=\"MAIS IMPORTANTE CANAL DE TV \u00c1RABE, &quot;AL JAZIRA&quot;, VAI TRANSMITIR AO VIVO CORTEJO DE EDUARDO CAMPOS - Blog do Farn\u00e9sio\" \/>\n<meta property=\"og:description\" content=\"A maior emissora de televis\u00e3o do Catar, Al Jazira, ir\u00e1 transmitir em tempo real o \u00faltimo adeus ao ex-governador Eduardo Campos (PSB). O vel\u00f3rio ter\u00e1 in\u00edcio na madrugada deste domingo, por volta das 2 horas, momento previsto para chegada dos restos mortais do pol\u00edtico e dos outros assessores envolvidos no acidente a\u00e9reo no \u00faltimo dia 13. Jornalistas da CNN tamb\u00e9m far\u00e3o a cobertura completa do sepultamento. Chefes de governo do Canad\u00e1 e dos Estados do Sudeste, como Rio de Janeiro e S\u00e3o Paulo, tamb\u00e9m enviaram as condol\u00eancias \u00e0 fam\u00edlia com coroas de flores. O candidato do PSB \u00e0 Presid\u00eancia morreu aos 49 anos em um acidente de avi\u00e3o em Santos (72 km de S\u00e3o Paulo). A aeronave modelo Cessna 560XL,&hellip;\" \/>\n<meta property=\"og:url\" content=\"https:\/\/blogdofarnesio.com.br\/2014\/08\/mais-importante-canal-de-tv-arabe-al-jazira-vai-transmitir-ao-vivo-cortejo-de-eduardo-campos\/\" \/>\n<meta property=\"og:site_name\" content=\"Blog do Farn\u00e9sio\" \/>\n<meta property=\"article:publisher\" content=\"https:\/\/www.facebook.com\/BlogQuerSaberPolitica\/\" \/>\n<meta property=\"article:published_time\" content=\"2014-08-17T15:00:44+00:00\" \/>\n<meta property=\"og:image\" content=\"http:\/\/www.quersaberpolitica.com.br\/2016\/wp-content\/uploads\/2014\/08\/BLOGQSPaljazeera_network.jpg\" \/>\n<meta name=\"author\" content=\"teste\" \/>\n<meta name=\"twitter:card\" content=\"summary_large_image\" \/>\n<meta name=\"twitter:label1\" content=\"Escrito por\" \/>\n\t<meta name=\"twitter:data1\" content=\"teste\" \/>\n\t<meta name=\"twitter:label2\" content=\"Est. tempo de leitura\" \/>\n\t<meta name=\"twitter:data2\" content=\"1 minuto\" \/>\n<script type=\"application\/ld+json\" class=\"yoast-schema-graph\">{\"@context\":\"https:\\\/\\\/schema.org\",\"@graph\":[{\"@type\":\"Article\",\"@id\":\"https:\\\/\\\/blogdofarnesio.com.br\\\/2014\\\/08\\\/mais-importante-canal-de-tv-arabe-al-jazira-vai-transmitir-ao-vivo-cortejo-de-eduardo-campos\\\/#article\",\"isPartOf\":{\"@id\":\"https:\\\/\\\/blogdofarnesio.com.br\\\/2014\\\/08\\\/mais-importante-canal-de-tv-arabe-al-jazira-vai-transmitir-ao-vivo-cortejo-de-eduardo-campos\\\/\"},\"author\":{\"name\":\"teste\",\"@id\":\"https:\\\/\\\/blogdofarnesio.com.br\\\/#\\\/schema\\\/person\\\/dd1bf5eba40b687199ba45ca6b97dff9\"},\"headline\":\"MAIS IMPORTANTE CANAL DE TV \u00c1RABE, &#8220;AL JAZIRA&#8221;, VAI TRANSMITIR AO VIVO CORTEJO DE EDUARDO CAMPOS\",\"datePublished\":\"2014-08-17T15:00:44+00:00\",\"mainEntityOfPage\":{\"@id\":\"https:\\\/\\\/blogdofarnesio.com.br\\\/2014\\\/08\\\/mais-importante-canal-de-tv-arabe-al-jazira-vai-transmitir-ao-vivo-cortejo-de-eduardo-campos\\\/\"},\"wordCount\":167,\"commentCount\":0,\"publisher\":{\"@id\":\"https:\\\/\\\/blogdofarnesio.com.br\\\/#organization\"},\"image\":{\"@id\":\"https:\\\/\\\/blogdofarnesio.com.br\\\/2014\\\/08\\\/mais-importante-canal-de-tv-arabe-al-jazira-vai-transmitir-ao-vivo-cortejo-de-eduardo-campos\\\/#primaryimage\"},\"thumbnailUrl\":\"http:\\\/\\\/www.quersaberpolitica.com.br\\\/2016\\\/wp-content\\\/uploads\\\/2014\\\/08\\\/BLOGQSPaljazeera_network.jpg\",\"articleSection\":[\"Costumes\"],\"inLanguage\":\"pt-BR\",\"potentialAction\":[{\"@type\":\"CommentAction\",\"name\":\"Comment\",\"target\":[\"https:\\\/\\\/blogdofarnesio.com.br\\\/2014\\\/08\\\/mais-importante-canal-de-tv-arabe-al-jazira-vai-transmitir-ao-vivo-cortejo-de-eduardo-campos\\\/#respond\"]}]},{\"@type\":\"WebPage\",\"@id\":\"https:\\\/\\\/blogdofarnesio.com.br\\\/2014\\\/08\\\/mais-importante-canal-de-tv-arabe-al-jazira-vai-transmitir-ao-vivo-cortejo-de-eduardo-campos\\\/\",\"url\":\"https:\\\/\\\/blogdofarnesio.com.br\\\/2014\\\/08\\\/mais-importante-canal-de-tv-arabe-al-jazira-vai-transmitir-ao-vivo-cortejo-de-eduardo-campos\\\/\",\"name\":\"MAIS IMPORTANTE CANAL DE TV \u00c1RABE, \\\"AL JAZIRA\\\", VAI TRANSMITIR AO VIVO CORTEJO DE EDUARDO CAMPOS - Blog do Farn\u00e9sio\",\"isPartOf\":{\"@id\":\"https:\\\/\\\/blogdofarnesio.com.br\\\/#website\"},\"primaryImageOfPage\":{\"@id\":\"https:\\\/\\\/blogdofarnesio.com.br\\\/2014\\\/08\\\/mais-importante-canal-de-tv-arabe-al-jazira-vai-transmitir-ao-vivo-cortejo-de-eduardo-campos\\\/#primaryimage\"},\"image\":{\"@id\":\"https:\\\/\\\/blogdofarnesio.com.br\\\/2014\\\/08\\\/mais-importante-canal-de-tv-arabe-al-jazira-vai-transmitir-ao-vivo-cortejo-de-eduardo-campos\\\/#primaryimage\"},\"thumbnailUrl\":\"http:\\\/\\\/www.quersaberpolitica.com.br\\\/2016\\\/wp-content\\\/uploads\\\/2014\\\/08\\\/BLOGQSPaljazeera_network.jpg\",\"datePublished\":\"2014-08-17T15:00:44+00:00\",\"breadcrumb\":{\"@id\":\"https:\\\/\\\/blogdofarnesio.com.br\\\/2014\\\/08\\\/mais-importante-canal-de-tv-arabe-al-jazira-vai-transmitir-ao-vivo-cortejo-de-eduardo-campos\\\/#breadcrumb\"},\"inLanguage\":\"pt-BR\",\"potentialAction\":[{\"@type\":\"ReadAction\",\"target\":[\"https:\\\/\\\/blogdofarnesio.com.br\\\/2014\\\/08\\\/mais-importante-canal-de-tv-arabe-al-jazira-vai-transmitir-ao-vivo-cortejo-de-eduardo-campos\\\/\"]}]},{\"@type\":\"ImageObject\",\"inLanguage\":\"pt-BR\",\"@id\":\"https:\\\/\\\/blogdofarnesio.com.br\\\/2014\\\/08\\\/mais-importante-canal-de-tv-arabe-al-jazira-vai-transmitir-ao-vivo-cortejo-de-eduardo-campos\\\/#primaryimage\",\"url\":\"http:\\\/\\\/www.quersaberpolitica.com.br\\\/2016\\\/wp-content\\\/uploads\\\/2014\\\/08\\\/BLOGQSPaljazeera_network.jpg\",\"contentUrl\":\"http:\\\/\\\/www.quersaberpolitica.com.br\\\/2016\\\/wp-content\\\/uploads\\\/2014\\\/08\\\/BLOGQSPaljazeera_network.jpg\"},{\"@type\":\"BreadcrumbList\",\"@id\":\"https:\\\/\\\/blogdofarnesio.com.br\\\/2014\\\/08\\\/mais-importante-canal-de-tv-arabe-al-jazira-vai-transmitir-ao-vivo-cortejo-de-eduardo-campos\\\/#breadcrumb\",\"itemListElement\":[{\"@type\":\"ListItem\",\"position\":1,\"name\":\"In\u00edcio\",\"item\":\"https:\\\/\\\/blogdofarnesio.com.br\\\/\"},{\"@type\":\"ListItem\",\"position\":2,\"name\":\"MAIS IMPORTANTE CANAL DE TV \u00c1RABE, &#8220;AL JAZIRA&#8221;, VAI TRANSMITIR AO VIVO CORTEJO DE EDUARDO CAMPOS\"}]},{\"@type\":\"WebSite\",\"@id\":\"https:\\\/\\\/blogdofarnesio.com.br\\\/#website\",\"url\":\"https:\\\/\\\/blogdofarnesio.com.br\\\/\",\"name\":\"Blog do Farn\u00e9sio\",\"description\":\"Quer Saber Pol\u00edtica?\",\"publisher\":{\"@id\":\"https:\\\/\\\/blogdofarnesio.com.br\\\/#organization\"},\"potentialAction\":[{\"@type\":\"SearchAction\",\"target\":{\"@type\":\"EntryPoint\",\"urlTemplate\":\"https:\\\/\\\/blogdofarnesio.com.br\\\/?s={search_term_string}\"},\"query-input\":{\"@type\":\"PropertyValueSpecification\",\"valueRequired\":true,\"valueName\":\"search_term_string\"}}],\"inLanguage\":\"pt-BR\"},{\"@type\":\"Organization\",\"@id\":\"https:\\\/\\\/blogdofarnesio.com.br\\\/#organization\",\"name\":\"Blog do Farn\u00e9sio\",\"url\":\"https:\\\/\\\/blogdofarnesio.com.br\\\/\",\"logo\":{\"@type\":\"ImageObject\",\"inLanguage\":\"pt-BR\",\"@id\":\"https:\\\/\\\/blogdofarnesio.com.br\\\/#\\\/schema\\\/logo\\\/image\\\/\",\"url\":\"https:\\\/\\\/blogdofarnesio.com.br\\\/wp-content\\\/uploads\\\/2026\\\/03\\\/cropped-logo_new-1.png\",\"contentUrl\":\"https:\\\/\\\/blogdofarnesio.com.br\\\/wp-content\\\/uploads\\\/2026\\\/03\\\/cropped-logo_new-1.png\",\"width\":881,\"height\":685,\"caption\":\"Blog do Farn\u00e9sio\"},\"image\":{\"@id\":\"https:\\\/\\\/blogdofarnesio.com.br\\\/#\\\/schema\\\/logo\\\/image\\\/\"},\"sameAs\":[\"https:\\\/\\\/www.facebook.com\\\/BlogQuerSaberPolitica\\\/\"]},{\"@type\":\"Person\",\"@id\":\"https:\\\/\\\/blogdofarnesio.com.br\\\/#\\\/schema\\\/person\\\/dd1bf5eba40b687199ba45ca6b97dff9\",\"name\":\"teste\",\"image\":{\"@type\":\"ImageObject\",\"inLanguage\":\"pt-BR\",\"@id\":\"https:\\\/\\\/secure.gravatar.com\\\/avatar\\\/2172498d4914b51e1d89a0f97957b035ac4938723a5cac208135d389b6972a6d?s=96&d=mm&r=g\",\"url\":\"https:\\\/\\\/secure.gravatar.com\\\/avatar\\\/2172498d4914b51e1d89a0f97957b035ac4938723a5cac208135d389b6972a6d?s=96&d=mm&r=g\",\"contentUrl\":\"https:\\\/\\\/secure.gravatar.com\\\/avatar\\\/2172498d4914b51e1d89a0f97957b035ac4938723a5cac208135d389b6972a6d?s=96&d=mm&r=g\",\"caption\":\"teste\"},\"url\":\"https:\\\/\\\/blogdofarnesio.com.br\\\/author\\\/teste\\\/\"}]}<\/script>\n<!-- \/ Yoast SEO plugin. -->","yoast_head_json":{"title":"MAIS IMPORTANTE CANAL DE TV \u00c1RABE, \"AL JAZIRA\", VAI TRANSMITIR AO VIVO CORTEJO DE EDUARDO CAMPOS - Blog do Farn\u00e9sio","robots":{"index":"index","follow":"follow","max-snippet":"max-snippet:-1","max-image-preview":"max-image-preview:large","max-video-preview":"max-video-preview:-1"},"canonical":"https:\/\/blogdofarnesio.com.br\/2014\/08\/mais-importante-canal-de-tv-arabe-al-jazira-vai-transmitir-ao-vivo-cortejo-de-eduardo-campos\/","og_locale":"pt_BR","og_type":"article","og_title":"MAIS IMPORTANTE CANAL DE TV \u00c1RABE, \"AL JAZIRA\", VAI TRANSMITIR AO VIVO CORTEJO DE EDUARDO CAMPOS - Blog do Farn\u00e9sio","og_description":"A maior emissora de televis\u00e3o do Catar, Al Jazira, ir\u00e1 transmitir em tempo real o \u00faltimo adeus ao ex-governador Eduardo Campos (PSB). O vel\u00f3rio ter\u00e1 in\u00edcio na madrugada deste domingo, por volta das 2 horas, momento previsto para chegada dos restos mortais do pol\u00edtico e dos outros assessores envolvidos no acidente a\u00e9reo no \u00faltimo dia 13. Jornalistas da CNN tamb\u00e9m far\u00e3o a cobertura completa do sepultamento. Chefes de governo do Canad\u00e1 e dos Estados do Sudeste, como Rio de Janeiro e S\u00e3o Paulo, tamb\u00e9m enviaram as condol\u00eancias \u00e0 fam\u00edlia com coroas de flores. O candidato do PSB \u00e0 Presid\u00eancia morreu aos 49 anos em um acidente de avi\u00e3o em Santos (72 km de S\u00e3o Paulo). A aeronave modelo Cessna 560XL,&hellip;","og_url":"https:\/\/blogdofarnesio.com.br\/2014\/08\/mais-importante-canal-de-tv-arabe-al-jazira-vai-transmitir-ao-vivo-cortejo-de-eduardo-campos\/","og_site_name":"Blog do Farn\u00e9sio","article_publisher":"https:\/\/www.facebook.com\/BlogQuerSaberPolitica\/","article_published_time":"2014-08-17T15:00:44+00:00","og_image":[{"url":"http:\/\/www.quersaberpolitica.com.br\/2016\/wp-content\/uploads\/2014\/08\/BLOGQSPaljazeera_network.jpg","type":"","width":"","height":""}],"author":"teste","twitter_card":"summary_large_image","twitter_misc":{"Escrito por":"teste","Est. tempo de leitura":"1 minuto"},"schema":{"@context":"https:\/\/schema.org","@graph":[{"@type":"Article","@id":"https:\/\/blogdofarnesio.com.br\/2014\/08\/mais-importante-canal-de-tv-arabe-al-jazira-vai-transmitir-ao-vivo-cortejo-de-eduardo-campos\/#article","isPartOf":{"@id":"https:\/\/blogdofarnesio.com.br\/2014\/08\/mais-importante-canal-de-tv-arabe-al-jazira-vai-transmitir-ao-vivo-cortejo-de-eduardo-campos\/"},"author":{"name":"teste","@id":"https:\/\/blogdofarnesio.com.br\/#\/schema\/person\/dd1bf5eba40b687199ba45ca6b97dff9"},"headline":"MAIS IMPORTANTE CANAL DE TV \u00c1RABE, &#8220;AL JAZIRA&#8221;, VAI TRANSMITIR AO VIVO CORTEJO DE EDUARDO CAMPOS","datePublished":"2014-08-17T15:00:44+00:00","mainEntityOfPage":{"@id":"https:\/\/blogdofarnesio.com.br\/2014\/08\/mais-importante-canal-de-tv-arabe-al-jazira-vai-transmitir-ao-vivo-cortejo-de-eduardo-campos\/"},"wordCount":167,"commentCount":0,"publisher":{"@id":"https:\/\/blogdofarnesio.com.br\/#organization"},"image":{"@id":"https:\/\/blogdofarnesio.com.br\/2014\/08\/mais-importante-canal-de-tv-arabe-al-jazira-vai-transmitir-ao-vivo-cortejo-de-eduardo-campos\/#primaryimage"},"thumbnailUrl":"http:\/\/www.quersaberpolitica.com.br\/2016\/wp-content\/uploads\/2014\/08\/BLOGQSPaljazeera_network.jpg","articleSection":["Costumes"],"inLanguage":"pt-BR","potentialAction":[{"@type":"CommentAction","name":"Comment","target":["https:\/\/blogdofarnesio.com.br\/2014\/08\/mais-importante-canal-de-tv-arabe-al-jazira-vai-transmitir-ao-vivo-cortejo-de-eduardo-campos\/#respond"]}]},{"@type":"WebPage","@id":"https:\/\/blogdofarnesio.com.br\/2014\/08\/mais-importante-canal-de-tv-arabe-al-jazira-vai-transmitir-ao-vivo-cortejo-de-eduardo-campos\/","url":"https:\/\/blogdofarnesio.com.br\/2014\/08\/mais-importante-canal-de-tv-arabe-al-jazira-vai-transmitir-ao-vivo-cortejo-de-eduardo-campos\/","name":"MAIS IMPORTANTE CANAL DE TV \u00c1RABE, \"AL JAZIRA\", VAI TRANSMITIR AO VIVO CORTEJO DE EDUARDO CAMPOS - Blog do Farn\u00e9sio","isPartOf":{"@id":"https:\/\/blogdofarnesio.com.br\/#website"},"primaryImageOfPage":{"@id":"https:\/\/blogdofarnesio.com.br\/2014\/08\/mais-importante-canal-de-tv-arabe-al-jazira-vai-transmitir-ao-vivo-cortejo-de-eduardo-campos\/#primaryimage"},"image":{"@id":"https:\/\/blogdofarnesio.com.br\/2014\/08\/mais-importante-canal-de-tv-arabe-al-jazira-vai-transmitir-ao-vivo-cortejo-de-eduardo-campos\/#primaryimage"},"thumbnailUrl":"http:\/\/www.quersaberpolitica.com.br\/2016\/wp-content\/uploads\/2014\/08\/BLOGQSPaljazeera_network.jpg","datePublished":"2014-08-17T15:00:44+00:00","breadcrumb":{"@id":"https:\/\/blogdofarnesio.com.br\/2014\/08\/mais-importante-canal-de-tv-arabe-al-jazira-vai-transmitir-ao-vivo-cortejo-de-eduardo-campos\/#breadcrumb"},"inLanguage":"pt-BR","potentialAction":[{"@type":"ReadAction","target":["https:\/\/blogdofarnesio.com.br\/2014\/08\/mais-importante-canal-de-tv-arabe-al-jazira-vai-transmitir-ao-vivo-cortejo-de-eduardo-campos\/"]}]},{"@type":"ImageObject","inLanguage":"pt-BR","@id":"https:\/\/blogdofarnesio.com.br\/2014\/08\/mais-importante-canal-de-tv-arabe-al-jazira-vai-transmitir-ao-vivo-cortejo-de-eduardo-campos\/#primaryimage","url":"http:\/\/www.quersaberpolitica.com.br\/2016\/wp-content\/uploads\/2014\/08\/BLOGQSPaljazeera_network.jpg","contentUrl":"http:\/\/www.quersaberpolitica.com.br\/2016\/wp-content\/uploads\/2014\/08\/BLOGQSPaljazeera_network.jpg"},{"@type":"BreadcrumbList","@id":"https:\/\/blogdofarnesio.com.br\/2014\/08\/mais-importante-canal-de-tv-arabe-al-jazira-vai-transmitir-ao-vivo-cortejo-de-eduardo-campos\/#breadcrumb","itemListElement":[{"@type":"ListItem","position":1,"name":"In\u00edcio","item":"https:\/\/blogdofarnesio.com.br\/"},{"@type":"ListItem","position":2,"name":"MAIS IMPORTANTE CANAL DE TV \u00c1RABE, &#8220;AL JAZIRA&#8221;, VAI TRANSMITIR AO VIVO CORTEJO DE EDUARDO CAMPOS"}]},{"@type":"WebSite","@id":"https:\/\/blogdofarnesio.com.br\/#website","url":"https:\/\/blogdofarnesio.com.br\/","name":"Blog do Farn\u00e9sio","description":"Quer Saber Pol\u00edtica?","publisher":{"@id":"https:\/\/blogdofarnesio.com.br\/#organization"},"potentialAction":[{"@type":"SearchAction","target":{"@type":"EntryPoint","urlTemplate":"https:\/\/blogdofarnesio.com.br\/?s={search_term_string}"},"query-input":{"@type":"PropertyValueSpecification","valueRequired":true,"valueName":"search_term_string"}}],"inLanguage":"pt-BR"},{"@type":"Organization","@id":"https:\/\/blogdofarnesio.com.br\/#organization","name":"Blog do Farn\u00e9sio","url":"https:\/\/blogdofarnesio.com.br\/","logo":{"@type":"ImageObject","inLanguage":"pt-BR","@id":"https:\/\/blogdofarnesio.com.br\/#\/schema\/logo\/image\/","url":"https:\/\/blogdofarnesio.com.br\/wp-content\/uploads\/2026\/03\/cropped-logo_new-1.png","contentUrl":"https:\/\/blogdofarnesio.com.br\/wp-content\/uploads\/2026\/03\/cropped-logo_new-1.png","width":881,"height":685,"caption":"Blog do Farn\u00e9sio"},"image":{"@id":"https:\/\/blogdofarnesio.com.br\/#\/schema\/logo\/image\/"},"sameAs":["https:\/\/www.facebook.com\/BlogQuerSaberPolitica\/"]},{"@type":"Person","@id":"https:\/\/blogdofarnesio.com.br\/#\/schema\/person\/dd1bf5eba40b687199ba45ca6b97dff9","name":"teste","image":{"@type":"ImageObject","inLanguage":"pt-BR","@id":"https:\/\/secure.gravatar.com\/avatar\/2172498d4914b51e1d89a0f97957b035ac4938723a5cac208135d389b6972a6d?s=96&d=mm&r=g","url":"https:\/\/secure.gravatar.com\/avatar\/2172498d4914b51e1d89a0f97957b035ac4938723a5cac208135d389b6972a6d?s=96&d=mm&r=g","contentUrl":"https:\/\/secure.gravatar.com\/avatar\/2172498d4914b51e1d89a0f97957b035ac4938723a5cac208135d389b6972a6d?s=96&d=mm&r=g","caption":"teste"},"url":"https:\/\/blogdofarnesio.com.br\/author\/teste\/"}]}},"_links":{"self":[{"href":"https:\/\/blogdofarnesio.com.br\/wp-json\/wp\/v2\/posts\/95499","targetHints":{"allow":["GET"]}}],"collection":[{"href":"https:\/\/blogdofarnesio.com.br\/wp-json\/wp\/v2\/posts"}],"about":[{"href":"https:\/\/blogdofarnesio.com.br\/wp-json\/wp\/v2\/types\/post"}],"author":[{"embeddable":true,"href":"https:\/\/blogdofarnesio.com.br\/wp-json\/wp\/v2\/users\/3"}],"replies":[{"embeddable":true,"href":"https:\/\/blogdofarnesio.com.br\/wp-json\/wp\/v2\/comments?post=95499"}],"version-history":[{"count":0,"href":"https:\/\/blogdofarnesio.com.br\/wp-json\/wp\/v2\/posts\/95499\/revisions"}],"wp:attachment":[{"href":"https:\/\/blogdofarnesio.com.br\/wp-json\/wp\/v2\/media?parent=95499"}],"wp:term":[{"taxonomy":"category","embeddable":true,"href":"https:\/\/blogdofarnesio.com.br\/wp-json\/wp\/v2\/categories?post=95499"},{"taxonomy":"post_tag","embeddable":true,"href":"https:\/\/blogdofarnesio.com.br\/wp-json\/wp\/v2\/tags?post=95499"}],"curies":[{"name":"wp","href":"https:\/\/api.w.org\/{rel}","templated":true}]}}