{"id":95385,"date":"2014-08-15T17:04:43","date_gmt":"2014-08-15T20:04:43","guid":{"rendered":"http:\/\/www.quersaberpolitica.com.br\/?p=95385"},"modified":"2014-08-15T15:16:04","modified_gmt":"2014-08-15T18:16:04","slug":"previsto-para-domingo-enterro-de-campos-pode-ser-adiado","status":"publish","type":"post","link":"https:\/\/blogdofarnesio.com.br\/?p=95385","title":{"rendered":"PREVISTO PARA DOMINGO, ENTERRO DE CAMPOS PODE SER ADIADO"},"content":{"rendered":"<p><a href=\"http:\/\/www.diariodopoder.com.br\/wp-content\/uploads\/2014\/08\/tumulo-de-arraes-by-fernando-frazao.jpg\"><img loading=\"lazy\" decoding=\"async\" class=\"aligncenter\" title=\"Fernando Fraz\u00e3o\/ABr\" alt=\"tumulo de arraes by fernando frazao\" src=\"http:\/\/www.diariodopoder.com.br\/wp-content\/uploads\/2014\/08\/tumulo-de-arraes-by-fernando-frazao.jpg\" width=\"515\" height=\"272\" \/><\/a><\/p>\n<p style=\"text-align: justify\">O governo de Pernambuco informou, h\u00e1 pouco, que ser\u00e1 sepultado domingo (17), \u00e0s 16h, no Cemit\u00e9rio Santo Amaro, o corpo do ex-governador de Pernambuco e candidato do PSB \u00e0 Presid\u00eancia da Rep\u00fablica Eduardo Campos. A assessoria do governo teme, por\u00e9m, que tr\u00e2mites burocr\u00e1ticos na libera\u00e7\u00e3o dos corpos em S\u00e3o Paulo inviabilizem o sepultamento na tarde de domingo.<\/p>\n<p style=\"text-align: justify\">O atraso na chegada dos restos mortais de Campos e dos quatro assessores dele, que tamb\u00e9m morreram no acidente a\u00e9reo de ontem (13) em Santos (SP), pode inviabilizar o sepultamento nesse dia, porque a inten\u00e7\u00e3o \u00e9 fazer pelo menos um dia de vel\u00f3rio coletivo no Pal\u00e1cio do Campo das Princesas, sede do governo estadual. A previs\u00e3o inicial de chegada dos corpos ao Recife \u00e9 s\u00e1bado (16) de manh\u00e3. O governador de Pernambuco, Jo\u00e3o Lyra Neto, viajou na manh\u00e3 desta quinta-feira para S\u00e3o Paulo para tentar acelerar os tr\u00e2mites para traslado dos restos.<\/p>\n<p style=\"text-align: justify\">Por decis\u00e3o da fam\u00edlia, o corpo de Eduardo ser\u00e1 enterrado no t\u00famulo onde foram sepultados o av\u00f4, Miguel Arraes (ex-governador de Pernambuco, que tamb\u00e9m morreu em um dia 13 de agosto, h\u00e1 nove anos), e um tio do candidato, Carlos Augusto Arraes de Alencar.<\/p>\n<p style=\"text-align: justify\">Em frente ao Pal\u00e1cio do Campo das Princesas, o arcebispo de Olinda e Recife, dom Fernando Saburido, celebrar\u00e1 missa campal de corpo presente, da qual poder\u00e3o participar os admiradores do candidato.<\/p>\n<p style=\"text-align: justify\">As ruas pr\u00f3ximas ao pal\u00e1cio do governo foram interditadas na tarde de hoje para que funcion\u00e1rios da prefeitura fa\u00e7am a poda de \u00e1rvores e preparem o local para receber o vel\u00f3rio de Eduardo Campos e dos quatros assessores.<\/p>\n<p style=\"text-align: justify\">No Cemit\u00e9rio Santo Amaro, o n\u00famero de visitantes aumentou desde que foi confirmada a morte do ex-governador. As ruas pr\u00f3ximas tamb\u00e9m est\u00e3o sendo preparadas para a cerim\u00f4nia f\u00fanebre, com cerca de 200 funcion\u00e1rios municipais cuidando da poda de \u00e1rvores, troca de l\u00e2mpadas e reparos em buracos.<\/p>\n","protected":false},"excerpt":{"rendered":"<p>O governo de Pernambuco informou, h\u00e1 pouco, que ser\u00e1 sepultado domingo (17), \u00e0s 16h, no Cemit\u00e9rio Santo Amaro, o corpo do ex-governador de Pernambuco e candidato do PSB \u00e0 Presid\u00eancia da Rep\u00fablica Eduardo Campos. A assessoria do governo teme, por\u00e9m, que tr\u00e2mites burocr\u00e1ticos na libera\u00e7\u00e3o dos corpos em S\u00e3o Paulo inviabilizem o sepultamento na tarde de domingo. O atraso na chegada dos restos mortais de Campos e dos quatro assessores dele, que tamb\u00e9m morreram no acidente a\u00e9reo de ontem (13) em Santos (SP), pode inviabilizar o sepultamento nesse dia, porque a inten\u00e7\u00e3o \u00e9 fazer pelo menos um dia de vel\u00f3rio coletivo no Pal\u00e1cio do Campo das Princesas, sede do governo estadual. A previs\u00e3o inicial de chegada dos corpos ao Recife&hellip; <\/p>\n","protected":false},"author":3,"featured_media":0,"comment_status":"open","ping_status":"open","sticky":false,"template":"","format":"standard","meta":{"_acf_changed":false,"footnotes":""},"categories":[32],"tags":[],"class_list":["post-95385","post","type-post","status-publish","format-standard","hentry","category-costumes"],"acf":[],"yoast_head":"<!-- This site is optimized with the Yoast SEO plugin v27.4 - https:\/\/yoast.com\/product\/yoast-seo-wordpress\/ -->\n<title>PREVISTO PARA DOMINGO, ENTERRO DE CAMPOS PODE SER ADIADO - Blog do Farn\u00e9sio<\/title>\n<meta name=\"robots\" content=\"index, follow, max-snippet:-1, max-image-preview:large, max-video-preview:-1\" \/>\n<link rel=\"canonical\" href=\"https:\/\/blogdofarnesio.com.br\/?p=95385\" \/>\n<meta property=\"og:locale\" content=\"pt_BR\" \/>\n<meta property=\"og:type\" content=\"article\" \/>\n<meta property=\"og:title\" content=\"PREVISTO PARA DOMINGO, ENTERRO DE CAMPOS PODE SER ADIADO - Blog do Farn\u00e9sio\" \/>\n<meta property=\"og:description\" content=\"O governo de Pernambuco informou, h\u00e1 pouco, que ser\u00e1 sepultado domingo (17), \u00e0s 16h, no Cemit\u00e9rio Santo Amaro, o corpo do ex-governador de Pernambuco e candidato do PSB \u00e0 Presid\u00eancia da Rep\u00fablica Eduardo Campos. A assessoria do governo teme, por\u00e9m, que tr\u00e2mites burocr\u00e1ticos na libera\u00e7\u00e3o dos corpos em S\u00e3o Paulo inviabilizem o sepultamento na tarde de domingo. O atraso na chegada dos restos mortais de Campos e dos quatro assessores dele, que tamb\u00e9m morreram no acidente a\u00e9reo de ontem (13) em Santos (SP), pode inviabilizar o sepultamento nesse dia, porque a inten\u00e7\u00e3o \u00e9 fazer pelo menos um dia de vel\u00f3rio coletivo no Pal\u00e1cio do Campo das Princesas, sede do governo estadual. A previs\u00e3o inicial de chegada dos corpos ao Recife&hellip;\" \/>\n<meta property=\"og:url\" content=\"https:\/\/blogdofarnesio.com.br\/?p=95385\" \/>\n<meta property=\"og:site_name\" content=\"Blog do Farn\u00e9sio\" \/>\n<meta property=\"article:publisher\" content=\"https:\/\/www.facebook.com\/BlogQuerSaberPolitica\/\" \/>\n<meta property=\"article:published_time\" content=\"2014-08-15T20:04:43+00:00\" \/>\n<meta property=\"og:image\" content=\"http:\/\/www.diariodopoder.com.br\/wp-content\/uploads\/2014\/08\/tumulo-de-arraes-by-fernando-frazao.jpg\" \/>\n<meta name=\"author\" content=\"teste\" \/>\n<meta name=\"twitter:card\" content=\"summary_large_image\" \/>\n<meta name=\"twitter:label1\" content=\"Escrito por\" \/>\n\t<meta name=\"twitter:data1\" content=\"teste\" \/>\n\t<meta name=\"twitter:label2\" content=\"Est. tempo de leitura\" \/>\n\t<meta name=\"twitter:data2\" content=\"2 minutos\" \/>\n<script type=\"application\/ld+json\" class=\"yoast-schema-graph\">{\"@context\":\"https:\\\/\\\/schema.org\",\"@graph\":[{\"@type\":\"Article\",\"@id\":\"https:\\\/\\\/blogdofarnesio.com.br\\\/?p=95385#article\",\"isPartOf\":{\"@id\":\"https:\\\/\\\/blogdofarnesio.com.br\\\/?p=95385\"},\"author\":{\"name\":\"teste\",\"@id\":\"https:\\\/\\\/blogdofarnesio.com.br\\\/#\\\/schema\\\/person\\\/dd1bf5eba40b687199ba45ca6b97dff9\"},\"headline\":\"PREVISTO PARA DOMINGO, ENTERRO DE CAMPOS PODE SER ADIADO\",\"datePublished\":\"2014-08-15T20:04:43+00:00\",\"mainEntityOfPage\":{\"@id\":\"https:\\\/\\\/blogdofarnesio.com.br\\\/?p=95385\"},\"wordCount\":347,\"commentCount\":0,\"publisher\":{\"@id\":\"https:\\\/\\\/blogdofarnesio.com.br\\\/#organization\"},\"image\":{\"@id\":\"https:\\\/\\\/blogdofarnesio.com.br\\\/?p=95385#primaryimage\"},\"thumbnailUrl\":\"http:\\\/\\\/www.diariodopoder.com.br\\\/wp-content\\\/uploads\\\/2014\\\/08\\\/tumulo-de-arraes-by-fernando-frazao.jpg\",\"articleSection\":[\"Costumes\"],\"inLanguage\":\"pt-BR\",\"potentialAction\":[{\"@type\":\"CommentAction\",\"name\":\"Comment\",\"target\":[\"https:\\\/\\\/blogdofarnesio.com.br\\\/?p=95385#respond\"]}]},{\"@type\":\"WebPage\",\"@id\":\"https:\\\/\\\/blogdofarnesio.com.br\\\/?p=95385\",\"url\":\"https:\\\/\\\/blogdofarnesio.com.br\\\/?p=95385\",\"name\":\"PREVISTO PARA DOMINGO, ENTERRO DE CAMPOS PODE SER ADIADO - Blog do Farn\u00e9sio\",\"isPartOf\":{\"@id\":\"https:\\\/\\\/blogdofarnesio.com.br\\\/#website\"},\"primaryImageOfPage\":{\"@id\":\"https:\\\/\\\/blogdofarnesio.com.br\\\/?p=95385#primaryimage\"},\"image\":{\"@id\":\"https:\\\/\\\/blogdofarnesio.com.br\\\/?p=95385#primaryimage\"},\"thumbnailUrl\":\"http:\\\/\\\/www.diariodopoder.com.br\\\/wp-content\\\/uploads\\\/2014\\\/08\\\/tumulo-de-arraes-by-fernando-frazao.jpg\",\"datePublished\":\"2014-08-15T20:04:43+00:00\",\"breadcrumb\":{\"@id\":\"https:\\\/\\\/blogdofarnesio.com.br\\\/?p=95385#breadcrumb\"},\"inLanguage\":\"pt-BR\",\"potentialAction\":[{\"@type\":\"ReadAction\",\"target\":[\"https:\\\/\\\/blogdofarnesio.com.br\\\/?p=95385\"]}]},{\"@type\":\"ImageObject\",\"inLanguage\":\"pt-BR\",\"@id\":\"https:\\\/\\\/blogdofarnesio.com.br\\\/?p=95385#primaryimage\",\"url\":\"http:\\\/\\\/www.diariodopoder.com.br\\\/wp-content\\\/uploads\\\/2014\\\/08\\\/tumulo-de-arraes-by-fernando-frazao.jpg\",\"contentUrl\":\"http:\\\/\\\/www.diariodopoder.com.br\\\/wp-content\\\/uploads\\\/2014\\\/08\\\/tumulo-de-arraes-by-fernando-frazao.jpg\"},{\"@type\":\"BreadcrumbList\",\"@id\":\"https:\\\/\\\/blogdofarnesio.com.br\\\/?p=95385#breadcrumb\",\"itemListElement\":[{\"@type\":\"ListItem\",\"position\":1,\"name\":\"In\u00edcio\",\"item\":\"https:\\\/\\\/blogdofarnesio.com.br\\\/\"},{\"@type\":\"ListItem\",\"position\":2,\"name\":\"PREVISTO PARA DOMINGO, ENTERRO DE CAMPOS PODE SER ADIADO\"}]},{\"@type\":\"WebSite\",\"@id\":\"https:\\\/\\\/blogdofarnesio.com.br\\\/#website\",\"url\":\"https:\\\/\\\/blogdofarnesio.com.br\\\/\",\"name\":\"Blog do Farn\u00e9sio\",\"description\":\"Quer Saber Pol\u00edtica?\",\"publisher\":{\"@id\":\"https:\\\/\\\/blogdofarnesio.com.br\\\/#organization\"},\"potentialAction\":[{\"@type\":\"SearchAction\",\"target\":{\"@type\":\"EntryPoint\",\"urlTemplate\":\"https:\\\/\\\/blogdofarnesio.com.br\\\/?s={search_term_string}\"},\"query-input\":{\"@type\":\"PropertyValueSpecification\",\"valueRequired\":true,\"valueName\":\"search_term_string\"}}],\"inLanguage\":\"pt-BR\"},{\"@type\":\"Organization\",\"@id\":\"https:\\\/\\\/blogdofarnesio.com.br\\\/#organization\",\"name\":\"Blog do Farn\u00e9sio\",\"url\":\"https:\\\/\\\/blogdofarnesio.com.br\\\/\",\"logo\":{\"@type\":\"ImageObject\",\"inLanguage\":\"pt-BR\",\"@id\":\"https:\\\/\\\/blogdofarnesio.com.br\\\/#\\\/schema\\\/logo\\\/image\\\/\",\"url\":\"https:\\\/\\\/blogdofarnesio.com.br\\\/wp-content\\\/uploads\\\/2026\\\/03\\\/cropped-logo_new-1.png\",\"contentUrl\":\"https:\\\/\\\/blogdofarnesio.com.br\\\/wp-content\\\/uploads\\\/2026\\\/03\\\/cropped-logo_new-1.png\",\"width\":881,\"height\":685,\"caption\":\"Blog do Farn\u00e9sio\"},\"image\":{\"@id\":\"https:\\\/\\\/blogdofarnesio.com.br\\\/#\\\/schema\\\/logo\\\/image\\\/\"},\"sameAs\":[\"https:\\\/\\\/www.facebook.com\\\/BlogQuerSaberPolitica\\\/\"]},{\"@type\":\"Person\",\"@id\":\"https:\\\/\\\/blogdofarnesio.com.br\\\/#\\\/schema\\\/person\\\/dd1bf5eba40b687199ba45ca6b97dff9\",\"name\":\"teste\",\"image\":{\"@type\":\"ImageObject\",\"inLanguage\":\"pt-BR\",\"@id\":\"https:\\\/\\\/secure.gravatar.com\\\/avatar\\\/2172498d4914b51e1d89a0f97957b035ac4938723a5cac208135d389b6972a6d?s=96&d=mm&r=g\",\"url\":\"https:\\\/\\\/secure.gravatar.com\\\/avatar\\\/2172498d4914b51e1d89a0f97957b035ac4938723a5cac208135d389b6972a6d?s=96&d=mm&r=g\",\"contentUrl\":\"https:\\\/\\\/secure.gravatar.com\\\/avatar\\\/2172498d4914b51e1d89a0f97957b035ac4938723a5cac208135d389b6972a6d?s=96&d=mm&r=g\",\"caption\":\"teste\"},\"url\":\"https:\\\/\\\/blogdofarnesio.com.br\\\/?author=3\"}]}<\/script>\n<!-- \/ Yoast SEO plugin. -->","yoast_head_json":{"title":"PREVISTO PARA DOMINGO, ENTERRO DE CAMPOS PODE SER ADIADO - Blog do Farn\u00e9sio","robots":{"index":"index","follow":"follow","max-snippet":"max-snippet:-1","max-image-preview":"max-image-preview:large","max-video-preview":"max-video-preview:-1"},"canonical":"https:\/\/blogdofarnesio.com.br\/?p=95385","og_locale":"pt_BR","og_type":"article","og_title":"PREVISTO PARA DOMINGO, ENTERRO DE CAMPOS PODE SER ADIADO - Blog do Farn\u00e9sio","og_description":"O governo de Pernambuco informou, h\u00e1 pouco, que ser\u00e1 sepultado domingo (17), \u00e0s 16h, no Cemit\u00e9rio Santo Amaro, o corpo do ex-governador de Pernambuco e candidato do PSB \u00e0 Presid\u00eancia da Rep\u00fablica Eduardo Campos. A assessoria do governo teme, por\u00e9m, que tr\u00e2mites burocr\u00e1ticos na libera\u00e7\u00e3o dos corpos em S\u00e3o Paulo inviabilizem o sepultamento na tarde de domingo. O atraso na chegada dos restos mortais de Campos e dos quatro assessores dele, que tamb\u00e9m morreram no acidente a\u00e9reo de ontem (13) em Santos (SP), pode inviabilizar o sepultamento nesse dia, porque a inten\u00e7\u00e3o \u00e9 fazer pelo menos um dia de vel\u00f3rio coletivo no Pal\u00e1cio do Campo das Princesas, sede do governo estadual. A previs\u00e3o inicial de chegada dos corpos ao Recife&hellip;","og_url":"https:\/\/blogdofarnesio.com.br\/?p=95385","og_site_name":"Blog do Farn\u00e9sio","article_publisher":"https:\/\/www.facebook.com\/BlogQuerSaberPolitica\/","article_published_time":"2014-08-15T20:04:43+00:00","og_image":[{"url":"http:\/\/www.diariodopoder.com.br\/wp-content\/uploads\/2014\/08\/tumulo-de-arraes-by-fernando-frazao.jpg","type":"","width":"","height":""}],"author":"teste","twitter_card":"summary_large_image","twitter_misc":{"Escrito por":"teste","Est. tempo de leitura":"2 minutos"},"schema":{"@context":"https:\/\/schema.org","@graph":[{"@type":"Article","@id":"https:\/\/blogdofarnesio.com.br\/?p=95385#article","isPartOf":{"@id":"https:\/\/blogdofarnesio.com.br\/?p=95385"},"author":{"name":"teste","@id":"https:\/\/blogdofarnesio.com.br\/#\/schema\/person\/dd1bf5eba40b687199ba45ca6b97dff9"},"headline":"PREVISTO PARA DOMINGO, ENTERRO DE CAMPOS PODE SER ADIADO","datePublished":"2014-08-15T20:04:43+00:00","mainEntityOfPage":{"@id":"https:\/\/blogdofarnesio.com.br\/?p=95385"},"wordCount":347,"commentCount":0,"publisher":{"@id":"https:\/\/blogdofarnesio.com.br\/#organization"},"image":{"@id":"https:\/\/blogdofarnesio.com.br\/?p=95385#primaryimage"},"thumbnailUrl":"http:\/\/www.diariodopoder.com.br\/wp-content\/uploads\/2014\/08\/tumulo-de-arraes-by-fernando-frazao.jpg","articleSection":["Costumes"],"inLanguage":"pt-BR","potentialAction":[{"@type":"CommentAction","name":"Comment","target":["https:\/\/blogdofarnesio.com.br\/?p=95385#respond"]}]},{"@type":"WebPage","@id":"https:\/\/blogdofarnesio.com.br\/?p=95385","url":"https:\/\/blogdofarnesio.com.br\/?p=95385","name":"PREVISTO PARA DOMINGO, ENTERRO DE CAMPOS PODE SER ADIADO - Blog do Farn\u00e9sio","isPartOf":{"@id":"https:\/\/blogdofarnesio.com.br\/#website"},"primaryImageOfPage":{"@id":"https:\/\/blogdofarnesio.com.br\/?p=95385#primaryimage"},"image":{"@id":"https:\/\/blogdofarnesio.com.br\/?p=95385#primaryimage"},"thumbnailUrl":"http:\/\/www.diariodopoder.com.br\/wp-content\/uploads\/2014\/08\/tumulo-de-arraes-by-fernando-frazao.jpg","datePublished":"2014-08-15T20:04:43+00:00","breadcrumb":{"@id":"https:\/\/blogdofarnesio.com.br\/?p=95385#breadcrumb"},"inLanguage":"pt-BR","potentialAction":[{"@type":"ReadAction","target":["https:\/\/blogdofarnesio.com.br\/?p=95385"]}]},{"@type":"ImageObject","inLanguage":"pt-BR","@id":"https:\/\/blogdofarnesio.com.br\/?p=95385#primaryimage","url":"http:\/\/www.diariodopoder.com.br\/wp-content\/uploads\/2014\/08\/tumulo-de-arraes-by-fernando-frazao.jpg","contentUrl":"http:\/\/www.diariodopoder.com.br\/wp-content\/uploads\/2014\/08\/tumulo-de-arraes-by-fernando-frazao.jpg"},{"@type":"BreadcrumbList","@id":"https:\/\/blogdofarnesio.com.br\/?p=95385#breadcrumb","itemListElement":[{"@type":"ListItem","position":1,"name":"In\u00edcio","item":"https:\/\/blogdofarnesio.com.br\/"},{"@type":"ListItem","position":2,"name":"PREVISTO PARA DOMINGO, ENTERRO DE CAMPOS PODE SER ADIADO"}]},{"@type":"WebSite","@id":"https:\/\/blogdofarnesio.com.br\/#website","url":"https:\/\/blogdofarnesio.com.br\/","name":"Blog do Farn\u00e9sio","description":"Quer Saber Pol\u00edtica?","publisher":{"@id":"https:\/\/blogdofarnesio.com.br\/#organization"},"potentialAction":[{"@type":"SearchAction","target":{"@type":"EntryPoint","urlTemplate":"https:\/\/blogdofarnesio.com.br\/?s={search_term_string}"},"query-input":{"@type":"PropertyValueSpecification","valueRequired":true,"valueName":"search_term_string"}}],"inLanguage":"pt-BR"},{"@type":"Organization","@id":"https:\/\/blogdofarnesio.com.br\/#organization","name":"Blog do Farn\u00e9sio","url":"https:\/\/blogdofarnesio.com.br\/","logo":{"@type":"ImageObject","inLanguage":"pt-BR","@id":"https:\/\/blogdofarnesio.com.br\/#\/schema\/logo\/image\/","url":"https:\/\/blogdofarnesio.com.br\/wp-content\/uploads\/2026\/03\/cropped-logo_new-1.png","contentUrl":"https:\/\/blogdofarnesio.com.br\/wp-content\/uploads\/2026\/03\/cropped-logo_new-1.png","width":881,"height":685,"caption":"Blog do Farn\u00e9sio"},"image":{"@id":"https:\/\/blogdofarnesio.com.br\/#\/schema\/logo\/image\/"},"sameAs":["https:\/\/www.facebook.com\/BlogQuerSaberPolitica\/"]},{"@type":"Person","@id":"https:\/\/blogdofarnesio.com.br\/#\/schema\/person\/dd1bf5eba40b687199ba45ca6b97dff9","name":"teste","image":{"@type":"ImageObject","inLanguage":"pt-BR","@id":"https:\/\/secure.gravatar.com\/avatar\/2172498d4914b51e1d89a0f97957b035ac4938723a5cac208135d389b6972a6d?s=96&d=mm&r=g","url":"https:\/\/secure.gravatar.com\/avatar\/2172498d4914b51e1d89a0f97957b035ac4938723a5cac208135d389b6972a6d?s=96&d=mm&r=g","contentUrl":"https:\/\/secure.gravatar.com\/avatar\/2172498d4914b51e1d89a0f97957b035ac4938723a5cac208135d389b6972a6d?s=96&d=mm&r=g","caption":"teste"},"url":"https:\/\/blogdofarnesio.com.br\/?author=3"}]}},"_links":{"self":[{"href":"https:\/\/blogdofarnesio.com.br\/index.php?rest_route=\/wp\/v2\/posts\/95385","targetHints":{"allow":["GET"]}}],"collection":[{"href":"https:\/\/blogdofarnesio.com.br\/index.php?rest_route=\/wp\/v2\/posts"}],"about":[{"href":"https:\/\/blogdofarnesio.com.br\/index.php?rest_route=\/wp\/v2\/types\/post"}],"author":[{"embeddable":true,"href":"https:\/\/blogdofarnesio.com.br\/index.php?rest_route=\/wp\/v2\/users\/3"}],"replies":[{"embeddable":true,"href":"https:\/\/blogdofarnesio.com.br\/index.php?rest_route=%2Fwp%2Fv2%2Fcomments&post=95385"}],"version-history":[{"count":0,"href":"https:\/\/blogdofarnesio.com.br\/index.php?rest_route=\/wp\/v2\/posts\/95385\/revisions"}],"wp:attachment":[{"href":"https:\/\/blogdofarnesio.com.br\/index.php?rest_route=%2Fwp%2Fv2%2Fmedia&parent=95385"}],"wp:term":[{"taxonomy":"category","embeddable":true,"href":"https:\/\/blogdofarnesio.com.br\/index.php?rest_route=%2Fwp%2Fv2%2Fcategories&post=95385"},{"taxonomy":"post_tag","embeddable":true,"href":"https:\/\/blogdofarnesio.com.br\/index.php?rest_route=%2Fwp%2Fv2%2Ftags&post=95385"}],"curies":[{"name":"wp","href":"https:\/\/api.w.org\/{rel}","templated":true}]}}