{"id":95294,"date":"2014-08-15T07:23:39","date_gmt":"2014-08-15T10:23:39","guid":{"rendered":"http:\/\/www.quersaberpolitica.com.br\/?p=95294"},"modified":"2014-08-14T20:47:51","modified_gmt":"2014-08-14T23:47:51","slug":"fiscais-de-transito-e-postura-impedem-a-privatizacao-de-estacionamentos-em-vias-publicas","status":"publish","type":"post","link":"https:\/\/blogdofarnesio.com.br\/?p=95294","title":{"rendered":"FISCAIS DE TR\u00c2NSITO E POSTURA IMPEDEM A PRIVATIZA\u00c7\u00c3O DE ESTACIONAMENTOS EM VIAS P\u00daBLICAS"},"content":{"rendered":"<p style=\"text-align: justify\"><a href=\"http:\/\/www.quersaberpolitica.com.br\/2016\/wp-content\/uploads\/2014\/08\/unnamed184.jpg\"><img loading=\"lazy\" decoding=\"async\" class=\"aligncenter size-full wp-image-95295\" alt=\"unnamed\" src=\"http:\/\/www.quersaberpolitica.com.br\/2016\/wp-content\/uploads\/2014\/08\/unnamed184.jpg\" width=\"448\" height=\"336\" srcset=\"https:\/\/blogdofarnesio.com.br\/wp-content\/uploads\/2014\/08\/unnamed184.jpg 448w, https:\/\/blogdofarnesio.com.br\/wp-content\/uploads\/2014\/08\/unnamed184-300x224.jpg 300w, https:\/\/blogdofarnesio.com.br\/wp-content\/uploads\/2014\/08\/unnamed184-400x300.jpg 400w\" sizes=\"auto, (max-width: 448px) 100vw, 448px\" \/><\/a>A equipe de fiscaliza\u00e7\u00e3o de tr\u00e2nsito da Companhia de Seguran\u00e7a, Tr\u00e2nsito e Transportes (CSTT) de Juazeiro em a\u00e7\u00e3o conjunta com os fiscais de postura da Secretaria de Meio Ambiente e Ordem P\u00fablica (SEMAOP) iniciou nesta quinta-feira (14) uma for\u00e7a tarefa com o intuito de impedir a privatiza\u00e7\u00e3o de estacionamentos em vias p\u00fablicas com o uso de qualquer tipo de material que venha interferir no livre estacionamento de ve\u00edculos.<\/p>\n<p style=\"text-align: justify\">Atrav\u00e9s de ronda foi identificado pelos fiscais de tr\u00e2nsito um h\u00e1bito que se tornou comum no com\u00e9rcio de Juazeiro \u2013 que abrange tamb\u00e9m cl\u00ednicas e funer\u00e1rias \u2013 e que ganhou grande propor\u00e7\u00e3o onde vem piorando a quest\u00e3o da falta de estacionamento na \u00e1rea central da cidade. Logo, ficou comprovado o quanto esse comportamento tem interferido na rotatividade do tr\u00e2nsito, e tratando-se de um h\u00e1bito irregular, pois a via \u00e9 publica, a partir de agora essa a\u00e7\u00e3o dos fiscais ser\u00e1 um ato de orienta\u00e7\u00e3o di\u00e1ria a fim de impedir o costume das pessoas em demarcar estacionamento em frente a qualquer tipo de estabelecimento ou mesmo de resid\u00eancias sem garagem.<\/p>\n<p style=\"text-align: justify\">Durante a a\u00e7\u00e3o, foram encontrados cavaletes, cones e at\u00e9 mesas e cadeiras demarcando espa\u00e7os, usados para guardar a vaga que provavelmente serviria a clientes ou mesmo ao pr\u00f3prio empreendedor. Os respons\u00e1veis foram orientados pelos fiscais que prontamente explicaram se tratar de uma irregularidade. Seu Valfredo Cosme Santos n\u00e3o sabia do impedimento e retirou os tr\u00eas cones mantidos em frente a sua lanchonete logo que entendeu a orienta\u00e7\u00e3o dos fiscais. \u201cEu colocava os cones porque minha lanchonete \u00e9 pequena, e quando um carro grande estacionava na frente eu ficava sem visibilidade\u201d, justificou Seu Valfredo.<\/p>\n<p style=\"text-align: justify\">J\u00e1 para Estelita Nascimento, funcion\u00e1ria de uma funer\u00e1ria, ao ser abordada pela equipe por causa dos cavaletes que delimitavam a frente do estabelecimento, questionou a necessidade em se ter o espa\u00e7o como \u201ccarga e descarga\u201d. Em casos como este, para que se evite a discuss\u00e3o de \u201cquem da rua ser\u00e1 contemplado com o espa\u00e7o\u201d, pois cada um tem uma explica\u00e7\u00e3o para a sua necessidade, \u00e9 necess\u00e1rio que se fa\u00e7a um of\u00edcio com todos os interessados pelo espa\u00e7o de \u2018carga e descarga\u2019 para que t\u00e9cnicos do setor de tr\u00e2nsito definam um \u00fanico espa\u00e7o destinado a todos os estabelecimentos da rua. \u201cN\u00e3o sabia que n\u00e3o podia definir o espa\u00e7o. Muito importante essa a\u00e7\u00e3o. Vou at\u00e9 a secretaria solicitar com of\u00edcio, pois o com\u00e9rcio do vizinho tamb\u00e9m necessita de estacionamento\u201d, disse Estelita que teve os cavaletes retirados assim como as cadeiras do com\u00e9rcio vizinho que comportavam quatro vagas perdidas.<\/p>\n<p style=\"text-align: justify\">\u201cVamos dar continuidade a essa a\u00e7\u00e3o at\u00e9 que todos entendam que nossa vis\u00e3o \u00e9 de dar maior mobilidade aos ve\u00edculos, melhorando sua rotatividade e o fluxo do tr\u00e2nsito no centro da cidade. Essa medida j\u00e1 serve para conscientizar a popula\u00e7\u00e3o quanto a otimiza\u00e7\u00e3o dos espa\u00e7os e servi\u00e7os at\u00e9 que se implante a Zona Azul\u201d, disse o diretor-presidente da CSTT, Jairo Fonseca, que frisa a ideia de que estacionamento rotativo, enquadrado no projeto da Zona Azul, pode ser trabalhado a partir de agora.<\/p>\n<p style=\"text-align: justify\">Os estabelecimentos e resid\u00eancias que mantiverem materiais delimitando espa\u00e7os na via p\u00fablica 24h ap\u00f3s a visita dos fiscais, ter\u00e3o material recolhido e ser\u00e3o multados. Nenhum im\u00f3vel est\u00e1 autorizado a privatizar o estacionamento em via p\u00fablica, entretanto, a ger\u00eancia de postura orienta que realizem a solicita\u00e7\u00e3o de uso do solo para que seja analisada a proced\u00eancia do pedido. \u201c\u00c9 aconselh\u00e1vel que ao adquirir o im\u00f3vel, seja para fim residencial ou comercial, que inclua em sua estrutura um espa\u00e7o para estacionamento pr\u00f3prio. Isso faz parte de um bom ordenamento para a cidade e evita transtornos futuros\u201d, disse Edvan Gon\u00e7alves, secret\u00e1rio de meio ambiente e ordem p\u00fablica.<\/p>\n","protected":false},"excerpt":{"rendered":"<p>A equipe de fiscaliza\u00e7\u00e3o de tr\u00e2nsito da Companhia de Seguran\u00e7a, Tr\u00e2nsito e Transportes (CSTT) de Juazeiro em a\u00e7\u00e3o conjunta com os fiscais de postura da Secretaria de Meio Ambiente e Ordem P\u00fablica (SEMAOP) iniciou nesta quinta-feira (14) uma for\u00e7a tarefa com o intuito de impedir a privatiza\u00e7\u00e3o de estacionamentos em vias p\u00fablicas com o uso de qualquer tipo de material que venha interferir no livre estacionamento de ve\u00edculos. Atrav\u00e9s de ronda foi identificado pelos fiscais de tr\u00e2nsito um h\u00e1bito que se tornou comum no com\u00e9rcio de Juazeiro \u2013 que abrange tamb\u00e9m cl\u00ednicas e funer\u00e1rias \u2013 e que ganhou grande propor\u00e7\u00e3o onde vem piorando a quest\u00e3o da falta de estacionamento na \u00e1rea central da cidade. Logo, ficou comprovado o quanto esse&hellip; <\/p>\n","protected":false},"author":3,"featured_media":0,"comment_status":"open","ping_status":"open","sticky":false,"template":"","format":"standard","meta":{"_acf_changed":false,"footnotes":""},"categories":[21],"tags":[],"class_list":["post-95294","post","type-post","status-publish","format-standard","hentry","category-transito"],"acf":[],"yoast_head":"<!-- This site is optimized with the Yoast SEO plugin v27.4 - https:\/\/yoast.com\/product\/yoast-seo-wordpress\/ -->\n<title>FISCAIS DE TR\u00c2NSITO E POSTURA IMPEDEM A PRIVATIZA\u00c7\u00c3O DE ESTACIONAMENTOS EM VIAS P\u00daBLICAS - Blog do Farn\u00e9sio<\/title>\n<meta name=\"robots\" content=\"index, follow, max-snippet:-1, max-image-preview:large, max-video-preview:-1\" \/>\n<link rel=\"canonical\" href=\"https:\/\/blogdofarnesio.com.br\/?p=95294\" \/>\n<meta property=\"og:locale\" content=\"pt_BR\" \/>\n<meta property=\"og:type\" content=\"article\" \/>\n<meta property=\"og:title\" content=\"FISCAIS DE TR\u00c2NSITO E POSTURA IMPEDEM A PRIVATIZA\u00c7\u00c3O DE ESTACIONAMENTOS EM VIAS P\u00daBLICAS - Blog do Farn\u00e9sio\" \/>\n<meta property=\"og:description\" content=\"A equipe de fiscaliza\u00e7\u00e3o de tr\u00e2nsito da Companhia de Seguran\u00e7a, Tr\u00e2nsito e Transportes (CSTT) de Juazeiro em a\u00e7\u00e3o conjunta com os fiscais de postura da Secretaria de Meio Ambiente e Ordem P\u00fablica (SEMAOP) iniciou nesta quinta-feira (14) uma for\u00e7a tarefa com o intuito de impedir a privatiza\u00e7\u00e3o de estacionamentos em vias p\u00fablicas com o uso de qualquer tipo de material que venha interferir no livre estacionamento de ve\u00edculos. Atrav\u00e9s de ronda foi identificado pelos fiscais de tr\u00e2nsito um h\u00e1bito que se tornou comum no com\u00e9rcio de Juazeiro \u2013 que abrange tamb\u00e9m cl\u00ednicas e funer\u00e1rias \u2013 e que ganhou grande propor\u00e7\u00e3o onde vem piorando a quest\u00e3o da falta de estacionamento na \u00e1rea central da cidade. Logo, ficou comprovado o quanto esse&hellip;\" \/>\n<meta property=\"og:url\" content=\"https:\/\/blogdofarnesio.com.br\/?p=95294\" \/>\n<meta property=\"og:site_name\" content=\"Blog do Farn\u00e9sio\" \/>\n<meta property=\"article:publisher\" content=\"https:\/\/www.facebook.com\/BlogQuerSaberPolitica\/\" \/>\n<meta property=\"article:published_time\" content=\"2014-08-15T10:23:39+00:00\" \/>\n<meta property=\"og:image\" content=\"http:\/\/www.quersaberpolitica.com.br\/2016\/wp-content\/uploads\/2014\/08\/unnamed184.jpg\" \/>\n<meta name=\"author\" content=\"teste\" \/>\n<meta name=\"twitter:card\" content=\"summary_large_image\" \/>\n<meta name=\"twitter:label1\" content=\"Escrito por\" \/>\n\t<meta name=\"twitter:data1\" content=\"teste\" \/>\n\t<meta name=\"twitter:label2\" content=\"Est. tempo de leitura\" \/>\n\t<meta name=\"twitter:data2\" content=\"3 minutos\" \/>\n<script type=\"application\/ld+json\" class=\"yoast-schema-graph\">{\"@context\":\"https:\\\/\\\/schema.org\",\"@graph\":[{\"@type\":\"Article\",\"@id\":\"https:\\\/\\\/blogdofarnesio.com.br\\\/?p=95294#article\",\"isPartOf\":{\"@id\":\"https:\\\/\\\/blogdofarnesio.com.br\\\/?p=95294\"},\"author\":{\"name\":\"teste\",\"@id\":\"https:\\\/\\\/blogdofarnesio.com.br\\\/#\\\/schema\\\/person\\\/dd1bf5eba40b687199ba45ca6b97dff9\"},\"headline\":\"FISCAIS DE TR\u00c2NSITO E POSTURA IMPEDEM A PRIVATIZA\u00c7\u00c3O DE ESTACIONAMENTOS EM VIAS P\u00daBLICAS\",\"datePublished\":\"2014-08-15T10:23:39+00:00\",\"mainEntityOfPage\":{\"@id\":\"https:\\\/\\\/blogdofarnesio.com.br\\\/?p=95294\"},\"wordCount\":688,\"commentCount\":0,\"publisher\":{\"@id\":\"https:\\\/\\\/blogdofarnesio.com.br\\\/#organization\"},\"image\":{\"@id\":\"https:\\\/\\\/blogdofarnesio.com.br\\\/?p=95294#primaryimage\"},\"thumbnailUrl\":\"http:\\\/\\\/www.quersaberpolitica.com.br\\\/2016\\\/wp-content\\\/uploads\\\/2014\\\/08\\\/unnamed184.jpg\",\"articleSection\":[\"Tr\u00e2nsito\"],\"inLanguage\":\"pt-BR\",\"potentialAction\":[{\"@type\":\"CommentAction\",\"name\":\"Comment\",\"target\":[\"https:\\\/\\\/blogdofarnesio.com.br\\\/?p=95294#respond\"]}]},{\"@type\":\"WebPage\",\"@id\":\"https:\\\/\\\/blogdofarnesio.com.br\\\/?p=95294\",\"url\":\"https:\\\/\\\/blogdofarnesio.com.br\\\/?p=95294\",\"name\":\"FISCAIS DE TR\u00c2NSITO E POSTURA IMPEDEM A PRIVATIZA\u00c7\u00c3O DE ESTACIONAMENTOS EM VIAS P\u00daBLICAS - Blog do Farn\u00e9sio\",\"isPartOf\":{\"@id\":\"https:\\\/\\\/blogdofarnesio.com.br\\\/#website\"},\"primaryImageOfPage\":{\"@id\":\"https:\\\/\\\/blogdofarnesio.com.br\\\/?p=95294#primaryimage\"},\"image\":{\"@id\":\"https:\\\/\\\/blogdofarnesio.com.br\\\/?p=95294#primaryimage\"},\"thumbnailUrl\":\"http:\\\/\\\/www.quersaberpolitica.com.br\\\/2016\\\/wp-content\\\/uploads\\\/2014\\\/08\\\/unnamed184.jpg\",\"datePublished\":\"2014-08-15T10:23:39+00:00\",\"breadcrumb\":{\"@id\":\"https:\\\/\\\/blogdofarnesio.com.br\\\/?p=95294#breadcrumb\"},\"inLanguage\":\"pt-BR\",\"potentialAction\":[{\"@type\":\"ReadAction\",\"target\":[\"https:\\\/\\\/blogdofarnesio.com.br\\\/?p=95294\"]}]},{\"@type\":\"ImageObject\",\"inLanguage\":\"pt-BR\",\"@id\":\"https:\\\/\\\/blogdofarnesio.com.br\\\/?p=95294#primaryimage\",\"url\":\"http:\\\/\\\/www.quersaberpolitica.com.br\\\/2016\\\/wp-content\\\/uploads\\\/2014\\\/08\\\/unnamed184.jpg\",\"contentUrl\":\"http:\\\/\\\/www.quersaberpolitica.com.br\\\/2016\\\/wp-content\\\/uploads\\\/2014\\\/08\\\/unnamed184.jpg\"},{\"@type\":\"BreadcrumbList\",\"@id\":\"https:\\\/\\\/blogdofarnesio.com.br\\\/?p=95294#breadcrumb\",\"itemListElement\":[{\"@type\":\"ListItem\",\"position\":1,\"name\":\"In\u00edcio\",\"item\":\"https:\\\/\\\/blogdofarnesio.com.br\\\/\"},{\"@type\":\"ListItem\",\"position\":2,\"name\":\"FISCAIS DE TR\u00c2NSITO E POSTURA IMPEDEM A PRIVATIZA\u00c7\u00c3O DE ESTACIONAMENTOS EM VIAS P\u00daBLICAS\"}]},{\"@type\":\"WebSite\",\"@id\":\"https:\\\/\\\/blogdofarnesio.com.br\\\/#website\",\"url\":\"https:\\\/\\\/blogdofarnesio.com.br\\\/\",\"name\":\"Blog do Farn\u00e9sio\",\"description\":\"Quer Saber Pol\u00edtica?\",\"publisher\":{\"@id\":\"https:\\\/\\\/blogdofarnesio.com.br\\\/#organization\"},\"potentialAction\":[{\"@type\":\"SearchAction\",\"target\":{\"@type\":\"EntryPoint\",\"urlTemplate\":\"https:\\\/\\\/blogdofarnesio.com.br\\\/?s={search_term_string}\"},\"query-input\":{\"@type\":\"PropertyValueSpecification\",\"valueRequired\":true,\"valueName\":\"search_term_string\"}}],\"inLanguage\":\"pt-BR\"},{\"@type\":\"Organization\",\"@id\":\"https:\\\/\\\/blogdofarnesio.com.br\\\/#organization\",\"name\":\"Blog do Farn\u00e9sio\",\"url\":\"https:\\\/\\\/blogdofarnesio.com.br\\\/\",\"logo\":{\"@type\":\"ImageObject\",\"inLanguage\":\"pt-BR\",\"@id\":\"https:\\\/\\\/blogdofarnesio.com.br\\\/#\\\/schema\\\/logo\\\/image\\\/\",\"url\":\"https:\\\/\\\/blogdofarnesio.com.br\\\/wp-content\\\/uploads\\\/2026\\\/03\\\/cropped-logo_new-1.png\",\"contentUrl\":\"https:\\\/\\\/blogdofarnesio.com.br\\\/wp-content\\\/uploads\\\/2026\\\/03\\\/cropped-logo_new-1.png\",\"width\":881,\"height\":685,\"caption\":\"Blog do Farn\u00e9sio\"},\"image\":{\"@id\":\"https:\\\/\\\/blogdofarnesio.com.br\\\/#\\\/schema\\\/logo\\\/image\\\/\"},\"sameAs\":[\"https:\\\/\\\/www.facebook.com\\\/BlogQuerSaberPolitica\\\/\"]},{\"@type\":\"Person\",\"@id\":\"https:\\\/\\\/blogdofarnesio.com.br\\\/#\\\/schema\\\/person\\\/dd1bf5eba40b687199ba45ca6b97dff9\",\"name\":\"teste\",\"image\":{\"@type\":\"ImageObject\",\"inLanguage\":\"pt-BR\",\"@id\":\"https:\\\/\\\/secure.gravatar.com\\\/avatar\\\/2172498d4914b51e1d89a0f97957b035ac4938723a5cac208135d389b6972a6d?s=96&d=mm&r=g\",\"url\":\"https:\\\/\\\/secure.gravatar.com\\\/avatar\\\/2172498d4914b51e1d89a0f97957b035ac4938723a5cac208135d389b6972a6d?s=96&d=mm&r=g\",\"contentUrl\":\"https:\\\/\\\/secure.gravatar.com\\\/avatar\\\/2172498d4914b51e1d89a0f97957b035ac4938723a5cac208135d389b6972a6d?s=96&d=mm&r=g\",\"caption\":\"teste\"},\"url\":\"https:\\\/\\\/blogdofarnesio.com.br\\\/?author=3\"}]}<\/script>\n<!-- \/ Yoast SEO plugin. -->","yoast_head_json":{"title":"FISCAIS DE TR\u00c2NSITO E POSTURA IMPEDEM A PRIVATIZA\u00c7\u00c3O DE ESTACIONAMENTOS EM VIAS P\u00daBLICAS - Blog do Farn\u00e9sio","robots":{"index":"index","follow":"follow","max-snippet":"max-snippet:-1","max-image-preview":"max-image-preview:large","max-video-preview":"max-video-preview:-1"},"canonical":"https:\/\/blogdofarnesio.com.br\/?p=95294","og_locale":"pt_BR","og_type":"article","og_title":"FISCAIS DE TR\u00c2NSITO E POSTURA IMPEDEM A PRIVATIZA\u00c7\u00c3O DE ESTACIONAMENTOS EM VIAS P\u00daBLICAS - Blog do Farn\u00e9sio","og_description":"A equipe de fiscaliza\u00e7\u00e3o de tr\u00e2nsito da Companhia de Seguran\u00e7a, Tr\u00e2nsito e Transportes (CSTT) de Juazeiro em a\u00e7\u00e3o conjunta com os fiscais de postura da Secretaria de Meio Ambiente e Ordem P\u00fablica (SEMAOP) iniciou nesta quinta-feira (14) uma for\u00e7a tarefa com o intuito de impedir a privatiza\u00e7\u00e3o de estacionamentos em vias p\u00fablicas com o uso de qualquer tipo de material que venha interferir no livre estacionamento de ve\u00edculos. Atrav\u00e9s de ronda foi identificado pelos fiscais de tr\u00e2nsito um h\u00e1bito que se tornou comum no com\u00e9rcio de Juazeiro \u2013 que abrange tamb\u00e9m cl\u00ednicas e funer\u00e1rias \u2013 e que ganhou grande propor\u00e7\u00e3o onde vem piorando a quest\u00e3o da falta de estacionamento na \u00e1rea central da cidade. Logo, ficou comprovado o quanto esse&hellip;","og_url":"https:\/\/blogdofarnesio.com.br\/?p=95294","og_site_name":"Blog do Farn\u00e9sio","article_publisher":"https:\/\/www.facebook.com\/BlogQuerSaberPolitica\/","article_published_time":"2014-08-15T10:23:39+00:00","og_image":[{"url":"http:\/\/www.quersaberpolitica.com.br\/2016\/wp-content\/uploads\/2014\/08\/unnamed184.jpg","type":"","width":"","height":""}],"author":"teste","twitter_card":"summary_large_image","twitter_misc":{"Escrito por":"teste","Est. tempo de leitura":"3 minutos"},"schema":{"@context":"https:\/\/schema.org","@graph":[{"@type":"Article","@id":"https:\/\/blogdofarnesio.com.br\/?p=95294#article","isPartOf":{"@id":"https:\/\/blogdofarnesio.com.br\/?p=95294"},"author":{"name":"teste","@id":"https:\/\/blogdofarnesio.com.br\/#\/schema\/person\/dd1bf5eba40b687199ba45ca6b97dff9"},"headline":"FISCAIS DE TR\u00c2NSITO E POSTURA IMPEDEM A PRIVATIZA\u00c7\u00c3O DE ESTACIONAMENTOS EM VIAS P\u00daBLICAS","datePublished":"2014-08-15T10:23:39+00:00","mainEntityOfPage":{"@id":"https:\/\/blogdofarnesio.com.br\/?p=95294"},"wordCount":688,"commentCount":0,"publisher":{"@id":"https:\/\/blogdofarnesio.com.br\/#organization"},"image":{"@id":"https:\/\/blogdofarnesio.com.br\/?p=95294#primaryimage"},"thumbnailUrl":"http:\/\/www.quersaberpolitica.com.br\/2016\/wp-content\/uploads\/2014\/08\/unnamed184.jpg","articleSection":["Tr\u00e2nsito"],"inLanguage":"pt-BR","potentialAction":[{"@type":"CommentAction","name":"Comment","target":["https:\/\/blogdofarnesio.com.br\/?p=95294#respond"]}]},{"@type":"WebPage","@id":"https:\/\/blogdofarnesio.com.br\/?p=95294","url":"https:\/\/blogdofarnesio.com.br\/?p=95294","name":"FISCAIS DE TR\u00c2NSITO E POSTURA IMPEDEM A PRIVATIZA\u00c7\u00c3O DE ESTACIONAMENTOS EM VIAS P\u00daBLICAS - Blog do Farn\u00e9sio","isPartOf":{"@id":"https:\/\/blogdofarnesio.com.br\/#website"},"primaryImageOfPage":{"@id":"https:\/\/blogdofarnesio.com.br\/?p=95294#primaryimage"},"image":{"@id":"https:\/\/blogdofarnesio.com.br\/?p=95294#primaryimage"},"thumbnailUrl":"http:\/\/www.quersaberpolitica.com.br\/2016\/wp-content\/uploads\/2014\/08\/unnamed184.jpg","datePublished":"2014-08-15T10:23:39+00:00","breadcrumb":{"@id":"https:\/\/blogdofarnesio.com.br\/?p=95294#breadcrumb"},"inLanguage":"pt-BR","potentialAction":[{"@type":"ReadAction","target":["https:\/\/blogdofarnesio.com.br\/?p=95294"]}]},{"@type":"ImageObject","inLanguage":"pt-BR","@id":"https:\/\/blogdofarnesio.com.br\/?p=95294#primaryimage","url":"http:\/\/www.quersaberpolitica.com.br\/2016\/wp-content\/uploads\/2014\/08\/unnamed184.jpg","contentUrl":"http:\/\/www.quersaberpolitica.com.br\/2016\/wp-content\/uploads\/2014\/08\/unnamed184.jpg"},{"@type":"BreadcrumbList","@id":"https:\/\/blogdofarnesio.com.br\/?p=95294#breadcrumb","itemListElement":[{"@type":"ListItem","position":1,"name":"In\u00edcio","item":"https:\/\/blogdofarnesio.com.br\/"},{"@type":"ListItem","position":2,"name":"FISCAIS DE TR\u00c2NSITO E POSTURA IMPEDEM A PRIVATIZA\u00c7\u00c3O DE ESTACIONAMENTOS EM VIAS P\u00daBLICAS"}]},{"@type":"WebSite","@id":"https:\/\/blogdofarnesio.com.br\/#website","url":"https:\/\/blogdofarnesio.com.br\/","name":"Blog do Farn\u00e9sio","description":"Quer Saber Pol\u00edtica?","publisher":{"@id":"https:\/\/blogdofarnesio.com.br\/#organization"},"potentialAction":[{"@type":"SearchAction","target":{"@type":"EntryPoint","urlTemplate":"https:\/\/blogdofarnesio.com.br\/?s={search_term_string}"},"query-input":{"@type":"PropertyValueSpecification","valueRequired":true,"valueName":"search_term_string"}}],"inLanguage":"pt-BR"},{"@type":"Organization","@id":"https:\/\/blogdofarnesio.com.br\/#organization","name":"Blog do Farn\u00e9sio","url":"https:\/\/blogdofarnesio.com.br\/","logo":{"@type":"ImageObject","inLanguage":"pt-BR","@id":"https:\/\/blogdofarnesio.com.br\/#\/schema\/logo\/image\/","url":"https:\/\/blogdofarnesio.com.br\/wp-content\/uploads\/2026\/03\/cropped-logo_new-1.png","contentUrl":"https:\/\/blogdofarnesio.com.br\/wp-content\/uploads\/2026\/03\/cropped-logo_new-1.png","width":881,"height":685,"caption":"Blog do Farn\u00e9sio"},"image":{"@id":"https:\/\/blogdofarnesio.com.br\/#\/schema\/logo\/image\/"},"sameAs":["https:\/\/www.facebook.com\/BlogQuerSaberPolitica\/"]},{"@type":"Person","@id":"https:\/\/blogdofarnesio.com.br\/#\/schema\/person\/dd1bf5eba40b687199ba45ca6b97dff9","name":"teste","image":{"@type":"ImageObject","inLanguage":"pt-BR","@id":"https:\/\/secure.gravatar.com\/avatar\/2172498d4914b51e1d89a0f97957b035ac4938723a5cac208135d389b6972a6d?s=96&d=mm&r=g","url":"https:\/\/secure.gravatar.com\/avatar\/2172498d4914b51e1d89a0f97957b035ac4938723a5cac208135d389b6972a6d?s=96&d=mm&r=g","contentUrl":"https:\/\/secure.gravatar.com\/avatar\/2172498d4914b51e1d89a0f97957b035ac4938723a5cac208135d389b6972a6d?s=96&d=mm&r=g","caption":"teste"},"url":"https:\/\/blogdofarnesio.com.br\/?author=3"}]}},"_links":{"self":[{"href":"https:\/\/blogdofarnesio.com.br\/index.php?rest_route=\/wp\/v2\/posts\/95294","targetHints":{"allow":["GET"]}}],"collection":[{"href":"https:\/\/blogdofarnesio.com.br\/index.php?rest_route=\/wp\/v2\/posts"}],"about":[{"href":"https:\/\/blogdofarnesio.com.br\/index.php?rest_route=\/wp\/v2\/types\/post"}],"author":[{"embeddable":true,"href":"https:\/\/blogdofarnesio.com.br\/index.php?rest_route=\/wp\/v2\/users\/3"}],"replies":[{"embeddable":true,"href":"https:\/\/blogdofarnesio.com.br\/index.php?rest_route=%2Fwp%2Fv2%2Fcomments&post=95294"}],"version-history":[{"count":0,"href":"https:\/\/blogdofarnesio.com.br\/index.php?rest_route=\/wp\/v2\/posts\/95294\/revisions"}],"wp:attachment":[{"href":"https:\/\/blogdofarnesio.com.br\/index.php?rest_route=%2Fwp%2Fv2%2Fmedia&parent=95294"}],"wp:term":[{"taxonomy":"category","embeddable":true,"href":"https:\/\/blogdofarnesio.com.br\/index.php?rest_route=%2Fwp%2Fv2%2Fcategories&post=95294"},{"taxonomy":"post_tag","embeddable":true,"href":"https:\/\/blogdofarnesio.com.br\/index.php?rest_route=%2Fwp%2Fv2%2Ftags&post=95294"}],"curies":[{"name":"wp","href":"https:\/\/api.w.org\/{rel}","templated":true}]}}