{"id":95245,"date":"2014-08-14T11:03:57","date_gmt":"2014-08-14T14:03:57","guid":{"rendered":"http:\/\/www.quersaberpolitica.com.br\/?p=95245"},"modified":"2014-08-14T11:18:54","modified_gmt":"2014-08-14T14:18:54","slug":"tragedia-em-petrolina-onibus-que-transportava-40-trabalhadores-rurais-vira-na-br-428","status":"publish","type":"post","link":"https:\/\/blogdofarnesio.com.br\/?p=95245","title":{"rendered":"TRAG\u00c9DIA EM PETROLINA: \u00d4NIBUS QUE TRANSPORTAVA 40 TRABALHADORES RURAIS VIRA NA BR- 428"},"content":{"rendered":"<div id=\"post-body-8316739279312571730\" style=\"text-align: justify\">\n<div dir=\"ltr\">\n<div id=\"materia-letra\">\n<div><img loading=\"lazy\" decoding=\"async\" class=\"aligncenter\" title=\"Acidentados na BR-428 em Petrolina (Foto: Amanda Franco\/ G1)\" alt=\"Acidentados na BR-428 em Petrolina (Foto: Amanda Franco\/ G1)\" src=\"http:\/\/s2.glbimg.com\/fzE5E9Y79jDRrzvt_6bkihdYqjI=\/620x465\/s.glbimg.com\/jo\/g1\/f\/original\/2014\/08\/14\/acidentado.jpg\" width=\"496\" height=\"372\" \/><\/div>\n<div>Um \u00f4nibus que transportava trabalhadores rurais de Lagoa Grande para Petrolina, ambas no Sert\u00e3o de Pernambuco, virou na manh\u00e3 desta quinta-feira (14) quando todos seguiam para o trabalho. Cerca de 40 pessoas estavam no ve\u00edculo que teve o pneu estourado no KM 170 da BR-428.<\/div>\n<div><\/div>\n<div>A trabalhadora rural Maria Jos\u00e9 Cintra, de 42 anos, disse que o acidente aconteceu de repente. \u201cEu vi s\u00f3 o baque, n\u00e3o sei dizer bem como foi. Quando desceu s\u00f3 vi muita gente machucada\u201d, contou Maria Jos\u00e9. Ela afirmou ainda que conseguiu sair do \u00f4nibus e sentia apenas dores nas pernas.<\/div>\n<div style=\"text-align: justify\"><img loading=\"lazy\" decoding=\"async\" class=\"alignleft\" title=\"Duas ambul\u00e2ncias do samu estiveram no local (Foto: Amanda Franco\/ G1)\" alt=\"Duas ambul\u00e2ncias do samu estiveram no local (Foto: Amanda Franco\/ G1)\" src=\"http:\/\/s2.glbimg.com\/Anwqw7z2bbQ1us9ndQI7nw8CH38=\/300x225\/s.glbimg.com\/jo\/g1\/f\/original\/2014\/08\/14\/samu.jpg\" width=\"300\" height=\"225\" \/>Duas ambul\u00e2ncias do samu estiveram no local.\u00a0Muito abalada, Joana Dark Gomes dos Santos, chorou muito ao lembrar do acidente. \u201cEm pensar que agora poder\u00edamos estar todos mortos. N\u00f3s vivemos de novo. Agrade\u00e7o a Deus, pois Ele estava conosco nesta hora\u201d, disse.<\/div>\n<div>O motorista do \u00f4nibus, Manoel Francisco da Silva, de 38 anos, afirma que n\u00e3o teve como segurar o ve\u00edculo depois que o pneu dianteiro estourou. Manoel trabalha como motorista h\u00e1 tr\u00eas anos e afirmou que o \u00f4nibus, que presta servi\u00e7o para a vin\u00edcola, tinha sido vistoriado recentemente. \u201cEle n\u00e3o tava 100%, mas n\u00e3o estava em condi\u00e7\u00f5es ruins. Ele passou pela vistoria tanto na Empresa Petrolinense de Tr\u00e2nsito e Transporte Coletivo de Petrolina (EPTTC) quanto na pr\u00f3pria empresa. N\u00e3o sei dizer o que aconteceu\u201d, afirmou o motorista.<\/div>\n<div>Ren\u00ea Nascimento da Silva, de 36 anos, contou que seguia atr\u00e1s do ve\u00edculo e ajudou no socorro das v\u00edtimas. \u201cNa semana passada um carro estourou os pneus. Hoje um monte de gente fica ferido e ningu\u00e9m faz nada\u201d, relatou Ren\u00ea que tamb\u00e9m \u00e9 funcion\u00e1rio da empresa de uva. Segundo ele, a vistoria precisa ser mais rigorosa. \u201cUm pneu neste estado n\u00e3o tem condi\u00e7\u00f5es de rodar. Como passa pela vistoria com pneus carecas desse jeito?\u201d, questionou Ren\u00ea.<\/div>\n<div><\/div>\n<div><img loading=\"lazy\" decoding=\"async\" class=\"aligncenter\" title=\"\u00d4nibus virou na BR-428 (Foto: Amanda Franco\/ G1)\" alt=\"\u00d4nibus virou na BR-428 (Foto: Amanda Franco\/ G1)\" src=\"http:\/\/s2.glbimg.com\/G3N1AiORbEktL4kkYiNsvnEfXSA=\/620x465\/s.glbimg.com\/jo\/g1\/f\/original\/2014\/08\/14\/onibus.jpg\" width=\"496\" height=\"372\" \/><\/div>\n<div>O policial rodovi\u00e1rio federal, inspetor Marc\u00edlio F\u00e1bio dos Santos, conta que mesmo com a danifica\u00e7\u00e3o do ve\u00edculo por conta do acidente, haver\u00e1 uma avalia\u00e7\u00e3o de alguns equipamentos que garantem a seguran\u00e7a. \u201cVamos avaliar os freios, tac\u00f3grafo e pneus e registrar tudo em ocorr\u00eancia. V\u00e1rias partes do \u00f4nibus ficaram danificadas, mas qualquer irregularidade \u00e0 medida de tr\u00e2nsito, o motorista ser\u00e1 autuado\u201d, disse o policial. O Inspetor afirmou ainda que a Pol\u00edcia Civil ir\u00e1 tomar medidas necess\u00e1rias em rela\u00e7\u00e3o \u00e0s v\u00edtimas.<\/div>\n<div>Duas ambul\u00e2ncias do SAMU foram levadas para socorrer os feridos que foram encaminhados para o Hospital Universit\u00e1rio de Petrolina. Ainda n\u00e3o h\u00e1 informa\u00e7\u00f5es sobre os feridos.<\/div>\n<div>Fonte: G1\/Petrolina<\/div>\n<\/div>\n<\/div>\n<\/div>\n","protected":false},"excerpt":{"rendered":"<p>Um \u00f4nibus que transportava trabalhadores rurais de Lagoa Grande para Petrolina, ambas no Sert\u00e3o de Pernambuco, virou na manh\u00e3 desta quinta-feira (14) quando todos seguiam para o trabalho. Cerca de 40 pessoas estavam no ve\u00edculo que teve o pneu estourado no KM 170 da BR-428. A trabalhadora rural Maria Jos\u00e9 Cintra, de 42 anos, disse que o acidente aconteceu de repente. \u201cEu vi s\u00f3 o baque, n\u00e3o sei dizer bem como foi. Quando desceu s\u00f3 vi muita gente machucada\u201d, contou Maria Jos\u00e9. Ela afirmou ainda que conseguiu sair do \u00f4nibus e sentia apenas dores nas pernas. Duas ambul\u00e2ncias do samu estiveram no local.\u00a0Muito abalada, Joana Dark Gomes dos Santos, chorou muito ao lembrar do acidente. \u201cEm pensar que agora poder\u00edamos&hellip; <\/p>\n","protected":false},"author":3,"featured_media":0,"comment_status":"open","ping_status":"open","sticky":false,"template":"","format":"standard","meta":{"_acf_changed":false,"footnotes":""},"categories":[1],"tags":[],"class_list":["post-95245","post","type-post","status-publish","format-standard","hentry","category-politica"],"acf":[],"yoast_head":"<!-- This site is optimized with the Yoast SEO plugin v27.4 - https:\/\/yoast.com\/product\/yoast-seo-wordpress\/ -->\n<title>TRAG\u00c9DIA EM PETROLINA: \u00d4NIBUS QUE TRANSPORTAVA 40 TRABALHADORES RURAIS VIRA NA BR- 428 - Blog do Farn\u00e9sio<\/title>\n<meta name=\"robots\" content=\"index, follow, max-snippet:-1, max-image-preview:large, max-video-preview:-1\" \/>\n<link rel=\"canonical\" href=\"https:\/\/blogdofarnesio.com.br\/?p=95245\" \/>\n<meta property=\"og:locale\" content=\"pt_BR\" \/>\n<meta property=\"og:type\" content=\"article\" \/>\n<meta property=\"og:title\" content=\"TRAG\u00c9DIA EM PETROLINA: \u00d4NIBUS QUE TRANSPORTAVA 40 TRABALHADORES RURAIS VIRA NA BR- 428 - Blog do Farn\u00e9sio\" \/>\n<meta property=\"og:description\" content=\"Um \u00f4nibus que transportava trabalhadores rurais de Lagoa Grande para Petrolina, ambas no Sert\u00e3o de Pernambuco, virou na manh\u00e3 desta quinta-feira (14) quando todos seguiam para o trabalho. Cerca de 40 pessoas estavam no ve\u00edculo que teve o pneu estourado no KM 170 da BR-428. A trabalhadora rural Maria Jos\u00e9 Cintra, de 42 anos, disse que o acidente aconteceu de repente. \u201cEu vi s\u00f3 o baque, n\u00e3o sei dizer bem como foi. Quando desceu s\u00f3 vi muita gente machucada\u201d, contou Maria Jos\u00e9. Ela afirmou ainda que conseguiu sair do \u00f4nibus e sentia apenas dores nas pernas. Duas ambul\u00e2ncias do samu estiveram no local.\u00a0Muito abalada, Joana Dark Gomes dos Santos, chorou muito ao lembrar do acidente. \u201cEm pensar que agora poder\u00edamos&hellip;\" \/>\n<meta property=\"og:url\" content=\"https:\/\/blogdofarnesio.com.br\/?p=95245\" \/>\n<meta property=\"og:site_name\" content=\"Blog do Farn\u00e9sio\" \/>\n<meta property=\"article:publisher\" content=\"https:\/\/www.facebook.com\/BlogQuerSaberPolitica\/\" \/>\n<meta property=\"article:published_time\" content=\"2014-08-14T14:03:57+00:00\" \/>\n<meta property=\"article:modified_time\" content=\"2014-08-14T14:18:54+00:00\" \/>\n<meta property=\"og:image\" content=\"http:\/\/s2.glbimg.com\/fzE5E9Y79jDRrzvt_6bkihdYqjI=\/620x465\/s.glbimg.com\/jo\/g1\/f\/original\/2014\/08\/14\/acidentado.jpg\" \/>\n<meta name=\"author\" content=\"teste\" \/>\n<meta name=\"twitter:card\" content=\"summary_large_image\" \/>\n<meta name=\"twitter:label1\" content=\"Escrito por\" \/>\n\t<meta name=\"twitter:data1\" content=\"teste\" \/>\n\t<meta name=\"twitter:label2\" content=\"Est. tempo de leitura\" \/>\n\t<meta name=\"twitter:data2\" content=\"2 minutos\" \/>\n<script type=\"application\/ld+json\" class=\"yoast-schema-graph\">{\"@context\":\"https:\\\/\\\/schema.org\",\"@graph\":[{\"@type\":\"Article\",\"@id\":\"https:\\\/\\\/blogdofarnesio.com.br\\\/?p=95245#article\",\"isPartOf\":{\"@id\":\"https:\\\/\\\/blogdofarnesio.com.br\\\/?p=95245\"},\"author\":{\"name\":\"teste\",\"@id\":\"https:\\\/\\\/blogdofarnesio.com.br\\\/#\\\/schema\\\/person\\\/dd1bf5eba40b687199ba45ca6b97dff9\"},\"headline\":\"TRAG\u00c9DIA EM PETROLINA: \u00d4NIBUS QUE TRANSPORTAVA 40 TRABALHADORES RURAIS VIRA NA BR- 428\",\"datePublished\":\"2014-08-14T14:03:57+00:00\",\"dateModified\":\"2014-08-14T14:18:54+00:00\",\"mainEntityOfPage\":{\"@id\":\"https:\\\/\\\/blogdofarnesio.com.br\\\/?p=95245\"},\"wordCount\":456,\"commentCount\":0,\"publisher\":{\"@id\":\"https:\\\/\\\/blogdofarnesio.com.br\\\/#organization\"},\"image\":{\"@id\":\"https:\\\/\\\/blogdofarnesio.com.br\\\/?p=95245#primaryimage\"},\"thumbnailUrl\":\"http:\\\/\\\/s2.glbimg.com\\\/fzE5E9Y79jDRrzvt_6bkihdYqjI=\\\/620x465\\\/s.glbimg.com\\\/jo\\\/g1\\\/f\\\/original\\\/2014\\\/08\\\/14\\\/acidentado.jpg\",\"articleSection\":[\"Pol\u00edtica\"],\"inLanguage\":\"pt-BR\",\"potentialAction\":[{\"@type\":\"CommentAction\",\"name\":\"Comment\",\"target\":[\"https:\\\/\\\/blogdofarnesio.com.br\\\/?p=95245#respond\"]}]},{\"@type\":\"WebPage\",\"@id\":\"https:\\\/\\\/blogdofarnesio.com.br\\\/?p=95245\",\"url\":\"https:\\\/\\\/blogdofarnesio.com.br\\\/?p=95245\",\"name\":\"TRAG\u00c9DIA EM PETROLINA: \u00d4NIBUS QUE TRANSPORTAVA 40 TRABALHADORES RURAIS VIRA NA BR- 428 - Blog do Farn\u00e9sio\",\"isPartOf\":{\"@id\":\"https:\\\/\\\/blogdofarnesio.com.br\\\/#website\"},\"primaryImageOfPage\":{\"@id\":\"https:\\\/\\\/blogdofarnesio.com.br\\\/?p=95245#primaryimage\"},\"image\":{\"@id\":\"https:\\\/\\\/blogdofarnesio.com.br\\\/?p=95245#primaryimage\"},\"thumbnailUrl\":\"http:\\\/\\\/s2.glbimg.com\\\/fzE5E9Y79jDRrzvt_6bkihdYqjI=\\\/620x465\\\/s.glbimg.com\\\/jo\\\/g1\\\/f\\\/original\\\/2014\\\/08\\\/14\\\/acidentado.jpg\",\"datePublished\":\"2014-08-14T14:03:57+00:00\",\"dateModified\":\"2014-08-14T14:18:54+00:00\",\"breadcrumb\":{\"@id\":\"https:\\\/\\\/blogdofarnesio.com.br\\\/?p=95245#breadcrumb\"},\"inLanguage\":\"pt-BR\",\"potentialAction\":[{\"@type\":\"ReadAction\",\"target\":[\"https:\\\/\\\/blogdofarnesio.com.br\\\/?p=95245\"]}]},{\"@type\":\"ImageObject\",\"inLanguage\":\"pt-BR\",\"@id\":\"https:\\\/\\\/blogdofarnesio.com.br\\\/?p=95245#primaryimage\",\"url\":\"http:\\\/\\\/s2.glbimg.com\\\/fzE5E9Y79jDRrzvt_6bkihdYqjI=\\\/620x465\\\/s.glbimg.com\\\/jo\\\/g1\\\/f\\\/original\\\/2014\\\/08\\\/14\\\/acidentado.jpg\",\"contentUrl\":\"http:\\\/\\\/s2.glbimg.com\\\/fzE5E9Y79jDRrzvt_6bkihdYqjI=\\\/620x465\\\/s.glbimg.com\\\/jo\\\/g1\\\/f\\\/original\\\/2014\\\/08\\\/14\\\/acidentado.jpg\"},{\"@type\":\"BreadcrumbList\",\"@id\":\"https:\\\/\\\/blogdofarnesio.com.br\\\/?p=95245#breadcrumb\",\"itemListElement\":[{\"@type\":\"ListItem\",\"position\":1,\"name\":\"In\u00edcio\",\"item\":\"https:\\\/\\\/blogdofarnesio.com.br\\\/\"},{\"@type\":\"ListItem\",\"position\":2,\"name\":\"TRAG\u00c9DIA EM PETROLINA: \u00d4NIBUS QUE TRANSPORTAVA 40 TRABALHADORES RURAIS VIRA NA BR- 428\"}]},{\"@type\":\"WebSite\",\"@id\":\"https:\\\/\\\/blogdofarnesio.com.br\\\/#website\",\"url\":\"https:\\\/\\\/blogdofarnesio.com.br\\\/\",\"name\":\"Blog do Farn\u00e9sio\",\"description\":\"Quer Saber Pol\u00edtica?\",\"publisher\":{\"@id\":\"https:\\\/\\\/blogdofarnesio.com.br\\\/#organization\"},\"potentialAction\":[{\"@type\":\"SearchAction\",\"target\":{\"@type\":\"EntryPoint\",\"urlTemplate\":\"https:\\\/\\\/blogdofarnesio.com.br\\\/?s={search_term_string}\"},\"query-input\":{\"@type\":\"PropertyValueSpecification\",\"valueRequired\":true,\"valueName\":\"search_term_string\"}}],\"inLanguage\":\"pt-BR\"},{\"@type\":\"Organization\",\"@id\":\"https:\\\/\\\/blogdofarnesio.com.br\\\/#organization\",\"name\":\"Blog do Farn\u00e9sio\",\"url\":\"https:\\\/\\\/blogdofarnesio.com.br\\\/\",\"logo\":{\"@type\":\"ImageObject\",\"inLanguage\":\"pt-BR\",\"@id\":\"https:\\\/\\\/blogdofarnesio.com.br\\\/#\\\/schema\\\/logo\\\/image\\\/\",\"url\":\"https:\\\/\\\/blogdofarnesio.com.br\\\/wp-content\\\/uploads\\\/2026\\\/03\\\/cropped-logo_new-1.png\",\"contentUrl\":\"https:\\\/\\\/blogdofarnesio.com.br\\\/wp-content\\\/uploads\\\/2026\\\/03\\\/cropped-logo_new-1.png\",\"width\":881,\"height\":685,\"caption\":\"Blog do Farn\u00e9sio\"},\"image\":{\"@id\":\"https:\\\/\\\/blogdofarnesio.com.br\\\/#\\\/schema\\\/logo\\\/image\\\/\"},\"sameAs\":[\"https:\\\/\\\/www.facebook.com\\\/BlogQuerSaberPolitica\\\/\"]},{\"@type\":\"Person\",\"@id\":\"https:\\\/\\\/blogdofarnesio.com.br\\\/#\\\/schema\\\/person\\\/dd1bf5eba40b687199ba45ca6b97dff9\",\"name\":\"teste\",\"image\":{\"@type\":\"ImageObject\",\"inLanguage\":\"pt-BR\",\"@id\":\"https:\\\/\\\/secure.gravatar.com\\\/avatar\\\/2172498d4914b51e1d89a0f97957b035ac4938723a5cac208135d389b6972a6d?s=96&d=mm&r=g\",\"url\":\"https:\\\/\\\/secure.gravatar.com\\\/avatar\\\/2172498d4914b51e1d89a0f97957b035ac4938723a5cac208135d389b6972a6d?s=96&d=mm&r=g\",\"contentUrl\":\"https:\\\/\\\/secure.gravatar.com\\\/avatar\\\/2172498d4914b51e1d89a0f97957b035ac4938723a5cac208135d389b6972a6d?s=96&d=mm&r=g\",\"caption\":\"teste\"},\"url\":\"https:\\\/\\\/blogdofarnesio.com.br\\\/?author=3\"}]}<\/script>\n<!-- \/ Yoast SEO plugin. -->","yoast_head_json":{"title":"TRAG\u00c9DIA EM PETROLINA: \u00d4NIBUS QUE TRANSPORTAVA 40 TRABALHADORES RURAIS VIRA NA BR- 428 - Blog do Farn\u00e9sio","robots":{"index":"index","follow":"follow","max-snippet":"max-snippet:-1","max-image-preview":"max-image-preview:large","max-video-preview":"max-video-preview:-1"},"canonical":"https:\/\/blogdofarnesio.com.br\/?p=95245","og_locale":"pt_BR","og_type":"article","og_title":"TRAG\u00c9DIA EM PETROLINA: \u00d4NIBUS QUE TRANSPORTAVA 40 TRABALHADORES RURAIS VIRA NA BR- 428 - Blog do Farn\u00e9sio","og_description":"Um \u00f4nibus que transportava trabalhadores rurais de Lagoa Grande para Petrolina, ambas no Sert\u00e3o de Pernambuco, virou na manh\u00e3 desta quinta-feira (14) quando todos seguiam para o trabalho. Cerca de 40 pessoas estavam no ve\u00edculo que teve o pneu estourado no KM 170 da BR-428. A trabalhadora rural Maria Jos\u00e9 Cintra, de 42 anos, disse que o acidente aconteceu de repente. \u201cEu vi s\u00f3 o baque, n\u00e3o sei dizer bem como foi. Quando desceu s\u00f3 vi muita gente machucada\u201d, contou Maria Jos\u00e9. Ela afirmou ainda que conseguiu sair do \u00f4nibus e sentia apenas dores nas pernas. Duas ambul\u00e2ncias do samu estiveram no local.\u00a0Muito abalada, Joana Dark Gomes dos Santos, chorou muito ao lembrar do acidente. \u201cEm pensar que agora poder\u00edamos&hellip;","og_url":"https:\/\/blogdofarnesio.com.br\/?p=95245","og_site_name":"Blog do Farn\u00e9sio","article_publisher":"https:\/\/www.facebook.com\/BlogQuerSaberPolitica\/","article_published_time":"2014-08-14T14:03:57+00:00","article_modified_time":"2014-08-14T14:18:54+00:00","og_image":[{"url":"http:\/\/s2.glbimg.com\/fzE5E9Y79jDRrzvt_6bkihdYqjI=\/620x465\/s.glbimg.com\/jo\/g1\/f\/original\/2014\/08\/14\/acidentado.jpg","type":"","width":"","height":""}],"author":"teste","twitter_card":"summary_large_image","twitter_misc":{"Escrito por":"teste","Est. tempo de leitura":"2 minutos"},"schema":{"@context":"https:\/\/schema.org","@graph":[{"@type":"Article","@id":"https:\/\/blogdofarnesio.com.br\/?p=95245#article","isPartOf":{"@id":"https:\/\/blogdofarnesio.com.br\/?p=95245"},"author":{"name":"teste","@id":"https:\/\/blogdofarnesio.com.br\/#\/schema\/person\/dd1bf5eba40b687199ba45ca6b97dff9"},"headline":"TRAG\u00c9DIA EM PETROLINA: \u00d4NIBUS QUE TRANSPORTAVA 40 TRABALHADORES RURAIS VIRA NA BR- 428","datePublished":"2014-08-14T14:03:57+00:00","dateModified":"2014-08-14T14:18:54+00:00","mainEntityOfPage":{"@id":"https:\/\/blogdofarnesio.com.br\/?p=95245"},"wordCount":456,"commentCount":0,"publisher":{"@id":"https:\/\/blogdofarnesio.com.br\/#organization"},"image":{"@id":"https:\/\/blogdofarnesio.com.br\/?p=95245#primaryimage"},"thumbnailUrl":"http:\/\/s2.glbimg.com\/fzE5E9Y79jDRrzvt_6bkihdYqjI=\/620x465\/s.glbimg.com\/jo\/g1\/f\/original\/2014\/08\/14\/acidentado.jpg","articleSection":["Pol\u00edtica"],"inLanguage":"pt-BR","potentialAction":[{"@type":"CommentAction","name":"Comment","target":["https:\/\/blogdofarnesio.com.br\/?p=95245#respond"]}]},{"@type":"WebPage","@id":"https:\/\/blogdofarnesio.com.br\/?p=95245","url":"https:\/\/blogdofarnesio.com.br\/?p=95245","name":"TRAG\u00c9DIA EM PETROLINA: \u00d4NIBUS QUE TRANSPORTAVA 40 TRABALHADORES RURAIS VIRA NA BR- 428 - Blog do Farn\u00e9sio","isPartOf":{"@id":"https:\/\/blogdofarnesio.com.br\/#website"},"primaryImageOfPage":{"@id":"https:\/\/blogdofarnesio.com.br\/?p=95245#primaryimage"},"image":{"@id":"https:\/\/blogdofarnesio.com.br\/?p=95245#primaryimage"},"thumbnailUrl":"http:\/\/s2.glbimg.com\/fzE5E9Y79jDRrzvt_6bkihdYqjI=\/620x465\/s.glbimg.com\/jo\/g1\/f\/original\/2014\/08\/14\/acidentado.jpg","datePublished":"2014-08-14T14:03:57+00:00","dateModified":"2014-08-14T14:18:54+00:00","breadcrumb":{"@id":"https:\/\/blogdofarnesio.com.br\/?p=95245#breadcrumb"},"inLanguage":"pt-BR","potentialAction":[{"@type":"ReadAction","target":["https:\/\/blogdofarnesio.com.br\/?p=95245"]}]},{"@type":"ImageObject","inLanguage":"pt-BR","@id":"https:\/\/blogdofarnesio.com.br\/?p=95245#primaryimage","url":"http:\/\/s2.glbimg.com\/fzE5E9Y79jDRrzvt_6bkihdYqjI=\/620x465\/s.glbimg.com\/jo\/g1\/f\/original\/2014\/08\/14\/acidentado.jpg","contentUrl":"http:\/\/s2.glbimg.com\/fzE5E9Y79jDRrzvt_6bkihdYqjI=\/620x465\/s.glbimg.com\/jo\/g1\/f\/original\/2014\/08\/14\/acidentado.jpg"},{"@type":"BreadcrumbList","@id":"https:\/\/blogdofarnesio.com.br\/?p=95245#breadcrumb","itemListElement":[{"@type":"ListItem","position":1,"name":"In\u00edcio","item":"https:\/\/blogdofarnesio.com.br\/"},{"@type":"ListItem","position":2,"name":"TRAG\u00c9DIA EM PETROLINA: \u00d4NIBUS QUE TRANSPORTAVA 40 TRABALHADORES RURAIS VIRA NA BR- 428"}]},{"@type":"WebSite","@id":"https:\/\/blogdofarnesio.com.br\/#website","url":"https:\/\/blogdofarnesio.com.br\/","name":"Blog do Farn\u00e9sio","description":"Quer Saber Pol\u00edtica?","publisher":{"@id":"https:\/\/blogdofarnesio.com.br\/#organization"},"potentialAction":[{"@type":"SearchAction","target":{"@type":"EntryPoint","urlTemplate":"https:\/\/blogdofarnesio.com.br\/?s={search_term_string}"},"query-input":{"@type":"PropertyValueSpecification","valueRequired":true,"valueName":"search_term_string"}}],"inLanguage":"pt-BR"},{"@type":"Organization","@id":"https:\/\/blogdofarnesio.com.br\/#organization","name":"Blog do Farn\u00e9sio","url":"https:\/\/blogdofarnesio.com.br\/","logo":{"@type":"ImageObject","inLanguage":"pt-BR","@id":"https:\/\/blogdofarnesio.com.br\/#\/schema\/logo\/image\/","url":"https:\/\/blogdofarnesio.com.br\/wp-content\/uploads\/2026\/03\/cropped-logo_new-1.png","contentUrl":"https:\/\/blogdofarnesio.com.br\/wp-content\/uploads\/2026\/03\/cropped-logo_new-1.png","width":881,"height":685,"caption":"Blog do Farn\u00e9sio"},"image":{"@id":"https:\/\/blogdofarnesio.com.br\/#\/schema\/logo\/image\/"},"sameAs":["https:\/\/www.facebook.com\/BlogQuerSaberPolitica\/"]},{"@type":"Person","@id":"https:\/\/blogdofarnesio.com.br\/#\/schema\/person\/dd1bf5eba40b687199ba45ca6b97dff9","name":"teste","image":{"@type":"ImageObject","inLanguage":"pt-BR","@id":"https:\/\/secure.gravatar.com\/avatar\/2172498d4914b51e1d89a0f97957b035ac4938723a5cac208135d389b6972a6d?s=96&d=mm&r=g","url":"https:\/\/secure.gravatar.com\/avatar\/2172498d4914b51e1d89a0f97957b035ac4938723a5cac208135d389b6972a6d?s=96&d=mm&r=g","contentUrl":"https:\/\/secure.gravatar.com\/avatar\/2172498d4914b51e1d89a0f97957b035ac4938723a5cac208135d389b6972a6d?s=96&d=mm&r=g","caption":"teste"},"url":"https:\/\/blogdofarnesio.com.br\/?author=3"}]}},"_links":{"self":[{"href":"https:\/\/blogdofarnesio.com.br\/index.php?rest_route=\/wp\/v2\/posts\/95245","targetHints":{"allow":["GET"]}}],"collection":[{"href":"https:\/\/blogdofarnesio.com.br\/index.php?rest_route=\/wp\/v2\/posts"}],"about":[{"href":"https:\/\/blogdofarnesio.com.br\/index.php?rest_route=\/wp\/v2\/types\/post"}],"author":[{"embeddable":true,"href":"https:\/\/blogdofarnesio.com.br\/index.php?rest_route=\/wp\/v2\/users\/3"}],"replies":[{"embeddable":true,"href":"https:\/\/blogdofarnesio.com.br\/index.php?rest_route=%2Fwp%2Fv2%2Fcomments&post=95245"}],"version-history":[{"count":0,"href":"https:\/\/blogdofarnesio.com.br\/index.php?rest_route=\/wp\/v2\/posts\/95245\/revisions"}],"wp:attachment":[{"href":"https:\/\/blogdofarnesio.com.br\/index.php?rest_route=%2Fwp%2Fv2%2Fmedia&parent=95245"}],"wp:term":[{"taxonomy":"category","embeddable":true,"href":"https:\/\/blogdofarnesio.com.br\/index.php?rest_route=%2Fwp%2Fv2%2Fcategories&post=95245"},{"taxonomy":"post_tag","embeddable":true,"href":"https:\/\/blogdofarnesio.com.br\/index.php?rest_route=%2Fwp%2Fv2%2Ftags&post=95245"}],"curies":[{"name":"wp","href":"https:\/\/api.w.org\/{rel}","templated":true}]}}