{"id":95231,"date":"2014-08-15T08:04:32","date_gmt":"2014-08-15T11:04:32","guid":{"rendered":"http:\/\/www.quersaberpolitica.com.br\/?p=95231"},"modified":"2014-08-14T21:06:00","modified_gmt":"2014-08-15T00:06:00","slug":"sexta-cheia-e-sabado-com-virarte-encerram-decima-edicao-do-festival-aldeia-do-velho-chico","status":"publish","type":"post","link":"https:\/\/blogdofarnesio.com.br\/?p=95231","title":{"rendered":"SEXTA CHEIA E S\u00c1BADO COM VIRARTE ENCERRAM D\u00c9CIMA EDI\u00c7\u00c3O DO FESTIVAL ALDEIA DO VELHO CHICO"},"content":{"rendered":"<p style=\"text-align: justify\"><a href=\"http:\/\/www.quersaberpolitica.com.br\/2016\/wp-content\/uploads\/2014\/08\/unnamed-.jpg\"><img loading=\"lazy\" decoding=\"async\" class=\"aligncenter size-full wp-image-95233\" alt=\"unnamed (\" src=\"http:\/\/www.quersaberpolitica.com.br\/2016\/wp-content\/uploads\/2014\/08\/unnamed-.jpg\" width=\"448\" height=\"336\" srcset=\"https:\/\/blogdofarnesio.com.br\/wp-content\/uploads\/2014\/08\/unnamed-.jpg 448w, https:\/\/blogdofarnesio.com.br\/wp-content\/uploads\/2014\/08\/unnamed--300x224.jpg 300w, https:\/\/blogdofarnesio.com.br\/wp-content\/uploads\/2014\/08\/unnamed--400x300.jpg 400w\" sizes=\"auto, (max-width: 448px) 100vw, 448px\" \/><\/a>Nada como uma sexta-feira cheia de boas atra\u00e7\u00f5es e um s\u00e1bado com 12 horas ininterruptas de muita arte.<\/p>\n<p style=\"text-align: justify\">Para encerrar a edi\u00e7\u00e3o dos 10 anos do Festival Aldeia do Velho Chico, que vem movimentando o Vale do S\u00e3o Francisco desde o dia 28 do m\u00eas passado, o Sesc Petrolina come\u00e7a esta sexta-feira (15), debatendo o tema Das Hist\u00f3rias dos Grupos \u00e0 Hist\u00f3ria do Teatro. O encontro, que faz parte do projeto Tecendo Id\u00e9ias, vai reunir \u00e0s 15h, na Sala de Teatro do Sesc, os grupos Oigal\u00ea (Porto Alegre \u2013 RS) e Ninho de Teatro (Crato \u2013 CE).<\/p>\n<p style=\"text-align: justify\">A pr\u00f3xima a\u00e7\u00e3o ser\u00e1 \u00e0s 17h, no Espa\u00e7o Cultural Janela 353, quando ser\u00e1 exibido o document\u00e1rio O Homem que Engarrafava Nuvens &#8211; filme do cineasta L\u00edrio Ferreira, que conta a hist\u00f3ria de Humberto Teixeira, parceiro de Luiz Gonzaga em can\u00e7\u00f5es como Assum Preto, Juazeiro e Asa Branca. Ainda na sexta-feira, o Aldeia do Velho Chico apresenta \u00e0s 18h, no palco do Bambuzinho o espet\u00e1culo Ch\u00e3o, da Cia Balan\u00e7arte e \u00e0s 20h, no Teatro Dona Am\u00e9lia o grupo Ninho de Teatro encena o drama em dois atos, Avental Todo Sujo de Ovo.<!--more--><\/p>\n<p style=\"text-align: justify\"><strong>\u00a0 \u00a0 \u00a0 \u00a0 \u00a0 \u00a0 \u00a0 \u00a0 \u00a0 \u00a0 \u00a0 \u00a0 \u00a0 \u00a0 \u00a0 \u00a0 \u00a0 \u00a0 \u00a0 \u00a0 \u00a0 \u00a0 \u00a0 \u00a0 \u00a0 \u00a0 \u00a0 \u00a0 \u00a0 \u00a0 \u00a0 \u00a0 \u00a0 \u00a0 \u00a0 \u00a0 \u00a0 \u00a0 \u00a0 \u00a0 \u00a0\u00a0Virarte<\/strong><\/p>\n<p style=\"text-align: justify\">E no s\u00e1bado, a maratona cultural mais conhecida como Virarte come\u00e7a \u00e0s 16h, no corredor de entrada do Sesc com o Mercado Cultural e o Clube de Desenho do Sert\u00e3o trazendo a proposta Encontro com o Ponta Seca. Bem ali ao lado, na rua Pac\u00edfico da Luz,\u00a0 o grupo Oigal\u00ea\u00a0 promete muita divers\u00e3o e boas risadas com o Baile dos Anast\u00e1cio. Da\u00ed em diante, todo o Sesc Petrolina se veste com as mais diferentes linguagens art\u00edsticas. No Teatro Dona Am\u00e9lia a Cia Em Cena Arte e Cidadania (Recife \u2013 PE), mostra \u00e0s 17h, o espet\u00e1culo Disse Me Dan\u00e7a, enquanto que na cantina o grupo Baque Opar\u00e1, de Petrolina \u2013 PE,\u00a0 chama aten\u00e7\u00e3o para os acordes do maracatu.<\/p>\n<p style=\"text-align: justify\">Na seq\u00fc\u00eancia, \u00e0s 19h, o p\u00fablico ser\u00e1 convidado para a fachada do Teatro Dona Am\u00e9lia, onde Wainer Trist\u00e3o (Juazeiro \u2013 BA), prop\u00f5e uma instigante Ocupa\u00e7\u00e3o com Proje\u00e7\u00f5es. Neste mesmo hor\u00e1rio, na escada lateral do teatro o grupo Oca (S\u00e3o Paulo \u2013 SP), apresenta Tinta, Luz e Sombra e \u00e0s 20h, no Gin\u00e1sio, o grupo Grial, de Recife \u2013 PE, mostra o espet\u00e1culo Terra.<\/p>\n<p style=\"text-align: justify\">Das 20h30 at\u00e9 a meia noite, o Virarte segue surpreendendo com atra\u00e7\u00f5es, a exemplo de Adriana Santos que vem com a proposta No Id, Nirlyn Seijas (Venezuela), apresentando Mujerzuela e Cleybson Lima, de Petrolina \u2013 PE propondo E se Voc\u00ea Fosse? As 22h, no restaurante o Coletivo Trippe mostra Pague 1 Leve 2 e na mesma hora no Teatro Dona Am\u00e9lia a pedida \u00e9 a comedia\u00a0\u00a0Bem Dita e Santa \u2013 As Velhinhas com o Coletivo Passarinho (Petrolina \u2013 PE).<\/p>\n<p style=\"text-align: justify\">Vindo de Arcoverde &#8211; PE, sobe ao palco do Sesc \u00e0s 23h, o Coco Trupe e \u00e0 meia noite ser\u00e1 a vez do show musical com Rog\u00e9rio Leal. Depois de uma seq\u00fc\u00eancia de atra\u00e7\u00f5es na Sala de Dan\u00e7a \u2013 espet\u00e1culo Cris\u00e1lida, com Jos\u00e9 L\u00edrio, e no teatro Dona Am\u00e9lia \u2013 Tatudobrega, com a Cia de Dan\u00e7a do Sesc, a cantora Fabiana Santiago encerra a maratona \u00a0com o show Decadron, onde pretende mostrar o melhor da m\u00fasica que j\u00e1 passou pelos 10 anos do Aldeia.<\/p>\n","protected":false},"excerpt":{"rendered":"<p>Nada como uma sexta-feira cheia de boas atra\u00e7\u00f5es e um s\u00e1bado com 12 horas ininterruptas de muita arte. Para encerrar a edi\u00e7\u00e3o dos 10 anos do Festival Aldeia do Velho Chico, que vem movimentando o Vale do S\u00e3o Francisco desde o dia 28 do m\u00eas passado, o Sesc Petrolina come\u00e7a esta sexta-feira (15), debatendo o tema Das Hist\u00f3rias dos Grupos \u00e0 Hist\u00f3ria do Teatro. O encontro, que faz parte do projeto Tecendo Id\u00e9ias, vai reunir \u00e0s 15h, na Sala de Teatro do Sesc, os grupos Oigal\u00ea (Porto Alegre \u2013 RS) e Ninho de Teatro (Crato \u2013 CE). A pr\u00f3xima a\u00e7\u00e3o ser\u00e1 \u00e0s 17h, no Espa\u00e7o Cultural Janela 353, quando ser\u00e1 exibido o document\u00e1rio O Homem que Engarrafava Nuvens &#8211; filme&hellip; <\/p>\n","protected":false},"author":3,"featured_media":0,"comment_status":"open","ping_status":"open","sticky":false,"template":"","format":"standard","meta":{"_acf_changed":false,"footnotes":""},"categories":[10],"tags":[],"class_list":["post-95231","post","type-post","status-publish","format-standard","hentry","category-cultura"],"acf":[],"yoast_head":"<!-- This site is optimized with the Yoast SEO plugin v27.4 - https:\/\/yoast.com\/product\/yoast-seo-wordpress\/ -->\n<title>SEXTA CHEIA E S\u00c1BADO COM VIRARTE ENCERRAM D\u00c9CIMA EDI\u00c7\u00c3O DO FESTIVAL ALDEIA DO VELHO CHICO - Blog do Farn\u00e9sio<\/title>\n<meta name=\"robots\" content=\"index, follow, max-snippet:-1, max-image-preview:large, max-video-preview:-1\" \/>\n<link rel=\"canonical\" href=\"https:\/\/blogdofarnesio.com.br\/?p=95231\" \/>\n<meta property=\"og:locale\" content=\"pt_BR\" \/>\n<meta property=\"og:type\" content=\"article\" \/>\n<meta property=\"og:title\" content=\"SEXTA CHEIA E S\u00c1BADO COM VIRARTE ENCERRAM D\u00c9CIMA EDI\u00c7\u00c3O DO FESTIVAL ALDEIA DO VELHO CHICO - Blog do Farn\u00e9sio\" \/>\n<meta property=\"og:description\" content=\"Nada como uma sexta-feira cheia de boas atra\u00e7\u00f5es e um s\u00e1bado com 12 horas ininterruptas de muita arte. Para encerrar a edi\u00e7\u00e3o dos 10 anos do Festival Aldeia do Velho Chico, que vem movimentando o Vale do S\u00e3o Francisco desde o dia 28 do m\u00eas passado, o Sesc Petrolina come\u00e7a esta sexta-feira (15), debatendo o tema Das Hist\u00f3rias dos Grupos \u00e0 Hist\u00f3ria do Teatro. O encontro, que faz parte do projeto Tecendo Id\u00e9ias, vai reunir \u00e0s 15h, na Sala de Teatro do Sesc, os grupos Oigal\u00ea (Porto Alegre \u2013 RS) e Ninho de Teatro (Crato \u2013 CE). A pr\u00f3xima a\u00e7\u00e3o ser\u00e1 \u00e0s 17h, no Espa\u00e7o Cultural Janela 353, quando ser\u00e1 exibido o document\u00e1rio O Homem que Engarrafava Nuvens &#8211; filme&hellip;\" \/>\n<meta property=\"og:url\" content=\"https:\/\/blogdofarnesio.com.br\/?p=95231\" \/>\n<meta property=\"og:site_name\" content=\"Blog do Farn\u00e9sio\" \/>\n<meta property=\"article:publisher\" content=\"https:\/\/www.facebook.com\/BlogQuerSaberPolitica\/\" \/>\n<meta property=\"article:published_time\" content=\"2014-08-15T11:04:32+00:00\" \/>\n<meta property=\"og:image\" content=\"http:\/\/www.quersaberpolitica.com.br\/2016\/wp-content\/uploads\/2014\/08\/unnamed-.jpg\" \/>\n<meta name=\"author\" content=\"teste\" \/>\n<meta name=\"twitter:card\" content=\"summary_large_image\" \/>\n<meta name=\"twitter:label1\" content=\"Escrito por\" \/>\n\t<meta name=\"twitter:data1\" content=\"teste\" \/>\n\t<meta name=\"twitter:label2\" content=\"Est. tempo de leitura\" \/>\n\t<meta name=\"twitter:data2\" content=\"3 minutos\" \/>\n<script type=\"application\/ld+json\" class=\"yoast-schema-graph\">{\"@context\":\"https:\\\/\\\/schema.org\",\"@graph\":[{\"@type\":\"Article\",\"@id\":\"https:\\\/\\\/blogdofarnesio.com.br\\\/?p=95231#article\",\"isPartOf\":{\"@id\":\"https:\\\/\\\/blogdofarnesio.com.br\\\/?p=95231\"},\"author\":{\"name\":\"teste\",\"@id\":\"https:\\\/\\\/blogdofarnesio.com.br\\\/#\\\/schema\\\/person\\\/dd1bf5eba40b687199ba45ca6b97dff9\"},\"headline\":\"SEXTA CHEIA E S\u00c1BADO COM VIRARTE ENCERRAM D\u00c9CIMA EDI\u00c7\u00c3O DO FESTIVAL ALDEIA DO VELHO CHICO\",\"datePublished\":\"2014-08-15T11:04:32+00:00\",\"mainEntityOfPage\":{\"@id\":\"https:\\\/\\\/blogdofarnesio.com.br\\\/?p=95231\"},\"wordCount\":582,\"commentCount\":0,\"publisher\":{\"@id\":\"https:\\\/\\\/blogdofarnesio.com.br\\\/#organization\"},\"image\":{\"@id\":\"https:\\\/\\\/blogdofarnesio.com.br\\\/?p=95231#primaryimage\"},\"thumbnailUrl\":\"http:\\\/\\\/www.quersaberpolitica.com.br\\\/2016\\\/wp-content\\\/uploads\\\/2014\\\/08\\\/unnamed-.jpg\",\"articleSection\":[\"Cultura\"],\"inLanguage\":\"pt-BR\",\"potentialAction\":[{\"@type\":\"CommentAction\",\"name\":\"Comment\",\"target\":[\"https:\\\/\\\/blogdofarnesio.com.br\\\/?p=95231#respond\"]}]},{\"@type\":\"WebPage\",\"@id\":\"https:\\\/\\\/blogdofarnesio.com.br\\\/?p=95231\",\"url\":\"https:\\\/\\\/blogdofarnesio.com.br\\\/?p=95231\",\"name\":\"SEXTA CHEIA E S\u00c1BADO COM VIRARTE ENCERRAM D\u00c9CIMA EDI\u00c7\u00c3O DO FESTIVAL ALDEIA DO VELHO CHICO - Blog do Farn\u00e9sio\",\"isPartOf\":{\"@id\":\"https:\\\/\\\/blogdofarnesio.com.br\\\/#website\"},\"primaryImageOfPage\":{\"@id\":\"https:\\\/\\\/blogdofarnesio.com.br\\\/?p=95231#primaryimage\"},\"image\":{\"@id\":\"https:\\\/\\\/blogdofarnesio.com.br\\\/?p=95231#primaryimage\"},\"thumbnailUrl\":\"http:\\\/\\\/www.quersaberpolitica.com.br\\\/2016\\\/wp-content\\\/uploads\\\/2014\\\/08\\\/unnamed-.jpg\",\"datePublished\":\"2014-08-15T11:04:32+00:00\",\"breadcrumb\":{\"@id\":\"https:\\\/\\\/blogdofarnesio.com.br\\\/?p=95231#breadcrumb\"},\"inLanguage\":\"pt-BR\",\"potentialAction\":[{\"@type\":\"ReadAction\",\"target\":[\"https:\\\/\\\/blogdofarnesio.com.br\\\/?p=95231\"]}]},{\"@type\":\"ImageObject\",\"inLanguage\":\"pt-BR\",\"@id\":\"https:\\\/\\\/blogdofarnesio.com.br\\\/?p=95231#primaryimage\",\"url\":\"http:\\\/\\\/www.quersaberpolitica.com.br\\\/2016\\\/wp-content\\\/uploads\\\/2014\\\/08\\\/unnamed-.jpg\",\"contentUrl\":\"http:\\\/\\\/www.quersaberpolitica.com.br\\\/2016\\\/wp-content\\\/uploads\\\/2014\\\/08\\\/unnamed-.jpg\"},{\"@type\":\"BreadcrumbList\",\"@id\":\"https:\\\/\\\/blogdofarnesio.com.br\\\/?p=95231#breadcrumb\",\"itemListElement\":[{\"@type\":\"ListItem\",\"position\":1,\"name\":\"In\u00edcio\",\"item\":\"https:\\\/\\\/blogdofarnesio.com.br\\\/\"},{\"@type\":\"ListItem\",\"position\":2,\"name\":\"SEXTA CHEIA E S\u00c1BADO COM VIRARTE ENCERRAM D\u00c9CIMA EDI\u00c7\u00c3O DO FESTIVAL ALDEIA DO VELHO CHICO\"}]},{\"@type\":\"WebSite\",\"@id\":\"https:\\\/\\\/blogdofarnesio.com.br\\\/#website\",\"url\":\"https:\\\/\\\/blogdofarnesio.com.br\\\/\",\"name\":\"Blog do Farn\u00e9sio\",\"description\":\"Quer Saber Pol\u00edtica?\",\"publisher\":{\"@id\":\"https:\\\/\\\/blogdofarnesio.com.br\\\/#organization\"},\"potentialAction\":[{\"@type\":\"SearchAction\",\"target\":{\"@type\":\"EntryPoint\",\"urlTemplate\":\"https:\\\/\\\/blogdofarnesio.com.br\\\/?s={search_term_string}\"},\"query-input\":{\"@type\":\"PropertyValueSpecification\",\"valueRequired\":true,\"valueName\":\"search_term_string\"}}],\"inLanguage\":\"pt-BR\"},{\"@type\":\"Organization\",\"@id\":\"https:\\\/\\\/blogdofarnesio.com.br\\\/#organization\",\"name\":\"Blog do Farn\u00e9sio\",\"url\":\"https:\\\/\\\/blogdofarnesio.com.br\\\/\",\"logo\":{\"@type\":\"ImageObject\",\"inLanguage\":\"pt-BR\",\"@id\":\"https:\\\/\\\/blogdofarnesio.com.br\\\/#\\\/schema\\\/logo\\\/image\\\/\",\"url\":\"https:\\\/\\\/blogdofarnesio.com.br\\\/wp-content\\\/uploads\\\/2026\\\/03\\\/cropped-logo_new-1.png\",\"contentUrl\":\"https:\\\/\\\/blogdofarnesio.com.br\\\/wp-content\\\/uploads\\\/2026\\\/03\\\/cropped-logo_new-1.png\",\"width\":881,\"height\":685,\"caption\":\"Blog do Farn\u00e9sio\"},\"image\":{\"@id\":\"https:\\\/\\\/blogdofarnesio.com.br\\\/#\\\/schema\\\/logo\\\/image\\\/\"},\"sameAs\":[\"https:\\\/\\\/www.facebook.com\\\/BlogQuerSaberPolitica\\\/\"]},{\"@type\":\"Person\",\"@id\":\"https:\\\/\\\/blogdofarnesio.com.br\\\/#\\\/schema\\\/person\\\/dd1bf5eba40b687199ba45ca6b97dff9\",\"name\":\"teste\",\"image\":{\"@type\":\"ImageObject\",\"inLanguage\":\"pt-BR\",\"@id\":\"https:\\\/\\\/secure.gravatar.com\\\/avatar\\\/2172498d4914b51e1d89a0f97957b035ac4938723a5cac208135d389b6972a6d?s=96&d=mm&r=g\",\"url\":\"https:\\\/\\\/secure.gravatar.com\\\/avatar\\\/2172498d4914b51e1d89a0f97957b035ac4938723a5cac208135d389b6972a6d?s=96&d=mm&r=g\",\"contentUrl\":\"https:\\\/\\\/secure.gravatar.com\\\/avatar\\\/2172498d4914b51e1d89a0f97957b035ac4938723a5cac208135d389b6972a6d?s=96&d=mm&r=g\",\"caption\":\"teste\"},\"url\":\"https:\\\/\\\/blogdofarnesio.com.br\\\/?author=3\"}]}<\/script>\n<!-- \/ Yoast SEO plugin. -->","yoast_head_json":{"title":"SEXTA CHEIA E S\u00c1BADO COM VIRARTE ENCERRAM D\u00c9CIMA EDI\u00c7\u00c3O DO FESTIVAL ALDEIA DO VELHO CHICO - Blog do Farn\u00e9sio","robots":{"index":"index","follow":"follow","max-snippet":"max-snippet:-1","max-image-preview":"max-image-preview:large","max-video-preview":"max-video-preview:-1"},"canonical":"https:\/\/blogdofarnesio.com.br\/?p=95231","og_locale":"pt_BR","og_type":"article","og_title":"SEXTA CHEIA E S\u00c1BADO COM VIRARTE ENCERRAM D\u00c9CIMA EDI\u00c7\u00c3O DO FESTIVAL ALDEIA DO VELHO CHICO - Blog do Farn\u00e9sio","og_description":"Nada como uma sexta-feira cheia de boas atra\u00e7\u00f5es e um s\u00e1bado com 12 horas ininterruptas de muita arte. Para encerrar a edi\u00e7\u00e3o dos 10 anos do Festival Aldeia do Velho Chico, que vem movimentando o Vale do S\u00e3o Francisco desde o dia 28 do m\u00eas passado, o Sesc Petrolina come\u00e7a esta sexta-feira (15), debatendo o tema Das Hist\u00f3rias dos Grupos \u00e0 Hist\u00f3ria do Teatro. O encontro, que faz parte do projeto Tecendo Id\u00e9ias, vai reunir \u00e0s 15h, na Sala de Teatro do Sesc, os grupos Oigal\u00ea (Porto Alegre \u2013 RS) e Ninho de Teatro (Crato \u2013 CE). A pr\u00f3xima a\u00e7\u00e3o ser\u00e1 \u00e0s 17h, no Espa\u00e7o Cultural Janela 353, quando ser\u00e1 exibido o document\u00e1rio O Homem que Engarrafava Nuvens &#8211; filme&hellip;","og_url":"https:\/\/blogdofarnesio.com.br\/?p=95231","og_site_name":"Blog do Farn\u00e9sio","article_publisher":"https:\/\/www.facebook.com\/BlogQuerSaberPolitica\/","article_published_time":"2014-08-15T11:04:32+00:00","og_image":[{"url":"http:\/\/www.quersaberpolitica.com.br\/2016\/wp-content\/uploads\/2014\/08\/unnamed-.jpg","type":"","width":"","height":""}],"author":"teste","twitter_card":"summary_large_image","twitter_misc":{"Escrito por":"teste","Est. tempo de leitura":"3 minutos"},"schema":{"@context":"https:\/\/schema.org","@graph":[{"@type":"Article","@id":"https:\/\/blogdofarnesio.com.br\/?p=95231#article","isPartOf":{"@id":"https:\/\/blogdofarnesio.com.br\/?p=95231"},"author":{"name":"teste","@id":"https:\/\/blogdofarnesio.com.br\/#\/schema\/person\/dd1bf5eba40b687199ba45ca6b97dff9"},"headline":"SEXTA CHEIA E S\u00c1BADO COM VIRARTE ENCERRAM D\u00c9CIMA EDI\u00c7\u00c3O DO FESTIVAL ALDEIA DO VELHO CHICO","datePublished":"2014-08-15T11:04:32+00:00","mainEntityOfPage":{"@id":"https:\/\/blogdofarnesio.com.br\/?p=95231"},"wordCount":582,"commentCount":0,"publisher":{"@id":"https:\/\/blogdofarnesio.com.br\/#organization"},"image":{"@id":"https:\/\/blogdofarnesio.com.br\/?p=95231#primaryimage"},"thumbnailUrl":"http:\/\/www.quersaberpolitica.com.br\/2016\/wp-content\/uploads\/2014\/08\/unnamed-.jpg","articleSection":["Cultura"],"inLanguage":"pt-BR","potentialAction":[{"@type":"CommentAction","name":"Comment","target":["https:\/\/blogdofarnesio.com.br\/?p=95231#respond"]}]},{"@type":"WebPage","@id":"https:\/\/blogdofarnesio.com.br\/?p=95231","url":"https:\/\/blogdofarnesio.com.br\/?p=95231","name":"SEXTA CHEIA E S\u00c1BADO COM VIRARTE ENCERRAM D\u00c9CIMA EDI\u00c7\u00c3O DO FESTIVAL ALDEIA DO VELHO CHICO - Blog do Farn\u00e9sio","isPartOf":{"@id":"https:\/\/blogdofarnesio.com.br\/#website"},"primaryImageOfPage":{"@id":"https:\/\/blogdofarnesio.com.br\/?p=95231#primaryimage"},"image":{"@id":"https:\/\/blogdofarnesio.com.br\/?p=95231#primaryimage"},"thumbnailUrl":"http:\/\/www.quersaberpolitica.com.br\/2016\/wp-content\/uploads\/2014\/08\/unnamed-.jpg","datePublished":"2014-08-15T11:04:32+00:00","breadcrumb":{"@id":"https:\/\/blogdofarnesio.com.br\/?p=95231#breadcrumb"},"inLanguage":"pt-BR","potentialAction":[{"@type":"ReadAction","target":["https:\/\/blogdofarnesio.com.br\/?p=95231"]}]},{"@type":"ImageObject","inLanguage":"pt-BR","@id":"https:\/\/blogdofarnesio.com.br\/?p=95231#primaryimage","url":"http:\/\/www.quersaberpolitica.com.br\/2016\/wp-content\/uploads\/2014\/08\/unnamed-.jpg","contentUrl":"http:\/\/www.quersaberpolitica.com.br\/2016\/wp-content\/uploads\/2014\/08\/unnamed-.jpg"},{"@type":"BreadcrumbList","@id":"https:\/\/blogdofarnesio.com.br\/?p=95231#breadcrumb","itemListElement":[{"@type":"ListItem","position":1,"name":"In\u00edcio","item":"https:\/\/blogdofarnesio.com.br\/"},{"@type":"ListItem","position":2,"name":"SEXTA CHEIA E S\u00c1BADO COM VIRARTE ENCERRAM D\u00c9CIMA EDI\u00c7\u00c3O DO FESTIVAL ALDEIA DO VELHO CHICO"}]},{"@type":"WebSite","@id":"https:\/\/blogdofarnesio.com.br\/#website","url":"https:\/\/blogdofarnesio.com.br\/","name":"Blog do Farn\u00e9sio","description":"Quer Saber Pol\u00edtica?","publisher":{"@id":"https:\/\/blogdofarnesio.com.br\/#organization"},"potentialAction":[{"@type":"SearchAction","target":{"@type":"EntryPoint","urlTemplate":"https:\/\/blogdofarnesio.com.br\/?s={search_term_string}"},"query-input":{"@type":"PropertyValueSpecification","valueRequired":true,"valueName":"search_term_string"}}],"inLanguage":"pt-BR"},{"@type":"Organization","@id":"https:\/\/blogdofarnesio.com.br\/#organization","name":"Blog do Farn\u00e9sio","url":"https:\/\/blogdofarnesio.com.br\/","logo":{"@type":"ImageObject","inLanguage":"pt-BR","@id":"https:\/\/blogdofarnesio.com.br\/#\/schema\/logo\/image\/","url":"https:\/\/blogdofarnesio.com.br\/wp-content\/uploads\/2026\/03\/cropped-logo_new-1.png","contentUrl":"https:\/\/blogdofarnesio.com.br\/wp-content\/uploads\/2026\/03\/cropped-logo_new-1.png","width":881,"height":685,"caption":"Blog do Farn\u00e9sio"},"image":{"@id":"https:\/\/blogdofarnesio.com.br\/#\/schema\/logo\/image\/"},"sameAs":["https:\/\/www.facebook.com\/BlogQuerSaberPolitica\/"]},{"@type":"Person","@id":"https:\/\/blogdofarnesio.com.br\/#\/schema\/person\/dd1bf5eba40b687199ba45ca6b97dff9","name":"teste","image":{"@type":"ImageObject","inLanguage":"pt-BR","@id":"https:\/\/secure.gravatar.com\/avatar\/2172498d4914b51e1d89a0f97957b035ac4938723a5cac208135d389b6972a6d?s=96&d=mm&r=g","url":"https:\/\/secure.gravatar.com\/avatar\/2172498d4914b51e1d89a0f97957b035ac4938723a5cac208135d389b6972a6d?s=96&d=mm&r=g","contentUrl":"https:\/\/secure.gravatar.com\/avatar\/2172498d4914b51e1d89a0f97957b035ac4938723a5cac208135d389b6972a6d?s=96&d=mm&r=g","caption":"teste"},"url":"https:\/\/blogdofarnesio.com.br\/?author=3"}]}},"_links":{"self":[{"href":"https:\/\/blogdofarnesio.com.br\/index.php?rest_route=\/wp\/v2\/posts\/95231","targetHints":{"allow":["GET"]}}],"collection":[{"href":"https:\/\/blogdofarnesio.com.br\/index.php?rest_route=\/wp\/v2\/posts"}],"about":[{"href":"https:\/\/blogdofarnesio.com.br\/index.php?rest_route=\/wp\/v2\/types\/post"}],"author":[{"embeddable":true,"href":"https:\/\/blogdofarnesio.com.br\/index.php?rest_route=\/wp\/v2\/users\/3"}],"replies":[{"embeddable":true,"href":"https:\/\/blogdofarnesio.com.br\/index.php?rest_route=%2Fwp%2Fv2%2Fcomments&post=95231"}],"version-history":[{"count":0,"href":"https:\/\/blogdofarnesio.com.br\/index.php?rest_route=\/wp\/v2\/posts\/95231\/revisions"}],"wp:attachment":[{"href":"https:\/\/blogdofarnesio.com.br\/index.php?rest_route=%2Fwp%2Fv2%2Fmedia&parent=95231"}],"wp:term":[{"taxonomy":"category","embeddable":true,"href":"https:\/\/blogdofarnesio.com.br\/index.php?rest_route=%2Fwp%2Fv2%2Fcategories&post=95231"},{"taxonomy":"post_tag","embeddable":true,"href":"https:\/\/blogdofarnesio.com.br\/index.php?rest_route=%2Fwp%2Fv2%2Ftags&post=95231"}],"curies":[{"name":"wp","href":"https:\/\/api.w.org\/{rel}","templated":true}]}}