{"id":95227,"date":"2014-08-14T13:00:29","date_gmt":"2014-08-14T16:00:29","guid":{"rendered":"http:\/\/www.quersaberpolitica.com.br\/?p=95227"},"modified":"2014-08-14T10:30:51","modified_gmt":"2014-08-14T13:30:51","slug":"politicos-lamentam-morte-de-eduardo-campos","status":"publish","type":"post","link":"https:\/\/blogdofarnesio.com.br\/?p=95227","title":{"rendered":"POL\u00cdTICOS LAMENTAM MORTE DE EDUARDO CAMPOS"},"content":{"rendered":"<div style=\"text-align: justify\">\n<h2><a title=\"Pol\u00edticos lamentam morte de Eduardo Campos\" href=\"http:\/\/www.folhape.com.br\/blogdafolha\/?p=176997\" rel=\"bookmark\">\u00a0<\/a><\/h2>\n<div>\n<div><a href=\"http:\/\/www.quersaberpolitica.com.br\/2016\/wp-content\/uploads\/2013\/02\/blogqsplutocristo.jpg\"><img loading=\"lazy\" decoding=\"async\" class=\"aligncenter size-full wp-image-27613\" alt=\"blogqsplutocristo\" src=\"http:\/\/www.quersaberpolitica.com.br\/2016\/wp-content\/uploads\/2013\/02\/blogqsplutocristo.jpg\" width=\"216\" height=\"234\" \/><\/a>V\u00e1rios pol\u00edticos lamentaram a morte do ex-governador Eduardo Campos (PSB), v\u00edtima de um acidente a\u00e9reo nesta quarta-feira (13), na cidade de Santos, em S\u00e3o Paulo. Figuras p\u00fablicas de legendas advers\u00e1rias, como o senador e postulante ao governo do Estado, Armando Monteiro (PSB), se sensibilizaram com a not\u00edcia da morte do l\u00edder do PSB.<\/div>\n<\/div>\n<\/div>\n<div style=\"text-align: justify\">\n<p>Confira alguns depoimentos:<\/p>\n<p><strong><em>Paulo C\u00e2mara (PSB)<\/em><\/strong><br \/>\n\u201cUm momento muito triste, de muita dor. Eduardo, junto com outros passageiros que estavam no avi\u00e3o, eram pessoas amigas. A gente sente muito essa perda. Uma pessoa que ensinou muito. Foi meu amigo. Falei com ele no domingo, estivemos juntos, gravamos jutos. Estamos juntos, vamos continuar juntos\u201d<\/p>\n<p><strong><em>Ex-ministro Fernando Bezerra Coelho (PSB)<\/em><\/strong><br \/>\n\u201cUm profundo sentimento de tristeza se repete neste 13 de agosto. No exato dia em que completamos nove anos sem a presen\u00e7a de Miguel Arraes, perdemos tamb\u00e9m Eduardo Campos. Perco um amigo querido, que sempre me entusiasmou a enfrentar os desafios com coragem e determina\u00e7\u00e3o. Eduardo era, sem d\u00favida, a mais promissora lideran\u00e7a pol\u00edtica do Brasil. Tinha grandes sonhos e garra suficiente para torn\u00e1-los realidade\u201d<\/p>\n<p><strong><em>Senador Beto Albuquerque (PSB)<\/em><\/strong><br \/>\n\u201cQuanta dor, meu Deus. Dor igual s\u00f3 senti quando perdi meu filho Pietro. Perdi um irm\u00e3o, um l\u00edder, um guia. Que Deus guie Renata e seus filhos\u201d<\/p>\n<p><strong><em>Senadora L\u00eddice da Mata (PSB)<\/em><\/strong><br \/>\n\u201cEduardo Campos significava a esperan\u00e7a na constru\u00e7\u00e3o de novo Pa\u00eds. Estamos chocados n\u00e3o s\u00f3 porque perdemos uma grande lideran\u00e7a perdemos um grande amigo\u201d<\/p>\n<p><strong><em>Deputado federal Rom\u00e1rio (PSB)<\/em><\/strong><br \/>\n\u201cH\u00e1 pouco confirmaram os nomes de todos que estavam no jato que vitimou Eduardo Campos. Entre eles estava Pedro Valadares Neto, grande articulador pol\u00edtico do PSB e assessor de Campos. No \u00faltimo ano, ele se tornou um amigo e me ajudou muito em algumas a\u00e7\u00f5es. Sentirei sua falta\u201d<\/p>\n<p><strong><em>Senador Humberto Costa (PT)<\/em><\/strong><br \/>\n\u201cEduardo deixa uma lacuna enorme para o Brasil e, especialmente, para Pernambuco. Sua morte prematura \u00e9 um epis\u00f3dio de muita tristeza para todos n\u00f3s. Quero levar minhas condol\u00eancias aos pernambucanos, a Renata, aos filhos do casal e a toda a fam\u00edlia. Essa \u00e9, sem d\u00favida, uma das maiores como\u00e7\u00f5es da nossa hist\u00f3ria recente. Meus sentimentos de pesar, tamb\u00e9m, aos familiares das demais v\u00edtimas, tr\u00eas das quais, meus amigos pessoais. Solidariedade na travessia deste momento de tanta dor\u201d<\/p>\n<p><strong><em>Senador Armando Monteiro (PTB)<\/em><\/strong><br \/>\n\u201cNesse momento de grande tristeza que se abateu no cora\u00e7\u00e3o de todos os pernambucanos, o meu sentimento mais profundo se volta para a fam\u00edlia de Eduardo Campos. A perda para Renata, sua esposa, e para seus filhos Maria Eduarda, Jo\u00e3o, Pedro, Jos\u00e9 e do pequenino Miguel, \u00e9 inestim\u00e1vel. Guerreira como ele, certamente ela saber\u00e1 encontrar for\u00e7as para superar tamanha dor e sofrimento. Dirijo especialmente a eles a minha solidariedade, de M\u00f4nica e da minha fam\u00edlia nesse momento t\u00e3o triste\u201d<\/p>\n<p><strong><em>Deputado Federal Jo\u00e3o Paulo (PT)<\/em><\/strong><br \/>\n\u201cNeste momento de imensa tristeza, gostaria de enviar minhas condol\u00eancias \u00e0 fam\u00edlia do ex-governador\u201d<\/p>\n<\/div>\n","protected":false},"excerpt":{"rendered":"<p>\u00a0 V\u00e1rios pol\u00edticos lamentaram a morte do ex-governador Eduardo Campos (PSB), v\u00edtima de um acidente a\u00e9reo nesta quarta-feira (13), na cidade de Santos, em S\u00e3o Paulo. Figuras p\u00fablicas de legendas advers\u00e1rias, como o senador e postulante ao governo do Estado, Armando Monteiro (PSB), se sensibilizaram com a not\u00edcia da morte do l\u00edder do PSB. Confira alguns depoimentos: Paulo C\u00e2mara (PSB) \u201cUm momento muito triste, de muita dor. Eduardo, junto com outros passageiros que estavam no avi\u00e3o, eram pessoas amigas. A gente sente muito essa perda. Uma pessoa que ensinou muito. Foi meu amigo. Falei com ele no domingo, estivemos juntos, gravamos jutos. Estamos juntos, vamos continuar juntos\u201d Ex-ministro Fernando Bezerra Coelho (PSB) \u201cUm profundo sentimento de tristeza se repete neste&hellip; <\/p>\n","protected":false},"author":3,"featured_media":0,"comment_status":"open","ping_status":"open","sticky":false,"template":"","format":"standard","meta":{"_acf_changed":false,"footnotes":""},"categories":[1],"tags":[],"class_list":["post-95227","post","type-post","status-publish","format-standard","hentry","category-politica"],"acf":[],"yoast_head":"<!-- This site is optimized with the Yoast SEO plugin v27.4 - https:\/\/yoast.com\/product\/yoast-seo-wordpress\/ -->\n<title>POL\u00cdTICOS LAMENTAM MORTE DE EDUARDO CAMPOS - Blog do Farn\u00e9sio<\/title>\n<meta name=\"robots\" content=\"index, follow, max-snippet:-1, max-image-preview:large, max-video-preview:-1\" \/>\n<link rel=\"canonical\" href=\"https:\/\/blogdofarnesio.com.br\/?p=95227\" \/>\n<meta property=\"og:locale\" content=\"pt_BR\" \/>\n<meta property=\"og:type\" content=\"article\" \/>\n<meta property=\"og:title\" content=\"POL\u00cdTICOS LAMENTAM MORTE DE EDUARDO CAMPOS - Blog do Farn\u00e9sio\" \/>\n<meta property=\"og:description\" content=\"\u00a0 V\u00e1rios pol\u00edticos lamentaram a morte do ex-governador Eduardo Campos (PSB), v\u00edtima de um acidente a\u00e9reo nesta quarta-feira (13), na cidade de Santos, em S\u00e3o Paulo. Figuras p\u00fablicas de legendas advers\u00e1rias, como o senador e postulante ao governo do Estado, Armando Monteiro (PSB), se sensibilizaram com a not\u00edcia da morte do l\u00edder do PSB. Confira alguns depoimentos: Paulo C\u00e2mara (PSB) \u201cUm momento muito triste, de muita dor. Eduardo, junto com outros passageiros que estavam no avi\u00e3o, eram pessoas amigas. A gente sente muito essa perda. Uma pessoa que ensinou muito. Foi meu amigo. Falei com ele no domingo, estivemos juntos, gravamos jutos. Estamos juntos, vamos continuar juntos\u201d Ex-ministro Fernando Bezerra Coelho (PSB) \u201cUm profundo sentimento de tristeza se repete neste&hellip;\" \/>\n<meta property=\"og:url\" content=\"https:\/\/blogdofarnesio.com.br\/?p=95227\" \/>\n<meta property=\"og:site_name\" content=\"Blog do Farn\u00e9sio\" \/>\n<meta property=\"article:publisher\" content=\"https:\/\/www.facebook.com\/BlogQuerSaberPolitica\/\" \/>\n<meta property=\"article:published_time\" content=\"2014-08-14T16:00:29+00:00\" \/>\n<meta property=\"og:image\" content=\"http:\/\/www.quersaberpolitica.com.br\/2016\/wp-content\/uploads\/2013\/02\/blogqsplutocristo.jpg\" \/>\n<meta name=\"author\" content=\"teste\" \/>\n<meta name=\"twitter:card\" content=\"summary_large_image\" \/>\n<meta name=\"twitter:label1\" content=\"Escrito por\" \/>\n\t<meta name=\"twitter:data1\" content=\"teste\" \/>\n\t<meta name=\"twitter:label2\" content=\"Est. tempo de leitura\" \/>\n\t<meta name=\"twitter:data2\" content=\"3 minutos\" \/>\n<script type=\"application\/ld+json\" class=\"yoast-schema-graph\">{\"@context\":\"https:\\\/\\\/schema.org\",\"@graph\":[{\"@type\":\"Article\",\"@id\":\"https:\\\/\\\/blogdofarnesio.com.br\\\/?p=95227#article\",\"isPartOf\":{\"@id\":\"https:\\\/\\\/blogdofarnesio.com.br\\\/?p=95227\"},\"author\":{\"name\":\"teste\",\"@id\":\"https:\\\/\\\/blogdofarnesio.com.br\\\/#\\\/schema\\\/person\\\/dd1bf5eba40b687199ba45ca6b97dff9\"},\"headline\":\"POL\u00cdTICOS LAMENTAM MORTE DE EDUARDO CAMPOS\",\"datePublished\":\"2014-08-14T16:00:29+00:00\",\"mainEntityOfPage\":{\"@id\":\"https:\\\/\\\/blogdofarnesio.com.br\\\/?p=95227\"},\"wordCount\":521,\"commentCount\":0,\"publisher\":{\"@id\":\"https:\\\/\\\/blogdofarnesio.com.br\\\/#organization\"},\"image\":{\"@id\":\"https:\\\/\\\/blogdofarnesio.com.br\\\/?p=95227#primaryimage\"},\"thumbnailUrl\":\"http:\\\/\\\/www.quersaberpolitica.com.br\\\/2016\\\/wp-content\\\/uploads\\\/2013\\\/02\\\/blogqsplutocristo.jpg\",\"articleSection\":[\"Pol\u00edtica\"],\"inLanguage\":\"pt-BR\",\"potentialAction\":[{\"@type\":\"CommentAction\",\"name\":\"Comment\",\"target\":[\"https:\\\/\\\/blogdofarnesio.com.br\\\/?p=95227#respond\"]}]},{\"@type\":\"WebPage\",\"@id\":\"https:\\\/\\\/blogdofarnesio.com.br\\\/?p=95227\",\"url\":\"https:\\\/\\\/blogdofarnesio.com.br\\\/?p=95227\",\"name\":\"POL\u00cdTICOS LAMENTAM MORTE DE EDUARDO CAMPOS - Blog do Farn\u00e9sio\",\"isPartOf\":{\"@id\":\"https:\\\/\\\/blogdofarnesio.com.br\\\/#website\"},\"primaryImageOfPage\":{\"@id\":\"https:\\\/\\\/blogdofarnesio.com.br\\\/?p=95227#primaryimage\"},\"image\":{\"@id\":\"https:\\\/\\\/blogdofarnesio.com.br\\\/?p=95227#primaryimage\"},\"thumbnailUrl\":\"http:\\\/\\\/www.quersaberpolitica.com.br\\\/2016\\\/wp-content\\\/uploads\\\/2013\\\/02\\\/blogqsplutocristo.jpg\",\"datePublished\":\"2014-08-14T16:00:29+00:00\",\"breadcrumb\":{\"@id\":\"https:\\\/\\\/blogdofarnesio.com.br\\\/?p=95227#breadcrumb\"},\"inLanguage\":\"pt-BR\",\"potentialAction\":[{\"@type\":\"ReadAction\",\"target\":[\"https:\\\/\\\/blogdofarnesio.com.br\\\/?p=95227\"]}]},{\"@type\":\"ImageObject\",\"inLanguage\":\"pt-BR\",\"@id\":\"https:\\\/\\\/blogdofarnesio.com.br\\\/?p=95227#primaryimage\",\"url\":\"http:\\\/\\\/www.quersaberpolitica.com.br\\\/2016\\\/wp-content\\\/uploads\\\/2013\\\/02\\\/blogqsplutocristo.jpg\",\"contentUrl\":\"http:\\\/\\\/www.quersaberpolitica.com.br\\\/2016\\\/wp-content\\\/uploads\\\/2013\\\/02\\\/blogqsplutocristo.jpg\"},{\"@type\":\"BreadcrumbList\",\"@id\":\"https:\\\/\\\/blogdofarnesio.com.br\\\/?p=95227#breadcrumb\",\"itemListElement\":[{\"@type\":\"ListItem\",\"position\":1,\"name\":\"In\u00edcio\",\"item\":\"https:\\\/\\\/blogdofarnesio.com.br\\\/\"},{\"@type\":\"ListItem\",\"position\":2,\"name\":\"POL\u00cdTICOS LAMENTAM MORTE DE EDUARDO CAMPOS\"}]},{\"@type\":\"WebSite\",\"@id\":\"https:\\\/\\\/blogdofarnesio.com.br\\\/#website\",\"url\":\"https:\\\/\\\/blogdofarnesio.com.br\\\/\",\"name\":\"Blog do Farn\u00e9sio\",\"description\":\"Quer Saber Pol\u00edtica?\",\"publisher\":{\"@id\":\"https:\\\/\\\/blogdofarnesio.com.br\\\/#organization\"},\"potentialAction\":[{\"@type\":\"SearchAction\",\"target\":{\"@type\":\"EntryPoint\",\"urlTemplate\":\"https:\\\/\\\/blogdofarnesio.com.br\\\/?s={search_term_string}\"},\"query-input\":{\"@type\":\"PropertyValueSpecification\",\"valueRequired\":true,\"valueName\":\"search_term_string\"}}],\"inLanguage\":\"pt-BR\"},{\"@type\":\"Organization\",\"@id\":\"https:\\\/\\\/blogdofarnesio.com.br\\\/#organization\",\"name\":\"Blog do Farn\u00e9sio\",\"url\":\"https:\\\/\\\/blogdofarnesio.com.br\\\/\",\"logo\":{\"@type\":\"ImageObject\",\"inLanguage\":\"pt-BR\",\"@id\":\"https:\\\/\\\/blogdofarnesio.com.br\\\/#\\\/schema\\\/logo\\\/image\\\/\",\"url\":\"https:\\\/\\\/blogdofarnesio.com.br\\\/wp-content\\\/uploads\\\/2026\\\/03\\\/cropped-logo_new-1.png\",\"contentUrl\":\"https:\\\/\\\/blogdofarnesio.com.br\\\/wp-content\\\/uploads\\\/2026\\\/03\\\/cropped-logo_new-1.png\",\"width\":881,\"height\":685,\"caption\":\"Blog do Farn\u00e9sio\"},\"image\":{\"@id\":\"https:\\\/\\\/blogdofarnesio.com.br\\\/#\\\/schema\\\/logo\\\/image\\\/\"},\"sameAs\":[\"https:\\\/\\\/www.facebook.com\\\/BlogQuerSaberPolitica\\\/\"]},{\"@type\":\"Person\",\"@id\":\"https:\\\/\\\/blogdofarnesio.com.br\\\/#\\\/schema\\\/person\\\/dd1bf5eba40b687199ba45ca6b97dff9\",\"name\":\"teste\",\"image\":{\"@type\":\"ImageObject\",\"inLanguage\":\"pt-BR\",\"@id\":\"https:\\\/\\\/secure.gravatar.com\\\/avatar\\\/2172498d4914b51e1d89a0f97957b035ac4938723a5cac208135d389b6972a6d?s=96&d=mm&r=g\",\"url\":\"https:\\\/\\\/secure.gravatar.com\\\/avatar\\\/2172498d4914b51e1d89a0f97957b035ac4938723a5cac208135d389b6972a6d?s=96&d=mm&r=g\",\"contentUrl\":\"https:\\\/\\\/secure.gravatar.com\\\/avatar\\\/2172498d4914b51e1d89a0f97957b035ac4938723a5cac208135d389b6972a6d?s=96&d=mm&r=g\",\"caption\":\"teste\"},\"url\":\"https:\\\/\\\/blogdofarnesio.com.br\\\/?author=3\"}]}<\/script>\n<!-- \/ Yoast SEO plugin. -->","yoast_head_json":{"title":"POL\u00cdTICOS LAMENTAM MORTE DE EDUARDO CAMPOS - Blog do Farn\u00e9sio","robots":{"index":"index","follow":"follow","max-snippet":"max-snippet:-1","max-image-preview":"max-image-preview:large","max-video-preview":"max-video-preview:-1"},"canonical":"https:\/\/blogdofarnesio.com.br\/?p=95227","og_locale":"pt_BR","og_type":"article","og_title":"POL\u00cdTICOS LAMENTAM MORTE DE EDUARDO CAMPOS - Blog do Farn\u00e9sio","og_description":"\u00a0 V\u00e1rios pol\u00edticos lamentaram a morte do ex-governador Eduardo Campos (PSB), v\u00edtima de um acidente a\u00e9reo nesta quarta-feira (13), na cidade de Santos, em S\u00e3o Paulo. Figuras p\u00fablicas de legendas advers\u00e1rias, como o senador e postulante ao governo do Estado, Armando Monteiro (PSB), se sensibilizaram com a not\u00edcia da morte do l\u00edder do PSB. Confira alguns depoimentos: Paulo C\u00e2mara (PSB) \u201cUm momento muito triste, de muita dor. Eduardo, junto com outros passageiros que estavam no avi\u00e3o, eram pessoas amigas. A gente sente muito essa perda. Uma pessoa que ensinou muito. Foi meu amigo. Falei com ele no domingo, estivemos juntos, gravamos jutos. Estamos juntos, vamos continuar juntos\u201d Ex-ministro Fernando Bezerra Coelho (PSB) \u201cUm profundo sentimento de tristeza se repete neste&hellip;","og_url":"https:\/\/blogdofarnesio.com.br\/?p=95227","og_site_name":"Blog do Farn\u00e9sio","article_publisher":"https:\/\/www.facebook.com\/BlogQuerSaberPolitica\/","article_published_time":"2014-08-14T16:00:29+00:00","og_image":[{"url":"http:\/\/www.quersaberpolitica.com.br\/2016\/wp-content\/uploads\/2013\/02\/blogqsplutocristo.jpg","type":"","width":"","height":""}],"author":"teste","twitter_card":"summary_large_image","twitter_misc":{"Escrito por":"teste","Est. tempo de leitura":"3 minutos"},"schema":{"@context":"https:\/\/schema.org","@graph":[{"@type":"Article","@id":"https:\/\/blogdofarnesio.com.br\/?p=95227#article","isPartOf":{"@id":"https:\/\/blogdofarnesio.com.br\/?p=95227"},"author":{"name":"teste","@id":"https:\/\/blogdofarnesio.com.br\/#\/schema\/person\/dd1bf5eba40b687199ba45ca6b97dff9"},"headline":"POL\u00cdTICOS LAMENTAM MORTE DE EDUARDO CAMPOS","datePublished":"2014-08-14T16:00:29+00:00","mainEntityOfPage":{"@id":"https:\/\/blogdofarnesio.com.br\/?p=95227"},"wordCount":521,"commentCount":0,"publisher":{"@id":"https:\/\/blogdofarnesio.com.br\/#organization"},"image":{"@id":"https:\/\/blogdofarnesio.com.br\/?p=95227#primaryimage"},"thumbnailUrl":"http:\/\/www.quersaberpolitica.com.br\/2016\/wp-content\/uploads\/2013\/02\/blogqsplutocristo.jpg","articleSection":["Pol\u00edtica"],"inLanguage":"pt-BR","potentialAction":[{"@type":"CommentAction","name":"Comment","target":["https:\/\/blogdofarnesio.com.br\/?p=95227#respond"]}]},{"@type":"WebPage","@id":"https:\/\/blogdofarnesio.com.br\/?p=95227","url":"https:\/\/blogdofarnesio.com.br\/?p=95227","name":"POL\u00cdTICOS LAMENTAM MORTE DE EDUARDO CAMPOS - Blog do Farn\u00e9sio","isPartOf":{"@id":"https:\/\/blogdofarnesio.com.br\/#website"},"primaryImageOfPage":{"@id":"https:\/\/blogdofarnesio.com.br\/?p=95227#primaryimage"},"image":{"@id":"https:\/\/blogdofarnesio.com.br\/?p=95227#primaryimage"},"thumbnailUrl":"http:\/\/www.quersaberpolitica.com.br\/2016\/wp-content\/uploads\/2013\/02\/blogqsplutocristo.jpg","datePublished":"2014-08-14T16:00:29+00:00","breadcrumb":{"@id":"https:\/\/blogdofarnesio.com.br\/?p=95227#breadcrumb"},"inLanguage":"pt-BR","potentialAction":[{"@type":"ReadAction","target":["https:\/\/blogdofarnesio.com.br\/?p=95227"]}]},{"@type":"ImageObject","inLanguage":"pt-BR","@id":"https:\/\/blogdofarnesio.com.br\/?p=95227#primaryimage","url":"http:\/\/www.quersaberpolitica.com.br\/2016\/wp-content\/uploads\/2013\/02\/blogqsplutocristo.jpg","contentUrl":"http:\/\/www.quersaberpolitica.com.br\/2016\/wp-content\/uploads\/2013\/02\/blogqsplutocristo.jpg"},{"@type":"BreadcrumbList","@id":"https:\/\/blogdofarnesio.com.br\/?p=95227#breadcrumb","itemListElement":[{"@type":"ListItem","position":1,"name":"In\u00edcio","item":"https:\/\/blogdofarnesio.com.br\/"},{"@type":"ListItem","position":2,"name":"POL\u00cdTICOS LAMENTAM MORTE DE EDUARDO CAMPOS"}]},{"@type":"WebSite","@id":"https:\/\/blogdofarnesio.com.br\/#website","url":"https:\/\/blogdofarnesio.com.br\/","name":"Blog do Farn\u00e9sio","description":"Quer Saber Pol\u00edtica?","publisher":{"@id":"https:\/\/blogdofarnesio.com.br\/#organization"},"potentialAction":[{"@type":"SearchAction","target":{"@type":"EntryPoint","urlTemplate":"https:\/\/blogdofarnesio.com.br\/?s={search_term_string}"},"query-input":{"@type":"PropertyValueSpecification","valueRequired":true,"valueName":"search_term_string"}}],"inLanguage":"pt-BR"},{"@type":"Organization","@id":"https:\/\/blogdofarnesio.com.br\/#organization","name":"Blog do Farn\u00e9sio","url":"https:\/\/blogdofarnesio.com.br\/","logo":{"@type":"ImageObject","inLanguage":"pt-BR","@id":"https:\/\/blogdofarnesio.com.br\/#\/schema\/logo\/image\/","url":"https:\/\/blogdofarnesio.com.br\/wp-content\/uploads\/2026\/03\/cropped-logo_new-1.png","contentUrl":"https:\/\/blogdofarnesio.com.br\/wp-content\/uploads\/2026\/03\/cropped-logo_new-1.png","width":881,"height":685,"caption":"Blog do Farn\u00e9sio"},"image":{"@id":"https:\/\/blogdofarnesio.com.br\/#\/schema\/logo\/image\/"},"sameAs":["https:\/\/www.facebook.com\/BlogQuerSaberPolitica\/"]},{"@type":"Person","@id":"https:\/\/blogdofarnesio.com.br\/#\/schema\/person\/dd1bf5eba40b687199ba45ca6b97dff9","name":"teste","image":{"@type":"ImageObject","inLanguage":"pt-BR","@id":"https:\/\/secure.gravatar.com\/avatar\/2172498d4914b51e1d89a0f97957b035ac4938723a5cac208135d389b6972a6d?s=96&d=mm&r=g","url":"https:\/\/secure.gravatar.com\/avatar\/2172498d4914b51e1d89a0f97957b035ac4938723a5cac208135d389b6972a6d?s=96&d=mm&r=g","contentUrl":"https:\/\/secure.gravatar.com\/avatar\/2172498d4914b51e1d89a0f97957b035ac4938723a5cac208135d389b6972a6d?s=96&d=mm&r=g","caption":"teste"},"url":"https:\/\/blogdofarnesio.com.br\/?author=3"}]}},"_links":{"self":[{"href":"https:\/\/blogdofarnesio.com.br\/index.php?rest_route=\/wp\/v2\/posts\/95227","targetHints":{"allow":["GET"]}}],"collection":[{"href":"https:\/\/blogdofarnesio.com.br\/index.php?rest_route=\/wp\/v2\/posts"}],"about":[{"href":"https:\/\/blogdofarnesio.com.br\/index.php?rest_route=\/wp\/v2\/types\/post"}],"author":[{"embeddable":true,"href":"https:\/\/blogdofarnesio.com.br\/index.php?rest_route=\/wp\/v2\/users\/3"}],"replies":[{"embeddable":true,"href":"https:\/\/blogdofarnesio.com.br\/index.php?rest_route=%2Fwp%2Fv2%2Fcomments&post=95227"}],"version-history":[{"count":0,"href":"https:\/\/blogdofarnesio.com.br\/index.php?rest_route=\/wp\/v2\/posts\/95227\/revisions"}],"wp:attachment":[{"href":"https:\/\/blogdofarnesio.com.br\/index.php?rest_route=%2Fwp%2Fv2%2Fmedia&parent=95227"}],"wp:term":[{"taxonomy":"category","embeddable":true,"href":"https:\/\/blogdofarnesio.com.br\/index.php?rest_route=%2Fwp%2Fv2%2Fcategories&post=95227"},{"taxonomy":"post_tag","embeddable":true,"href":"https:\/\/blogdofarnesio.com.br\/index.php?rest_route=%2Fwp%2Fv2%2Ftags&post=95227"}],"curies":[{"name":"wp","href":"https:\/\/api.w.org\/{rel}","templated":true}]}}