{"id":95208,"date":"2014-08-14T12:00:56","date_gmt":"2014-08-14T15:00:56","guid":{"rendered":"http:\/\/www.quersaberpolitica.com.br\/?p=95208"},"modified":"2014-08-14T09:53:15","modified_gmt":"2014-08-14T12:53:15","slug":"joseph-bandeira-nem-um-rio-sao-francisco-de-lagrimas-poderia-aplacar-a-dor-da-saudade","status":"publish","type":"post","link":"https:\/\/blogdofarnesio.com.br\/?p=95208","title":{"rendered":"JOSEPH BANDEIRA: &#8220;NEM UM RIO S\u00c3O FRANCISCO DE L\u00c1GRIMAS&#8230;PODERIA APLACAR A DOR DA SAUDADE&#8221;"},"content":{"rendered":"<p style=\"text-align: justify\"><a href=\"http:\/\/www.quersaberpolitica.com.br\/2016\/wp-content\/uploads\/2013\/08\/joseph.jpg\"><img loading=\"lazy\" decoding=\"async\" class=\"alignleft size-medium wp-image-54881\" alt=\"joseph\" src=\"http:\/\/www.quersaberpolitica.com.br\/2016\/wp-content\/uploads\/2013\/08\/joseph-300x216.jpg\" width=\"300\" height=\"216\" srcset=\"https:\/\/blogdofarnesio.com.br\/wp-content\/uploads\/2013\/08\/joseph-300x216.jpg 300w, https:\/\/blogdofarnesio.com.br\/wp-content\/uploads\/2013\/08\/joseph-416x300.jpg 416w, https:\/\/blogdofarnesio.com.br\/wp-content\/uploads\/2013\/08\/joseph.jpg 600w\" sizes=\"auto, (max-width: 300px) 100vw, 300px\" \/><\/a>Nesta quinta-feira (14) o ex- prefeito de Juazeiro e agora candidato a deputado Federal pelo Partido Socialista Brasileiro (PSB), participou do programa Bastidores da not\u00edcia, ainda consternado pelo acidente a\u00e9reo ocorrido ontem, que resultou na morte do presidenci\u00e1vel, Eduardo Campos. Segundo ele \u00a0\u2018foi uma coisa absolutamente inesperada e absolutamente tr\u00e1gica\u2019. Bandeira descreveu o l\u00edder do PSB como uma pessoa que estava disposta a mudar o pa\u00eds e que alcan\u00e7aria muito sucesso em sua vida pol\u00edtica por causa de sua conduta.<\/p>\n<p style=\"text-align: justify\">\u201cEu diria que nem um Rio S\u00e3o Francisco de l\u00e1grimas rasgando o cora\u00e7\u00e3o do Brasil, cora\u00e7\u00e3o que \u00e9 nordestino principalmente, atravessando-o como uma lan\u00e7a de dor o peito de Pernambuco e Bahia, Juazeiro e Petrolina, poderia aplacar, pelo menos temporariamente esta dor da saudade e esse sentimento de perda irrepar\u00e1vel.\u201d Discorreu.<\/p>\n<p style=\"text-align: justify\">Joseph Bandeira critica a exposi\u00e7\u00e3o de fotos da cena do acidente que circulam pela internet e salienta que \u00e9 melhor guardar a lembran\u00e7a da imagem do sorrido de Eduardo Campos que mostrar \u2018a trag\u00e9dia pelas entranhas\u2019. Ele assegura que apesar da morte do presidenci\u00e1vel, n\u00e3o perdeu as esperan\u00e7as e destaca que a candidata a vice-presid\u00eancia, Marina Silva tem grandes chances de ser eleita.<\/p>\n<p style=\"text-align: justify\">Questionado por uma eleitora sobre a validade de sua candidatura, Bandeira afirmou: \u201cEu sou candidat\u00edssimo&#8221;. Ele diz que apesar de n\u00e3o ter ido ao programa em campanha pol\u00edtica assegura que est\u00e1 na disputa pelo cargo de deputado federal. \u201cO meio de me tirar da pol\u00edtica \u00e9 me convencer de n\u00e3o sair mais candidato, \u00e9 o povo dizer na pesquisa que n\u00e3o vai votar em Bandeira por que ele tem cinco pontos, mas eu tenho cinquenta pontos, o povo quer e eu entendo que quando o povo quer \u00e9 a voz de Deus, pois a voz de Deus \u00e9 a voz do povo.\u201d Ratificou.<\/p>\n","protected":false},"excerpt":{"rendered":"<p>Nesta quinta-feira (14) o ex- prefeito de Juazeiro e agora candidato a deputado Federal pelo Partido Socialista Brasileiro (PSB), participou do programa Bastidores da not\u00edcia, ainda consternado pelo acidente a\u00e9reo ocorrido ontem, que resultou na morte do presidenci\u00e1vel, Eduardo Campos. Segundo ele \u00a0\u2018foi uma coisa absolutamente inesperada e absolutamente tr\u00e1gica\u2019. Bandeira descreveu o l\u00edder do PSB como uma pessoa que estava disposta a mudar o pa\u00eds e que alcan\u00e7aria muito sucesso em sua vida pol\u00edtica por causa de sua conduta. \u201cEu diria que nem um Rio S\u00e3o Francisco de l\u00e1grimas rasgando o cora\u00e7\u00e3o do Brasil, cora\u00e7\u00e3o que \u00e9 nordestino principalmente, atravessando-o como uma lan\u00e7a de dor o peito de Pernambuco e Bahia, Juazeiro e Petrolina, poderia aplacar, pelo menos temporariamente&hellip; <\/p>\n","protected":false},"author":3,"featured_media":0,"comment_status":"open","ping_status":"open","sticky":false,"template":"","format":"standard","meta":{"_acf_changed":false,"footnotes":""},"categories":[32,1],"tags":[],"class_list":["post-95208","post","type-post","status-publish","format-standard","hentry","category-costumes","category-politica"],"acf":[],"yoast_head":"<!-- This site is optimized with the Yoast SEO plugin v27.4 - https:\/\/yoast.com\/product\/yoast-seo-wordpress\/ -->\n<title>JOSEPH BANDEIRA: &quot;NEM UM RIO S\u00c3O FRANCISCO DE L\u00c1GRIMAS...PODERIA APLACAR A DOR DA SAUDADE&quot; - Blog do Farn\u00e9sio<\/title>\n<meta name=\"robots\" content=\"index, follow, max-snippet:-1, max-image-preview:large, max-video-preview:-1\" \/>\n<link rel=\"canonical\" href=\"https:\/\/blogdofarnesio.com.br\/?p=95208\" \/>\n<meta property=\"og:locale\" content=\"pt_BR\" \/>\n<meta property=\"og:type\" content=\"article\" \/>\n<meta property=\"og:title\" content=\"JOSEPH BANDEIRA: &quot;NEM UM RIO S\u00c3O FRANCISCO DE L\u00c1GRIMAS...PODERIA APLACAR A DOR DA SAUDADE&quot; - Blog do Farn\u00e9sio\" \/>\n<meta property=\"og:description\" content=\"Nesta quinta-feira (14) o ex- prefeito de Juazeiro e agora candidato a deputado Federal pelo Partido Socialista Brasileiro (PSB), participou do programa Bastidores da not\u00edcia, ainda consternado pelo acidente a\u00e9reo ocorrido ontem, que resultou na morte do presidenci\u00e1vel, Eduardo Campos. Segundo ele \u00a0\u2018foi uma coisa absolutamente inesperada e absolutamente tr\u00e1gica\u2019. Bandeira descreveu o l\u00edder do PSB como uma pessoa que estava disposta a mudar o pa\u00eds e que alcan\u00e7aria muito sucesso em sua vida pol\u00edtica por causa de sua conduta. \u201cEu diria que nem um Rio S\u00e3o Francisco de l\u00e1grimas rasgando o cora\u00e7\u00e3o do Brasil, cora\u00e7\u00e3o que \u00e9 nordestino principalmente, atravessando-o como uma lan\u00e7a de dor o peito de Pernambuco e Bahia, Juazeiro e Petrolina, poderia aplacar, pelo menos temporariamente&hellip;\" \/>\n<meta property=\"og:url\" content=\"https:\/\/blogdofarnesio.com.br\/?p=95208\" \/>\n<meta property=\"og:site_name\" content=\"Blog do Farn\u00e9sio\" \/>\n<meta property=\"article:publisher\" content=\"https:\/\/www.facebook.com\/BlogQuerSaberPolitica\/\" \/>\n<meta property=\"article:published_time\" content=\"2014-08-14T15:00:56+00:00\" \/>\n<meta property=\"og:image\" content=\"http:\/\/www.quersaberpolitica.com.br\/2016\/wp-content\/uploads\/2013\/08\/joseph-300x216.jpg\" \/>\n<meta name=\"author\" content=\"teste\" \/>\n<meta name=\"twitter:card\" content=\"summary_large_image\" \/>\n<meta name=\"twitter:label1\" content=\"Escrito por\" \/>\n\t<meta name=\"twitter:data1\" content=\"teste\" \/>\n\t<meta name=\"twitter:label2\" content=\"Est. tempo de leitura\" \/>\n\t<meta name=\"twitter:data2\" content=\"2 minutos\" \/>\n<script type=\"application\/ld+json\" class=\"yoast-schema-graph\">{\"@context\":\"https:\\\/\\\/schema.org\",\"@graph\":[{\"@type\":\"Article\",\"@id\":\"https:\\\/\\\/blogdofarnesio.com.br\\\/?p=95208#article\",\"isPartOf\":{\"@id\":\"https:\\\/\\\/blogdofarnesio.com.br\\\/?p=95208\"},\"author\":{\"name\":\"teste\",\"@id\":\"https:\\\/\\\/blogdofarnesio.com.br\\\/#\\\/schema\\\/person\\\/dd1bf5eba40b687199ba45ca6b97dff9\"},\"headline\":\"JOSEPH BANDEIRA: &#8220;NEM UM RIO S\u00c3O FRANCISCO DE L\u00c1GRIMAS&#8230;PODERIA APLACAR A DOR DA SAUDADE&#8221;\",\"datePublished\":\"2014-08-14T15:00:56+00:00\",\"mainEntityOfPage\":{\"@id\":\"https:\\\/\\\/blogdofarnesio.com.br\\\/?p=95208\"},\"wordCount\":334,\"commentCount\":0,\"publisher\":{\"@id\":\"https:\\\/\\\/blogdofarnesio.com.br\\\/#organization\"},\"image\":{\"@id\":\"https:\\\/\\\/blogdofarnesio.com.br\\\/?p=95208#primaryimage\"},\"thumbnailUrl\":\"http:\\\/\\\/www.quersaberpolitica.com.br\\\/2016\\\/wp-content\\\/uploads\\\/2013\\\/08\\\/joseph-300x216.jpg\",\"articleSection\":[\"Costumes\",\"Pol\u00edtica\"],\"inLanguage\":\"pt-BR\",\"potentialAction\":[{\"@type\":\"CommentAction\",\"name\":\"Comment\",\"target\":[\"https:\\\/\\\/blogdofarnesio.com.br\\\/?p=95208#respond\"]}]},{\"@type\":\"WebPage\",\"@id\":\"https:\\\/\\\/blogdofarnesio.com.br\\\/?p=95208\",\"url\":\"https:\\\/\\\/blogdofarnesio.com.br\\\/?p=95208\",\"name\":\"JOSEPH BANDEIRA: \\\"NEM UM RIO S\u00c3O FRANCISCO DE L\u00c1GRIMAS...PODERIA APLACAR A DOR DA SAUDADE\\\" - Blog do Farn\u00e9sio\",\"isPartOf\":{\"@id\":\"https:\\\/\\\/blogdofarnesio.com.br\\\/#website\"},\"primaryImageOfPage\":{\"@id\":\"https:\\\/\\\/blogdofarnesio.com.br\\\/?p=95208#primaryimage\"},\"image\":{\"@id\":\"https:\\\/\\\/blogdofarnesio.com.br\\\/?p=95208#primaryimage\"},\"thumbnailUrl\":\"http:\\\/\\\/www.quersaberpolitica.com.br\\\/2016\\\/wp-content\\\/uploads\\\/2013\\\/08\\\/joseph-300x216.jpg\",\"datePublished\":\"2014-08-14T15:00:56+00:00\",\"breadcrumb\":{\"@id\":\"https:\\\/\\\/blogdofarnesio.com.br\\\/?p=95208#breadcrumb\"},\"inLanguage\":\"pt-BR\",\"potentialAction\":[{\"@type\":\"ReadAction\",\"target\":[\"https:\\\/\\\/blogdofarnesio.com.br\\\/?p=95208\"]}]},{\"@type\":\"ImageObject\",\"inLanguage\":\"pt-BR\",\"@id\":\"https:\\\/\\\/blogdofarnesio.com.br\\\/?p=95208#primaryimage\",\"url\":\"http:\\\/\\\/www.quersaberpolitica.com.br\\\/2016\\\/wp-content\\\/uploads\\\/2013\\\/08\\\/joseph-300x216.jpg\",\"contentUrl\":\"http:\\\/\\\/www.quersaberpolitica.com.br\\\/2016\\\/wp-content\\\/uploads\\\/2013\\\/08\\\/joseph-300x216.jpg\"},{\"@type\":\"BreadcrumbList\",\"@id\":\"https:\\\/\\\/blogdofarnesio.com.br\\\/?p=95208#breadcrumb\",\"itemListElement\":[{\"@type\":\"ListItem\",\"position\":1,\"name\":\"In\u00edcio\",\"item\":\"https:\\\/\\\/blogdofarnesio.com.br\\\/\"},{\"@type\":\"ListItem\",\"position\":2,\"name\":\"JOSEPH BANDEIRA: &#8220;NEM UM RIO S\u00c3O FRANCISCO DE L\u00c1GRIMAS&#8230;PODERIA APLACAR A DOR DA SAUDADE&#8221;\"}]},{\"@type\":\"WebSite\",\"@id\":\"https:\\\/\\\/blogdofarnesio.com.br\\\/#website\",\"url\":\"https:\\\/\\\/blogdofarnesio.com.br\\\/\",\"name\":\"Blog do Farn\u00e9sio\",\"description\":\"Quer Saber Pol\u00edtica?\",\"publisher\":{\"@id\":\"https:\\\/\\\/blogdofarnesio.com.br\\\/#organization\"},\"potentialAction\":[{\"@type\":\"SearchAction\",\"target\":{\"@type\":\"EntryPoint\",\"urlTemplate\":\"https:\\\/\\\/blogdofarnesio.com.br\\\/?s={search_term_string}\"},\"query-input\":{\"@type\":\"PropertyValueSpecification\",\"valueRequired\":true,\"valueName\":\"search_term_string\"}}],\"inLanguage\":\"pt-BR\"},{\"@type\":\"Organization\",\"@id\":\"https:\\\/\\\/blogdofarnesio.com.br\\\/#organization\",\"name\":\"Blog do Farn\u00e9sio\",\"url\":\"https:\\\/\\\/blogdofarnesio.com.br\\\/\",\"logo\":{\"@type\":\"ImageObject\",\"inLanguage\":\"pt-BR\",\"@id\":\"https:\\\/\\\/blogdofarnesio.com.br\\\/#\\\/schema\\\/logo\\\/image\\\/\",\"url\":\"https:\\\/\\\/blogdofarnesio.com.br\\\/wp-content\\\/uploads\\\/2026\\\/03\\\/cropped-logo_new-1.png\",\"contentUrl\":\"https:\\\/\\\/blogdofarnesio.com.br\\\/wp-content\\\/uploads\\\/2026\\\/03\\\/cropped-logo_new-1.png\",\"width\":881,\"height\":685,\"caption\":\"Blog do Farn\u00e9sio\"},\"image\":{\"@id\":\"https:\\\/\\\/blogdofarnesio.com.br\\\/#\\\/schema\\\/logo\\\/image\\\/\"},\"sameAs\":[\"https:\\\/\\\/www.facebook.com\\\/BlogQuerSaberPolitica\\\/\"]},{\"@type\":\"Person\",\"@id\":\"https:\\\/\\\/blogdofarnesio.com.br\\\/#\\\/schema\\\/person\\\/dd1bf5eba40b687199ba45ca6b97dff9\",\"name\":\"teste\",\"image\":{\"@type\":\"ImageObject\",\"inLanguage\":\"pt-BR\",\"@id\":\"https:\\\/\\\/secure.gravatar.com\\\/avatar\\\/2172498d4914b51e1d89a0f97957b035ac4938723a5cac208135d389b6972a6d?s=96&d=mm&r=g\",\"url\":\"https:\\\/\\\/secure.gravatar.com\\\/avatar\\\/2172498d4914b51e1d89a0f97957b035ac4938723a5cac208135d389b6972a6d?s=96&d=mm&r=g\",\"contentUrl\":\"https:\\\/\\\/secure.gravatar.com\\\/avatar\\\/2172498d4914b51e1d89a0f97957b035ac4938723a5cac208135d389b6972a6d?s=96&d=mm&r=g\",\"caption\":\"teste\"},\"url\":\"https:\\\/\\\/blogdofarnesio.com.br\\\/?author=3\"}]}<\/script>\n<!-- \/ Yoast SEO plugin. -->","yoast_head_json":{"title":"JOSEPH BANDEIRA: \"NEM UM RIO S\u00c3O FRANCISCO DE L\u00c1GRIMAS...PODERIA APLACAR A DOR DA SAUDADE\" - Blog do Farn\u00e9sio","robots":{"index":"index","follow":"follow","max-snippet":"max-snippet:-1","max-image-preview":"max-image-preview:large","max-video-preview":"max-video-preview:-1"},"canonical":"https:\/\/blogdofarnesio.com.br\/?p=95208","og_locale":"pt_BR","og_type":"article","og_title":"JOSEPH BANDEIRA: \"NEM UM RIO S\u00c3O FRANCISCO DE L\u00c1GRIMAS...PODERIA APLACAR A DOR DA SAUDADE\" - Blog do Farn\u00e9sio","og_description":"Nesta quinta-feira (14) o ex- prefeito de Juazeiro e agora candidato a deputado Federal pelo Partido Socialista Brasileiro (PSB), participou do programa Bastidores da not\u00edcia, ainda consternado pelo acidente a\u00e9reo ocorrido ontem, que resultou na morte do presidenci\u00e1vel, Eduardo Campos. Segundo ele \u00a0\u2018foi uma coisa absolutamente inesperada e absolutamente tr\u00e1gica\u2019. Bandeira descreveu o l\u00edder do PSB como uma pessoa que estava disposta a mudar o pa\u00eds e que alcan\u00e7aria muito sucesso em sua vida pol\u00edtica por causa de sua conduta. \u201cEu diria que nem um Rio S\u00e3o Francisco de l\u00e1grimas rasgando o cora\u00e7\u00e3o do Brasil, cora\u00e7\u00e3o que \u00e9 nordestino principalmente, atravessando-o como uma lan\u00e7a de dor o peito de Pernambuco e Bahia, Juazeiro e Petrolina, poderia aplacar, pelo menos temporariamente&hellip;","og_url":"https:\/\/blogdofarnesio.com.br\/?p=95208","og_site_name":"Blog do Farn\u00e9sio","article_publisher":"https:\/\/www.facebook.com\/BlogQuerSaberPolitica\/","article_published_time":"2014-08-14T15:00:56+00:00","og_image":[{"url":"http:\/\/www.quersaberpolitica.com.br\/2016\/wp-content\/uploads\/2013\/08\/joseph-300x216.jpg","type":"","width":"","height":""}],"author":"teste","twitter_card":"summary_large_image","twitter_misc":{"Escrito por":"teste","Est. tempo de leitura":"2 minutos"},"schema":{"@context":"https:\/\/schema.org","@graph":[{"@type":"Article","@id":"https:\/\/blogdofarnesio.com.br\/?p=95208#article","isPartOf":{"@id":"https:\/\/blogdofarnesio.com.br\/?p=95208"},"author":{"name":"teste","@id":"https:\/\/blogdofarnesio.com.br\/#\/schema\/person\/dd1bf5eba40b687199ba45ca6b97dff9"},"headline":"JOSEPH BANDEIRA: &#8220;NEM UM RIO S\u00c3O FRANCISCO DE L\u00c1GRIMAS&#8230;PODERIA APLACAR A DOR DA SAUDADE&#8221;","datePublished":"2014-08-14T15:00:56+00:00","mainEntityOfPage":{"@id":"https:\/\/blogdofarnesio.com.br\/?p=95208"},"wordCount":334,"commentCount":0,"publisher":{"@id":"https:\/\/blogdofarnesio.com.br\/#organization"},"image":{"@id":"https:\/\/blogdofarnesio.com.br\/?p=95208#primaryimage"},"thumbnailUrl":"http:\/\/www.quersaberpolitica.com.br\/2016\/wp-content\/uploads\/2013\/08\/joseph-300x216.jpg","articleSection":["Costumes","Pol\u00edtica"],"inLanguage":"pt-BR","potentialAction":[{"@type":"CommentAction","name":"Comment","target":["https:\/\/blogdofarnesio.com.br\/?p=95208#respond"]}]},{"@type":"WebPage","@id":"https:\/\/blogdofarnesio.com.br\/?p=95208","url":"https:\/\/blogdofarnesio.com.br\/?p=95208","name":"JOSEPH BANDEIRA: \"NEM UM RIO S\u00c3O FRANCISCO DE L\u00c1GRIMAS...PODERIA APLACAR A DOR DA SAUDADE\" - Blog do Farn\u00e9sio","isPartOf":{"@id":"https:\/\/blogdofarnesio.com.br\/#website"},"primaryImageOfPage":{"@id":"https:\/\/blogdofarnesio.com.br\/?p=95208#primaryimage"},"image":{"@id":"https:\/\/blogdofarnesio.com.br\/?p=95208#primaryimage"},"thumbnailUrl":"http:\/\/www.quersaberpolitica.com.br\/2016\/wp-content\/uploads\/2013\/08\/joseph-300x216.jpg","datePublished":"2014-08-14T15:00:56+00:00","breadcrumb":{"@id":"https:\/\/blogdofarnesio.com.br\/?p=95208#breadcrumb"},"inLanguage":"pt-BR","potentialAction":[{"@type":"ReadAction","target":["https:\/\/blogdofarnesio.com.br\/?p=95208"]}]},{"@type":"ImageObject","inLanguage":"pt-BR","@id":"https:\/\/blogdofarnesio.com.br\/?p=95208#primaryimage","url":"http:\/\/www.quersaberpolitica.com.br\/2016\/wp-content\/uploads\/2013\/08\/joseph-300x216.jpg","contentUrl":"http:\/\/www.quersaberpolitica.com.br\/2016\/wp-content\/uploads\/2013\/08\/joseph-300x216.jpg"},{"@type":"BreadcrumbList","@id":"https:\/\/blogdofarnesio.com.br\/?p=95208#breadcrumb","itemListElement":[{"@type":"ListItem","position":1,"name":"In\u00edcio","item":"https:\/\/blogdofarnesio.com.br\/"},{"@type":"ListItem","position":2,"name":"JOSEPH BANDEIRA: &#8220;NEM UM RIO S\u00c3O FRANCISCO DE L\u00c1GRIMAS&#8230;PODERIA APLACAR A DOR DA SAUDADE&#8221;"}]},{"@type":"WebSite","@id":"https:\/\/blogdofarnesio.com.br\/#website","url":"https:\/\/blogdofarnesio.com.br\/","name":"Blog do Farn\u00e9sio","description":"Quer Saber Pol\u00edtica?","publisher":{"@id":"https:\/\/blogdofarnesio.com.br\/#organization"},"potentialAction":[{"@type":"SearchAction","target":{"@type":"EntryPoint","urlTemplate":"https:\/\/blogdofarnesio.com.br\/?s={search_term_string}"},"query-input":{"@type":"PropertyValueSpecification","valueRequired":true,"valueName":"search_term_string"}}],"inLanguage":"pt-BR"},{"@type":"Organization","@id":"https:\/\/blogdofarnesio.com.br\/#organization","name":"Blog do Farn\u00e9sio","url":"https:\/\/blogdofarnesio.com.br\/","logo":{"@type":"ImageObject","inLanguage":"pt-BR","@id":"https:\/\/blogdofarnesio.com.br\/#\/schema\/logo\/image\/","url":"https:\/\/blogdofarnesio.com.br\/wp-content\/uploads\/2026\/03\/cropped-logo_new-1.png","contentUrl":"https:\/\/blogdofarnesio.com.br\/wp-content\/uploads\/2026\/03\/cropped-logo_new-1.png","width":881,"height":685,"caption":"Blog do Farn\u00e9sio"},"image":{"@id":"https:\/\/blogdofarnesio.com.br\/#\/schema\/logo\/image\/"},"sameAs":["https:\/\/www.facebook.com\/BlogQuerSaberPolitica\/"]},{"@type":"Person","@id":"https:\/\/blogdofarnesio.com.br\/#\/schema\/person\/dd1bf5eba40b687199ba45ca6b97dff9","name":"teste","image":{"@type":"ImageObject","inLanguage":"pt-BR","@id":"https:\/\/secure.gravatar.com\/avatar\/2172498d4914b51e1d89a0f97957b035ac4938723a5cac208135d389b6972a6d?s=96&d=mm&r=g","url":"https:\/\/secure.gravatar.com\/avatar\/2172498d4914b51e1d89a0f97957b035ac4938723a5cac208135d389b6972a6d?s=96&d=mm&r=g","contentUrl":"https:\/\/secure.gravatar.com\/avatar\/2172498d4914b51e1d89a0f97957b035ac4938723a5cac208135d389b6972a6d?s=96&d=mm&r=g","caption":"teste"},"url":"https:\/\/blogdofarnesio.com.br\/?author=3"}]}},"_links":{"self":[{"href":"https:\/\/blogdofarnesio.com.br\/index.php?rest_route=\/wp\/v2\/posts\/95208","targetHints":{"allow":["GET"]}}],"collection":[{"href":"https:\/\/blogdofarnesio.com.br\/index.php?rest_route=\/wp\/v2\/posts"}],"about":[{"href":"https:\/\/blogdofarnesio.com.br\/index.php?rest_route=\/wp\/v2\/types\/post"}],"author":[{"embeddable":true,"href":"https:\/\/blogdofarnesio.com.br\/index.php?rest_route=\/wp\/v2\/users\/3"}],"replies":[{"embeddable":true,"href":"https:\/\/blogdofarnesio.com.br\/index.php?rest_route=%2Fwp%2Fv2%2Fcomments&post=95208"}],"version-history":[{"count":0,"href":"https:\/\/blogdofarnesio.com.br\/index.php?rest_route=\/wp\/v2\/posts\/95208\/revisions"}],"wp:attachment":[{"href":"https:\/\/blogdofarnesio.com.br\/index.php?rest_route=%2Fwp%2Fv2%2Fmedia&parent=95208"}],"wp:term":[{"taxonomy":"category","embeddable":true,"href":"https:\/\/blogdofarnesio.com.br\/index.php?rest_route=%2Fwp%2Fv2%2Fcategories&post=95208"},{"taxonomy":"post_tag","embeddable":true,"href":"https:\/\/blogdofarnesio.com.br\/index.php?rest_route=%2Fwp%2Fv2%2Ftags&post=95208"}],"curies":[{"name":"wp","href":"https:\/\/api.w.org\/{rel}","templated":true}]}}