{"id":95179,"date":"2014-08-14T11:35:07","date_gmt":"2014-08-14T14:35:07","guid":{"rendered":"http:\/\/www.quersaberpolitica.com.br\/?p=95179"},"modified":"2014-08-14T09:35:42","modified_gmt":"2014-08-14T12:35:42","slug":"lidice-emociona-se-ao-ler-nota-de-pesar-sobre-a-morte-de-eduardo-campos","status":"publish","type":"post","link":"https:\/\/blogdofarnesio.com.br\/?p=95179","title":{"rendered":"L\u00cdDICE EMOCIONA-SE AO LER NOTA DE PESAR SOBRE A MORTE DE EDUARDO CAMPOS"},"content":{"rendered":"<p style=\"text-align: justify\"><b><a href=\"http:\/\/www.quersaberpolitica.com.br\/2016\/wp-content\/uploads\/2014\/08\/unnamed175.jpg\"><img loading=\"lazy\" decoding=\"async\" class=\"aligncenter size-full wp-image-95180\" alt=\"unnamed\" src=\"http:\/\/www.quersaberpolitica.com.br\/2016\/wp-content\/uploads\/2014\/08\/unnamed175.jpg\" width=\"448\" height=\"299\" srcset=\"https:\/\/blogdofarnesio.com.br\/wp-content\/uploads\/2014\/08\/unnamed175.jpg 448w, https:\/\/blogdofarnesio.com.br\/wp-content\/uploads\/2014\/08\/unnamed175-300x200.jpg 300w\" sizes=\"auto, (max-width: 448px) 100vw, 448px\" \/><\/a>A c<\/b>andidata a governadora L\u00eddice da Mata, do PSB, emocionou-se ao ler para a imprensa, nesta quarta-feira (13), uma nota de pesar do partido na Bahia pela morte de Eduardo Campos, presidente nacional e candidato \u00e0 Presid\u00eancia da Rep\u00fablica pela legenda.<\/p>\n<p style=\"text-align: justify\">Amiga pessoal de Eduardo, L\u00eddice suspendeu as atividades de sua campanha por tempo indeterminado. Ela dever\u00e1 viajar na quinta-feira para Recife (PE), para prestar solidariedade \u00e0 fam\u00edlia de Eduardo e participar do vel\u00f3rio do pol\u00edtico, que deixa mulher e cinco filhos.<\/p>\n<p style=\"text-align: justify\">L\u00eddice recordou a \u00faltima vinda de Eduardo a Salvador, na \u00faltima quinta-feira (7), quando ambos fizeram uma caminhada no Pelourinho e participaram de um bate-papo com estudantes.\u00a0&#8220;Todos estamos bastante emocionados. Eduardo esteve conosco h\u00e1 sete dias. Estava muito animado com a campanha. Nos trouxe a alegria de seu conv\u00edvio. Da sua \u00faltima passagem pela Bahia, fica a imagem da alegria, do companheirismo, fica o exemplo&#8221;, destacou.<!--more--><\/p>\n<p style=\"text-align: justify\">Ela recordou ainda os bons momentos que teve nos anos de amizade com o ex-governador de Pernambuco. &#8220;Eduardo era uma pessoa muito alegre, era um jovem, fez 49 anos no domingo passado. Ele tinha uma alegria de viver, gostava de fazer piada o tempo inteiro, brincava com nosso jeito de ser nordestino, e era muito simples no seu fazer, na sua rela\u00e7\u00e3o familiar e pol\u00edtica, muito direto, muito voltado para as preocupa\u00e7\u00f5es centrais do povo brasileiro&#8221;, disse, emocionada<\/p>\n<p style=\"text-align: justify\">Veja a \u00edntegra da nota oficial do PSB-Bahia:<\/p>\n<p style=\"text-align: justify\"><i>\u00a0<\/i><\/p>\n<p style=\"text-align: justify\"><i>Nota Oficial &#8211; PSB-Bahia<\/i><\/p>\n<p style=\"text-align: justify\"><i>\u00a0<\/i><\/p>\n<p style=\"text-align: justify\"><i>O PSB da Bahia, absolutamente consternado e perplexo com a trag\u00e9dia que envolveu o nosso presidente nacional e candidato a presidente da Rep\u00fablica, Eduardo Campos, e membros de sua equipe, declara-se em luto e suspende toda e qualquer atividade de campanha.<\/i><\/p>\n<p style=\"text-align: justify\"><i>Os socialistas baianos tinham em Eduardo Campos n\u00e3o s\u00f3 um l\u00edder de grande sabedoria, apesar de sua juventude, mas um amigo querido que somente nos \u00faltimos meses esteve seis vezes na Bahia.<\/i><\/p>\n<p style=\"text-align: justify\"><i>Nosso l\u00edder, nosso presidente, nosso candidato \u00e0 Presid\u00eancia deixa para cada socialista e tamb\u00e9m para todo povo brasileiro um legado de coragem, lucidez e compet\u00eancia que se confundem com a forma amorosa com que se relacionava com o Brasil.<\/i><\/p>\n<p style=\"text-align: justify\"><i>Sua mensagem de esperan\u00e7a e f\u00e9 no Brasil ser\u00e1 a chama que iluminar\u00e1 para sempre os nossos passos.<\/i><\/p>\n<p style=\"text-align: justify\"><i>Agradecemos as manifesta\u00e7\u00f5es de solidariedade do governador da Bahia, dos demais candidatos ao governo e de todas as autoridades que dirigiram \u00e0 nossa presidente L\u00eddice da Mata mensagens solid\u00e1rias e de conforto.<\/i><\/p>\n","protected":false},"excerpt":{"rendered":"<p>A candidata a governadora L\u00eddice da Mata, do PSB, emocionou-se ao ler para a imprensa, nesta quarta-feira (13), uma nota de pesar do partido na Bahia pela morte de Eduardo Campos, presidente nacional e candidato \u00e0 Presid\u00eancia da Rep\u00fablica pela legenda. Amiga pessoal de Eduardo, L\u00eddice suspendeu as atividades de sua campanha por tempo indeterminado. Ela dever\u00e1 viajar na quinta-feira para Recife (PE), para prestar solidariedade \u00e0 fam\u00edlia de Eduardo e participar do vel\u00f3rio do pol\u00edtico, que deixa mulher e cinco filhos. L\u00eddice recordou a \u00faltima vinda de Eduardo a Salvador, na \u00faltima quinta-feira (7), quando ambos fizeram uma caminhada no Pelourinho e participaram de um bate-papo com estudantes.\u00a0&#8220;Todos estamos bastante emocionados. Eduardo esteve conosco h\u00e1 sete dias. Estava muito&hellip; <\/p>\n","protected":false},"author":3,"featured_media":0,"comment_status":"open","ping_status":"open","sticky":false,"template":"","format":"standard","meta":{"_acf_changed":false,"footnotes":""},"categories":[30],"tags":[],"class_list":["post-95179","post","type-post","status-publish","format-standard","hentry","category-artigo"],"acf":[],"yoast_head":"<!-- This site is optimized with the Yoast SEO plugin v27.4 - https:\/\/yoast.com\/product\/yoast-seo-wordpress\/ -->\n<title>L\u00cdDICE EMOCIONA-SE AO LER NOTA DE PESAR SOBRE A MORTE DE EDUARDO CAMPOS  - Blog do Farn\u00e9sio<\/title>\n<meta name=\"robots\" content=\"index, follow, max-snippet:-1, max-image-preview:large, max-video-preview:-1\" \/>\n<link rel=\"canonical\" href=\"https:\/\/blogdofarnesio.com.br\/?p=95179\" \/>\n<meta property=\"og:locale\" content=\"pt_BR\" \/>\n<meta property=\"og:type\" content=\"article\" \/>\n<meta property=\"og:title\" content=\"L\u00cdDICE EMOCIONA-SE AO LER NOTA DE PESAR SOBRE A MORTE DE EDUARDO CAMPOS  - Blog do Farn\u00e9sio\" \/>\n<meta property=\"og:description\" content=\"A candidata a governadora L\u00eddice da Mata, do PSB, emocionou-se ao ler para a imprensa, nesta quarta-feira (13), uma nota de pesar do partido na Bahia pela morte de Eduardo Campos, presidente nacional e candidato \u00e0 Presid\u00eancia da Rep\u00fablica pela legenda. Amiga pessoal de Eduardo, L\u00eddice suspendeu as atividades de sua campanha por tempo indeterminado. Ela dever\u00e1 viajar na quinta-feira para Recife (PE), para prestar solidariedade \u00e0 fam\u00edlia de Eduardo e participar do vel\u00f3rio do pol\u00edtico, que deixa mulher e cinco filhos. L\u00eddice recordou a \u00faltima vinda de Eduardo a Salvador, na \u00faltima quinta-feira (7), quando ambos fizeram uma caminhada no Pelourinho e participaram de um bate-papo com estudantes.\u00a0&#8220;Todos estamos bastante emocionados. Eduardo esteve conosco h\u00e1 sete dias. Estava muito&hellip;\" \/>\n<meta property=\"og:url\" content=\"https:\/\/blogdofarnesio.com.br\/?p=95179\" \/>\n<meta property=\"og:site_name\" content=\"Blog do Farn\u00e9sio\" \/>\n<meta property=\"article:publisher\" content=\"https:\/\/www.facebook.com\/BlogQuerSaberPolitica\/\" \/>\n<meta property=\"article:published_time\" content=\"2014-08-14T14:35:07+00:00\" \/>\n<meta property=\"og:image\" content=\"http:\/\/www.quersaberpolitica.com.br\/2016\/wp-content\/uploads\/2014\/08\/unnamed175.jpg\" \/>\n<meta name=\"author\" content=\"teste\" \/>\n<meta name=\"twitter:card\" content=\"summary_large_image\" \/>\n<meta name=\"twitter:label1\" content=\"Escrito por\" \/>\n\t<meta name=\"twitter:data1\" content=\"teste\" \/>\n\t<meta name=\"twitter:label2\" content=\"Est. tempo de leitura\" \/>\n\t<meta name=\"twitter:data2\" content=\"2 minutos\" \/>\n<script type=\"application\/ld+json\" class=\"yoast-schema-graph\">{\"@context\":\"https:\\\/\\\/schema.org\",\"@graph\":[{\"@type\":\"Article\",\"@id\":\"https:\\\/\\\/blogdofarnesio.com.br\\\/?p=95179#article\",\"isPartOf\":{\"@id\":\"https:\\\/\\\/blogdofarnesio.com.br\\\/?p=95179\"},\"author\":{\"name\":\"teste\",\"@id\":\"https:\\\/\\\/blogdofarnesio.com.br\\\/#\\\/schema\\\/person\\\/dd1bf5eba40b687199ba45ca6b97dff9\"},\"headline\":\"L\u00cdDICE EMOCIONA-SE AO LER NOTA DE PESAR SOBRE A MORTE DE EDUARDO CAMPOS\",\"datePublished\":\"2014-08-14T14:35:07+00:00\",\"mainEntityOfPage\":{\"@id\":\"https:\\\/\\\/blogdofarnesio.com.br\\\/?p=95179\"},\"wordCount\":432,\"commentCount\":0,\"publisher\":{\"@id\":\"https:\\\/\\\/blogdofarnesio.com.br\\\/#organization\"},\"image\":{\"@id\":\"https:\\\/\\\/blogdofarnesio.com.br\\\/?p=95179#primaryimage\"},\"thumbnailUrl\":\"http:\\\/\\\/www.quersaberpolitica.com.br\\\/2016\\\/wp-content\\\/uploads\\\/2014\\\/08\\\/unnamed175.jpg\",\"articleSection\":[\"Artigo\"],\"inLanguage\":\"pt-BR\",\"potentialAction\":[{\"@type\":\"CommentAction\",\"name\":\"Comment\",\"target\":[\"https:\\\/\\\/blogdofarnesio.com.br\\\/?p=95179#respond\"]}]},{\"@type\":\"WebPage\",\"@id\":\"https:\\\/\\\/blogdofarnesio.com.br\\\/?p=95179\",\"url\":\"https:\\\/\\\/blogdofarnesio.com.br\\\/?p=95179\",\"name\":\"L\u00cdDICE EMOCIONA-SE AO LER NOTA DE PESAR SOBRE A MORTE DE EDUARDO CAMPOS - Blog do Farn\u00e9sio\",\"isPartOf\":{\"@id\":\"https:\\\/\\\/blogdofarnesio.com.br\\\/#website\"},\"primaryImageOfPage\":{\"@id\":\"https:\\\/\\\/blogdofarnesio.com.br\\\/?p=95179#primaryimage\"},\"image\":{\"@id\":\"https:\\\/\\\/blogdofarnesio.com.br\\\/?p=95179#primaryimage\"},\"thumbnailUrl\":\"http:\\\/\\\/www.quersaberpolitica.com.br\\\/2016\\\/wp-content\\\/uploads\\\/2014\\\/08\\\/unnamed175.jpg\",\"datePublished\":\"2014-08-14T14:35:07+00:00\",\"breadcrumb\":{\"@id\":\"https:\\\/\\\/blogdofarnesio.com.br\\\/?p=95179#breadcrumb\"},\"inLanguage\":\"pt-BR\",\"potentialAction\":[{\"@type\":\"ReadAction\",\"target\":[\"https:\\\/\\\/blogdofarnesio.com.br\\\/?p=95179\"]}]},{\"@type\":\"ImageObject\",\"inLanguage\":\"pt-BR\",\"@id\":\"https:\\\/\\\/blogdofarnesio.com.br\\\/?p=95179#primaryimage\",\"url\":\"http:\\\/\\\/www.quersaberpolitica.com.br\\\/2016\\\/wp-content\\\/uploads\\\/2014\\\/08\\\/unnamed175.jpg\",\"contentUrl\":\"http:\\\/\\\/www.quersaberpolitica.com.br\\\/2016\\\/wp-content\\\/uploads\\\/2014\\\/08\\\/unnamed175.jpg\"},{\"@type\":\"BreadcrumbList\",\"@id\":\"https:\\\/\\\/blogdofarnesio.com.br\\\/?p=95179#breadcrumb\",\"itemListElement\":[{\"@type\":\"ListItem\",\"position\":1,\"name\":\"In\u00edcio\",\"item\":\"https:\\\/\\\/blogdofarnesio.com.br\\\/\"},{\"@type\":\"ListItem\",\"position\":2,\"name\":\"L\u00cdDICE EMOCIONA-SE AO LER NOTA DE PESAR SOBRE A MORTE DE EDUARDO CAMPOS\"}]},{\"@type\":\"WebSite\",\"@id\":\"https:\\\/\\\/blogdofarnesio.com.br\\\/#website\",\"url\":\"https:\\\/\\\/blogdofarnesio.com.br\\\/\",\"name\":\"Blog do Farn\u00e9sio\",\"description\":\"Quer Saber Pol\u00edtica?\",\"publisher\":{\"@id\":\"https:\\\/\\\/blogdofarnesio.com.br\\\/#organization\"},\"potentialAction\":[{\"@type\":\"SearchAction\",\"target\":{\"@type\":\"EntryPoint\",\"urlTemplate\":\"https:\\\/\\\/blogdofarnesio.com.br\\\/?s={search_term_string}\"},\"query-input\":{\"@type\":\"PropertyValueSpecification\",\"valueRequired\":true,\"valueName\":\"search_term_string\"}}],\"inLanguage\":\"pt-BR\"},{\"@type\":\"Organization\",\"@id\":\"https:\\\/\\\/blogdofarnesio.com.br\\\/#organization\",\"name\":\"Blog do Farn\u00e9sio\",\"url\":\"https:\\\/\\\/blogdofarnesio.com.br\\\/\",\"logo\":{\"@type\":\"ImageObject\",\"inLanguage\":\"pt-BR\",\"@id\":\"https:\\\/\\\/blogdofarnesio.com.br\\\/#\\\/schema\\\/logo\\\/image\\\/\",\"url\":\"https:\\\/\\\/blogdofarnesio.com.br\\\/wp-content\\\/uploads\\\/2026\\\/03\\\/cropped-logo_new-1.png\",\"contentUrl\":\"https:\\\/\\\/blogdofarnesio.com.br\\\/wp-content\\\/uploads\\\/2026\\\/03\\\/cropped-logo_new-1.png\",\"width\":881,\"height\":685,\"caption\":\"Blog do Farn\u00e9sio\"},\"image\":{\"@id\":\"https:\\\/\\\/blogdofarnesio.com.br\\\/#\\\/schema\\\/logo\\\/image\\\/\"},\"sameAs\":[\"https:\\\/\\\/www.facebook.com\\\/BlogQuerSaberPolitica\\\/\"]},{\"@type\":\"Person\",\"@id\":\"https:\\\/\\\/blogdofarnesio.com.br\\\/#\\\/schema\\\/person\\\/dd1bf5eba40b687199ba45ca6b97dff9\",\"name\":\"teste\",\"image\":{\"@type\":\"ImageObject\",\"inLanguage\":\"pt-BR\",\"@id\":\"https:\\\/\\\/secure.gravatar.com\\\/avatar\\\/2172498d4914b51e1d89a0f97957b035ac4938723a5cac208135d389b6972a6d?s=96&d=mm&r=g\",\"url\":\"https:\\\/\\\/secure.gravatar.com\\\/avatar\\\/2172498d4914b51e1d89a0f97957b035ac4938723a5cac208135d389b6972a6d?s=96&d=mm&r=g\",\"contentUrl\":\"https:\\\/\\\/secure.gravatar.com\\\/avatar\\\/2172498d4914b51e1d89a0f97957b035ac4938723a5cac208135d389b6972a6d?s=96&d=mm&r=g\",\"caption\":\"teste\"},\"url\":\"https:\\\/\\\/blogdofarnesio.com.br\\\/?author=3\"}]}<\/script>\n<!-- \/ Yoast SEO plugin. -->","yoast_head_json":{"title":"L\u00cdDICE EMOCIONA-SE AO LER NOTA DE PESAR SOBRE A MORTE DE EDUARDO CAMPOS  - Blog do Farn\u00e9sio","robots":{"index":"index","follow":"follow","max-snippet":"max-snippet:-1","max-image-preview":"max-image-preview:large","max-video-preview":"max-video-preview:-1"},"canonical":"https:\/\/blogdofarnesio.com.br\/?p=95179","og_locale":"pt_BR","og_type":"article","og_title":"L\u00cdDICE EMOCIONA-SE AO LER NOTA DE PESAR SOBRE A MORTE DE EDUARDO CAMPOS  - Blog do Farn\u00e9sio","og_description":"A candidata a governadora L\u00eddice da Mata, do PSB, emocionou-se ao ler para a imprensa, nesta quarta-feira (13), uma nota de pesar do partido na Bahia pela morte de Eduardo Campos, presidente nacional e candidato \u00e0 Presid\u00eancia da Rep\u00fablica pela legenda. Amiga pessoal de Eduardo, L\u00eddice suspendeu as atividades de sua campanha por tempo indeterminado. Ela dever\u00e1 viajar na quinta-feira para Recife (PE), para prestar solidariedade \u00e0 fam\u00edlia de Eduardo e participar do vel\u00f3rio do pol\u00edtico, que deixa mulher e cinco filhos. L\u00eddice recordou a \u00faltima vinda de Eduardo a Salvador, na \u00faltima quinta-feira (7), quando ambos fizeram uma caminhada no Pelourinho e participaram de um bate-papo com estudantes.\u00a0&#8220;Todos estamos bastante emocionados. Eduardo esteve conosco h\u00e1 sete dias. Estava muito&hellip;","og_url":"https:\/\/blogdofarnesio.com.br\/?p=95179","og_site_name":"Blog do Farn\u00e9sio","article_publisher":"https:\/\/www.facebook.com\/BlogQuerSaberPolitica\/","article_published_time":"2014-08-14T14:35:07+00:00","og_image":[{"url":"http:\/\/www.quersaberpolitica.com.br\/2016\/wp-content\/uploads\/2014\/08\/unnamed175.jpg","type":"","width":"","height":""}],"author":"teste","twitter_card":"summary_large_image","twitter_misc":{"Escrito por":"teste","Est. tempo de leitura":"2 minutos"},"schema":{"@context":"https:\/\/schema.org","@graph":[{"@type":"Article","@id":"https:\/\/blogdofarnesio.com.br\/?p=95179#article","isPartOf":{"@id":"https:\/\/blogdofarnesio.com.br\/?p=95179"},"author":{"name":"teste","@id":"https:\/\/blogdofarnesio.com.br\/#\/schema\/person\/dd1bf5eba40b687199ba45ca6b97dff9"},"headline":"L\u00cdDICE EMOCIONA-SE AO LER NOTA DE PESAR SOBRE A MORTE DE EDUARDO CAMPOS","datePublished":"2014-08-14T14:35:07+00:00","mainEntityOfPage":{"@id":"https:\/\/blogdofarnesio.com.br\/?p=95179"},"wordCount":432,"commentCount":0,"publisher":{"@id":"https:\/\/blogdofarnesio.com.br\/#organization"},"image":{"@id":"https:\/\/blogdofarnesio.com.br\/?p=95179#primaryimage"},"thumbnailUrl":"http:\/\/www.quersaberpolitica.com.br\/2016\/wp-content\/uploads\/2014\/08\/unnamed175.jpg","articleSection":["Artigo"],"inLanguage":"pt-BR","potentialAction":[{"@type":"CommentAction","name":"Comment","target":["https:\/\/blogdofarnesio.com.br\/?p=95179#respond"]}]},{"@type":"WebPage","@id":"https:\/\/blogdofarnesio.com.br\/?p=95179","url":"https:\/\/blogdofarnesio.com.br\/?p=95179","name":"L\u00cdDICE EMOCIONA-SE AO LER NOTA DE PESAR SOBRE A MORTE DE EDUARDO CAMPOS - Blog do Farn\u00e9sio","isPartOf":{"@id":"https:\/\/blogdofarnesio.com.br\/#website"},"primaryImageOfPage":{"@id":"https:\/\/blogdofarnesio.com.br\/?p=95179#primaryimage"},"image":{"@id":"https:\/\/blogdofarnesio.com.br\/?p=95179#primaryimage"},"thumbnailUrl":"http:\/\/www.quersaberpolitica.com.br\/2016\/wp-content\/uploads\/2014\/08\/unnamed175.jpg","datePublished":"2014-08-14T14:35:07+00:00","breadcrumb":{"@id":"https:\/\/blogdofarnesio.com.br\/?p=95179#breadcrumb"},"inLanguage":"pt-BR","potentialAction":[{"@type":"ReadAction","target":["https:\/\/blogdofarnesio.com.br\/?p=95179"]}]},{"@type":"ImageObject","inLanguage":"pt-BR","@id":"https:\/\/blogdofarnesio.com.br\/?p=95179#primaryimage","url":"http:\/\/www.quersaberpolitica.com.br\/2016\/wp-content\/uploads\/2014\/08\/unnamed175.jpg","contentUrl":"http:\/\/www.quersaberpolitica.com.br\/2016\/wp-content\/uploads\/2014\/08\/unnamed175.jpg"},{"@type":"BreadcrumbList","@id":"https:\/\/blogdofarnesio.com.br\/?p=95179#breadcrumb","itemListElement":[{"@type":"ListItem","position":1,"name":"In\u00edcio","item":"https:\/\/blogdofarnesio.com.br\/"},{"@type":"ListItem","position":2,"name":"L\u00cdDICE EMOCIONA-SE AO LER NOTA DE PESAR SOBRE A MORTE DE EDUARDO CAMPOS"}]},{"@type":"WebSite","@id":"https:\/\/blogdofarnesio.com.br\/#website","url":"https:\/\/blogdofarnesio.com.br\/","name":"Blog do Farn\u00e9sio","description":"Quer Saber Pol\u00edtica?","publisher":{"@id":"https:\/\/blogdofarnesio.com.br\/#organization"},"potentialAction":[{"@type":"SearchAction","target":{"@type":"EntryPoint","urlTemplate":"https:\/\/blogdofarnesio.com.br\/?s={search_term_string}"},"query-input":{"@type":"PropertyValueSpecification","valueRequired":true,"valueName":"search_term_string"}}],"inLanguage":"pt-BR"},{"@type":"Organization","@id":"https:\/\/blogdofarnesio.com.br\/#organization","name":"Blog do Farn\u00e9sio","url":"https:\/\/blogdofarnesio.com.br\/","logo":{"@type":"ImageObject","inLanguage":"pt-BR","@id":"https:\/\/blogdofarnesio.com.br\/#\/schema\/logo\/image\/","url":"https:\/\/blogdofarnesio.com.br\/wp-content\/uploads\/2026\/03\/cropped-logo_new-1.png","contentUrl":"https:\/\/blogdofarnesio.com.br\/wp-content\/uploads\/2026\/03\/cropped-logo_new-1.png","width":881,"height":685,"caption":"Blog do Farn\u00e9sio"},"image":{"@id":"https:\/\/blogdofarnesio.com.br\/#\/schema\/logo\/image\/"},"sameAs":["https:\/\/www.facebook.com\/BlogQuerSaberPolitica\/"]},{"@type":"Person","@id":"https:\/\/blogdofarnesio.com.br\/#\/schema\/person\/dd1bf5eba40b687199ba45ca6b97dff9","name":"teste","image":{"@type":"ImageObject","inLanguage":"pt-BR","@id":"https:\/\/secure.gravatar.com\/avatar\/2172498d4914b51e1d89a0f97957b035ac4938723a5cac208135d389b6972a6d?s=96&d=mm&r=g","url":"https:\/\/secure.gravatar.com\/avatar\/2172498d4914b51e1d89a0f97957b035ac4938723a5cac208135d389b6972a6d?s=96&d=mm&r=g","contentUrl":"https:\/\/secure.gravatar.com\/avatar\/2172498d4914b51e1d89a0f97957b035ac4938723a5cac208135d389b6972a6d?s=96&d=mm&r=g","caption":"teste"},"url":"https:\/\/blogdofarnesio.com.br\/?author=3"}]}},"_links":{"self":[{"href":"https:\/\/blogdofarnesio.com.br\/index.php?rest_route=\/wp\/v2\/posts\/95179","targetHints":{"allow":["GET"]}}],"collection":[{"href":"https:\/\/blogdofarnesio.com.br\/index.php?rest_route=\/wp\/v2\/posts"}],"about":[{"href":"https:\/\/blogdofarnesio.com.br\/index.php?rest_route=\/wp\/v2\/types\/post"}],"author":[{"embeddable":true,"href":"https:\/\/blogdofarnesio.com.br\/index.php?rest_route=\/wp\/v2\/users\/3"}],"replies":[{"embeddable":true,"href":"https:\/\/blogdofarnesio.com.br\/index.php?rest_route=%2Fwp%2Fv2%2Fcomments&post=95179"}],"version-history":[{"count":0,"href":"https:\/\/blogdofarnesio.com.br\/index.php?rest_route=\/wp\/v2\/posts\/95179\/revisions"}],"wp:attachment":[{"href":"https:\/\/blogdofarnesio.com.br\/index.php?rest_route=%2Fwp%2Fv2%2Fmedia&parent=95179"}],"wp:term":[{"taxonomy":"category","embeddable":true,"href":"https:\/\/blogdofarnesio.com.br\/index.php?rest_route=%2Fwp%2Fv2%2Fcategories&post=95179"},{"taxonomy":"post_tag","embeddable":true,"href":"https:\/\/blogdofarnesio.com.br\/index.php?rest_route=%2Fwp%2Fv2%2Ftags&post=95179"}],"curies":[{"name":"wp","href":"https:\/\/api.w.org\/{rel}","templated":true}]}}