{"id":95145,"date":"2014-08-14T08:34:14","date_gmt":"2014-08-14T11:34:14","guid":{"rendered":"http:\/\/www.quersaberpolitica.com.br\/?p=95145"},"modified":"2014-08-13T20:52:53","modified_gmt":"2014-08-13T23:52:53","slug":"banda-independente-de-juazeiro-tera-clipe-exibido-em-rede-nacional","status":"publish","type":"post","link":"https:\/\/blogdofarnesio.com.br\/?p=95145","title":{"rendered":"BANDA INDEPENDENTE DE JUAZEIRO TER\u00c1 CLIPE EXIBIDO EM REDE NACIONAL"},"content":{"rendered":"<p style=\"text-align: justify\"><a href=\"http:\/\/www.quersaberpolitica.com.br\/2016\/wp-content\/uploads\/2014\/08\/unnamed170.jpg\"><img loading=\"lazy\" decoding=\"async\" class=\"aligncenter size-full wp-image-95146\" alt=\"unnamed\" src=\"http:\/\/www.quersaberpolitica.com.br\/2016\/wp-content\/uploads\/2014\/08\/unnamed170.jpg\" width=\"448\" height=\"252\" srcset=\"https:\/\/blogdofarnesio.com.br\/wp-content\/uploads\/2014\/08\/unnamed170.jpg 448w, https:\/\/blogdofarnesio.com.br\/wp-content\/uploads\/2014\/08\/unnamed170-300x168.jpg 300w\" sizes=\"auto, (max-width: 448px) 100vw, 448px\" \/><\/a>Representante da m\u00fasica alternativa independente do Vale do S\u00e3o Francisco, a Semivelhos tem conseguido fortalecer cada vez mais a cena musical da regi\u00e3o, surgindo como uma nova promessa do rock nacional. A banda formada por integrantes de Juazeiro (BA) e Petrolina (PE) tem al\u00e7ado v\u00f4os cada vez mais altos e agora ter\u00e1 seu trabalho apresentado para todo o Brasil.<\/p>\n<p style=\"text-align: justify\">O clipe da m\u00fasica \u201cAl\u00e9m mar\u201d, que intitula o EP lan\u00e7ado recentemente, ter\u00e1 sua estr\u00e9ia nacional nos pr\u00f3ximos dias. O v\u00eddeo j\u00e1 foi divulgado na internet e teve uma boa aceita\u00e7\u00e3o dos f\u00e3s do grupo nas redes sociais e agora ser\u00e1 exibido pelo canal VH1 na pr\u00f3xima sexta-feira (15) \u00e0s 17:30h no programa Kaos Brasilis e na MTV no domingo (17) \u00e0s 09h no programa Playlist MTV.<\/p>\n<p style=\"text-align: justify\">No v\u00eddeo, em que os cinco integrantes da banda representam um \u00fanico personagem, aparecem imagens feitas no Salitre, Serrote do Urubu e Ponte Presidente Dutra, retratando bem as paisagens do sert\u00e3o e as belezas do Vale do S\u00e3o Francisco. O clipe teve roteiro, edi\u00e7\u00e3o e dire\u00e7\u00e3o de Ricardo Spencer, premiado cineasta baiano que \u00e9 um dos principais nomes na cena audiovisual contempor\u00e2nea e tem em seu curr\u00edculo pr\u00eamios importantes a exemplo do\u00a0VMB e Pr\u00eamio Multishow\u00a0\u00a0de 2006 pelo clipe da m\u00fasica \u201cMem\u00f3rias\u201d da cantora Pitty, uma das estrelas para quem\u00a0Spencer j\u00e1 fez alguns trabalhos, al\u00e9m de nomes de peso como Rita Lee, Vanguart, CPM22, Vivendo do \u00d3cio e Cachorro Grande.<\/p>\n","protected":false},"excerpt":{"rendered":"<p>Representante da m\u00fasica alternativa independente do Vale do S\u00e3o Francisco, a Semivelhos tem conseguido fortalecer cada vez mais a cena musical da regi\u00e3o, surgindo como uma nova promessa do rock nacional. A banda formada por integrantes de Juazeiro (BA) e Petrolina (PE) tem al\u00e7ado v\u00f4os cada vez mais altos e agora ter\u00e1 seu trabalho apresentado para todo o Brasil. O clipe da m\u00fasica \u201cAl\u00e9m mar\u201d, que intitula o EP lan\u00e7ado recentemente, ter\u00e1 sua estr\u00e9ia nacional nos pr\u00f3ximos dias. O v\u00eddeo j\u00e1 foi divulgado na internet e teve uma boa aceita\u00e7\u00e3o dos f\u00e3s do grupo nas redes sociais e agora ser\u00e1 exibido pelo canal VH1 na pr\u00f3xima sexta-feira (15) \u00e0s 17:30h no programa Kaos Brasilis e na MTV no domingo (17)&hellip; <\/p>\n","protected":false},"author":3,"featured_media":0,"comment_status":"open","ping_status":"open","sticky":false,"template":"","format":"standard","meta":{"_acf_changed":false,"footnotes":""},"categories":[3],"tags":[],"class_list":["post-95145","post","type-post","status-publish","format-standard","hentry","category-entretenimento"],"acf":[],"yoast_head":"<!-- This site is optimized with the Yoast SEO plugin v27.4 - https:\/\/yoast.com\/product\/yoast-seo-wordpress\/ -->\n<title>BANDA INDEPENDENTE DE JUAZEIRO TER\u00c1 CLIPE EXIBIDO EM REDE NACIONAL - Blog do Farn\u00e9sio<\/title>\n<meta name=\"robots\" content=\"index, follow, max-snippet:-1, max-image-preview:large, max-video-preview:-1\" \/>\n<link rel=\"canonical\" href=\"https:\/\/blogdofarnesio.com.br\/?p=95145\" \/>\n<meta property=\"og:locale\" content=\"pt_BR\" \/>\n<meta property=\"og:type\" content=\"article\" \/>\n<meta property=\"og:title\" content=\"BANDA INDEPENDENTE DE JUAZEIRO TER\u00c1 CLIPE EXIBIDO EM REDE NACIONAL - Blog do Farn\u00e9sio\" \/>\n<meta property=\"og:description\" content=\"Representante da m\u00fasica alternativa independente do Vale do S\u00e3o Francisco, a Semivelhos tem conseguido fortalecer cada vez mais a cena musical da regi\u00e3o, surgindo como uma nova promessa do rock nacional. A banda formada por integrantes de Juazeiro (BA) e Petrolina (PE) tem al\u00e7ado v\u00f4os cada vez mais altos e agora ter\u00e1 seu trabalho apresentado para todo o Brasil. O clipe da m\u00fasica \u201cAl\u00e9m mar\u201d, que intitula o EP lan\u00e7ado recentemente, ter\u00e1 sua estr\u00e9ia nacional nos pr\u00f3ximos dias. O v\u00eddeo j\u00e1 foi divulgado na internet e teve uma boa aceita\u00e7\u00e3o dos f\u00e3s do grupo nas redes sociais e agora ser\u00e1 exibido pelo canal VH1 na pr\u00f3xima sexta-feira (15) \u00e0s 17:30h no programa Kaos Brasilis e na MTV no domingo (17)&hellip;\" \/>\n<meta property=\"og:url\" content=\"https:\/\/blogdofarnesio.com.br\/?p=95145\" \/>\n<meta property=\"og:site_name\" content=\"Blog do Farn\u00e9sio\" \/>\n<meta property=\"article:publisher\" content=\"https:\/\/www.facebook.com\/BlogQuerSaberPolitica\/\" \/>\n<meta property=\"article:published_time\" content=\"2014-08-14T11:34:14+00:00\" \/>\n<meta property=\"og:image\" content=\"http:\/\/www.quersaberpolitica.com.br\/2016\/wp-content\/uploads\/2014\/08\/unnamed170.jpg\" \/>\n<meta name=\"author\" content=\"teste\" \/>\n<meta name=\"twitter:card\" content=\"summary_large_image\" \/>\n<meta name=\"twitter:label1\" content=\"Escrito por\" \/>\n\t<meta name=\"twitter:data1\" content=\"teste\" \/>\n\t<meta name=\"twitter:label2\" content=\"Est. tempo de leitura\" \/>\n\t<meta name=\"twitter:data2\" content=\"1 minuto\" \/>\n<script type=\"application\/ld+json\" class=\"yoast-schema-graph\">{\"@context\":\"https:\\\/\\\/schema.org\",\"@graph\":[{\"@type\":\"Article\",\"@id\":\"https:\\\/\\\/blogdofarnesio.com.br\\\/?p=95145#article\",\"isPartOf\":{\"@id\":\"https:\\\/\\\/blogdofarnesio.com.br\\\/?p=95145\"},\"author\":{\"name\":\"teste\",\"@id\":\"https:\\\/\\\/blogdofarnesio.com.br\\\/#\\\/schema\\\/person\\\/dd1bf5eba40b687199ba45ca6b97dff9\"},\"headline\":\"BANDA INDEPENDENTE DE JUAZEIRO TER\u00c1 CLIPE EXIBIDO EM REDE NACIONAL\",\"datePublished\":\"2014-08-14T11:34:14+00:00\",\"mainEntityOfPage\":{\"@id\":\"https:\\\/\\\/blogdofarnesio.com.br\\\/?p=95145\"},\"wordCount\":270,\"commentCount\":0,\"publisher\":{\"@id\":\"https:\\\/\\\/blogdofarnesio.com.br\\\/#organization\"},\"image\":{\"@id\":\"https:\\\/\\\/blogdofarnesio.com.br\\\/?p=95145#primaryimage\"},\"thumbnailUrl\":\"http:\\\/\\\/www.quersaberpolitica.com.br\\\/2016\\\/wp-content\\\/uploads\\\/2014\\\/08\\\/unnamed170.jpg\",\"articleSection\":[\"Entretenimento\"],\"inLanguage\":\"pt-BR\",\"potentialAction\":[{\"@type\":\"CommentAction\",\"name\":\"Comment\",\"target\":[\"https:\\\/\\\/blogdofarnesio.com.br\\\/?p=95145#respond\"]}]},{\"@type\":\"WebPage\",\"@id\":\"https:\\\/\\\/blogdofarnesio.com.br\\\/?p=95145\",\"url\":\"https:\\\/\\\/blogdofarnesio.com.br\\\/?p=95145\",\"name\":\"BANDA INDEPENDENTE DE JUAZEIRO TER\u00c1 CLIPE EXIBIDO EM REDE NACIONAL - Blog do Farn\u00e9sio\",\"isPartOf\":{\"@id\":\"https:\\\/\\\/blogdofarnesio.com.br\\\/#website\"},\"primaryImageOfPage\":{\"@id\":\"https:\\\/\\\/blogdofarnesio.com.br\\\/?p=95145#primaryimage\"},\"image\":{\"@id\":\"https:\\\/\\\/blogdofarnesio.com.br\\\/?p=95145#primaryimage\"},\"thumbnailUrl\":\"http:\\\/\\\/www.quersaberpolitica.com.br\\\/2016\\\/wp-content\\\/uploads\\\/2014\\\/08\\\/unnamed170.jpg\",\"datePublished\":\"2014-08-14T11:34:14+00:00\",\"breadcrumb\":{\"@id\":\"https:\\\/\\\/blogdofarnesio.com.br\\\/?p=95145#breadcrumb\"},\"inLanguage\":\"pt-BR\",\"potentialAction\":[{\"@type\":\"ReadAction\",\"target\":[\"https:\\\/\\\/blogdofarnesio.com.br\\\/?p=95145\"]}]},{\"@type\":\"ImageObject\",\"inLanguage\":\"pt-BR\",\"@id\":\"https:\\\/\\\/blogdofarnesio.com.br\\\/?p=95145#primaryimage\",\"url\":\"http:\\\/\\\/www.quersaberpolitica.com.br\\\/2016\\\/wp-content\\\/uploads\\\/2014\\\/08\\\/unnamed170.jpg\",\"contentUrl\":\"http:\\\/\\\/www.quersaberpolitica.com.br\\\/2016\\\/wp-content\\\/uploads\\\/2014\\\/08\\\/unnamed170.jpg\"},{\"@type\":\"BreadcrumbList\",\"@id\":\"https:\\\/\\\/blogdofarnesio.com.br\\\/?p=95145#breadcrumb\",\"itemListElement\":[{\"@type\":\"ListItem\",\"position\":1,\"name\":\"In\u00edcio\",\"item\":\"https:\\\/\\\/blogdofarnesio.com.br\\\/\"},{\"@type\":\"ListItem\",\"position\":2,\"name\":\"BANDA INDEPENDENTE DE JUAZEIRO TER\u00c1 CLIPE EXIBIDO EM REDE NACIONAL\"}]},{\"@type\":\"WebSite\",\"@id\":\"https:\\\/\\\/blogdofarnesio.com.br\\\/#website\",\"url\":\"https:\\\/\\\/blogdofarnesio.com.br\\\/\",\"name\":\"Blog do Farn\u00e9sio\",\"description\":\"Quer Saber Pol\u00edtica?\",\"publisher\":{\"@id\":\"https:\\\/\\\/blogdofarnesio.com.br\\\/#organization\"},\"potentialAction\":[{\"@type\":\"SearchAction\",\"target\":{\"@type\":\"EntryPoint\",\"urlTemplate\":\"https:\\\/\\\/blogdofarnesio.com.br\\\/?s={search_term_string}\"},\"query-input\":{\"@type\":\"PropertyValueSpecification\",\"valueRequired\":true,\"valueName\":\"search_term_string\"}}],\"inLanguage\":\"pt-BR\"},{\"@type\":\"Organization\",\"@id\":\"https:\\\/\\\/blogdofarnesio.com.br\\\/#organization\",\"name\":\"Blog do Farn\u00e9sio\",\"url\":\"https:\\\/\\\/blogdofarnesio.com.br\\\/\",\"logo\":{\"@type\":\"ImageObject\",\"inLanguage\":\"pt-BR\",\"@id\":\"https:\\\/\\\/blogdofarnesio.com.br\\\/#\\\/schema\\\/logo\\\/image\\\/\",\"url\":\"https:\\\/\\\/blogdofarnesio.com.br\\\/wp-content\\\/uploads\\\/2026\\\/03\\\/cropped-logo_new-1.png\",\"contentUrl\":\"https:\\\/\\\/blogdofarnesio.com.br\\\/wp-content\\\/uploads\\\/2026\\\/03\\\/cropped-logo_new-1.png\",\"width\":881,\"height\":685,\"caption\":\"Blog do Farn\u00e9sio\"},\"image\":{\"@id\":\"https:\\\/\\\/blogdofarnesio.com.br\\\/#\\\/schema\\\/logo\\\/image\\\/\"},\"sameAs\":[\"https:\\\/\\\/www.facebook.com\\\/BlogQuerSaberPolitica\\\/\"]},{\"@type\":\"Person\",\"@id\":\"https:\\\/\\\/blogdofarnesio.com.br\\\/#\\\/schema\\\/person\\\/dd1bf5eba40b687199ba45ca6b97dff9\",\"name\":\"teste\",\"image\":{\"@type\":\"ImageObject\",\"inLanguage\":\"pt-BR\",\"@id\":\"https:\\\/\\\/secure.gravatar.com\\\/avatar\\\/2172498d4914b51e1d89a0f97957b035ac4938723a5cac208135d389b6972a6d?s=96&d=mm&r=g\",\"url\":\"https:\\\/\\\/secure.gravatar.com\\\/avatar\\\/2172498d4914b51e1d89a0f97957b035ac4938723a5cac208135d389b6972a6d?s=96&d=mm&r=g\",\"contentUrl\":\"https:\\\/\\\/secure.gravatar.com\\\/avatar\\\/2172498d4914b51e1d89a0f97957b035ac4938723a5cac208135d389b6972a6d?s=96&d=mm&r=g\",\"caption\":\"teste\"},\"url\":\"https:\\\/\\\/blogdofarnesio.com.br\\\/?author=3\"}]}<\/script>\n<!-- \/ Yoast SEO plugin. -->","yoast_head_json":{"title":"BANDA INDEPENDENTE DE JUAZEIRO TER\u00c1 CLIPE EXIBIDO EM REDE NACIONAL - Blog do Farn\u00e9sio","robots":{"index":"index","follow":"follow","max-snippet":"max-snippet:-1","max-image-preview":"max-image-preview:large","max-video-preview":"max-video-preview:-1"},"canonical":"https:\/\/blogdofarnesio.com.br\/?p=95145","og_locale":"pt_BR","og_type":"article","og_title":"BANDA INDEPENDENTE DE JUAZEIRO TER\u00c1 CLIPE EXIBIDO EM REDE NACIONAL - Blog do Farn\u00e9sio","og_description":"Representante da m\u00fasica alternativa independente do Vale do S\u00e3o Francisco, a Semivelhos tem conseguido fortalecer cada vez mais a cena musical da regi\u00e3o, surgindo como uma nova promessa do rock nacional. A banda formada por integrantes de Juazeiro (BA) e Petrolina (PE) tem al\u00e7ado v\u00f4os cada vez mais altos e agora ter\u00e1 seu trabalho apresentado para todo o Brasil. O clipe da m\u00fasica \u201cAl\u00e9m mar\u201d, que intitula o EP lan\u00e7ado recentemente, ter\u00e1 sua estr\u00e9ia nacional nos pr\u00f3ximos dias. O v\u00eddeo j\u00e1 foi divulgado na internet e teve uma boa aceita\u00e7\u00e3o dos f\u00e3s do grupo nas redes sociais e agora ser\u00e1 exibido pelo canal VH1 na pr\u00f3xima sexta-feira (15) \u00e0s 17:30h no programa Kaos Brasilis e na MTV no domingo (17)&hellip;","og_url":"https:\/\/blogdofarnesio.com.br\/?p=95145","og_site_name":"Blog do Farn\u00e9sio","article_publisher":"https:\/\/www.facebook.com\/BlogQuerSaberPolitica\/","article_published_time":"2014-08-14T11:34:14+00:00","og_image":[{"url":"http:\/\/www.quersaberpolitica.com.br\/2016\/wp-content\/uploads\/2014\/08\/unnamed170.jpg","type":"","width":"","height":""}],"author":"teste","twitter_card":"summary_large_image","twitter_misc":{"Escrito por":"teste","Est. tempo de leitura":"1 minuto"},"schema":{"@context":"https:\/\/schema.org","@graph":[{"@type":"Article","@id":"https:\/\/blogdofarnesio.com.br\/?p=95145#article","isPartOf":{"@id":"https:\/\/blogdofarnesio.com.br\/?p=95145"},"author":{"name":"teste","@id":"https:\/\/blogdofarnesio.com.br\/#\/schema\/person\/dd1bf5eba40b687199ba45ca6b97dff9"},"headline":"BANDA INDEPENDENTE DE JUAZEIRO TER\u00c1 CLIPE EXIBIDO EM REDE NACIONAL","datePublished":"2014-08-14T11:34:14+00:00","mainEntityOfPage":{"@id":"https:\/\/blogdofarnesio.com.br\/?p=95145"},"wordCount":270,"commentCount":0,"publisher":{"@id":"https:\/\/blogdofarnesio.com.br\/#organization"},"image":{"@id":"https:\/\/blogdofarnesio.com.br\/?p=95145#primaryimage"},"thumbnailUrl":"http:\/\/www.quersaberpolitica.com.br\/2016\/wp-content\/uploads\/2014\/08\/unnamed170.jpg","articleSection":["Entretenimento"],"inLanguage":"pt-BR","potentialAction":[{"@type":"CommentAction","name":"Comment","target":["https:\/\/blogdofarnesio.com.br\/?p=95145#respond"]}]},{"@type":"WebPage","@id":"https:\/\/blogdofarnesio.com.br\/?p=95145","url":"https:\/\/blogdofarnesio.com.br\/?p=95145","name":"BANDA INDEPENDENTE DE JUAZEIRO TER\u00c1 CLIPE EXIBIDO EM REDE NACIONAL - Blog do Farn\u00e9sio","isPartOf":{"@id":"https:\/\/blogdofarnesio.com.br\/#website"},"primaryImageOfPage":{"@id":"https:\/\/blogdofarnesio.com.br\/?p=95145#primaryimage"},"image":{"@id":"https:\/\/blogdofarnesio.com.br\/?p=95145#primaryimage"},"thumbnailUrl":"http:\/\/www.quersaberpolitica.com.br\/2016\/wp-content\/uploads\/2014\/08\/unnamed170.jpg","datePublished":"2014-08-14T11:34:14+00:00","breadcrumb":{"@id":"https:\/\/blogdofarnesio.com.br\/?p=95145#breadcrumb"},"inLanguage":"pt-BR","potentialAction":[{"@type":"ReadAction","target":["https:\/\/blogdofarnesio.com.br\/?p=95145"]}]},{"@type":"ImageObject","inLanguage":"pt-BR","@id":"https:\/\/blogdofarnesio.com.br\/?p=95145#primaryimage","url":"http:\/\/www.quersaberpolitica.com.br\/2016\/wp-content\/uploads\/2014\/08\/unnamed170.jpg","contentUrl":"http:\/\/www.quersaberpolitica.com.br\/2016\/wp-content\/uploads\/2014\/08\/unnamed170.jpg"},{"@type":"BreadcrumbList","@id":"https:\/\/blogdofarnesio.com.br\/?p=95145#breadcrumb","itemListElement":[{"@type":"ListItem","position":1,"name":"In\u00edcio","item":"https:\/\/blogdofarnesio.com.br\/"},{"@type":"ListItem","position":2,"name":"BANDA INDEPENDENTE DE JUAZEIRO TER\u00c1 CLIPE EXIBIDO EM REDE NACIONAL"}]},{"@type":"WebSite","@id":"https:\/\/blogdofarnesio.com.br\/#website","url":"https:\/\/blogdofarnesio.com.br\/","name":"Blog do Farn\u00e9sio","description":"Quer Saber Pol\u00edtica?","publisher":{"@id":"https:\/\/blogdofarnesio.com.br\/#organization"},"potentialAction":[{"@type":"SearchAction","target":{"@type":"EntryPoint","urlTemplate":"https:\/\/blogdofarnesio.com.br\/?s={search_term_string}"},"query-input":{"@type":"PropertyValueSpecification","valueRequired":true,"valueName":"search_term_string"}}],"inLanguage":"pt-BR"},{"@type":"Organization","@id":"https:\/\/blogdofarnesio.com.br\/#organization","name":"Blog do Farn\u00e9sio","url":"https:\/\/blogdofarnesio.com.br\/","logo":{"@type":"ImageObject","inLanguage":"pt-BR","@id":"https:\/\/blogdofarnesio.com.br\/#\/schema\/logo\/image\/","url":"https:\/\/blogdofarnesio.com.br\/wp-content\/uploads\/2026\/03\/cropped-logo_new-1.png","contentUrl":"https:\/\/blogdofarnesio.com.br\/wp-content\/uploads\/2026\/03\/cropped-logo_new-1.png","width":881,"height":685,"caption":"Blog do Farn\u00e9sio"},"image":{"@id":"https:\/\/blogdofarnesio.com.br\/#\/schema\/logo\/image\/"},"sameAs":["https:\/\/www.facebook.com\/BlogQuerSaberPolitica\/"]},{"@type":"Person","@id":"https:\/\/blogdofarnesio.com.br\/#\/schema\/person\/dd1bf5eba40b687199ba45ca6b97dff9","name":"teste","image":{"@type":"ImageObject","inLanguage":"pt-BR","@id":"https:\/\/secure.gravatar.com\/avatar\/2172498d4914b51e1d89a0f97957b035ac4938723a5cac208135d389b6972a6d?s=96&d=mm&r=g","url":"https:\/\/secure.gravatar.com\/avatar\/2172498d4914b51e1d89a0f97957b035ac4938723a5cac208135d389b6972a6d?s=96&d=mm&r=g","contentUrl":"https:\/\/secure.gravatar.com\/avatar\/2172498d4914b51e1d89a0f97957b035ac4938723a5cac208135d389b6972a6d?s=96&d=mm&r=g","caption":"teste"},"url":"https:\/\/blogdofarnesio.com.br\/?author=3"}]}},"_links":{"self":[{"href":"https:\/\/blogdofarnesio.com.br\/index.php?rest_route=\/wp\/v2\/posts\/95145","targetHints":{"allow":["GET"]}}],"collection":[{"href":"https:\/\/blogdofarnesio.com.br\/index.php?rest_route=\/wp\/v2\/posts"}],"about":[{"href":"https:\/\/blogdofarnesio.com.br\/index.php?rest_route=\/wp\/v2\/types\/post"}],"author":[{"embeddable":true,"href":"https:\/\/blogdofarnesio.com.br\/index.php?rest_route=\/wp\/v2\/users\/3"}],"replies":[{"embeddable":true,"href":"https:\/\/blogdofarnesio.com.br\/index.php?rest_route=%2Fwp%2Fv2%2Fcomments&post=95145"}],"version-history":[{"count":0,"href":"https:\/\/blogdofarnesio.com.br\/index.php?rest_route=\/wp\/v2\/posts\/95145\/revisions"}],"wp:attachment":[{"href":"https:\/\/blogdofarnesio.com.br\/index.php?rest_route=%2Fwp%2Fv2%2Fmedia&parent=95145"}],"wp:term":[{"taxonomy":"category","embeddable":true,"href":"https:\/\/blogdofarnesio.com.br\/index.php?rest_route=%2Fwp%2Fv2%2Fcategories&post=95145"},{"taxonomy":"post_tag","embeddable":true,"href":"https:\/\/blogdofarnesio.com.br\/index.php?rest_route=%2Fwp%2Fv2%2Ftags&post=95145"}],"curies":[{"name":"wp","href":"https:\/\/api.w.org\/{rel}","templated":true}]}}