{"id":95135,"date":"2014-08-14T09:22:34","date_gmt":"2014-08-14T12:22:34","guid":{"rendered":"http:\/\/www.quersaberpolitica.com.br\/?p=95135"},"modified":"2014-08-13T21:13:18","modified_gmt":"2014-08-14T00:13:18","slug":"nota-de-pesar-do-senador-walter-pinheiro-pelo-falecimento-de-eduardo-campos","status":"publish","type":"post","link":"https:\/\/blogdofarnesio.com.br\/2014\/08\/nota-de-pesar-do-senador-walter-pinheiro-pelo-falecimento-de-eduardo-campos\/","title":{"rendered":"NOTA DE PESAR DO SENADOR WALTER PINHEIRO PELO FALECIMENTO DE EDUARDO CAMPOS"},"content":{"rendered":"<p style=\"text-align: justify\"><span style=\"font-size: medium\"><a href=\"http:\/\/www.quersaberpolitica.com.br\/2016\/wp-content\/uploads\/2014\/08\/blogqspedumorte-imagem-tvrecord-Foto-Farn\u00e9sio-Silva01.jpg\"><img loading=\"lazy\" decoding=\"async\" class=\"alignleft size-thumbnail wp-image-95070\" alt=\"blogqspedumorte imagem tvrecord  Foto Farn\u00e9sio Silva01\" src=\"http:\/\/www.quersaberpolitica.com.br\/2016\/wp-content\/uploads\/2014\/08\/blogqspedumorte-imagem-tvrecord-Foto-Farn\u00e9sio-Silva01-150x150.jpg\" width=\"150\" height=\"150\" \/><\/a>\u201cFoi com perplexidade e tristeza que recebi a not\u00edcia do falecimento do amigo\u00a0 Eduardo Campos \u2013 uma amizade constru\u00edda no Congresso, que passou para al\u00e9m da pol\u00edtica. Quando ministro, foi um parceiro na \u00e1rea de Ci\u00eancia e Tecnologia; no Congresso, um colega dos mais preparados para os grandes debates do Pa\u00eds, como o pacto federativo.<\/span><\/p>\n<p style=\"text-align: justify\">Ficar\u00e1 entre n\u00f3s o exemplo de sua lideran\u00e7a, espelhada em seu av\u00f4, e o respeito por um pol\u00edtico que \u00e9 da minha gera\u00e7\u00e3o, imbu\u00eddo dos mesmos princ\u00edpios, compromissos e vontade de promover transforma\u00e7\u00f5es atrav\u00e9s da a\u00e7\u00e3o pol\u00edtica.<\/p>\n<p style=\"text-align: justify\">Nesse momento de consterna\u00e7\u00e3o, solidarizamo-nos com todos os seus familiares e amigos, al\u00e9m dos entes dos demais envolvidos nessa trag\u00e9dia, desejando que possam encontrar resigna\u00e7\u00e3o e paz\u201d.<\/p>\n<p style=\"text-align: justify\">\n","protected":false},"excerpt":{"rendered":"<p>\u201cFoi com perplexidade e tristeza que recebi a not\u00edcia do falecimento do amigo\u00a0 Eduardo Campos \u2013 uma amizade constru\u00edda no Congresso, que passou para al\u00e9m da pol\u00edtica. Quando ministro, foi um parceiro na \u00e1rea de Ci\u00eancia e Tecnologia; no Congresso, um colega dos mais preparados para os grandes debates do Pa\u00eds, como o pacto federativo. Ficar\u00e1 entre n\u00f3s o exemplo de sua lideran\u00e7a, espelhada em seu av\u00f4, e o respeito por um pol\u00edtico que \u00e9 da minha gera\u00e7\u00e3o, imbu\u00eddo dos mesmos princ\u00edpios, compromissos e vontade de promover transforma\u00e7\u00f5es atrav\u00e9s da a\u00e7\u00e3o pol\u00edtica. Nesse momento de consterna\u00e7\u00e3o, solidarizamo-nos com todos os seus familiares e amigos, al\u00e9m dos entes dos demais envolvidos nessa trag\u00e9dia, desejando que possam encontrar resigna\u00e7\u00e3o e paz\u201d.<\/p>\n","protected":false},"author":3,"featured_media":0,"comment_status":"open","ping_status":"open","sticky":false,"template":"","format":"standard","meta":{"_acf_changed":false,"footnotes":""},"categories":[32],"tags":[],"class_list":["post-95135","post","type-post","status-publish","format-standard","hentry","category-costumes"],"acf":[],"yoast_head":"<!-- This site is optimized with the Yoast SEO plugin v27.5 - https:\/\/yoast.com\/product\/yoast-seo-wordpress\/ -->\n<title>NOTA DE PESAR DO SENADOR WALTER PINHEIRO PELO FALECIMENTO DE EDUARDO CAMPOS  - Blog do Farn\u00e9sio<\/title>\n<meta name=\"robots\" content=\"index, follow, max-snippet:-1, max-image-preview:large, max-video-preview:-1\" \/>\n<link rel=\"canonical\" href=\"https:\/\/blogdofarnesio.com.br\/2014\/08\/nota-de-pesar-do-senador-walter-pinheiro-pelo-falecimento-de-eduardo-campos\/\" \/>\n<meta property=\"og:locale\" content=\"pt_BR\" \/>\n<meta property=\"og:type\" content=\"article\" \/>\n<meta property=\"og:title\" content=\"NOTA DE PESAR DO SENADOR WALTER PINHEIRO PELO FALECIMENTO DE EDUARDO CAMPOS  - Blog do Farn\u00e9sio\" \/>\n<meta property=\"og:description\" content=\"\u201cFoi com perplexidade e tristeza que recebi a not\u00edcia do falecimento do amigo\u00a0 Eduardo Campos \u2013 uma amizade constru\u00edda no Congresso, que passou para al\u00e9m da pol\u00edtica. Quando ministro, foi um parceiro na \u00e1rea de Ci\u00eancia e Tecnologia; no Congresso, um colega dos mais preparados para os grandes debates do Pa\u00eds, como o pacto federativo. Ficar\u00e1 entre n\u00f3s o exemplo de sua lideran\u00e7a, espelhada em seu av\u00f4, e o respeito por um pol\u00edtico que \u00e9 da minha gera\u00e7\u00e3o, imbu\u00eddo dos mesmos princ\u00edpios, compromissos e vontade de promover transforma\u00e7\u00f5es atrav\u00e9s da a\u00e7\u00e3o pol\u00edtica. Nesse momento de consterna\u00e7\u00e3o, solidarizamo-nos com todos os seus familiares e amigos, al\u00e9m dos entes dos demais envolvidos nessa trag\u00e9dia, desejando que possam encontrar resigna\u00e7\u00e3o e paz\u201d.\" \/>\n<meta property=\"og:url\" content=\"https:\/\/blogdofarnesio.com.br\/2014\/08\/nota-de-pesar-do-senador-walter-pinheiro-pelo-falecimento-de-eduardo-campos\/\" \/>\n<meta property=\"og:site_name\" content=\"Blog do Farn\u00e9sio\" \/>\n<meta property=\"article:publisher\" content=\"https:\/\/www.facebook.com\/BlogQuerSaberPolitica\/\" \/>\n<meta property=\"article:published_time\" content=\"2014-08-14T12:22:34+00:00\" \/>\n<meta name=\"author\" content=\"teste\" \/>\n<meta name=\"twitter:card\" content=\"summary_large_image\" \/>\n<meta name=\"twitter:label1\" content=\"Escrito por\" \/>\n\t<meta name=\"twitter:data1\" content=\"teste\" \/>\n\t<meta name=\"twitter:label2\" content=\"Est. tempo de leitura\" \/>\n\t<meta name=\"twitter:data2\" content=\"1 minuto\" \/>\n<script type=\"application\/ld+json\" class=\"yoast-schema-graph\">{\"@context\":\"https:\\\/\\\/schema.org\",\"@graph\":[{\"@type\":\"Article\",\"@id\":\"https:\\\/\\\/blogdofarnesio.com.br\\\/2014\\\/08\\\/nota-de-pesar-do-senador-walter-pinheiro-pelo-falecimento-de-eduardo-campos\\\/#article\",\"isPartOf\":{\"@id\":\"https:\\\/\\\/blogdofarnesio.com.br\\\/2014\\\/08\\\/nota-de-pesar-do-senador-walter-pinheiro-pelo-falecimento-de-eduardo-campos\\\/\"},\"author\":{\"name\":\"teste\",\"@id\":\"https:\\\/\\\/blogdofarnesio.com.br\\\/#\\\/schema\\\/person\\\/dd1bf5eba40b687199ba45ca6b97dff9\"},\"headline\":\"NOTA DE PESAR DO SENADOR WALTER PINHEIRO PELO FALECIMENTO DE EDUARDO CAMPOS\",\"datePublished\":\"2014-08-14T12:22:34+00:00\",\"mainEntityOfPage\":{\"@id\":\"https:\\\/\\\/blogdofarnesio.com.br\\\/2014\\\/08\\\/nota-de-pesar-do-senador-walter-pinheiro-pelo-falecimento-de-eduardo-campos\\\/\"},\"wordCount\":149,\"commentCount\":0,\"publisher\":{\"@id\":\"https:\\\/\\\/blogdofarnesio.com.br\\\/#organization\"},\"articleSection\":[\"Costumes\"],\"inLanguage\":\"pt-BR\",\"potentialAction\":[{\"@type\":\"CommentAction\",\"name\":\"Comment\",\"target\":[\"https:\\\/\\\/blogdofarnesio.com.br\\\/2014\\\/08\\\/nota-de-pesar-do-senador-walter-pinheiro-pelo-falecimento-de-eduardo-campos\\\/#respond\"]}]},{\"@type\":\"WebPage\",\"@id\":\"https:\\\/\\\/blogdofarnesio.com.br\\\/2014\\\/08\\\/nota-de-pesar-do-senador-walter-pinheiro-pelo-falecimento-de-eduardo-campos\\\/\",\"url\":\"https:\\\/\\\/blogdofarnesio.com.br\\\/2014\\\/08\\\/nota-de-pesar-do-senador-walter-pinheiro-pelo-falecimento-de-eduardo-campos\\\/\",\"name\":\"NOTA DE PESAR DO SENADOR WALTER PINHEIRO PELO FALECIMENTO DE EDUARDO CAMPOS - Blog do Farn\u00e9sio\",\"isPartOf\":{\"@id\":\"https:\\\/\\\/blogdofarnesio.com.br\\\/#website\"},\"datePublished\":\"2014-08-14T12:22:34+00:00\",\"breadcrumb\":{\"@id\":\"https:\\\/\\\/blogdofarnesio.com.br\\\/2014\\\/08\\\/nota-de-pesar-do-senador-walter-pinheiro-pelo-falecimento-de-eduardo-campos\\\/#breadcrumb\"},\"inLanguage\":\"pt-BR\",\"potentialAction\":[{\"@type\":\"ReadAction\",\"target\":[\"https:\\\/\\\/blogdofarnesio.com.br\\\/2014\\\/08\\\/nota-de-pesar-do-senador-walter-pinheiro-pelo-falecimento-de-eduardo-campos\\\/\"]}]},{\"@type\":\"BreadcrumbList\",\"@id\":\"https:\\\/\\\/blogdofarnesio.com.br\\\/2014\\\/08\\\/nota-de-pesar-do-senador-walter-pinheiro-pelo-falecimento-de-eduardo-campos\\\/#breadcrumb\",\"itemListElement\":[{\"@type\":\"ListItem\",\"position\":1,\"name\":\"In\u00edcio\",\"item\":\"https:\\\/\\\/blogdofarnesio.com.br\\\/\"},{\"@type\":\"ListItem\",\"position\":2,\"name\":\"NOTA DE PESAR DO SENADOR WALTER PINHEIRO PELO FALECIMENTO DE EDUARDO CAMPOS\"}]},{\"@type\":\"WebSite\",\"@id\":\"https:\\\/\\\/blogdofarnesio.com.br\\\/#website\",\"url\":\"https:\\\/\\\/blogdofarnesio.com.br\\\/\",\"name\":\"Blog do Farn\u00e9sio\",\"description\":\"Quer Saber Pol\u00edtica?\",\"publisher\":{\"@id\":\"https:\\\/\\\/blogdofarnesio.com.br\\\/#organization\"},\"potentialAction\":[{\"@type\":\"SearchAction\",\"target\":{\"@type\":\"EntryPoint\",\"urlTemplate\":\"https:\\\/\\\/blogdofarnesio.com.br\\\/?s={search_term_string}\"},\"query-input\":{\"@type\":\"PropertyValueSpecification\",\"valueRequired\":true,\"valueName\":\"search_term_string\"}}],\"inLanguage\":\"pt-BR\"},{\"@type\":\"Organization\",\"@id\":\"https:\\\/\\\/blogdofarnesio.com.br\\\/#organization\",\"name\":\"Blog do Farn\u00e9sio\",\"url\":\"https:\\\/\\\/blogdofarnesio.com.br\\\/\",\"logo\":{\"@type\":\"ImageObject\",\"inLanguage\":\"pt-BR\",\"@id\":\"https:\\\/\\\/blogdofarnesio.com.br\\\/#\\\/schema\\\/logo\\\/image\\\/\",\"url\":\"https:\\\/\\\/blogdofarnesio.com.br\\\/wp-content\\\/uploads\\\/2026\\\/03\\\/cropped-logo_new-1.png\",\"contentUrl\":\"https:\\\/\\\/blogdofarnesio.com.br\\\/wp-content\\\/uploads\\\/2026\\\/03\\\/cropped-logo_new-1.png\",\"width\":881,\"height\":685,\"caption\":\"Blog do Farn\u00e9sio\"},\"image\":{\"@id\":\"https:\\\/\\\/blogdofarnesio.com.br\\\/#\\\/schema\\\/logo\\\/image\\\/\"},\"sameAs\":[\"https:\\\/\\\/www.facebook.com\\\/BlogQuerSaberPolitica\\\/\"]},{\"@type\":\"Person\",\"@id\":\"https:\\\/\\\/blogdofarnesio.com.br\\\/#\\\/schema\\\/person\\\/dd1bf5eba40b687199ba45ca6b97dff9\",\"name\":\"teste\",\"image\":{\"@type\":\"ImageObject\",\"inLanguage\":\"pt-BR\",\"@id\":\"https:\\\/\\\/secure.gravatar.com\\\/avatar\\\/2172498d4914b51e1d89a0f97957b035ac4938723a5cac208135d389b6972a6d?s=96&d=mm&r=g\",\"url\":\"https:\\\/\\\/secure.gravatar.com\\\/avatar\\\/2172498d4914b51e1d89a0f97957b035ac4938723a5cac208135d389b6972a6d?s=96&d=mm&r=g\",\"contentUrl\":\"https:\\\/\\\/secure.gravatar.com\\\/avatar\\\/2172498d4914b51e1d89a0f97957b035ac4938723a5cac208135d389b6972a6d?s=96&d=mm&r=g\",\"caption\":\"teste\"},\"url\":\"https:\\\/\\\/blogdofarnesio.com.br\\\/author\\\/teste\\\/\"}]}<\/script>\n<!-- \/ Yoast SEO plugin. -->","yoast_head_json":{"title":"NOTA DE PESAR DO SENADOR WALTER PINHEIRO PELO FALECIMENTO DE EDUARDO CAMPOS  - Blog do Farn\u00e9sio","robots":{"index":"index","follow":"follow","max-snippet":"max-snippet:-1","max-image-preview":"max-image-preview:large","max-video-preview":"max-video-preview:-1"},"canonical":"https:\/\/blogdofarnesio.com.br\/2014\/08\/nota-de-pesar-do-senador-walter-pinheiro-pelo-falecimento-de-eduardo-campos\/","og_locale":"pt_BR","og_type":"article","og_title":"NOTA DE PESAR DO SENADOR WALTER PINHEIRO PELO FALECIMENTO DE EDUARDO CAMPOS  - Blog do Farn\u00e9sio","og_description":"\u201cFoi com perplexidade e tristeza que recebi a not\u00edcia do falecimento do amigo\u00a0 Eduardo Campos \u2013 uma amizade constru\u00edda no Congresso, que passou para al\u00e9m da pol\u00edtica. Quando ministro, foi um parceiro na \u00e1rea de Ci\u00eancia e Tecnologia; no Congresso, um colega dos mais preparados para os grandes debates do Pa\u00eds, como o pacto federativo. Ficar\u00e1 entre n\u00f3s o exemplo de sua lideran\u00e7a, espelhada em seu av\u00f4, e o respeito por um pol\u00edtico que \u00e9 da minha gera\u00e7\u00e3o, imbu\u00eddo dos mesmos princ\u00edpios, compromissos e vontade de promover transforma\u00e7\u00f5es atrav\u00e9s da a\u00e7\u00e3o pol\u00edtica. Nesse momento de consterna\u00e7\u00e3o, solidarizamo-nos com todos os seus familiares e amigos, al\u00e9m dos entes dos demais envolvidos nessa trag\u00e9dia, desejando que possam encontrar resigna\u00e7\u00e3o e paz\u201d.","og_url":"https:\/\/blogdofarnesio.com.br\/2014\/08\/nota-de-pesar-do-senador-walter-pinheiro-pelo-falecimento-de-eduardo-campos\/","og_site_name":"Blog do Farn\u00e9sio","article_publisher":"https:\/\/www.facebook.com\/BlogQuerSaberPolitica\/","article_published_time":"2014-08-14T12:22:34+00:00","author":"teste","twitter_card":"summary_large_image","twitter_misc":{"Escrito por":"teste","Est. tempo de leitura":"1 minuto"},"schema":{"@context":"https:\/\/schema.org","@graph":[{"@type":"Article","@id":"https:\/\/blogdofarnesio.com.br\/2014\/08\/nota-de-pesar-do-senador-walter-pinheiro-pelo-falecimento-de-eduardo-campos\/#article","isPartOf":{"@id":"https:\/\/blogdofarnesio.com.br\/2014\/08\/nota-de-pesar-do-senador-walter-pinheiro-pelo-falecimento-de-eduardo-campos\/"},"author":{"name":"teste","@id":"https:\/\/blogdofarnesio.com.br\/#\/schema\/person\/dd1bf5eba40b687199ba45ca6b97dff9"},"headline":"NOTA DE PESAR DO SENADOR WALTER PINHEIRO PELO FALECIMENTO DE EDUARDO CAMPOS","datePublished":"2014-08-14T12:22:34+00:00","mainEntityOfPage":{"@id":"https:\/\/blogdofarnesio.com.br\/2014\/08\/nota-de-pesar-do-senador-walter-pinheiro-pelo-falecimento-de-eduardo-campos\/"},"wordCount":149,"commentCount":0,"publisher":{"@id":"https:\/\/blogdofarnesio.com.br\/#organization"},"articleSection":["Costumes"],"inLanguage":"pt-BR","potentialAction":[{"@type":"CommentAction","name":"Comment","target":["https:\/\/blogdofarnesio.com.br\/2014\/08\/nota-de-pesar-do-senador-walter-pinheiro-pelo-falecimento-de-eduardo-campos\/#respond"]}]},{"@type":"WebPage","@id":"https:\/\/blogdofarnesio.com.br\/2014\/08\/nota-de-pesar-do-senador-walter-pinheiro-pelo-falecimento-de-eduardo-campos\/","url":"https:\/\/blogdofarnesio.com.br\/2014\/08\/nota-de-pesar-do-senador-walter-pinheiro-pelo-falecimento-de-eduardo-campos\/","name":"NOTA DE PESAR DO SENADOR WALTER PINHEIRO PELO FALECIMENTO DE EDUARDO CAMPOS - Blog do Farn\u00e9sio","isPartOf":{"@id":"https:\/\/blogdofarnesio.com.br\/#website"},"datePublished":"2014-08-14T12:22:34+00:00","breadcrumb":{"@id":"https:\/\/blogdofarnesio.com.br\/2014\/08\/nota-de-pesar-do-senador-walter-pinheiro-pelo-falecimento-de-eduardo-campos\/#breadcrumb"},"inLanguage":"pt-BR","potentialAction":[{"@type":"ReadAction","target":["https:\/\/blogdofarnesio.com.br\/2014\/08\/nota-de-pesar-do-senador-walter-pinheiro-pelo-falecimento-de-eduardo-campos\/"]}]},{"@type":"BreadcrumbList","@id":"https:\/\/blogdofarnesio.com.br\/2014\/08\/nota-de-pesar-do-senador-walter-pinheiro-pelo-falecimento-de-eduardo-campos\/#breadcrumb","itemListElement":[{"@type":"ListItem","position":1,"name":"In\u00edcio","item":"https:\/\/blogdofarnesio.com.br\/"},{"@type":"ListItem","position":2,"name":"NOTA DE PESAR DO SENADOR WALTER PINHEIRO PELO FALECIMENTO DE EDUARDO CAMPOS"}]},{"@type":"WebSite","@id":"https:\/\/blogdofarnesio.com.br\/#website","url":"https:\/\/blogdofarnesio.com.br\/","name":"Blog do Farn\u00e9sio","description":"Quer Saber Pol\u00edtica?","publisher":{"@id":"https:\/\/blogdofarnesio.com.br\/#organization"},"potentialAction":[{"@type":"SearchAction","target":{"@type":"EntryPoint","urlTemplate":"https:\/\/blogdofarnesio.com.br\/?s={search_term_string}"},"query-input":{"@type":"PropertyValueSpecification","valueRequired":true,"valueName":"search_term_string"}}],"inLanguage":"pt-BR"},{"@type":"Organization","@id":"https:\/\/blogdofarnesio.com.br\/#organization","name":"Blog do Farn\u00e9sio","url":"https:\/\/blogdofarnesio.com.br\/","logo":{"@type":"ImageObject","inLanguage":"pt-BR","@id":"https:\/\/blogdofarnesio.com.br\/#\/schema\/logo\/image\/","url":"https:\/\/blogdofarnesio.com.br\/wp-content\/uploads\/2026\/03\/cropped-logo_new-1.png","contentUrl":"https:\/\/blogdofarnesio.com.br\/wp-content\/uploads\/2026\/03\/cropped-logo_new-1.png","width":881,"height":685,"caption":"Blog do Farn\u00e9sio"},"image":{"@id":"https:\/\/blogdofarnesio.com.br\/#\/schema\/logo\/image\/"},"sameAs":["https:\/\/www.facebook.com\/BlogQuerSaberPolitica\/"]},{"@type":"Person","@id":"https:\/\/blogdofarnesio.com.br\/#\/schema\/person\/dd1bf5eba40b687199ba45ca6b97dff9","name":"teste","image":{"@type":"ImageObject","inLanguage":"pt-BR","@id":"https:\/\/secure.gravatar.com\/avatar\/2172498d4914b51e1d89a0f97957b035ac4938723a5cac208135d389b6972a6d?s=96&d=mm&r=g","url":"https:\/\/secure.gravatar.com\/avatar\/2172498d4914b51e1d89a0f97957b035ac4938723a5cac208135d389b6972a6d?s=96&d=mm&r=g","contentUrl":"https:\/\/secure.gravatar.com\/avatar\/2172498d4914b51e1d89a0f97957b035ac4938723a5cac208135d389b6972a6d?s=96&d=mm&r=g","caption":"teste"},"url":"https:\/\/blogdofarnesio.com.br\/author\/teste\/"}]}},"_links":{"self":[{"href":"https:\/\/blogdofarnesio.com.br\/wp-json\/wp\/v2\/posts\/95135","targetHints":{"allow":["GET"]}}],"collection":[{"href":"https:\/\/blogdofarnesio.com.br\/wp-json\/wp\/v2\/posts"}],"about":[{"href":"https:\/\/blogdofarnesio.com.br\/wp-json\/wp\/v2\/types\/post"}],"author":[{"embeddable":true,"href":"https:\/\/blogdofarnesio.com.br\/wp-json\/wp\/v2\/users\/3"}],"replies":[{"embeddable":true,"href":"https:\/\/blogdofarnesio.com.br\/wp-json\/wp\/v2\/comments?post=95135"}],"version-history":[{"count":0,"href":"https:\/\/blogdofarnesio.com.br\/wp-json\/wp\/v2\/posts\/95135\/revisions"}],"wp:attachment":[{"href":"https:\/\/blogdofarnesio.com.br\/wp-json\/wp\/v2\/media?parent=95135"}],"wp:term":[{"taxonomy":"category","embeddable":true,"href":"https:\/\/blogdofarnesio.com.br\/wp-json\/wp\/v2\/categories?post=95135"},{"taxonomy":"post_tag","embeddable":true,"href":"https:\/\/blogdofarnesio.com.br\/wp-json\/wp\/v2\/tags?post=95135"}],"curies":[{"name":"wp","href":"https:\/\/api.w.org\/{rel}","templated":true}]}}