{"id":95127,"date":"2014-08-14T09:01:03","date_gmt":"2014-08-14T12:01:03","guid":{"rendered":"http:\/\/www.quersaberpolitica.com.br\/?p=95127"},"modified":"2014-08-13T21:02:50","modified_gmt":"2014-08-14T00:02:50","slug":"obra-da-avenida-girassol-no-bairro-argemiro-esta-sendo-prejudicada-por-atos-de-vandalismo","status":"publish","type":"post","link":"https:\/\/blogdofarnesio.com.br\/2014\/08\/obra-da-avenida-girassol-no-bairro-argemiro-esta-sendo-prejudicada-por-atos-de-vandalismo\/","title":{"rendered":"OBRA DA AVENIDA GIRASSOL NO BAIRRO ARGEMIRO EST\u00c1 SENDO PREJUDICADA POR ATOS DE VANDALISMO"},"content":{"rendered":"<p style=\"text-align: justify\"><a href=\"http:\/\/www.quersaberpolitica.com.br\/2016\/wp-content\/uploads\/2014\/08\/unnamed166.jpg\"><img loading=\"lazy\" decoding=\"async\" class=\"aligncenter size-full wp-image-95128\" alt=\"unnamed\" src=\"http:\/\/www.quersaberpolitica.com.br\/2016\/wp-content\/uploads\/2014\/08\/unnamed166.jpg\" width=\"448\" height=\"297\" srcset=\"https:\/\/blogdofarnesio.com.br\/wp-content\/uploads\/2014\/08\/unnamed166.jpg 448w, https:\/\/blogdofarnesio.com.br\/wp-content\/uploads\/2014\/08\/unnamed166-300x198.jpg 300w\" sizes=\"auto, (max-width: 448px) 100vw, 448px\" \/><\/a>Na madrugada desta quarta-feira (13) uma das caixas de espinha da drenagem da Avenida Girassol, no bairro Argemiro, foi atingida por um paralelep\u00edpedo atrav\u00e9s de um ato de vandalismo, quebrando o cano da rede de \u00e1gua na esquina com a Avenida Cristalina e inundando a base do asfalto num trecho de cerca de 440 metros.<\/p>\n<p style=\"text-align: justify\">Equipes da Secretaria de Desenvolvimento Urbano e Habita\u00e7\u00e3o (SEDUH) e da empresa que executa a obra est\u00e3o minimizando os danos causados \u00e0 via. Devido \u00e0 quantidade de \u00e1gua que jorrou no local, um caminh\u00e3o do SAAE acabou atolando enquanto retirava a \u00e1gua da caixa de drenagem.<!--more--><\/p>\n<p style=\"text-align: justify\">O engenheiro da SEDUH, Hemerson Guimar\u00e3es, respons\u00e1vel pela fiscaliza\u00e7\u00e3o das obras da Interven\u00e7\u00e3o Urbana, chama a aten\u00e7\u00e3o para o fato de outros atos de vandalismo ou de simples descuidos com um bem comum \u00e0 popula\u00e7\u00e3o estarem ocorrendo tanto na Girassol quanto em outras avenidas.<!--more--><\/p>\n<p style=\"text-align: justify\">\u201cEnquanto a imensa maioria dos moradores dos bairros est\u00e1 feliz com as obras, infelizmente temos esses p\u00e9ssimos exemplos de pessoas que n\u00e3o t\u00eam respeito pelo patrim\u00f4nio p\u00fablico, esquecendo-se de que o maior prejudicado \u00e9 o pr\u00f3prio morador da localidade\u201d.<\/p>\n<p style=\"text-align: justify\">Ainda segundo Hemerson Guimar\u00e3es, al\u00e9m da pedra arremessada contra o cano da caixa de drenagem, os v\u00e2ndalos tamb\u00e9m est\u00e3o danificando os meio-fios j\u00e1 colocados. \u201cIsso acarreta em grande preju\u00edzo para os cofres p\u00fablicos, porque n\u00e3o s\u00f3 atrasa como onera a obra. Esse ato de vandalismo tem ocorrido na Girassol, \u00e0 qual est\u00e1vamos prevendo finalizar em poucos dias, mas na Irm\u00e3 Dulce do Alto da Alian\u00e7a os moradores est\u00e3o fazendo canaletas e lombadas irregulares com a obra ainda em curso. Precisamos da colabora\u00e7\u00e3o e compreens\u00e3o da comunidade, caso contr\u00e1rio ficar\u00e1 imposs\u00edvel concluir e entregar com qualidade essas importantes vias da nossa cidade\u201d, alertou Hemerson.<\/p>\n<p style=\"text-align: justify\">Devido ao ato de vandalismo os servi\u00e7os da Avenida Girassol ser\u00e3o atrasados em 15 dias. \u201cToda obra de pavimenta\u00e7\u00e3o precisa estar seca at\u00e9 ser conclu\u00edda toda a linha de \u00e1gua. Caso contr\u00e1rio danifica a base asf\u00e1ltica e atrasa a obra\u201d, concluiu o engenheiro da SEDUH, lembrando ainda que enquanto aguarda a secagem e a coloca\u00e7\u00e3o de meio-fio da parte direita da avenida, os servi\u00e7os ser\u00e3o concentrados nas avenidas Irm\u00e3 Dulce 1 (Alto da Alian\u00e7a) e Irm\u00e3 Dulce 2 (Malhada da Areia).<\/p>\n","protected":false},"excerpt":{"rendered":"<p>Na madrugada desta quarta-feira (13) uma das caixas de espinha da drenagem da Avenida Girassol, no bairro Argemiro, foi atingida por um paralelep\u00edpedo atrav\u00e9s de um ato de vandalismo, quebrando o cano da rede de \u00e1gua na esquina com a Avenida Cristalina e inundando a base do asfalto num trecho de cerca de 440 metros. Equipes da Secretaria de Desenvolvimento Urbano e Habita\u00e7\u00e3o (SEDUH) e da empresa que executa a obra est\u00e3o minimizando os danos causados \u00e0 via. Devido \u00e0 quantidade de \u00e1gua que jorrou no local, um caminh\u00e3o do SAAE acabou atolando enquanto retirava a \u00e1gua da caixa de drenagem.<\/p>\n","protected":false},"author":3,"featured_media":0,"comment_status":"open","ping_status":"open","sticky":false,"template":"","format":"standard","meta":{"_acf_changed":false,"footnotes":""},"categories":[14],"tags":[],"class_list":["post-95127","post","type-post","status-publish","format-standard","hentry","category-infraestrutura"],"acf":[],"yoast_head":"<!-- This site is optimized with the Yoast SEO plugin v27.5 - https:\/\/yoast.com\/product\/yoast-seo-wordpress\/ -->\n<title>OBRA DA AVENIDA GIRASSOL NO BAIRRO ARGEMIRO EST\u00c1 SENDO PREJUDICADA POR ATOS DE VANDALISMO - Blog do Farn\u00e9sio<\/title>\n<meta name=\"robots\" content=\"index, follow, max-snippet:-1, max-image-preview:large, max-video-preview:-1\" \/>\n<link rel=\"canonical\" href=\"https:\/\/blogdofarnesio.com.br\/2014\/08\/obra-da-avenida-girassol-no-bairro-argemiro-esta-sendo-prejudicada-por-atos-de-vandalismo\/\" \/>\n<meta property=\"og:locale\" content=\"pt_BR\" \/>\n<meta property=\"og:type\" content=\"article\" \/>\n<meta property=\"og:title\" content=\"OBRA DA AVENIDA GIRASSOL NO BAIRRO ARGEMIRO EST\u00c1 SENDO PREJUDICADA POR ATOS DE VANDALISMO - Blog do Farn\u00e9sio\" \/>\n<meta property=\"og:description\" content=\"Na madrugada desta quarta-feira (13) uma das caixas de espinha da drenagem da Avenida Girassol, no bairro Argemiro, foi atingida por um paralelep\u00edpedo atrav\u00e9s de um ato de vandalismo, quebrando o cano da rede de \u00e1gua na esquina com a Avenida Cristalina e inundando a base do asfalto num trecho de cerca de 440 metros. Equipes da Secretaria de Desenvolvimento Urbano e Habita\u00e7\u00e3o (SEDUH) e da empresa que executa a obra est\u00e3o minimizando os danos causados \u00e0 via. Devido \u00e0 quantidade de \u00e1gua que jorrou no local, um caminh\u00e3o do SAAE acabou atolando enquanto retirava a \u00e1gua da caixa de drenagem.\" \/>\n<meta property=\"og:url\" content=\"https:\/\/blogdofarnesio.com.br\/2014\/08\/obra-da-avenida-girassol-no-bairro-argemiro-esta-sendo-prejudicada-por-atos-de-vandalismo\/\" \/>\n<meta property=\"og:site_name\" content=\"Blog do Farn\u00e9sio\" \/>\n<meta property=\"article:publisher\" content=\"https:\/\/www.facebook.com\/BlogQuerSaberPolitica\/\" \/>\n<meta property=\"article:published_time\" content=\"2014-08-14T12:01:03+00:00\" \/>\n<meta property=\"og:image\" content=\"http:\/\/www.quersaberpolitica.com.br\/2016\/wp-content\/uploads\/2014\/08\/unnamed166.jpg\" \/>\n<meta name=\"author\" content=\"teste\" \/>\n<meta name=\"twitter:card\" content=\"summary_large_image\" \/>\n<meta name=\"twitter:label1\" content=\"Escrito por\" \/>\n\t<meta name=\"twitter:data1\" content=\"teste\" \/>\n\t<meta name=\"twitter:label2\" content=\"Est. tempo de leitura\" \/>\n\t<meta name=\"twitter:data2\" content=\"2 minutos\" \/>\n<script type=\"application\/ld+json\" class=\"yoast-schema-graph\">{\"@context\":\"https:\\\/\\\/schema.org\",\"@graph\":[{\"@type\":\"Article\",\"@id\":\"https:\\\/\\\/blogdofarnesio.com.br\\\/2014\\\/08\\\/obra-da-avenida-girassol-no-bairro-argemiro-esta-sendo-prejudicada-por-atos-de-vandalismo\\\/#article\",\"isPartOf\":{\"@id\":\"https:\\\/\\\/blogdofarnesio.com.br\\\/2014\\\/08\\\/obra-da-avenida-girassol-no-bairro-argemiro-esta-sendo-prejudicada-por-atos-de-vandalismo\\\/\"},\"author\":{\"name\":\"teste\",\"@id\":\"https:\\\/\\\/blogdofarnesio.com.br\\\/#\\\/schema\\\/person\\\/dd1bf5eba40b687199ba45ca6b97dff9\"},\"headline\":\"OBRA DA AVENIDA GIRASSOL NO BAIRRO ARGEMIRO EST\u00c1 SENDO PREJUDICADA POR ATOS DE VANDALISMO\",\"datePublished\":\"2014-08-14T12:01:03+00:00\",\"mainEntityOfPage\":{\"@id\":\"https:\\\/\\\/blogdofarnesio.com.br\\\/2014\\\/08\\\/obra-da-avenida-girassol-no-bairro-argemiro-esta-sendo-prejudicada-por-atos-de-vandalismo\\\/\"},\"wordCount\":414,\"commentCount\":0,\"publisher\":{\"@id\":\"https:\\\/\\\/blogdofarnesio.com.br\\\/#organization\"},\"image\":{\"@id\":\"https:\\\/\\\/blogdofarnesio.com.br\\\/2014\\\/08\\\/obra-da-avenida-girassol-no-bairro-argemiro-esta-sendo-prejudicada-por-atos-de-vandalismo\\\/#primaryimage\"},\"thumbnailUrl\":\"http:\\\/\\\/www.quersaberpolitica.com.br\\\/2016\\\/wp-content\\\/uploads\\\/2014\\\/08\\\/unnamed166.jpg\",\"articleSection\":[\"Infraestrutura\"],\"inLanguage\":\"pt-BR\",\"potentialAction\":[{\"@type\":\"CommentAction\",\"name\":\"Comment\",\"target\":[\"https:\\\/\\\/blogdofarnesio.com.br\\\/2014\\\/08\\\/obra-da-avenida-girassol-no-bairro-argemiro-esta-sendo-prejudicada-por-atos-de-vandalismo\\\/#respond\"]}]},{\"@type\":\"WebPage\",\"@id\":\"https:\\\/\\\/blogdofarnesio.com.br\\\/2014\\\/08\\\/obra-da-avenida-girassol-no-bairro-argemiro-esta-sendo-prejudicada-por-atos-de-vandalismo\\\/\",\"url\":\"https:\\\/\\\/blogdofarnesio.com.br\\\/2014\\\/08\\\/obra-da-avenida-girassol-no-bairro-argemiro-esta-sendo-prejudicada-por-atos-de-vandalismo\\\/\",\"name\":\"OBRA DA AVENIDA GIRASSOL NO BAIRRO ARGEMIRO EST\u00c1 SENDO PREJUDICADA POR ATOS DE VANDALISMO - Blog do Farn\u00e9sio\",\"isPartOf\":{\"@id\":\"https:\\\/\\\/blogdofarnesio.com.br\\\/#website\"},\"primaryImageOfPage\":{\"@id\":\"https:\\\/\\\/blogdofarnesio.com.br\\\/2014\\\/08\\\/obra-da-avenida-girassol-no-bairro-argemiro-esta-sendo-prejudicada-por-atos-de-vandalismo\\\/#primaryimage\"},\"image\":{\"@id\":\"https:\\\/\\\/blogdofarnesio.com.br\\\/2014\\\/08\\\/obra-da-avenida-girassol-no-bairro-argemiro-esta-sendo-prejudicada-por-atos-de-vandalismo\\\/#primaryimage\"},\"thumbnailUrl\":\"http:\\\/\\\/www.quersaberpolitica.com.br\\\/2016\\\/wp-content\\\/uploads\\\/2014\\\/08\\\/unnamed166.jpg\",\"datePublished\":\"2014-08-14T12:01:03+00:00\",\"breadcrumb\":{\"@id\":\"https:\\\/\\\/blogdofarnesio.com.br\\\/2014\\\/08\\\/obra-da-avenida-girassol-no-bairro-argemiro-esta-sendo-prejudicada-por-atos-de-vandalismo\\\/#breadcrumb\"},\"inLanguage\":\"pt-BR\",\"potentialAction\":[{\"@type\":\"ReadAction\",\"target\":[\"https:\\\/\\\/blogdofarnesio.com.br\\\/2014\\\/08\\\/obra-da-avenida-girassol-no-bairro-argemiro-esta-sendo-prejudicada-por-atos-de-vandalismo\\\/\"]}]},{\"@type\":\"ImageObject\",\"inLanguage\":\"pt-BR\",\"@id\":\"https:\\\/\\\/blogdofarnesio.com.br\\\/2014\\\/08\\\/obra-da-avenida-girassol-no-bairro-argemiro-esta-sendo-prejudicada-por-atos-de-vandalismo\\\/#primaryimage\",\"url\":\"http:\\\/\\\/www.quersaberpolitica.com.br\\\/2016\\\/wp-content\\\/uploads\\\/2014\\\/08\\\/unnamed166.jpg\",\"contentUrl\":\"http:\\\/\\\/www.quersaberpolitica.com.br\\\/2016\\\/wp-content\\\/uploads\\\/2014\\\/08\\\/unnamed166.jpg\"},{\"@type\":\"BreadcrumbList\",\"@id\":\"https:\\\/\\\/blogdofarnesio.com.br\\\/2014\\\/08\\\/obra-da-avenida-girassol-no-bairro-argemiro-esta-sendo-prejudicada-por-atos-de-vandalismo\\\/#breadcrumb\",\"itemListElement\":[{\"@type\":\"ListItem\",\"position\":1,\"name\":\"In\u00edcio\",\"item\":\"https:\\\/\\\/blogdofarnesio.com.br\\\/\"},{\"@type\":\"ListItem\",\"position\":2,\"name\":\"OBRA DA AVENIDA GIRASSOL NO BAIRRO ARGEMIRO EST\u00c1 SENDO PREJUDICADA POR ATOS DE VANDALISMO\"}]},{\"@type\":\"WebSite\",\"@id\":\"https:\\\/\\\/blogdofarnesio.com.br\\\/#website\",\"url\":\"https:\\\/\\\/blogdofarnesio.com.br\\\/\",\"name\":\"Blog do Farn\u00e9sio\",\"description\":\"Quer Saber Pol\u00edtica?\",\"publisher\":{\"@id\":\"https:\\\/\\\/blogdofarnesio.com.br\\\/#organization\"},\"potentialAction\":[{\"@type\":\"SearchAction\",\"target\":{\"@type\":\"EntryPoint\",\"urlTemplate\":\"https:\\\/\\\/blogdofarnesio.com.br\\\/?s={search_term_string}\"},\"query-input\":{\"@type\":\"PropertyValueSpecification\",\"valueRequired\":true,\"valueName\":\"search_term_string\"}}],\"inLanguage\":\"pt-BR\"},{\"@type\":\"Organization\",\"@id\":\"https:\\\/\\\/blogdofarnesio.com.br\\\/#organization\",\"name\":\"Blog do Farn\u00e9sio\",\"url\":\"https:\\\/\\\/blogdofarnesio.com.br\\\/\",\"logo\":{\"@type\":\"ImageObject\",\"inLanguage\":\"pt-BR\",\"@id\":\"https:\\\/\\\/blogdofarnesio.com.br\\\/#\\\/schema\\\/logo\\\/image\\\/\",\"url\":\"https:\\\/\\\/blogdofarnesio.com.br\\\/wp-content\\\/uploads\\\/2026\\\/03\\\/cropped-logo_new-1.png\",\"contentUrl\":\"https:\\\/\\\/blogdofarnesio.com.br\\\/wp-content\\\/uploads\\\/2026\\\/03\\\/cropped-logo_new-1.png\",\"width\":881,\"height\":685,\"caption\":\"Blog do Farn\u00e9sio\"},\"image\":{\"@id\":\"https:\\\/\\\/blogdofarnesio.com.br\\\/#\\\/schema\\\/logo\\\/image\\\/\"},\"sameAs\":[\"https:\\\/\\\/www.facebook.com\\\/BlogQuerSaberPolitica\\\/\"]},{\"@type\":\"Person\",\"@id\":\"https:\\\/\\\/blogdofarnesio.com.br\\\/#\\\/schema\\\/person\\\/dd1bf5eba40b687199ba45ca6b97dff9\",\"name\":\"teste\",\"image\":{\"@type\":\"ImageObject\",\"inLanguage\":\"pt-BR\",\"@id\":\"https:\\\/\\\/secure.gravatar.com\\\/avatar\\\/2172498d4914b51e1d89a0f97957b035ac4938723a5cac208135d389b6972a6d?s=96&d=mm&r=g\",\"url\":\"https:\\\/\\\/secure.gravatar.com\\\/avatar\\\/2172498d4914b51e1d89a0f97957b035ac4938723a5cac208135d389b6972a6d?s=96&d=mm&r=g\",\"contentUrl\":\"https:\\\/\\\/secure.gravatar.com\\\/avatar\\\/2172498d4914b51e1d89a0f97957b035ac4938723a5cac208135d389b6972a6d?s=96&d=mm&r=g\",\"caption\":\"teste\"},\"url\":\"https:\\\/\\\/blogdofarnesio.com.br\\\/author\\\/teste\\\/\"}]}<\/script>\n<!-- \/ Yoast SEO plugin. -->","yoast_head_json":{"title":"OBRA DA AVENIDA GIRASSOL NO BAIRRO ARGEMIRO EST\u00c1 SENDO PREJUDICADA POR ATOS DE VANDALISMO - Blog do Farn\u00e9sio","robots":{"index":"index","follow":"follow","max-snippet":"max-snippet:-1","max-image-preview":"max-image-preview:large","max-video-preview":"max-video-preview:-1"},"canonical":"https:\/\/blogdofarnesio.com.br\/2014\/08\/obra-da-avenida-girassol-no-bairro-argemiro-esta-sendo-prejudicada-por-atos-de-vandalismo\/","og_locale":"pt_BR","og_type":"article","og_title":"OBRA DA AVENIDA GIRASSOL NO BAIRRO ARGEMIRO EST\u00c1 SENDO PREJUDICADA POR ATOS DE VANDALISMO - Blog do Farn\u00e9sio","og_description":"Na madrugada desta quarta-feira (13) uma das caixas de espinha da drenagem da Avenida Girassol, no bairro Argemiro, foi atingida por um paralelep\u00edpedo atrav\u00e9s de um ato de vandalismo, quebrando o cano da rede de \u00e1gua na esquina com a Avenida Cristalina e inundando a base do asfalto num trecho de cerca de 440 metros. Equipes da Secretaria de Desenvolvimento Urbano e Habita\u00e7\u00e3o (SEDUH) e da empresa que executa a obra est\u00e3o minimizando os danos causados \u00e0 via. Devido \u00e0 quantidade de \u00e1gua que jorrou no local, um caminh\u00e3o do SAAE acabou atolando enquanto retirava a \u00e1gua da caixa de drenagem.","og_url":"https:\/\/blogdofarnesio.com.br\/2014\/08\/obra-da-avenida-girassol-no-bairro-argemiro-esta-sendo-prejudicada-por-atos-de-vandalismo\/","og_site_name":"Blog do Farn\u00e9sio","article_publisher":"https:\/\/www.facebook.com\/BlogQuerSaberPolitica\/","article_published_time":"2014-08-14T12:01:03+00:00","og_image":[{"url":"http:\/\/www.quersaberpolitica.com.br\/2016\/wp-content\/uploads\/2014\/08\/unnamed166.jpg","type":"","width":"","height":""}],"author":"teste","twitter_card":"summary_large_image","twitter_misc":{"Escrito por":"teste","Est. tempo de leitura":"2 minutos"},"schema":{"@context":"https:\/\/schema.org","@graph":[{"@type":"Article","@id":"https:\/\/blogdofarnesio.com.br\/2014\/08\/obra-da-avenida-girassol-no-bairro-argemiro-esta-sendo-prejudicada-por-atos-de-vandalismo\/#article","isPartOf":{"@id":"https:\/\/blogdofarnesio.com.br\/2014\/08\/obra-da-avenida-girassol-no-bairro-argemiro-esta-sendo-prejudicada-por-atos-de-vandalismo\/"},"author":{"name":"teste","@id":"https:\/\/blogdofarnesio.com.br\/#\/schema\/person\/dd1bf5eba40b687199ba45ca6b97dff9"},"headline":"OBRA DA AVENIDA GIRASSOL NO BAIRRO ARGEMIRO EST\u00c1 SENDO PREJUDICADA POR ATOS DE VANDALISMO","datePublished":"2014-08-14T12:01:03+00:00","mainEntityOfPage":{"@id":"https:\/\/blogdofarnesio.com.br\/2014\/08\/obra-da-avenida-girassol-no-bairro-argemiro-esta-sendo-prejudicada-por-atos-de-vandalismo\/"},"wordCount":414,"commentCount":0,"publisher":{"@id":"https:\/\/blogdofarnesio.com.br\/#organization"},"image":{"@id":"https:\/\/blogdofarnesio.com.br\/2014\/08\/obra-da-avenida-girassol-no-bairro-argemiro-esta-sendo-prejudicada-por-atos-de-vandalismo\/#primaryimage"},"thumbnailUrl":"http:\/\/www.quersaberpolitica.com.br\/2016\/wp-content\/uploads\/2014\/08\/unnamed166.jpg","articleSection":["Infraestrutura"],"inLanguage":"pt-BR","potentialAction":[{"@type":"CommentAction","name":"Comment","target":["https:\/\/blogdofarnesio.com.br\/2014\/08\/obra-da-avenida-girassol-no-bairro-argemiro-esta-sendo-prejudicada-por-atos-de-vandalismo\/#respond"]}]},{"@type":"WebPage","@id":"https:\/\/blogdofarnesio.com.br\/2014\/08\/obra-da-avenida-girassol-no-bairro-argemiro-esta-sendo-prejudicada-por-atos-de-vandalismo\/","url":"https:\/\/blogdofarnesio.com.br\/2014\/08\/obra-da-avenida-girassol-no-bairro-argemiro-esta-sendo-prejudicada-por-atos-de-vandalismo\/","name":"OBRA DA AVENIDA GIRASSOL NO BAIRRO ARGEMIRO EST\u00c1 SENDO PREJUDICADA POR ATOS DE VANDALISMO - Blog do Farn\u00e9sio","isPartOf":{"@id":"https:\/\/blogdofarnesio.com.br\/#website"},"primaryImageOfPage":{"@id":"https:\/\/blogdofarnesio.com.br\/2014\/08\/obra-da-avenida-girassol-no-bairro-argemiro-esta-sendo-prejudicada-por-atos-de-vandalismo\/#primaryimage"},"image":{"@id":"https:\/\/blogdofarnesio.com.br\/2014\/08\/obra-da-avenida-girassol-no-bairro-argemiro-esta-sendo-prejudicada-por-atos-de-vandalismo\/#primaryimage"},"thumbnailUrl":"http:\/\/www.quersaberpolitica.com.br\/2016\/wp-content\/uploads\/2014\/08\/unnamed166.jpg","datePublished":"2014-08-14T12:01:03+00:00","breadcrumb":{"@id":"https:\/\/blogdofarnesio.com.br\/2014\/08\/obra-da-avenida-girassol-no-bairro-argemiro-esta-sendo-prejudicada-por-atos-de-vandalismo\/#breadcrumb"},"inLanguage":"pt-BR","potentialAction":[{"@type":"ReadAction","target":["https:\/\/blogdofarnesio.com.br\/2014\/08\/obra-da-avenida-girassol-no-bairro-argemiro-esta-sendo-prejudicada-por-atos-de-vandalismo\/"]}]},{"@type":"ImageObject","inLanguage":"pt-BR","@id":"https:\/\/blogdofarnesio.com.br\/2014\/08\/obra-da-avenida-girassol-no-bairro-argemiro-esta-sendo-prejudicada-por-atos-de-vandalismo\/#primaryimage","url":"http:\/\/www.quersaberpolitica.com.br\/2016\/wp-content\/uploads\/2014\/08\/unnamed166.jpg","contentUrl":"http:\/\/www.quersaberpolitica.com.br\/2016\/wp-content\/uploads\/2014\/08\/unnamed166.jpg"},{"@type":"BreadcrumbList","@id":"https:\/\/blogdofarnesio.com.br\/2014\/08\/obra-da-avenida-girassol-no-bairro-argemiro-esta-sendo-prejudicada-por-atos-de-vandalismo\/#breadcrumb","itemListElement":[{"@type":"ListItem","position":1,"name":"In\u00edcio","item":"https:\/\/blogdofarnesio.com.br\/"},{"@type":"ListItem","position":2,"name":"OBRA DA AVENIDA GIRASSOL NO BAIRRO ARGEMIRO EST\u00c1 SENDO PREJUDICADA POR ATOS DE VANDALISMO"}]},{"@type":"WebSite","@id":"https:\/\/blogdofarnesio.com.br\/#website","url":"https:\/\/blogdofarnesio.com.br\/","name":"Blog do Farn\u00e9sio","description":"Quer Saber Pol\u00edtica?","publisher":{"@id":"https:\/\/blogdofarnesio.com.br\/#organization"},"potentialAction":[{"@type":"SearchAction","target":{"@type":"EntryPoint","urlTemplate":"https:\/\/blogdofarnesio.com.br\/?s={search_term_string}"},"query-input":{"@type":"PropertyValueSpecification","valueRequired":true,"valueName":"search_term_string"}}],"inLanguage":"pt-BR"},{"@type":"Organization","@id":"https:\/\/blogdofarnesio.com.br\/#organization","name":"Blog do Farn\u00e9sio","url":"https:\/\/blogdofarnesio.com.br\/","logo":{"@type":"ImageObject","inLanguage":"pt-BR","@id":"https:\/\/blogdofarnesio.com.br\/#\/schema\/logo\/image\/","url":"https:\/\/blogdofarnesio.com.br\/wp-content\/uploads\/2026\/03\/cropped-logo_new-1.png","contentUrl":"https:\/\/blogdofarnesio.com.br\/wp-content\/uploads\/2026\/03\/cropped-logo_new-1.png","width":881,"height":685,"caption":"Blog do Farn\u00e9sio"},"image":{"@id":"https:\/\/blogdofarnesio.com.br\/#\/schema\/logo\/image\/"},"sameAs":["https:\/\/www.facebook.com\/BlogQuerSaberPolitica\/"]},{"@type":"Person","@id":"https:\/\/blogdofarnesio.com.br\/#\/schema\/person\/dd1bf5eba40b687199ba45ca6b97dff9","name":"teste","image":{"@type":"ImageObject","inLanguage":"pt-BR","@id":"https:\/\/secure.gravatar.com\/avatar\/2172498d4914b51e1d89a0f97957b035ac4938723a5cac208135d389b6972a6d?s=96&d=mm&r=g","url":"https:\/\/secure.gravatar.com\/avatar\/2172498d4914b51e1d89a0f97957b035ac4938723a5cac208135d389b6972a6d?s=96&d=mm&r=g","contentUrl":"https:\/\/secure.gravatar.com\/avatar\/2172498d4914b51e1d89a0f97957b035ac4938723a5cac208135d389b6972a6d?s=96&d=mm&r=g","caption":"teste"},"url":"https:\/\/blogdofarnesio.com.br\/author\/teste\/"}]}},"_links":{"self":[{"href":"https:\/\/blogdofarnesio.com.br\/wp-json\/wp\/v2\/posts\/95127","targetHints":{"allow":["GET"]}}],"collection":[{"href":"https:\/\/blogdofarnesio.com.br\/wp-json\/wp\/v2\/posts"}],"about":[{"href":"https:\/\/blogdofarnesio.com.br\/wp-json\/wp\/v2\/types\/post"}],"author":[{"embeddable":true,"href":"https:\/\/blogdofarnesio.com.br\/wp-json\/wp\/v2\/users\/3"}],"replies":[{"embeddable":true,"href":"https:\/\/blogdofarnesio.com.br\/wp-json\/wp\/v2\/comments?post=95127"}],"version-history":[{"count":0,"href":"https:\/\/blogdofarnesio.com.br\/wp-json\/wp\/v2\/posts\/95127\/revisions"}],"wp:attachment":[{"href":"https:\/\/blogdofarnesio.com.br\/wp-json\/wp\/v2\/media?parent=95127"}],"wp:term":[{"taxonomy":"category","embeddable":true,"href":"https:\/\/blogdofarnesio.com.br\/wp-json\/wp\/v2\/categories?post=95127"},{"taxonomy":"post_tag","embeddable":true,"href":"https:\/\/blogdofarnesio.com.br\/wp-json\/wp\/v2\/tags?post=95127"}],"curies":[{"name":"wp","href":"https:\/\/api.w.org\/{rel}","templated":true}]}}