{"id":95050,"date":"2014-08-14T09:43:08","date_gmt":"2014-08-14T12:43:08","guid":{"rendered":"http:\/\/www.quersaberpolitica.com.br\/?p=95050"},"modified":"2014-08-13T21:23:00","modified_gmt":"2014-08-14T00:23:00","slug":"destaque-imprensa-vai-homenagear-atletas-juazeirenses","status":"publish","type":"post","link":"https:\/\/blogdofarnesio.com.br\/?p=95050","title":{"rendered":"DESTAQUE IMPRENSA VAI HOMENAGEAR ATLETAS JUAZEIRENSES"},"content":{"rendered":"<figure id=\"attachment_95172\" aria-describedby=\"caption-attachment-95172\" style=\"width: 380px\" class=\"wp-caption aligncenter\"><a href=\"http:\/\/www.quersaberpolitica.com.br\/2016\/wp-content\/uploads\/2014\/08\/BLOGQSPPETROS.jpg\"><img loading=\"lazy\" decoding=\"async\" class=\"size-full wp-image-95172\" alt=\"Petros sera um dos homenageados\" src=\"http:\/\/www.quersaberpolitica.com.br\/2016\/wp-content\/uploads\/2014\/08\/BLOGQSPPETROS.jpg\" width=\"380\" height=\"280\" srcset=\"https:\/\/blogdofarnesio.com.br\/wp-content\/uploads\/2014\/08\/BLOGQSPPETROS.jpg 380w, https:\/\/blogdofarnesio.com.br\/wp-content\/uploads\/2014\/08\/BLOGQSPPETROS-300x221.jpg 300w\" sizes=\"auto, (max-width: 380px) 100vw, 380px\" \/><\/a><figcaption id=\"caption-attachment-95172\" class=\"wp-caption-text\">Petros sera um dos homenageados<\/figcaption><\/figure>\n<p style=\"text-align: justify\">O desempenho dos atletas Petros, Nixon e Carol Rodrigues (futebol) Suelly Aline (nata\u00e7\u00e3o) e Jafel Filho (MMA) \u00e9 uma prova de que Juazeiro continua sendo celeiro de grandes talentos nos mais diversos segmentos, motivo de orgulho para todos n\u00f3s.<\/p>\n<p style=\"text-align: justify\">Petros no Corinthians, Nixon no Flamengo e Carol na Sele\u00e7\u00e3o Brasileira (sub 20) mostraram a for\u00e7a do juazeirense no futebol, que j\u00e1 revelou craques a exemplo de Luis Pereira, Nunes e Daniel Alves, que levaram o nome da nossa cidade para o mundo. J\u00e1 a nadadora Suelly Aline e o lutador Jafel Filho, s\u00e3o grandes promessas no atletismo que ainda nos dar\u00e3o muitas alegrias.<\/p>\n<p style=\"text-align: justify\">Pelo muito que estes atletas j\u00e1 fizeram em nome de Juazeiro a Comiss\u00e3o Organizadora do Destaque Imprensa decidiu homenage\u00e1-los \u00a0no evento que reconhece o trabalho dos profissionais da imprensa, empres\u00e1rios, pol\u00edticos e entidades da regi\u00e3o.<!--more--><\/p>\n<p style=\"text-align: justify\">Criado h\u00e1 17 anos, o Destaque Imprensa \u00e9 o pr\u00eamio mais cobi\u00e7ado da regi\u00e3o e, esse ano, acontece no dia 26 de setembro no Rancho Brilho do Sol (estrada da adutora \u2013 BR 407 \u2013 em frente \u00e0 esta\u00e7\u00e3o da Chesf\/Juazeiro).<\/p>\n<p style=\"text-align: justify\">Al\u00e9m dos atletas ser\u00e3o tamb\u00e9m homenageados (em mem\u00f3ria) o jornalista Humberto Sardeiro e o diretor do Jornal Gazzeta do S\u00e3o Francisco, Eudes Celestino.<\/p>\n","protected":false},"excerpt":{"rendered":"<p>O desempenho dos atletas Petros, Nixon e Carol Rodrigues (futebol) Suelly Aline (nata\u00e7\u00e3o) e Jafel Filho (MMA) \u00e9 uma prova de que Juazeiro continua sendo celeiro de grandes talentos nos mais diversos segmentos, motivo de orgulho para todos n\u00f3s. Petros no Corinthians, Nixon no Flamengo e Carol na Sele\u00e7\u00e3o Brasileira (sub 20) mostraram a for\u00e7a do juazeirense no futebol, que j\u00e1 revelou craques a exemplo de Luis Pereira, Nunes e Daniel Alves, que levaram o nome da nossa cidade para o mundo. J\u00e1 a nadadora Suelly Aline e o lutador Jafel Filho, s\u00e3o grandes promessas no atletismo que ainda nos dar\u00e3o muitas alegrias. Pelo muito que estes atletas j\u00e1 fizeram em nome de Juazeiro a Comiss\u00e3o Organizadora do Destaque Imprensa&hellip; <\/p>\n","protected":false},"author":3,"featured_media":0,"comment_status":"open","ping_status":"open","sticky":false,"template":"","format":"standard","meta":{"_acf_changed":false,"footnotes":""},"categories":[3],"tags":[],"class_list":["post-95050","post","type-post","status-publish","format-standard","hentry","category-entretenimento"],"acf":[],"yoast_head":"<!-- This site is optimized with the Yoast SEO plugin v27.4 - https:\/\/yoast.com\/product\/yoast-seo-wordpress\/ -->\n<title>DESTAQUE IMPRENSA VAI HOMENAGEAR ATLETAS JUAZEIRENSES - Blog do Farn\u00e9sio<\/title>\n<meta name=\"robots\" content=\"index, follow, max-snippet:-1, max-image-preview:large, max-video-preview:-1\" \/>\n<link rel=\"canonical\" href=\"https:\/\/blogdofarnesio.com.br\/?p=95050\" \/>\n<meta property=\"og:locale\" content=\"pt_BR\" \/>\n<meta property=\"og:type\" content=\"article\" \/>\n<meta property=\"og:title\" content=\"DESTAQUE IMPRENSA VAI HOMENAGEAR ATLETAS JUAZEIRENSES - Blog do Farn\u00e9sio\" \/>\n<meta property=\"og:description\" content=\"O desempenho dos atletas Petros, Nixon e Carol Rodrigues (futebol) Suelly Aline (nata\u00e7\u00e3o) e Jafel Filho (MMA) \u00e9 uma prova de que Juazeiro continua sendo celeiro de grandes talentos nos mais diversos segmentos, motivo de orgulho para todos n\u00f3s. Petros no Corinthians, Nixon no Flamengo e Carol na Sele\u00e7\u00e3o Brasileira (sub 20) mostraram a for\u00e7a do juazeirense no futebol, que j\u00e1 revelou craques a exemplo de Luis Pereira, Nunes e Daniel Alves, que levaram o nome da nossa cidade para o mundo. J\u00e1 a nadadora Suelly Aline e o lutador Jafel Filho, s\u00e3o grandes promessas no atletismo que ainda nos dar\u00e3o muitas alegrias. Pelo muito que estes atletas j\u00e1 fizeram em nome de Juazeiro a Comiss\u00e3o Organizadora do Destaque Imprensa&hellip;\" \/>\n<meta property=\"og:url\" content=\"https:\/\/blogdofarnesio.com.br\/?p=95050\" \/>\n<meta property=\"og:site_name\" content=\"Blog do Farn\u00e9sio\" \/>\n<meta property=\"article:publisher\" content=\"https:\/\/www.facebook.com\/BlogQuerSaberPolitica\/\" \/>\n<meta property=\"article:published_time\" content=\"2014-08-14T12:43:08+00:00\" \/>\n<meta property=\"og:image\" content=\"http:\/\/www.quersaberpolitica.com.br\/2016\/wp-content\/uploads\/2014\/08\/BLOGQSPPETROS.jpg\" \/>\n<meta name=\"author\" content=\"teste\" \/>\n<meta name=\"twitter:card\" content=\"summary_large_image\" \/>\n<meta name=\"twitter:label1\" content=\"Escrito por\" \/>\n\t<meta name=\"twitter:data1\" content=\"teste\" \/>\n\t<meta name=\"twitter:label2\" content=\"Est. tempo de leitura\" \/>\n\t<meta name=\"twitter:data2\" content=\"1 minuto\" \/>\n<script type=\"application\/ld+json\" class=\"yoast-schema-graph\">{\"@context\":\"https:\\\/\\\/schema.org\",\"@graph\":[{\"@type\":\"Article\",\"@id\":\"https:\\\/\\\/blogdofarnesio.com.br\\\/?p=95050#article\",\"isPartOf\":{\"@id\":\"https:\\\/\\\/blogdofarnesio.com.br\\\/?p=95050\"},\"author\":{\"name\":\"teste\",\"@id\":\"https:\\\/\\\/blogdofarnesio.com.br\\\/#\\\/schema\\\/person\\\/dd1bf5eba40b687199ba45ca6b97dff9\"},\"headline\":\"DESTAQUE IMPRENSA VAI HOMENAGEAR ATLETAS JUAZEIRENSES\",\"datePublished\":\"2014-08-14T12:43:08+00:00\",\"mainEntityOfPage\":{\"@id\":\"https:\\\/\\\/blogdofarnesio.com.br\\\/?p=95050\"},\"wordCount\":232,\"commentCount\":0,\"publisher\":{\"@id\":\"https:\\\/\\\/blogdofarnesio.com.br\\\/#organization\"},\"image\":{\"@id\":\"https:\\\/\\\/blogdofarnesio.com.br\\\/?p=95050#primaryimage\"},\"thumbnailUrl\":\"http:\\\/\\\/www.quersaberpolitica.com.br\\\/2016\\\/wp-content\\\/uploads\\\/2014\\\/08\\\/BLOGQSPPETROS.jpg\",\"articleSection\":[\"Entretenimento\"],\"inLanguage\":\"pt-BR\",\"potentialAction\":[{\"@type\":\"CommentAction\",\"name\":\"Comment\",\"target\":[\"https:\\\/\\\/blogdofarnesio.com.br\\\/?p=95050#respond\"]}]},{\"@type\":\"WebPage\",\"@id\":\"https:\\\/\\\/blogdofarnesio.com.br\\\/?p=95050\",\"url\":\"https:\\\/\\\/blogdofarnesio.com.br\\\/?p=95050\",\"name\":\"DESTAQUE IMPRENSA VAI HOMENAGEAR ATLETAS JUAZEIRENSES - Blog do Farn\u00e9sio\",\"isPartOf\":{\"@id\":\"https:\\\/\\\/blogdofarnesio.com.br\\\/#website\"},\"primaryImageOfPage\":{\"@id\":\"https:\\\/\\\/blogdofarnesio.com.br\\\/?p=95050#primaryimage\"},\"image\":{\"@id\":\"https:\\\/\\\/blogdofarnesio.com.br\\\/?p=95050#primaryimage\"},\"thumbnailUrl\":\"http:\\\/\\\/www.quersaberpolitica.com.br\\\/2016\\\/wp-content\\\/uploads\\\/2014\\\/08\\\/BLOGQSPPETROS.jpg\",\"datePublished\":\"2014-08-14T12:43:08+00:00\",\"breadcrumb\":{\"@id\":\"https:\\\/\\\/blogdofarnesio.com.br\\\/?p=95050#breadcrumb\"},\"inLanguage\":\"pt-BR\",\"potentialAction\":[{\"@type\":\"ReadAction\",\"target\":[\"https:\\\/\\\/blogdofarnesio.com.br\\\/?p=95050\"]}]},{\"@type\":\"ImageObject\",\"inLanguage\":\"pt-BR\",\"@id\":\"https:\\\/\\\/blogdofarnesio.com.br\\\/?p=95050#primaryimage\",\"url\":\"http:\\\/\\\/www.quersaberpolitica.com.br\\\/2016\\\/wp-content\\\/uploads\\\/2014\\\/08\\\/BLOGQSPPETROS.jpg\",\"contentUrl\":\"http:\\\/\\\/www.quersaberpolitica.com.br\\\/2016\\\/wp-content\\\/uploads\\\/2014\\\/08\\\/BLOGQSPPETROS.jpg\"},{\"@type\":\"BreadcrumbList\",\"@id\":\"https:\\\/\\\/blogdofarnesio.com.br\\\/?p=95050#breadcrumb\",\"itemListElement\":[{\"@type\":\"ListItem\",\"position\":1,\"name\":\"In\u00edcio\",\"item\":\"https:\\\/\\\/blogdofarnesio.com.br\\\/\"},{\"@type\":\"ListItem\",\"position\":2,\"name\":\"DESTAQUE IMPRENSA VAI HOMENAGEAR ATLETAS JUAZEIRENSES\"}]},{\"@type\":\"WebSite\",\"@id\":\"https:\\\/\\\/blogdofarnesio.com.br\\\/#website\",\"url\":\"https:\\\/\\\/blogdofarnesio.com.br\\\/\",\"name\":\"Blog do Farn\u00e9sio\",\"description\":\"Quer Saber Pol\u00edtica?\",\"publisher\":{\"@id\":\"https:\\\/\\\/blogdofarnesio.com.br\\\/#organization\"},\"potentialAction\":[{\"@type\":\"SearchAction\",\"target\":{\"@type\":\"EntryPoint\",\"urlTemplate\":\"https:\\\/\\\/blogdofarnesio.com.br\\\/?s={search_term_string}\"},\"query-input\":{\"@type\":\"PropertyValueSpecification\",\"valueRequired\":true,\"valueName\":\"search_term_string\"}}],\"inLanguage\":\"pt-BR\"},{\"@type\":\"Organization\",\"@id\":\"https:\\\/\\\/blogdofarnesio.com.br\\\/#organization\",\"name\":\"Blog do Farn\u00e9sio\",\"url\":\"https:\\\/\\\/blogdofarnesio.com.br\\\/\",\"logo\":{\"@type\":\"ImageObject\",\"inLanguage\":\"pt-BR\",\"@id\":\"https:\\\/\\\/blogdofarnesio.com.br\\\/#\\\/schema\\\/logo\\\/image\\\/\",\"url\":\"https:\\\/\\\/blogdofarnesio.com.br\\\/wp-content\\\/uploads\\\/2026\\\/03\\\/cropped-logo_new-1.png\",\"contentUrl\":\"https:\\\/\\\/blogdofarnesio.com.br\\\/wp-content\\\/uploads\\\/2026\\\/03\\\/cropped-logo_new-1.png\",\"width\":881,\"height\":685,\"caption\":\"Blog do Farn\u00e9sio\"},\"image\":{\"@id\":\"https:\\\/\\\/blogdofarnesio.com.br\\\/#\\\/schema\\\/logo\\\/image\\\/\"},\"sameAs\":[\"https:\\\/\\\/www.facebook.com\\\/BlogQuerSaberPolitica\\\/\"]},{\"@type\":\"Person\",\"@id\":\"https:\\\/\\\/blogdofarnesio.com.br\\\/#\\\/schema\\\/person\\\/dd1bf5eba40b687199ba45ca6b97dff9\",\"name\":\"teste\",\"image\":{\"@type\":\"ImageObject\",\"inLanguage\":\"pt-BR\",\"@id\":\"https:\\\/\\\/secure.gravatar.com\\\/avatar\\\/2172498d4914b51e1d89a0f97957b035ac4938723a5cac208135d389b6972a6d?s=96&d=mm&r=g\",\"url\":\"https:\\\/\\\/secure.gravatar.com\\\/avatar\\\/2172498d4914b51e1d89a0f97957b035ac4938723a5cac208135d389b6972a6d?s=96&d=mm&r=g\",\"contentUrl\":\"https:\\\/\\\/secure.gravatar.com\\\/avatar\\\/2172498d4914b51e1d89a0f97957b035ac4938723a5cac208135d389b6972a6d?s=96&d=mm&r=g\",\"caption\":\"teste\"},\"url\":\"https:\\\/\\\/blogdofarnesio.com.br\\\/?author=3\"}]}<\/script>\n<!-- \/ Yoast SEO plugin. -->","yoast_head_json":{"title":"DESTAQUE IMPRENSA VAI HOMENAGEAR ATLETAS JUAZEIRENSES - Blog do Farn\u00e9sio","robots":{"index":"index","follow":"follow","max-snippet":"max-snippet:-1","max-image-preview":"max-image-preview:large","max-video-preview":"max-video-preview:-1"},"canonical":"https:\/\/blogdofarnesio.com.br\/?p=95050","og_locale":"pt_BR","og_type":"article","og_title":"DESTAQUE IMPRENSA VAI HOMENAGEAR ATLETAS JUAZEIRENSES - Blog do Farn\u00e9sio","og_description":"O desempenho dos atletas Petros, Nixon e Carol Rodrigues (futebol) Suelly Aline (nata\u00e7\u00e3o) e Jafel Filho (MMA) \u00e9 uma prova de que Juazeiro continua sendo celeiro de grandes talentos nos mais diversos segmentos, motivo de orgulho para todos n\u00f3s. Petros no Corinthians, Nixon no Flamengo e Carol na Sele\u00e7\u00e3o Brasileira (sub 20) mostraram a for\u00e7a do juazeirense no futebol, que j\u00e1 revelou craques a exemplo de Luis Pereira, Nunes e Daniel Alves, que levaram o nome da nossa cidade para o mundo. J\u00e1 a nadadora Suelly Aline e o lutador Jafel Filho, s\u00e3o grandes promessas no atletismo que ainda nos dar\u00e3o muitas alegrias. Pelo muito que estes atletas j\u00e1 fizeram em nome de Juazeiro a Comiss\u00e3o Organizadora do Destaque Imprensa&hellip;","og_url":"https:\/\/blogdofarnesio.com.br\/?p=95050","og_site_name":"Blog do Farn\u00e9sio","article_publisher":"https:\/\/www.facebook.com\/BlogQuerSaberPolitica\/","article_published_time":"2014-08-14T12:43:08+00:00","og_image":[{"url":"http:\/\/www.quersaberpolitica.com.br\/2016\/wp-content\/uploads\/2014\/08\/BLOGQSPPETROS.jpg","type":"","width":"","height":""}],"author":"teste","twitter_card":"summary_large_image","twitter_misc":{"Escrito por":"teste","Est. tempo de leitura":"1 minuto"},"schema":{"@context":"https:\/\/schema.org","@graph":[{"@type":"Article","@id":"https:\/\/blogdofarnesio.com.br\/?p=95050#article","isPartOf":{"@id":"https:\/\/blogdofarnesio.com.br\/?p=95050"},"author":{"name":"teste","@id":"https:\/\/blogdofarnesio.com.br\/#\/schema\/person\/dd1bf5eba40b687199ba45ca6b97dff9"},"headline":"DESTAQUE IMPRENSA VAI HOMENAGEAR ATLETAS JUAZEIRENSES","datePublished":"2014-08-14T12:43:08+00:00","mainEntityOfPage":{"@id":"https:\/\/blogdofarnesio.com.br\/?p=95050"},"wordCount":232,"commentCount":0,"publisher":{"@id":"https:\/\/blogdofarnesio.com.br\/#organization"},"image":{"@id":"https:\/\/blogdofarnesio.com.br\/?p=95050#primaryimage"},"thumbnailUrl":"http:\/\/www.quersaberpolitica.com.br\/2016\/wp-content\/uploads\/2014\/08\/BLOGQSPPETROS.jpg","articleSection":["Entretenimento"],"inLanguage":"pt-BR","potentialAction":[{"@type":"CommentAction","name":"Comment","target":["https:\/\/blogdofarnesio.com.br\/?p=95050#respond"]}]},{"@type":"WebPage","@id":"https:\/\/blogdofarnesio.com.br\/?p=95050","url":"https:\/\/blogdofarnesio.com.br\/?p=95050","name":"DESTAQUE IMPRENSA VAI HOMENAGEAR ATLETAS JUAZEIRENSES - Blog do Farn\u00e9sio","isPartOf":{"@id":"https:\/\/blogdofarnesio.com.br\/#website"},"primaryImageOfPage":{"@id":"https:\/\/blogdofarnesio.com.br\/?p=95050#primaryimage"},"image":{"@id":"https:\/\/blogdofarnesio.com.br\/?p=95050#primaryimage"},"thumbnailUrl":"http:\/\/www.quersaberpolitica.com.br\/2016\/wp-content\/uploads\/2014\/08\/BLOGQSPPETROS.jpg","datePublished":"2014-08-14T12:43:08+00:00","breadcrumb":{"@id":"https:\/\/blogdofarnesio.com.br\/?p=95050#breadcrumb"},"inLanguage":"pt-BR","potentialAction":[{"@type":"ReadAction","target":["https:\/\/blogdofarnesio.com.br\/?p=95050"]}]},{"@type":"ImageObject","inLanguage":"pt-BR","@id":"https:\/\/blogdofarnesio.com.br\/?p=95050#primaryimage","url":"http:\/\/www.quersaberpolitica.com.br\/2016\/wp-content\/uploads\/2014\/08\/BLOGQSPPETROS.jpg","contentUrl":"http:\/\/www.quersaberpolitica.com.br\/2016\/wp-content\/uploads\/2014\/08\/BLOGQSPPETROS.jpg"},{"@type":"BreadcrumbList","@id":"https:\/\/blogdofarnesio.com.br\/?p=95050#breadcrumb","itemListElement":[{"@type":"ListItem","position":1,"name":"In\u00edcio","item":"https:\/\/blogdofarnesio.com.br\/"},{"@type":"ListItem","position":2,"name":"DESTAQUE IMPRENSA VAI HOMENAGEAR ATLETAS JUAZEIRENSES"}]},{"@type":"WebSite","@id":"https:\/\/blogdofarnesio.com.br\/#website","url":"https:\/\/blogdofarnesio.com.br\/","name":"Blog do Farn\u00e9sio","description":"Quer Saber Pol\u00edtica?","publisher":{"@id":"https:\/\/blogdofarnesio.com.br\/#organization"},"potentialAction":[{"@type":"SearchAction","target":{"@type":"EntryPoint","urlTemplate":"https:\/\/blogdofarnesio.com.br\/?s={search_term_string}"},"query-input":{"@type":"PropertyValueSpecification","valueRequired":true,"valueName":"search_term_string"}}],"inLanguage":"pt-BR"},{"@type":"Organization","@id":"https:\/\/blogdofarnesio.com.br\/#organization","name":"Blog do Farn\u00e9sio","url":"https:\/\/blogdofarnesio.com.br\/","logo":{"@type":"ImageObject","inLanguage":"pt-BR","@id":"https:\/\/blogdofarnesio.com.br\/#\/schema\/logo\/image\/","url":"https:\/\/blogdofarnesio.com.br\/wp-content\/uploads\/2026\/03\/cropped-logo_new-1.png","contentUrl":"https:\/\/blogdofarnesio.com.br\/wp-content\/uploads\/2026\/03\/cropped-logo_new-1.png","width":881,"height":685,"caption":"Blog do Farn\u00e9sio"},"image":{"@id":"https:\/\/blogdofarnesio.com.br\/#\/schema\/logo\/image\/"},"sameAs":["https:\/\/www.facebook.com\/BlogQuerSaberPolitica\/"]},{"@type":"Person","@id":"https:\/\/blogdofarnesio.com.br\/#\/schema\/person\/dd1bf5eba40b687199ba45ca6b97dff9","name":"teste","image":{"@type":"ImageObject","inLanguage":"pt-BR","@id":"https:\/\/secure.gravatar.com\/avatar\/2172498d4914b51e1d89a0f97957b035ac4938723a5cac208135d389b6972a6d?s=96&d=mm&r=g","url":"https:\/\/secure.gravatar.com\/avatar\/2172498d4914b51e1d89a0f97957b035ac4938723a5cac208135d389b6972a6d?s=96&d=mm&r=g","contentUrl":"https:\/\/secure.gravatar.com\/avatar\/2172498d4914b51e1d89a0f97957b035ac4938723a5cac208135d389b6972a6d?s=96&d=mm&r=g","caption":"teste"},"url":"https:\/\/blogdofarnesio.com.br\/?author=3"}]}},"_links":{"self":[{"href":"https:\/\/blogdofarnesio.com.br\/index.php?rest_route=\/wp\/v2\/posts\/95050","targetHints":{"allow":["GET"]}}],"collection":[{"href":"https:\/\/blogdofarnesio.com.br\/index.php?rest_route=\/wp\/v2\/posts"}],"about":[{"href":"https:\/\/blogdofarnesio.com.br\/index.php?rest_route=\/wp\/v2\/types\/post"}],"author":[{"embeddable":true,"href":"https:\/\/blogdofarnesio.com.br\/index.php?rest_route=\/wp\/v2\/users\/3"}],"replies":[{"embeddable":true,"href":"https:\/\/blogdofarnesio.com.br\/index.php?rest_route=%2Fwp%2Fv2%2Fcomments&post=95050"}],"version-history":[{"count":0,"href":"https:\/\/blogdofarnesio.com.br\/index.php?rest_route=\/wp\/v2\/posts\/95050\/revisions"}],"wp:attachment":[{"href":"https:\/\/blogdofarnesio.com.br\/index.php?rest_route=%2Fwp%2Fv2%2Fmedia&parent=95050"}],"wp:term":[{"taxonomy":"category","embeddable":true,"href":"https:\/\/blogdofarnesio.com.br\/index.php?rest_route=%2Fwp%2Fv2%2Fcategories&post=95050"},{"taxonomy":"post_tag","embeddable":true,"href":"https:\/\/blogdofarnesio.com.br\/index.php?rest_route=%2Fwp%2Fv2%2Ftags&post=95050"}],"curies":[{"name":"wp","href":"https:\/\/api.w.org\/{rel}","templated":true}]}}