{"id":94929,"date":"2014-08-13T09:23:04","date_gmt":"2014-08-13T12:23:04","guid":{"rendered":"http:\/\/www.quersaberpolitica.com.br\/?p=94929"},"modified":"2014-08-12T22:07:15","modified_gmt":"2014-08-13T01:07:15","slug":"deputado-sidelvan-apresenta-indicacao-para-recuperacao-da-malha-viaria-de-juazeiro","status":"publish","type":"post","link":"https:\/\/blogdofarnesio.com.br\/?p=94929","title":{"rendered":"DEPUTADO SIDELVAN APRESENTA INDICA\u00c7\u00c3O PARA RECUPERA\u00c7\u00c3O DA MALHA VI\u00c1RIA DE JUAZEIRO"},"content":{"rendered":"<figure id=\"attachment_47974\" aria-describedby=\"caption-attachment-47974\" style=\"width: 300px\" class=\"wp-caption alignleft\"><a href=\"http:\/\/www.quersaberpolitica.com.br\/2016\/wp-content\/uploads\/2013\/07\/BLOGQSP.OBRASNOJO\u00c3OPAULO2.jpg\"><img loading=\"lazy\" decoding=\"async\" class=\"size-medium wp-image-47974\" alt=\"ILUSTRA\u00c7\u00c3O\" src=\"http:\/\/www.quersaberpolitica.com.br\/2016\/wp-content\/uploads\/2013\/07\/BLOGQSP.OBRASNOJO\u00c3OPAULO2-300x225.jpg\" width=\"300\" height=\"225\" srcset=\"https:\/\/blogdofarnesio.com.br\/wp-content\/uploads\/2013\/07\/BLOGQSP.OBRASNOJO\u00c3OPAULO2-300x225.jpg 300w, https:\/\/blogdofarnesio.com.br\/wp-content\/uploads\/2013\/07\/BLOGQSP.OBRASNOJO\u00c3OPAULO2-400x300.jpg 400w, https:\/\/blogdofarnesio.com.br\/wp-content\/uploads\/2013\/07\/BLOGQSP.OBRASNOJO\u00c3OPAULO2.jpg 1024w\" sizes=\"auto, (max-width: 300px) 100vw, 300px\" \/><\/a><figcaption id=\"caption-attachment-47974\" class=\"wp-caption-text\">ILUSTRA\u00c7\u00c3O<\/figcaption><\/figure>\n<p style=\"text-align: justify\">O crescimento populacional tem acarretado problemas espec\u00edficos para as cidades, tais como falta de moradia, saneamento b\u00e1sico e congestionamentos no tr\u00e2nsito. Para alguns especialistas, um dos fatores respons\u00e1veis por essas car\u00eancias \u00e9 a falta de planejamento urbano. Com 194.327 habitantes, segundo dados do Instituto Brasileiro de Geografia e Estat\u00edstica (IBGE), Juazeiro j\u00e1 apresenta reflexos em sua infraestrutura urbana.<\/p>\n<p style=\"text-align: justify\">Considerando que a mobilidade urbana \u00e9 um indutor do desenvolvimento urbano e regional, garantindo a locomo\u00e7\u00e3o de pessoas ou mercadorias no espa\u00e7o da cidade, o deputado estadual Sidelvan N\u00f3brega (PRB) sugeriu ao Poder Executivo, por meio de indica\u00e7\u00e3o apresentada junto \u00e0 Mesa Diretora da Assembleia Legislativa, a implanta\u00e7\u00e3o da recupera\u00e7\u00e3o da malha vi\u00e1ria do munic\u00edpio de Juazeiro.<\/p>\n<p style=\"text-align: justify\">O objetivo \u00e9 melhorar a mobilidade urbana e interurbana do munic\u00edpio, que sofre com a falta de pavimenta\u00e7\u00e3o asf\u00e1ltica em boa parte de seus logradouros.<!--more--><\/p>\n<p style=\"text-align: justify\">\u201cQuando planejada, a urbaniza\u00e7\u00e3o apresenta significativos benef\u00edcios para os habitantes, sendo importante o alinhamento das a\u00e7\u00f5es e medidas em favor do planejamento do crescimento urbano com o desenvolvimento socioecon\u00f4mico\u201d, disse o parlamentar ao justificar a medida.<\/p>\n<p style=\"text-align: justify\">A iniciativa faz parte do pacote de a\u00e7\u00f5es que N\u00f3brega vem apresentando no Parlamento baiano em prol das cidades do interior Estado, atrav\u00e9s da indica\u00e7\u00e3o da implanta\u00e7\u00e3o de obras de infraestrutura do sistema vi\u00e1rio para possibilitar a mobilidade urbana dos munic\u00edpios, reduzindo as inefici\u00eancias e favorecendo a elabora\u00e7\u00e3o de um transporte includente, integrado, eficiente e sustent\u00e1vel.<\/p>\n","protected":false},"excerpt":{"rendered":"<p>O crescimento populacional tem acarretado problemas espec\u00edficos para as cidades, tais como falta de moradia, saneamento b\u00e1sico e congestionamentos no tr\u00e2nsito. Para alguns especialistas, um dos fatores respons\u00e1veis por essas car\u00eancias \u00e9 a falta de planejamento urbano. Com 194.327 habitantes, segundo dados do Instituto Brasileiro de Geografia e Estat\u00edstica (IBGE), Juazeiro j\u00e1 apresenta reflexos em sua infraestrutura urbana. Considerando que a mobilidade urbana \u00e9 um indutor do desenvolvimento urbano e regional, garantindo a locomo\u00e7\u00e3o de pessoas ou mercadorias no espa\u00e7o da cidade, o deputado estadual Sidelvan N\u00f3brega (PRB) sugeriu ao Poder Executivo, por meio de indica\u00e7\u00e3o apresentada junto \u00e0 Mesa Diretora da Assembleia Legislativa, a implanta\u00e7\u00e3o da recupera\u00e7\u00e3o da malha vi\u00e1ria do munic\u00edpio de Juazeiro. O objetivo \u00e9 melhorar a&hellip; <\/p>\n","protected":false},"author":3,"featured_media":0,"comment_status":"open","ping_status":"open","sticky":false,"template":"","format":"standard","meta":{"_acf_changed":false,"footnotes":""},"categories":[1],"tags":[],"class_list":["post-94929","post","type-post","status-publish","format-standard","hentry","category-politica"],"acf":[],"yoast_head":"<!-- This site is optimized with the Yoast SEO plugin v27.4 - https:\/\/yoast.com\/product\/yoast-seo-wordpress\/ -->\n<title>DEPUTADO SIDELVAN APRESENTA INDICA\u00c7\u00c3O PARA RECUPERA\u00c7\u00c3O DA MALHA VI\u00c1RIA DE JUAZEIRO - Blog do Farn\u00e9sio<\/title>\n<meta name=\"robots\" content=\"index, follow, max-snippet:-1, max-image-preview:large, max-video-preview:-1\" \/>\n<link rel=\"canonical\" href=\"https:\/\/blogdofarnesio.com.br\/?p=94929\" \/>\n<meta property=\"og:locale\" content=\"pt_BR\" \/>\n<meta property=\"og:type\" content=\"article\" \/>\n<meta property=\"og:title\" content=\"DEPUTADO SIDELVAN APRESENTA INDICA\u00c7\u00c3O PARA RECUPERA\u00c7\u00c3O DA MALHA VI\u00c1RIA DE JUAZEIRO - Blog do Farn\u00e9sio\" \/>\n<meta property=\"og:description\" content=\"O crescimento populacional tem acarretado problemas espec\u00edficos para as cidades, tais como falta de moradia, saneamento b\u00e1sico e congestionamentos no tr\u00e2nsito. Para alguns especialistas, um dos fatores respons\u00e1veis por essas car\u00eancias \u00e9 a falta de planejamento urbano. Com 194.327 habitantes, segundo dados do Instituto Brasileiro de Geografia e Estat\u00edstica (IBGE), Juazeiro j\u00e1 apresenta reflexos em sua infraestrutura urbana. Considerando que a mobilidade urbana \u00e9 um indutor do desenvolvimento urbano e regional, garantindo a locomo\u00e7\u00e3o de pessoas ou mercadorias no espa\u00e7o da cidade, o deputado estadual Sidelvan N\u00f3brega (PRB) sugeriu ao Poder Executivo, por meio de indica\u00e7\u00e3o apresentada junto \u00e0 Mesa Diretora da Assembleia Legislativa, a implanta\u00e7\u00e3o da recupera\u00e7\u00e3o da malha vi\u00e1ria do munic\u00edpio de Juazeiro. O objetivo \u00e9 melhorar a&hellip;\" \/>\n<meta property=\"og:url\" content=\"https:\/\/blogdofarnesio.com.br\/?p=94929\" \/>\n<meta property=\"og:site_name\" content=\"Blog do Farn\u00e9sio\" \/>\n<meta property=\"article:publisher\" content=\"https:\/\/www.facebook.com\/BlogQuerSaberPolitica\/\" \/>\n<meta property=\"article:published_time\" content=\"2014-08-13T12:23:04+00:00\" \/>\n<meta name=\"author\" content=\"teste\" \/>\n<meta name=\"twitter:card\" content=\"summary_large_image\" \/>\n<meta name=\"twitter:label1\" content=\"Escrito por\" \/>\n\t<meta name=\"twitter:data1\" content=\"teste\" \/>\n\t<meta name=\"twitter:label2\" content=\"Est. tempo de leitura\" \/>\n\t<meta name=\"twitter:data2\" content=\"1 minuto\" \/>\n<script type=\"application\/ld+json\" class=\"yoast-schema-graph\">{\"@context\":\"https:\\\/\\\/schema.org\",\"@graph\":[{\"@type\":\"Article\",\"@id\":\"https:\\\/\\\/blogdofarnesio.com.br\\\/?p=94929#article\",\"isPartOf\":{\"@id\":\"https:\\\/\\\/blogdofarnesio.com.br\\\/?p=94929\"},\"author\":{\"name\":\"teste\",\"@id\":\"https:\\\/\\\/blogdofarnesio.com.br\\\/#\\\/schema\\\/person\\\/dd1bf5eba40b687199ba45ca6b97dff9\"},\"headline\":\"DEPUTADO SIDELVAN APRESENTA INDICA\u00c7\u00c3O PARA RECUPERA\u00c7\u00c3O DA MALHA VI\u00c1RIA DE JUAZEIRO\",\"datePublished\":\"2014-08-13T12:23:04+00:00\",\"mainEntityOfPage\":{\"@id\":\"https:\\\/\\\/blogdofarnesio.com.br\\\/?p=94929\"},\"wordCount\":281,\"commentCount\":1,\"publisher\":{\"@id\":\"https:\\\/\\\/blogdofarnesio.com.br\\\/#organization\"},\"articleSection\":[\"Pol\u00edtica\"],\"inLanguage\":\"pt-BR\",\"potentialAction\":[{\"@type\":\"CommentAction\",\"name\":\"Comment\",\"target\":[\"https:\\\/\\\/blogdofarnesio.com.br\\\/?p=94929#respond\"]}]},{\"@type\":\"WebPage\",\"@id\":\"https:\\\/\\\/blogdofarnesio.com.br\\\/?p=94929\",\"url\":\"https:\\\/\\\/blogdofarnesio.com.br\\\/?p=94929\",\"name\":\"DEPUTADO SIDELVAN APRESENTA INDICA\u00c7\u00c3O PARA RECUPERA\u00c7\u00c3O DA MALHA VI\u00c1RIA DE JUAZEIRO - Blog do Farn\u00e9sio\",\"isPartOf\":{\"@id\":\"https:\\\/\\\/blogdofarnesio.com.br\\\/#website\"},\"datePublished\":\"2014-08-13T12:23:04+00:00\",\"breadcrumb\":{\"@id\":\"https:\\\/\\\/blogdofarnesio.com.br\\\/?p=94929#breadcrumb\"},\"inLanguage\":\"pt-BR\",\"potentialAction\":[{\"@type\":\"ReadAction\",\"target\":[\"https:\\\/\\\/blogdofarnesio.com.br\\\/?p=94929\"]}]},{\"@type\":\"BreadcrumbList\",\"@id\":\"https:\\\/\\\/blogdofarnesio.com.br\\\/?p=94929#breadcrumb\",\"itemListElement\":[{\"@type\":\"ListItem\",\"position\":1,\"name\":\"In\u00edcio\",\"item\":\"https:\\\/\\\/blogdofarnesio.com.br\\\/\"},{\"@type\":\"ListItem\",\"position\":2,\"name\":\"DEPUTADO SIDELVAN APRESENTA INDICA\u00c7\u00c3O PARA RECUPERA\u00c7\u00c3O DA MALHA VI\u00c1RIA DE JUAZEIRO\"}]},{\"@type\":\"WebSite\",\"@id\":\"https:\\\/\\\/blogdofarnesio.com.br\\\/#website\",\"url\":\"https:\\\/\\\/blogdofarnesio.com.br\\\/\",\"name\":\"Blog do Farn\u00e9sio\",\"description\":\"Quer Saber Pol\u00edtica?\",\"publisher\":{\"@id\":\"https:\\\/\\\/blogdofarnesio.com.br\\\/#organization\"},\"potentialAction\":[{\"@type\":\"SearchAction\",\"target\":{\"@type\":\"EntryPoint\",\"urlTemplate\":\"https:\\\/\\\/blogdofarnesio.com.br\\\/?s={search_term_string}\"},\"query-input\":{\"@type\":\"PropertyValueSpecification\",\"valueRequired\":true,\"valueName\":\"search_term_string\"}}],\"inLanguage\":\"pt-BR\"},{\"@type\":\"Organization\",\"@id\":\"https:\\\/\\\/blogdofarnesio.com.br\\\/#organization\",\"name\":\"Blog do Farn\u00e9sio\",\"url\":\"https:\\\/\\\/blogdofarnesio.com.br\\\/\",\"logo\":{\"@type\":\"ImageObject\",\"inLanguage\":\"pt-BR\",\"@id\":\"https:\\\/\\\/blogdofarnesio.com.br\\\/#\\\/schema\\\/logo\\\/image\\\/\",\"url\":\"https:\\\/\\\/blogdofarnesio.com.br\\\/wp-content\\\/uploads\\\/2026\\\/03\\\/cropped-logo_new-1.png\",\"contentUrl\":\"https:\\\/\\\/blogdofarnesio.com.br\\\/wp-content\\\/uploads\\\/2026\\\/03\\\/cropped-logo_new-1.png\",\"width\":881,\"height\":685,\"caption\":\"Blog do Farn\u00e9sio\"},\"image\":{\"@id\":\"https:\\\/\\\/blogdofarnesio.com.br\\\/#\\\/schema\\\/logo\\\/image\\\/\"},\"sameAs\":[\"https:\\\/\\\/www.facebook.com\\\/BlogQuerSaberPolitica\\\/\"]},{\"@type\":\"Person\",\"@id\":\"https:\\\/\\\/blogdofarnesio.com.br\\\/#\\\/schema\\\/person\\\/dd1bf5eba40b687199ba45ca6b97dff9\",\"name\":\"teste\",\"image\":{\"@type\":\"ImageObject\",\"inLanguage\":\"pt-BR\",\"@id\":\"https:\\\/\\\/secure.gravatar.com\\\/avatar\\\/2172498d4914b51e1d89a0f97957b035ac4938723a5cac208135d389b6972a6d?s=96&d=mm&r=g\",\"url\":\"https:\\\/\\\/secure.gravatar.com\\\/avatar\\\/2172498d4914b51e1d89a0f97957b035ac4938723a5cac208135d389b6972a6d?s=96&d=mm&r=g\",\"contentUrl\":\"https:\\\/\\\/secure.gravatar.com\\\/avatar\\\/2172498d4914b51e1d89a0f97957b035ac4938723a5cac208135d389b6972a6d?s=96&d=mm&r=g\",\"caption\":\"teste\"},\"url\":\"https:\\\/\\\/blogdofarnesio.com.br\\\/?author=3\"}]}<\/script>\n<!-- \/ Yoast SEO plugin. -->","yoast_head_json":{"title":"DEPUTADO SIDELVAN APRESENTA INDICA\u00c7\u00c3O PARA RECUPERA\u00c7\u00c3O DA MALHA VI\u00c1RIA DE JUAZEIRO - Blog do Farn\u00e9sio","robots":{"index":"index","follow":"follow","max-snippet":"max-snippet:-1","max-image-preview":"max-image-preview:large","max-video-preview":"max-video-preview:-1"},"canonical":"https:\/\/blogdofarnesio.com.br\/?p=94929","og_locale":"pt_BR","og_type":"article","og_title":"DEPUTADO SIDELVAN APRESENTA INDICA\u00c7\u00c3O PARA RECUPERA\u00c7\u00c3O DA MALHA VI\u00c1RIA DE JUAZEIRO - Blog do Farn\u00e9sio","og_description":"O crescimento populacional tem acarretado problemas espec\u00edficos para as cidades, tais como falta de moradia, saneamento b\u00e1sico e congestionamentos no tr\u00e2nsito. Para alguns especialistas, um dos fatores respons\u00e1veis por essas car\u00eancias \u00e9 a falta de planejamento urbano. Com 194.327 habitantes, segundo dados do Instituto Brasileiro de Geografia e Estat\u00edstica (IBGE), Juazeiro j\u00e1 apresenta reflexos em sua infraestrutura urbana. Considerando que a mobilidade urbana \u00e9 um indutor do desenvolvimento urbano e regional, garantindo a locomo\u00e7\u00e3o de pessoas ou mercadorias no espa\u00e7o da cidade, o deputado estadual Sidelvan N\u00f3brega (PRB) sugeriu ao Poder Executivo, por meio de indica\u00e7\u00e3o apresentada junto \u00e0 Mesa Diretora da Assembleia Legislativa, a implanta\u00e7\u00e3o da recupera\u00e7\u00e3o da malha vi\u00e1ria do munic\u00edpio de Juazeiro. O objetivo \u00e9 melhorar a&hellip;","og_url":"https:\/\/blogdofarnesio.com.br\/?p=94929","og_site_name":"Blog do Farn\u00e9sio","article_publisher":"https:\/\/www.facebook.com\/BlogQuerSaberPolitica\/","article_published_time":"2014-08-13T12:23:04+00:00","author":"teste","twitter_card":"summary_large_image","twitter_misc":{"Escrito por":"teste","Est. tempo de leitura":"1 minuto"},"schema":{"@context":"https:\/\/schema.org","@graph":[{"@type":"Article","@id":"https:\/\/blogdofarnesio.com.br\/?p=94929#article","isPartOf":{"@id":"https:\/\/blogdofarnesio.com.br\/?p=94929"},"author":{"name":"teste","@id":"https:\/\/blogdofarnesio.com.br\/#\/schema\/person\/dd1bf5eba40b687199ba45ca6b97dff9"},"headline":"DEPUTADO SIDELVAN APRESENTA INDICA\u00c7\u00c3O PARA RECUPERA\u00c7\u00c3O DA MALHA VI\u00c1RIA DE JUAZEIRO","datePublished":"2014-08-13T12:23:04+00:00","mainEntityOfPage":{"@id":"https:\/\/blogdofarnesio.com.br\/?p=94929"},"wordCount":281,"commentCount":1,"publisher":{"@id":"https:\/\/blogdofarnesio.com.br\/#organization"},"articleSection":["Pol\u00edtica"],"inLanguage":"pt-BR","potentialAction":[{"@type":"CommentAction","name":"Comment","target":["https:\/\/blogdofarnesio.com.br\/?p=94929#respond"]}]},{"@type":"WebPage","@id":"https:\/\/blogdofarnesio.com.br\/?p=94929","url":"https:\/\/blogdofarnesio.com.br\/?p=94929","name":"DEPUTADO SIDELVAN APRESENTA INDICA\u00c7\u00c3O PARA RECUPERA\u00c7\u00c3O DA MALHA VI\u00c1RIA DE JUAZEIRO - Blog do Farn\u00e9sio","isPartOf":{"@id":"https:\/\/blogdofarnesio.com.br\/#website"},"datePublished":"2014-08-13T12:23:04+00:00","breadcrumb":{"@id":"https:\/\/blogdofarnesio.com.br\/?p=94929#breadcrumb"},"inLanguage":"pt-BR","potentialAction":[{"@type":"ReadAction","target":["https:\/\/blogdofarnesio.com.br\/?p=94929"]}]},{"@type":"BreadcrumbList","@id":"https:\/\/blogdofarnesio.com.br\/?p=94929#breadcrumb","itemListElement":[{"@type":"ListItem","position":1,"name":"In\u00edcio","item":"https:\/\/blogdofarnesio.com.br\/"},{"@type":"ListItem","position":2,"name":"DEPUTADO SIDELVAN APRESENTA INDICA\u00c7\u00c3O PARA RECUPERA\u00c7\u00c3O DA MALHA VI\u00c1RIA DE JUAZEIRO"}]},{"@type":"WebSite","@id":"https:\/\/blogdofarnesio.com.br\/#website","url":"https:\/\/blogdofarnesio.com.br\/","name":"Blog do Farn\u00e9sio","description":"Quer Saber Pol\u00edtica?","publisher":{"@id":"https:\/\/blogdofarnesio.com.br\/#organization"},"potentialAction":[{"@type":"SearchAction","target":{"@type":"EntryPoint","urlTemplate":"https:\/\/blogdofarnesio.com.br\/?s={search_term_string}"},"query-input":{"@type":"PropertyValueSpecification","valueRequired":true,"valueName":"search_term_string"}}],"inLanguage":"pt-BR"},{"@type":"Organization","@id":"https:\/\/blogdofarnesio.com.br\/#organization","name":"Blog do Farn\u00e9sio","url":"https:\/\/blogdofarnesio.com.br\/","logo":{"@type":"ImageObject","inLanguage":"pt-BR","@id":"https:\/\/blogdofarnesio.com.br\/#\/schema\/logo\/image\/","url":"https:\/\/blogdofarnesio.com.br\/wp-content\/uploads\/2026\/03\/cropped-logo_new-1.png","contentUrl":"https:\/\/blogdofarnesio.com.br\/wp-content\/uploads\/2026\/03\/cropped-logo_new-1.png","width":881,"height":685,"caption":"Blog do Farn\u00e9sio"},"image":{"@id":"https:\/\/blogdofarnesio.com.br\/#\/schema\/logo\/image\/"},"sameAs":["https:\/\/www.facebook.com\/BlogQuerSaberPolitica\/"]},{"@type":"Person","@id":"https:\/\/blogdofarnesio.com.br\/#\/schema\/person\/dd1bf5eba40b687199ba45ca6b97dff9","name":"teste","image":{"@type":"ImageObject","inLanguage":"pt-BR","@id":"https:\/\/secure.gravatar.com\/avatar\/2172498d4914b51e1d89a0f97957b035ac4938723a5cac208135d389b6972a6d?s=96&d=mm&r=g","url":"https:\/\/secure.gravatar.com\/avatar\/2172498d4914b51e1d89a0f97957b035ac4938723a5cac208135d389b6972a6d?s=96&d=mm&r=g","contentUrl":"https:\/\/secure.gravatar.com\/avatar\/2172498d4914b51e1d89a0f97957b035ac4938723a5cac208135d389b6972a6d?s=96&d=mm&r=g","caption":"teste"},"url":"https:\/\/blogdofarnesio.com.br\/?author=3"}]}},"_links":{"self":[{"href":"https:\/\/blogdofarnesio.com.br\/index.php?rest_route=\/wp\/v2\/posts\/94929","targetHints":{"allow":["GET"]}}],"collection":[{"href":"https:\/\/blogdofarnesio.com.br\/index.php?rest_route=\/wp\/v2\/posts"}],"about":[{"href":"https:\/\/blogdofarnesio.com.br\/index.php?rest_route=\/wp\/v2\/types\/post"}],"author":[{"embeddable":true,"href":"https:\/\/blogdofarnesio.com.br\/index.php?rest_route=\/wp\/v2\/users\/3"}],"replies":[{"embeddable":true,"href":"https:\/\/blogdofarnesio.com.br\/index.php?rest_route=%2Fwp%2Fv2%2Fcomments&post=94929"}],"version-history":[{"count":0,"href":"https:\/\/blogdofarnesio.com.br\/index.php?rest_route=\/wp\/v2\/posts\/94929\/revisions"}],"wp:attachment":[{"href":"https:\/\/blogdofarnesio.com.br\/index.php?rest_route=%2Fwp%2Fv2%2Fmedia&parent=94929"}],"wp:term":[{"taxonomy":"category","embeddable":true,"href":"https:\/\/blogdofarnesio.com.br\/index.php?rest_route=%2Fwp%2Fv2%2Fcategories&post=94929"},{"taxonomy":"post_tag","embeddable":true,"href":"https:\/\/blogdofarnesio.com.br\/index.php?rest_route=%2Fwp%2Fv2%2Ftags&post=94929"}],"curies":[{"name":"wp","href":"https:\/\/api.w.org\/{rel}","templated":true}]}}