{"id":93842,"date":"2014-08-05T07:00:13","date_gmt":"2014-08-05T10:00:13","guid":{"rendered":"http:\/\/www.quersaberpolitica.com.br\/?p=93842"},"modified":"2014-08-04T15:38:58","modified_gmt":"2014-08-04T18:38:58","slug":"comissao-da-amma-e-do-conselho-do-meio-ambiente-visita-nesta-terca-area-onde-foram-encontrados-vestigios-pre-historicos-em-rajada","status":"publish","type":"post","link":"https:\/\/blogdofarnesio.com.br\/?p=93842","title":{"rendered":"COMISS\u00c3O  DA AMMA E DO CONSELHO DO MEIO AMBIENTE VISITA NESTA TER\u00c7A \u00c1REA ONDE FORAM ENCONTRADOS VEST\u00cdGIOS PR\u00c9-HIST\u00d3RICOS EM RAJADA"},"content":{"rendered":"<p style=\"text-align: justify\"><span style=\"color: #000000;font-family: 'Times New Roman';font-size: medium\"><a href=\"http:\/\/www.quersaberpolitica.com.br\/2016\/wp-content\/uploads\/2014\/08\/unnamed42.jpg\"><img loading=\"lazy\" decoding=\"async\" class=\"aligncenter size-full wp-image-93843\" alt=\"unnamed\" src=\"http:\/\/www.quersaberpolitica.com.br\/2016\/wp-content\/uploads\/2014\/08\/unnamed42.jpg\" width=\"448\" height=\"252\" srcset=\"https:\/\/blogdofarnesio.com.br\/wp-content\/uploads\/2014\/08\/unnamed42.jpg 448w, https:\/\/blogdofarnesio.com.br\/wp-content\/uploads\/2014\/08\/unnamed42-300x168.jpg 300w\" sizes=\"auto, (max-width: 448px) 100vw, 448px\" \/><\/a><\/span><\/p>\n<p style=\"text-align: justify\">\n<p style=\"text-align: justify\">Uma comiss\u00e3o formada por representantes da Ag\u00eancia Municipal do Meio Ambiente (AMMA), Conselho Municipal de Defesa do Meio Ambiente (Condema) e das Unidades de Conserva\u00e7\u00e3o da Caatinga, visita nesta ter\u00e7a (05), a \u00e1rea do A\u00e7ude das Pedras, em Rajada, distrito de Petrolina, onde foram localizados no in\u00edcio deste ano, vest\u00edgios de comunidades pr\u00e9-hist\u00f3ricas.<\/p>\n<p style=\"text-align: justify\">Em pared\u00f5es de pedra, foram encontrados registros de imagens cotidianas como a\u00e7\u00f5es religiosas, contato com a natureza, dentre outras; atrav\u00e9s de pinturas. A proposta da visita \u00e9 fazer um levantamento da \u00e1rea que deve ser cercada para que o material encontrado fique protegido de a\u00e7\u00f5es depredat\u00f3rias e possa ficar \u00e0 disposi\u00e7\u00e3o da comunidade cient\u00edfica para um estudo mais aprofundado. A visita ao local est\u00e1 agendada para \u00e0s 8h30.<!--more--><\/p>\n<p style=\"text-align: justify\">\n<p>&nbsp;<\/p>\n<p style=\"text-align: justify\"><span style=\"color: #000000;font-family: 'Times New Roman';font-size: medium\">\u201cEnquanto representantes do munic\u00edpio, temos a preocupa\u00e7\u00e3o em dotar o local de toda a seguran\u00e7a que permita com que o material encontrado seja preservado. Para tanto, o decreto 35\/2014 foi assinado pelo prefeito Julio Lossio, h\u00e1 alguns meses, que disp\u00f5e justamente sobre a prote\u00e7\u00e3o dos monumentos arqueol\u00f3gicos e pr\u00e9-hist\u00f3ricos do munic\u00edpio. Dentre outros itens, o decreto tamb\u00e9m informa que qualquer den\u00fancia de depreda\u00e7\u00e3o do ambiente pode ser feita para os \u00f3rg\u00e3os competentes, a exemplo do Minist\u00e9rio P\u00fablico e Pol\u00edcia Federal\u201d, enfatiza o diretor presidente da AMMA, Gleidson Castro.<\/span><\/p>\n<p style=\"text-align: justify\"><span style=\"color: #000000;font-family: 'Times New Roman';font-size: medium\">A \u00e1rea que vai ser visitada nesta ter\u00e7a fica a cerca de 40 quil\u00f4metros do centro de Petrolina. Um arque\u00f3logo e um ge\u00f3logo receberam fotos do local assim que o mesmo foi descoberto e emitiram pareceres positivos com rela\u00e7\u00e3o \u00e0s pinturas encontradas nas rochas. De acordo com informa\u00e7\u00f5es do professor Fabricio Caxito, do departamento de Geologia da Universidade Federal de Minas Gerais, \u201cas pedras do a\u00e7ude tratam-se de granitos datados de 600 milh\u00f5es de anos, muito semelhantes a granitos que atualmente ocorrem na regi\u00e3o dos Himalaias, na \u00c1sia. Isso sugere que nesta \u00e9poca a regi\u00e3o oeste de Pernambuco, inserindo-se a comunidade de Rajada, fez parte de uma grande cadeia de montanhas semelhantes \u00e0 que existe hoje entre a China e o Tibete\u201d..<\/span><\/p>\n","protected":false},"excerpt":{"rendered":"<p>Uma comiss\u00e3o formada por representantes da Ag\u00eancia Municipal do Meio Ambiente (AMMA), Conselho Municipal de Defesa do Meio Ambiente (Condema) e das Unidades de Conserva\u00e7\u00e3o da Caatinga, visita nesta ter\u00e7a (05), a \u00e1rea do A\u00e7ude das Pedras, em Rajada, distrito de Petrolina, onde foram localizados no in\u00edcio deste ano, vest\u00edgios de comunidades pr\u00e9-hist\u00f3ricas. Em pared\u00f5es de pedra, foram encontrados registros de imagens cotidianas como a\u00e7\u00f5es religiosas, contato com a natureza, dentre outras; atrav\u00e9s de pinturas. A proposta da visita \u00e9 fazer um levantamento da \u00e1rea que deve ser cercada para que o material encontrado fique protegido de a\u00e7\u00f5es depredat\u00f3rias e possa ficar \u00e0 disposi\u00e7\u00e3o da comunidade cient\u00edfica para um estudo mais aprofundado. A visita ao local est\u00e1 agendada para \u00e0s&hellip; <\/p>\n","protected":false},"author":3,"featured_media":0,"comment_status":"open","ping_status":"open","sticky":false,"template":"","format":"standard","meta":{"_acf_changed":false,"footnotes":""},"categories":[51],"tags":[],"class_list":["post-93842","post","type-post","status-publish","format-standard","hentry","category-pesquisa"],"acf":[],"yoast_head":"<!-- This site is optimized with the Yoast SEO plugin v27.4 - https:\/\/yoast.com\/product\/yoast-seo-wordpress\/ -->\n<title>COMISS\u00c3O DA AMMA E DO CONSELHO DO MEIO AMBIENTE VISITA NESTA TER\u00c7A \u00c1REA ONDE FORAM ENCONTRADOS VEST\u00cdGIOS PR\u00c9-HIST\u00d3RICOS EM RAJADA - Blog do Farn\u00e9sio<\/title>\n<meta name=\"robots\" content=\"index, follow, max-snippet:-1, max-image-preview:large, max-video-preview:-1\" \/>\n<link rel=\"canonical\" href=\"https:\/\/blogdofarnesio.com.br\/?p=93842\" \/>\n<meta property=\"og:locale\" content=\"pt_BR\" \/>\n<meta property=\"og:type\" content=\"article\" \/>\n<meta property=\"og:title\" content=\"COMISS\u00c3O DA AMMA E DO CONSELHO DO MEIO AMBIENTE VISITA NESTA TER\u00c7A \u00c1REA ONDE FORAM ENCONTRADOS VEST\u00cdGIOS PR\u00c9-HIST\u00d3RICOS EM RAJADA - Blog do Farn\u00e9sio\" \/>\n<meta property=\"og:description\" content=\"Uma comiss\u00e3o formada por representantes da Ag\u00eancia Municipal do Meio Ambiente (AMMA), Conselho Municipal de Defesa do Meio Ambiente (Condema) e das Unidades de Conserva\u00e7\u00e3o da Caatinga, visita nesta ter\u00e7a (05), a \u00e1rea do A\u00e7ude das Pedras, em Rajada, distrito de Petrolina, onde foram localizados no in\u00edcio deste ano, vest\u00edgios de comunidades pr\u00e9-hist\u00f3ricas. Em pared\u00f5es de pedra, foram encontrados registros de imagens cotidianas como a\u00e7\u00f5es religiosas, contato com a natureza, dentre outras; atrav\u00e9s de pinturas. A proposta da visita \u00e9 fazer um levantamento da \u00e1rea que deve ser cercada para que o material encontrado fique protegido de a\u00e7\u00f5es depredat\u00f3rias e possa ficar \u00e0 disposi\u00e7\u00e3o da comunidade cient\u00edfica para um estudo mais aprofundado. A visita ao local est\u00e1 agendada para \u00e0s&hellip;\" \/>\n<meta property=\"og:url\" content=\"https:\/\/blogdofarnesio.com.br\/?p=93842\" \/>\n<meta property=\"og:site_name\" content=\"Blog do Farn\u00e9sio\" \/>\n<meta property=\"article:publisher\" content=\"https:\/\/www.facebook.com\/BlogQuerSaberPolitica\/\" \/>\n<meta property=\"article:published_time\" content=\"2014-08-05T10:00:13+00:00\" \/>\n<meta property=\"og:image\" content=\"http:\/\/www.quersaberpolitica.com.br\/2016\/wp-content\/uploads\/2014\/08\/unnamed42.jpg\" \/>\n<meta name=\"author\" content=\"teste\" \/>\n<meta name=\"twitter:card\" content=\"summary_large_image\" \/>\n<meta name=\"twitter:label1\" content=\"Escrito por\" \/>\n\t<meta name=\"twitter:data1\" content=\"teste\" \/>\n\t<meta name=\"twitter:label2\" content=\"Est. tempo de leitura\" \/>\n\t<meta name=\"twitter:data2\" content=\"2 minutos\" \/>\n<script type=\"application\/ld+json\" class=\"yoast-schema-graph\">{\"@context\":\"https:\\\/\\\/schema.org\",\"@graph\":[{\"@type\":\"Article\",\"@id\":\"https:\\\/\\\/blogdofarnesio.com.br\\\/?p=93842#article\",\"isPartOf\":{\"@id\":\"https:\\\/\\\/blogdofarnesio.com.br\\\/?p=93842\"},\"author\":{\"name\":\"teste\",\"@id\":\"https:\\\/\\\/blogdofarnesio.com.br\\\/#\\\/schema\\\/person\\\/dd1bf5eba40b687199ba45ca6b97dff9\"},\"headline\":\"COMISS\u00c3O DA AMMA E DO CONSELHO DO MEIO AMBIENTE VISITA NESTA TER\u00c7A \u00c1REA ONDE FORAM ENCONTRADOS VEST\u00cdGIOS PR\u00c9-HIST\u00d3RICOS EM RAJADA\",\"datePublished\":\"2014-08-05T10:00:13+00:00\",\"mainEntityOfPage\":{\"@id\":\"https:\\\/\\\/blogdofarnesio.com.br\\\/?p=93842\"},\"wordCount\":392,\"commentCount\":0,\"publisher\":{\"@id\":\"https:\\\/\\\/blogdofarnesio.com.br\\\/#organization\"},\"image\":{\"@id\":\"https:\\\/\\\/blogdofarnesio.com.br\\\/?p=93842#primaryimage\"},\"thumbnailUrl\":\"http:\\\/\\\/www.quersaberpolitica.com.br\\\/2016\\\/wp-content\\\/uploads\\\/2014\\\/08\\\/unnamed42.jpg\",\"articleSection\":[\"Pesquisa\"],\"inLanguage\":\"pt-BR\",\"potentialAction\":[{\"@type\":\"CommentAction\",\"name\":\"Comment\",\"target\":[\"https:\\\/\\\/blogdofarnesio.com.br\\\/?p=93842#respond\"]}]},{\"@type\":\"WebPage\",\"@id\":\"https:\\\/\\\/blogdofarnesio.com.br\\\/?p=93842\",\"url\":\"https:\\\/\\\/blogdofarnesio.com.br\\\/?p=93842\",\"name\":\"COMISS\u00c3O DA AMMA E DO CONSELHO DO MEIO AMBIENTE VISITA NESTA TER\u00c7A \u00c1REA ONDE FORAM ENCONTRADOS VEST\u00cdGIOS PR\u00c9-HIST\u00d3RICOS EM RAJADA - Blog do Farn\u00e9sio\",\"isPartOf\":{\"@id\":\"https:\\\/\\\/blogdofarnesio.com.br\\\/#website\"},\"primaryImageOfPage\":{\"@id\":\"https:\\\/\\\/blogdofarnesio.com.br\\\/?p=93842#primaryimage\"},\"image\":{\"@id\":\"https:\\\/\\\/blogdofarnesio.com.br\\\/?p=93842#primaryimage\"},\"thumbnailUrl\":\"http:\\\/\\\/www.quersaberpolitica.com.br\\\/2016\\\/wp-content\\\/uploads\\\/2014\\\/08\\\/unnamed42.jpg\",\"datePublished\":\"2014-08-05T10:00:13+00:00\",\"breadcrumb\":{\"@id\":\"https:\\\/\\\/blogdofarnesio.com.br\\\/?p=93842#breadcrumb\"},\"inLanguage\":\"pt-BR\",\"potentialAction\":[{\"@type\":\"ReadAction\",\"target\":[\"https:\\\/\\\/blogdofarnesio.com.br\\\/?p=93842\"]}]},{\"@type\":\"ImageObject\",\"inLanguage\":\"pt-BR\",\"@id\":\"https:\\\/\\\/blogdofarnesio.com.br\\\/?p=93842#primaryimage\",\"url\":\"http:\\\/\\\/www.quersaberpolitica.com.br\\\/2016\\\/wp-content\\\/uploads\\\/2014\\\/08\\\/unnamed42.jpg\",\"contentUrl\":\"http:\\\/\\\/www.quersaberpolitica.com.br\\\/2016\\\/wp-content\\\/uploads\\\/2014\\\/08\\\/unnamed42.jpg\"},{\"@type\":\"BreadcrumbList\",\"@id\":\"https:\\\/\\\/blogdofarnesio.com.br\\\/?p=93842#breadcrumb\",\"itemListElement\":[{\"@type\":\"ListItem\",\"position\":1,\"name\":\"In\u00edcio\",\"item\":\"https:\\\/\\\/blogdofarnesio.com.br\\\/\"},{\"@type\":\"ListItem\",\"position\":2,\"name\":\"COMISS\u00c3O DA AMMA E DO CONSELHO DO MEIO AMBIENTE VISITA NESTA TER\u00c7A \u00c1REA ONDE FORAM ENCONTRADOS VEST\u00cdGIOS PR\u00c9-HIST\u00d3RICOS EM RAJADA\"}]},{\"@type\":\"WebSite\",\"@id\":\"https:\\\/\\\/blogdofarnesio.com.br\\\/#website\",\"url\":\"https:\\\/\\\/blogdofarnesio.com.br\\\/\",\"name\":\"Blog do Farn\u00e9sio\",\"description\":\"Quer Saber Pol\u00edtica?\",\"publisher\":{\"@id\":\"https:\\\/\\\/blogdofarnesio.com.br\\\/#organization\"},\"potentialAction\":[{\"@type\":\"SearchAction\",\"target\":{\"@type\":\"EntryPoint\",\"urlTemplate\":\"https:\\\/\\\/blogdofarnesio.com.br\\\/?s={search_term_string}\"},\"query-input\":{\"@type\":\"PropertyValueSpecification\",\"valueRequired\":true,\"valueName\":\"search_term_string\"}}],\"inLanguage\":\"pt-BR\"},{\"@type\":\"Organization\",\"@id\":\"https:\\\/\\\/blogdofarnesio.com.br\\\/#organization\",\"name\":\"Blog do Farn\u00e9sio\",\"url\":\"https:\\\/\\\/blogdofarnesio.com.br\\\/\",\"logo\":{\"@type\":\"ImageObject\",\"inLanguage\":\"pt-BR\",\"@id\":\"https:\\\/\\\/blogdofarnesio.com.br\\\/#\\\/schema\\\/logo\\\/image\\\/\",\"url\":\"https:\\\/\\\/blogdofarnesio.com.br\\\/wp-content\\\/uploads\\\/2026\\\/03\\\/cropped-logo_new-1.png\",\"contentUrl\":\"https:\\\/\\\/blogdofarnesio.com.br\\\/wp-content\\\/uploads\\\/2026\\\/03\\\/cropped-logo_new-1.png\",\"width\":881,\"height\":685,\"caption\":\"Blog do Farn\u00e9sio\"},\"image\":{\"@id\":\"https:\\\/\\\/blogdofarnesio.com.br\\\/#\\\/schema\\\/logo\\\/image\\\/\"},\"sameAs\":[\"https:\\\/\\\/www.facebook.com\\\/BlogQuerSaberPolitica\\\/\"]},{\"@type\":\"Person\",\"@id\":\"https:\\\/\\\/blogdofarnesio.com.br\\\/#\\\/schema\\\/person\\\/dd1bf5eba40b687199ba45ca6b97dff9\",\"name\":\"teste\",\"image\":{\"@type\":\"ImageObject\",\"inLanguage\":\"pt-BR\",\"@id\":\"https:\\\/\\\/secure.gravatar.com\\\/avatar\\\/2172498d4914b51e1d89a0f97957b035ac4938723a5cac208135d389b6972a6d?s=96&d=mm&r=g\",\"url\":\"https:\\\/\\\/secure.gravatar.com\\\/avatar\\\/2172498d4914b51e1d89a0f97957b035ac4938723a5cac208135d389b6972a6d?s=96&d=mm&r=g\",\"contentUrl\":\"https:\\\/\\\/secure.gravatar.com\\\/avatar\\\/2172498d4914b51e1d89a0f97957b035ac4938723a5cac208135d389b6972a6d?s=96&d=mm&r=g\",\"caption\":\"teste\"},\"url\":\"https:\\\/\\\/blogdofarnesio.com.br\\\/?author=3\"}]}<\/script>\n<!-- \/ Yoast SEO plugin. -->","yoast_head_json":{"title":"COMISS\u00c3O DA AMMA E DO CONSELHO DO MEIO AMBIENTE VISITA NESTA TER\u00c7A \u00c1REA ONDE FORAM ENCONTRADOS VEST\u00cdGIOS PR\u00c9-HIST\u00d3RICOS EM RAJADA - Blog do Farn\u00e9sio","robots":{"index":"index","follow":"follow","max-snippet":"max-snippet:-1","max-image-preview":"max-image-preview:large","max-video-preview":"max-video-preview:-1"},"canonical":"https:\/\/blogdofarnesio.com.br\/?p=93842","og_locale":"pt_BR","og_type":"article","og_title":"COMISS\u00c3O DA AMMA E DO CONSELHO DO MEIO AMBIENTE VISITA NESTA TER\u00c7A \u00c1REA ONDE FORAM ENCONTRADOS VEST\u00cdGIOS PR\u00c9-HIST\u00d3RICOS EM RAJADA - Blog do Farn\u00e9sio","og_description":"Uma comiss\u00e3o formada por representantes da Ag\u00eancia Municipal do Meio Ambiente (AMMA), Conselho Municipal de Defesa do Meio Ambiente (Condema) e das Unidades de Conserva\u00e7\u00e3o da Caatinga, visita nesta ter\u00e7a (05), a \u00e1rea do A\u00e7ude das Pedras, em Rajada, distrito de Petrolina, onde foram localizados no in\u00edcio deste ano, vest\u00edgios de comunidades pr\u00e9-hist\u00f3ricas. Em pared\u00f5es de pedra, foram encontrados registros de imagens cotidianas como a\u00e7\u00f5es religiosas, contato com a natureza, dentre outras; atrav\u00e9s de pinturas. A proposta da visita \u00e9 fazer um levantamento da \u00e1rea que deve ser cercada para que o material encontrado fique protegido de a\u00e7\u00f5es depredat\u00f3rias e possa ficar \u00e0 disposi\u00e7\u00e3o da comunidade cient\u00edfica para um estudo mais aprofundado. A visita ao local est\u00e1 agendada para \u00e0s&hellip;","og_url":"https:\/\/blogdofarnesio.com.br\/?p=93842","og_site_name":"Blog do Farn\u00e9sio","article_publisher":"https:\/\/www.facebook.com\/BlogQuerSaberPolitica\/","article_published_time":"2014-08-05T10:00:13+00:00","og_image":[{"url":"http:\/\/www.quersaberpolitica.com.br\/2016\/wp-content\/uploads\/2014\/08\/unnamed42.jpg","type":"","width":"","height":""}],"author":"teste","twitter_card":"summary_large_image","twitter_misc":{"Escrito por":"teste","Est. tempo de leitura":"2 minutos"},"schema":{"@context":"https:\/\/schema.org","@graph":[{"@type":"Article","@id":"https:\/\/blogdofarnesio.com.br\/?p=93842#article","isPartOf":{"@id":"https:\/\/blogdofarnesio.com.br\/?p=93842"},"author":{"name":"teste","@id":"https:\/\/blogdofarnesio.com.br\/#\/schema\/person\/dd1bf5eba40b687199ba45ca6b97dff9"},"headline":"COMISS\u00c3O DA AMMA E DO CONSELHO DO MEIO AMBIENTE VISITA NESTA TER\u00c7A \u00c1REA ONDE FORAM ENCONTRADOS VEST\u00cdGIOS PR\u00c9-HIST\u00d3RICOS EM RAJADA","datePublished":"2014-08-05T10:00:13+00:00","mainEntityOfPage":{"@id":"https:\/\/blogdofarnesio.com.br\/?p=93842"},"wordCount":392,"commentCount":0,"publisher":{"@id":"https:\/\/blogdofarnesio.com.br\/#organization"},"image":{"@id":"https:\/\/blogdofarnesio.com.br\/?p=93842#primaryimage"},"thumbnailUrl":"http:\/\/www.quersaberpolitica.com.br\/2016\/wp-content\/uploads\/2014\/08\/unnamed42.jpg","articleSection":["Pesquisa"],"inLanguage":"pt-BR","potentialAction":[{"@type":"CommentAction","name":"Comment","target":["https:\/\/blogdofarnesio.com.br\/?p=93842#respond"]}]},{"@type":"WebPage","@id":"https:\/\/blogdofarnesio.com.br\/?p=93842","url":"https:\/\/blogdofarnesio.com.br\/?p=93842","name":"COMISS\u00c3O DA AMMA E DO CONSELHO DO MEIO AMBIENTE VISITA NESTA TER\u00c7A \u00c1REA ONDE FORAM ENCONTRADOS VEST\u00cdGIOS PR\u00c9-HIST\u00d3RICOS EM RAJADA - Blog do Farn\u00e9sio","isPartOf":{"@id":"https:\/\/blogdofarnesio.com.br\/#website"},"primaryImageOfPage":{"@id":"https:\/\/blogdofarnesio.com.br\/?p=93842#primaryimage"},"image":{"@id":"https:\/\/blogdofarnesio.com.br\/?p=93842#primaryimage"},"thumbnailUrl":"http:\/\/www.quersaberpolitica.com.br\/2016\/wp-content\/uploads\/2014\/08\/unnamed42.jpg","datePublished":"2014-08-05T10:00:13+00:00","breadcrumb":{"@id":"https:\/\/blogdofarnesio.com.br\/?p=93842#breadcrumb"},"inLanguage":"pt-BR","potentialAction":[{"@type":"ReadAction","target":["https:\/\/blogdofarnesio.com.br\/?p=93842"]}]},{"@type":"ImageObject","inLanguage":"pt-BR","@id":"https:\/\/blogdofarnesio.com.br\/?p=93842#primaryimage","url":"http:\/\/www.quersaberpolitica.com.br\/2016\/wp-content\/uploads\/2014\/08\/unnamed42.jpg","contentUrl":"http:\/\/www.quersaberpolitica.com.br\/2016\/wp-content\/uploads\/2014\/08\/unnamed42.jpg"},{"@type":"BreadcrumbList","@id":"https:\/\/blogdofarnesio.com.br\/?p=93842#breadcrumb","itemListElement":[{"@type":"ListItem","position":1,"name":"In\u00edcio","item":"https:\/\/blogdofarnesio.com.br\/"},{"@type":"ListItem","position":2,"name":"COMISS\u00c3O DA AMMA E DO CONSELHO DO MEIO AMBIENTE VISITA NESTA TER\u00c7A \u00c1REA ONDE FORAM ENCONTRADOS VEST\u00cdGIOS PR\u00c9-HIST\u00d3RICOS EM RAJADA"}]},{"@type":"WebSite","@id":"https:\/\/blogdofarnesio.com.br\/#website","url":"https:\/\/blogdofarnesio.com.br\/","name":"Blog do Farn\u00e9sio","description":"Quer Saber Pol\u00edtica?","publisher":{"@id":"https:\/\/blogdofarnesio.com.br\/#organization"},"potentialAction":[{"@type":"SearchAction","target":{"@type":"EntryPoint","urlTemplate":"https:\/\/blogdofarnesio.com.br\/?s={search_term_string}"},"query-input":{"@type":"PropertyValueSpecification","valueRequired":true,"valueName":"search_term_string"}}],"inLanguage":"pt-BR"},{"@type":"Organization","@id":"https:\/\/blogdofarnesio.com.br\/#organization","name":"Blog do Farn\u00e9sio","url":"https:\/\/blogdofarnesio.com.br\/","logo":{"@type":"ImageObject","inLanguage":"pt-BR","@id":"https:\/\/blogdofarnesio.com.br\/#\/schema\/logo\/image\/","url":"https:\/\/blogdofarnesio.com.br\/wp-content\/uploads\/2026\/03\/cropped-logo_new-1.png","contentUrl":"https:\/\/blogdofarnesio.com.br\/wp-content\/uploads\/2026\/03\/cropped-logo_new-1.png","width":881,"height":685,"caption":"Blog do Farn\u00e9sio"},"image":{"@id":"https:\/\/blogdofarnesio.com.br\/#\/schema\/logo\/image\/"},"sameAs":["https:\/\/www.facebook.com\/BlogQuerSaberPolitica\/"]},{"@type":"Person","@id":"https:\/\/blogdofarnesio.com.br\/#\/schema\/person\/dd1bf5eba40b687199ba45ca6b97dff9","name":"teste","image":{"@type":"ImageObject","inLanguage":"pt-BR","@id":"https:\/\/secure.gravatar.com\/avatar\/2172498d4914b51e1d89a0f97957b035ac4938723a5cac208135d389b6972a6d?s=96&d=mm&r=g","url":"https:\/\/secure.gravatar.com\/avatar\/2172498d4914b51e1d89a0f97957b035ac4938723a5cac208135d389b6972a6d?s=96&d=mm&r=g","contentUrl":"https:\/\/secure.gravatar.com\/avatar\/2172498d4914b51e1d89a0f97957b035ac4938723a5cac208135d389b6972a6d?s=96&d=mm&r=g","caption":"teste"},"url":"https:\/\/blogdofarnesio.com.br\/?author=3"}]}},"_links":{"self":[{"href":"https:\/\/blogdofarnesio.com.br\/index.php?rest_route=\/wp\/v2\/posts\/93842","targetHints":{"allow":["GET"]}}],"collection":[{"href":"https:\/\/blogdofarnesio.com.br\/index.php?rest_route=\/wp\/v2\/posts"}],"about":[{"href":"https:\/\/blogdofarnesio.com.br\/index.php?rest_route=\/wp\/v2\/types\/post"}],"author":[{"embeddable":true,"href":"https:\/\/blogdofarnesio.com.br\/index.php?rest_route=\/wp\/v2\/users\/3"}],"replies":[{"embeddable":true,"href":"https:\/\/blogdofarnesio.com.br\/index.php?rest_route=%2Fwp%2Fv2%2Fcomments&post=93842"}],"version-history":[{"count":0,"href":"https:\/\/blogdofarnesio.com.br\/index.php?rest_route=\/wp\/v2\/posts\/93842\/revisions"}],"wp:attachment":[{"href":"https:\/\/blogdofarnesio.com.br\/index.php?rest_route=%2Fwp%2Fv2%2Fmedia&parent=93842"}],"wp:term":[{"taxonomy":"category","embeddable":true,"href":"https:\/\/blogdofarnesio.com.br\/index.php?rest_route=%2Fwp%2Fv2%2Fcategories&post=93842"},{"taxonomy":"post_tag","embeddable":true,"href":"https:\/\/blogdofarnesio.com.br\/index.php?rest_route=%2Fwp%2Fv2%2Ftags&post=93842"}],"curies":[{"name":"wp","href":"https:\/\/api.w.org\/{rel}","templated":true}]}}