{"id":93642,"date":"2014-08-01T15:00:44","date_gmt":"2014-08-01T18:00:44","guid":{"rendered":"http:\/\/www.quersaberpolitica.com.br\/?p=93642"},"modified":"2014-08-01T14:58:43","modified_gmt":"2014-08-01T17:58:43","slug":"lossio-reune-secretarios-e-assessores-para-redirecionar-acoes-administrativas-pos-cirurgia","status":"publish","type":"post","link":"https:\/\/blogdofarnesio.com.br\/?p=93642","title":{"rendered":"LOSSIO RE\u00daNE SECRET\u00c1RIOS E ASSESSORES PARA REDIRECIONAR A\u00c7\u00d5ES ADMINISTRATIVAS P\u00d3S CIRURGIA"},"content":{"rendered":"<p style=\"text-align: justify\"><a href=\"http:\/\/www.quersaberpolitica.com.br\/2016\/wp-content\/uploads\/2014\/08\/01prefeito.jpg\"><img loading=\"lazy\" decoding=\"async\" class=\"aligncenter size-full wp-image-93643\" alt=\"01prefeito\" src=\"http:\/\/www.quersaberpolitica.com.br\/2016\/wp-content\/uploads\/2014\/08\/01prefeito.jpg\" width=\"448\" height=\"320\" srcset=\"https:\/\/blogdofarnesio.com.br\/wp-content\/uploads\/2014\/08\/01prefeito.jpg 448w, https:\/\/blogdofarnesio.com.br\/wp-content\/uploads\/2014\/08\/01prefeito-300x214.jpg 300w, https:\/\/blogdofarnesio.com.br\/wp-content\/uploads\/2014\/08\/01prefeito-420x300.jpg 420w\" sizes=\"auto, (max-width: 448px) 100vw, 448px\" \/><\/a>Dois dias ap\u00f3s ser reempossado, o prefeito de Petrolina Julio Lossio reuniu na manh\u00e3 desta sexta-feira (01) os secret\u00e1rios e assessores, al\u00e9m do pessoal respons\u00e1vel por projetos especiais, setor financeiro e licita\u00e7\u00e3o. O objetivo do prefeito \u00e9 se inteirar e acompanhar o andamento dos projetos, realizados durante sua aus\u00eancia, e dar continuidade as atividades para sanar pend\u00eancias, desta forma colocando em execu\u00e7\u00e3o todas as a\u00e7\u00f5es essenciais \u00e0 gest\u00e3o.<\/p>\n<p style=\"text-align: justify\">Uma das solicita\u00e7\u00f5es do prefeito, que j\u00e1 est\u00e1 em pleno exerc\u00edcio, \u00e9 fortalecer projetos existentes, a exemplo do Nova Semente, Minha Casa Minha Vida e Ame&#8217;s e criar novas marcas que viabilizem melhorias para a vida dos mun\u00edcipes, a exemplo do programa Meu Lote, Meu Lugar, que vem fortalecer o direito a moradia digna. \u201cEsse tempo que passei fora pude refletir bastante sobre nosso trabalho e vim disposto a concretizar todas as a\u00e7\u00f5es propostas e criar mais programas para poder cuidar ainda mais, e melhor do nosso povo\u201d, declarou.<!--more--><\/p>\n<p style=\"text-align: justify\">Numa segunda etapa do encontro o secret\u00e1rio de Planejamento, Or\u00e7amento e Gest\u00e3o (SEPOG) Geraldo Junior elencou t\u00f3picos de trabalho que precisam ser concretizados, e frisou sobre a import\u00e2ncia de cada secretaria atualizar seus indicadores junto a SEPOG. \u201cNosso \u00faltimo encontro resultou em uma agenda com novas a\u00e7\u00f5es e obras priorit\u00e1rias a serem realizadas nos pr\u00f3ximos meses. E esse \u00e9 o momento para afinarmos o discurso, para ver o que j\u00e1 foi feito e o que falta fazer, al\u00e9m disso, precisamos definir outras que ser\u00e3o realizadas\u201d, exp\u00f4s.<\/p>\n<p style=\"text-align: justify\">Julio Lossio solicitou que um calend\u00e1rio fosse feito para que as reuni\u00f5es de trabalho voltem a acontecer a cada m\u00eas, uma maneira encontrada para acelerar a execu\u00e7\u00e3o dos projetos com o direcionamento do gestor.<\/p>\n<p style=\"text-align: justify\">Como aconteceu nas reuni\u00f5es anteriores grupos de trabalho foram formados pelos secret\u00e1rios e suas equipes. Estas elencaram, mais uma vez, os entraves identificados em suas atribui\u00e7\u00f5es, ao tempo que puderam compartilhar dificuldades e solicitar consultorias, inclusive podendo discutir com o prefeito ap\u00f3s conclus\u00f5es dos debates.<\/p>\n<p style=\"text-align: justify\">\u00c9 importante frisar que segundo o prefeito Julio Lossio as a\u00e7\u00f5es que est\u00e3o postas ser\u00e3o realizadas a curto, m\u00e9dio e longo prazo. Algumas delas s\u00e3o imediatas, mas outras s\u00f3 acontecer\u00e3o com um tempo maior. A exemplo, da discuss\u00e3o do Plano de Cargos, Carreiras e Vencimentos (PCCV) dos servidores municipais, que teve a discuss\u00e3o retomada. H\u00e1 obras que requerem mais tempo a exemplo da Orla III. \u201cmais uma coisa \u00e9 certa vamos trabalhar para que todas sejam realizadas cada uma a seu tempo\u201d, finalizou<\/p>\n","protected":false},"excerpt":{"rendered":"<p>Dois dias ap\u00f3s ser reempossado, o prefeito de Petrolina Julio Lossio reuniu na manh\u00e3 desta sexta-feira (01) os secret\u00e1rios e assessores, al\u00e9m do pessoal respons\u00e1vel por projetos especiais, setor financeiro e licita\u00e7\u00e3o. O objetivo do prefeito \u00e9 se inteirar e acompanhar o andamento dos projetos, realizados durante sua aus\u00eancia, e dar continuidade as atividades para sanar pend\u00eancias, desta forma colocando em execu\u00e7\u00e3o todas as a\u00e7\u00f5es essenciais \u00e0 gest\u00e3o. Uma das solicita\u00e7\u00f5es do prefeito, que j\u00e1 est\u00e1 em pleno exerc\u00edcio, \u00e9 fortalecer projetos existentes, a exemplo do Nova Semente, Minha Casa Minha Vida e Ame&#8217;s e criar novas marcas que viabilizem melhorias para a vida dos mun\u00edcipes, a exemplo do programa Meu Lote, Meu Lugar, que vem fortalecer o direito a&hellip; <\/p>\n","protected":false},"author":3,"featured_media":0,"comment_status":"open","ping_status":"open","sticky":false,"template":"","format":"standard","meta":{"_acf_changed":false,"footnotes":""},"categories":[44],"tags":[],"class_list":["post-93642","post","type-post","status-publish","format-standard","hentry","category-administracao"],"acf":[],"yoast_head":"<!-- This site is optimized with the Yoast SEO plugin v27.4 - https:\/\/yoast.com\/product\/yoast-seo-wordpress\/ -->\n<title>LOSSIO RE\u00daNE SECRET\u00c1RIOS E ASSESSORES PARA REDIRECIONAR A\u00c7\u00d5ES ADMINISTRATIVAS P\u00d3S CIRURGIA - Blog do Farn\u00e9sio<\/title>\n<meta name=\"robots\" content=\"index, follow, max-snippet:-1, max-image-preview:large, max-video-preview:-1\" \/>\n<link rel=\"canonical\" href=\"https:\/\/blogdofarnesio.com.br\/?p=93642\" \/>\n<meta property=\"og:locale\" content=\"pt_BR\" \/>\n<meta property=\"og:type\" content=\"article\" \/>\n<meta property=\"og:title\" content=\"LOSSIO RE\u00daNE SECRET\u00c1RIOS E ASSESSORES PARA REDIRECIONAR A\u00c7\u00d5ES ADMINISTRATIVAS P\u00d3S CIRURGIA - Blog do Farn\u00e9sio\" \/>\n<meta property=\"og:description\" content=\"Dois dias ap\u00f3s ser reempossado, o prefeito de Petrolina Julio Lossio reuniu na manh\u00e3 desta sexta-feira (01) os secret\u00e1rios e assessores, al\u00e9m do pessoal respons\u00e1vel por projetos especiais, setor financeiro e licita\u00e7\u00e3o. O objetivo do prefeito \u00e9 se inteirar e acompanhar o andamento dos projetos, realizados durante sua aus\u00eancia, e dar continuidade as atividades para sanar pend\u00eancias, desta forma colocando em execu\u00e7\u00e3o todas as a\u00e7\u00f5es essenciais \u00e0 gest\u00e3o. Uma das solicita\u00e7\u00f5es do prefeito, que j\u00e1 est\u00e1 em pleno exerc\u00edcio, \u00e9 fortalecer projetos existentes, a exemplo do Nova Semente, Minha Casa Minha Vida e Ame&#8217;s e criar novas marcas que viabilizem melhorias para a vida dos mun\u00edcipes, a exemplo do programa Meu Lote, Meu Lugar, que vem fortalecer o direito a&hellip;\" \/>\n<meta property=\"og:url\" content=\"https:\/\/blogdofarnesio.com.br\/?p=93642\" \/>\n<meta property=\"og:site_name\" content=\"Blog do Farn\u00e9sio\" \/>\n<meta property=\"article:publisher\" content=\"https:\/\/www.facebook.com\/BlogQuerSaberPolitica\/\" \/>\n<meta property=\"article:published_time\" content=\"2014-08-01T18:00:44+00:00\" \/>\n<meta property=\"og:image\" content=\"http:\/\/www.quersaberpolitica.com.br\/2016\/wp-content\/uploads\/2014\/08\/01prefeito.jpg\" \/>\n<meta name=\"author\" content=\"teste\" \/>\n<meta name=\"twitter:card\" content=\"summary_large_image\" \/>\n<meta name=\"twitter:label1\" content=\"Escrito por\" \/>\n\t<meta name=\"twitter:data1\" content=\"teste\" \/>\n\t<meta name=\"twitter:label2\" content=\"Est. tempo de leitura\" \/>\n\t<meta name=\"twitter:data2\" content=\"2 minutos\" \/>\n<script type=\"application\/ld+json\" class=\"yoast-schema-graph\">{\"@context\":\"https:\\\/\\\/schema.org\",\"@graph\":[{\"@type\":\"Article\",\"@id\":\"https:\\\/\\\/blogdofarnesio.com.br\\\/?p=93642#article\",\"isPartOf\":{\"@id\":\"https:\\\/\\\/blogdofarnesio.com.br\\\/?p=93642\"},\"author\":{\"name\":\"teste\",\"@id\":\"https:\\\/\\\/blogdofarnesio.com.br\\\/#\\\/schema\\\/person\\\/dd1bf5eba40b687199ba45ca6b97dff9\"},\"headline\":\"LOSSIO RE\u00daNE SECRET\u00c1RIOS E ASSESSORES PARA REDIRECIONAR A\u00c7\u00d5ES ADMINISTRATIVAS P\u00d3S CIRURGIA\",\"datePublished\":\"2014-08-01T18:00:44+00:00\",\"mainEntityOfPage\":{\"@id\":\"https:\\\/\\\/blogdofarnesio.com.br\\\/?p=93642\"},\"wordCount\":456,\"commentCount\":0,\"publisher\":{\"@id\":\"https:\\\/\\\/blogdofarnesio.com.br\\\/#organization\"},\"image\":{\"@id\":\"https:\\\/\\\/blogdofarnesio.com.br\\\/?p=93642#primaryimage\"},\"thumbnailUrl\":\"http:\\\/\\\/www.quersaberpolitica.com.br\\\/2016\\\/wp-content\\\/uploads\\\/2014\\\/08\\\/01prefeito.jpg\",\"articleSection\":[\"Administra\u00e7\u00e3o\"],\"inLanguage\":\"pt-BR\",\"potentialAction\":[{\"@type\":\"CommentAction\",\"name\":\"Comment\",\"target\":[\"https:\\\/\\\/blogdofarnesio.com.br\\\/?p=93642#respond\"]}]},{\"@type\":\"WebPage\",\"@id\":\"https:\\\/\\\/blogdofarnesio.com.br\\\/?p=93642\",\"url\":\"https:\\\/\\\/blogdofarnesio.com.br\\\/?p=93642\",\"name\":\"LOSSIO RE\u00daNE SECRET\u00c1RIOS E ASSESSORES PARA REDIRECIONAR A\u00c7\u00d5ES ADMINISTRATIVAS P\u00d3S CIRURGIA - Blog do Farn\u00e9sio\",\"isPartOf\":{\"@id\":\"https:\\\/\\\/blogdofarnesio.com.br\\\/#website\"},\"primaryImageOfPage\":{\"@id\":\"https:\\\/\\\/blogdofarnesio.com.br\\\/?p=93642#primaryimage\"},\"image\":{\"@id\":\"https:\\\/\\\/blogdofarnesio.com.br\\\/?p=93642#primaryimage\"},\"thumbnailUrl\":\"http:\\\/\\\/www.quersaberpolitica.com.br\\\/2016\\\/wp-content\\\/uploads\\\/2014\\\/08\\\/01prefeito.jpg\",\"datePublished\":\"2014-08-01T18:00:44+00:00\",\"breadcrumb\":{\"@id\":\"https:\\\/\\\/blogdofarnesio.com.br\\\/?p=93642#breadcrumb\"},\"inLanguage\":\"pt-BR\",\"potentialAction\":[{\"@type\":\"ReadAction\",\"target\":[\"https:\\\/\\\/blogdofarnesio.com.br\\\/?p=93642\"]}]},{\"@type\":\"ImageObject\",\"inLanguage\":\"pt-BR\",\"@id\":\"https:\\\/\\\/blogdofarnesio.com.br\\\/?p=93642#primaryimage\",\"url\":\"http:\\\/\\\/www.quersaberpolitica.com.br\\\/2016\\\/wp-content\\\/uploads\\\/2014\\\/08\\\/01prefeito.jpg\",\"contentUrl\":\"http:\\\/\\\/www.quersaberpolitica.com.br\\\/2016\\\/wp-content\\\/uploads\\\/2014\\\/08\\\/01prefeito.jpg\"},{\"@type\":\"BreadcrumbList\",\"@id\":\"https:\\\/\\\/blogdofarnesio.com.br\\\/?p=93642#breadcrumb\",\"itemListElement\":[{\"@type\":\"ListItem\",\"position\":1,\"name\":\"In\u00edcio\",\"item\":\"https:\\\/\\\/blogdofarnesio.com.br\\\/\"},{\"@type\":\"ListItem\",\"position\":2,\"name\":\"LOSSIO RE\u00daNE SECRET\u00c1RIOS E ASSESSORES PARA REDIRECIONAR A\u00c7\u00d5ES ADMINISTRATIVAS P\u00d3S CIRURGIA\"}]},{\"@type\":\"WebSite\",\"@id\":\"https:\\\/\\\/blogdofarnesio.com.br\\\/#website\",\"url\":\"https:\\\/\\\/blogdofarnesio.com.br\\\/\",\"name\":\"Blog do Farn\u00e9sio\",\"description\":\"Quer Saber Pol\u00edtica?\",\"publisher\":{\"@id\":\"https:\\\/\\\/blogdofarnesio.com.br\\\/#organization\"},\"potentialAction\":[{\"@type\":\"SearchAction\",\"target\":{\"@type\":\"EntryPoint\",\"urlTemplate\":\"https:\\\/\\\/blogdofarnesio.com.br\\\/?s={search_term_string}\"},\"query-input\":{\"@type\":\"PropertyValueSpecification\",\"valueRequired\":true,\"valueName\":\"search_term_string\"}}],\"inLanguage\":\"pt-BR\"},{\"@type\":\"Organization\",\"@id\":\"https:\\\/\\\/blogdofarnesio.com.br\\\/#organization\",\"name\":\"Blog do Farn\u00e9sio\",\"url\":\"https:\\\/\\\/blogdofarnesio.com.br\\\/\",\"logo\":{\"@type\":\"ImageObject\",\"inLanguage\":\"pt-BR\",\"@id\":\"https:\\\/\\\/blogdofarnesio.com.br\\\/#\\\/schema\\\/logo\\\/image\\\/\",\"url\":\"https:\\\/\\\/blogdofarnesio.com.br\\\/wp-content\\\/uploads\\\/2026\\\/03\\\/cropped-logo_new-1.png\",\"contentUrl\":\"https:\\\/\\\/blogdofarnesio.com.br\\\/wp-content\\\/uploads\\\/2026\\\/03\\\/cropped-logo_new-1.png\",\"width\":881,\"height\":685,\"caption\":\"Blog do Farn\u00e9sio\"},\"image\":{\"@id\":\"https:\\\/\\\/blogdofarnesio.com.br\\\/#\\\/schema\\\/logo\\\/image\\\/\"},\"sameAs\":[\"https:\\\/\\\/www.facebook.com\\\/BlogQuerSaberPolitica\\\/\"]},{\"@type\":\"Person\",\"@id\":\"https:\\\/\\\/blogdofarnesio.com.br\\\/#\\\/schema\\\/person\\\/dd1bf5eba40b687199ba45ca6b97dff9\",\"name\":\"teste\",\"image\":{\"@type\":\"ImageObject\",\"inLanguage\":\"pt-BR\",\"@id\":\"https:\\\/\\\/secure.gravatar.com\\\/avatar\\\/2172498d4914b51e1d89a0f97957b035ac4938723a5cac208135d389b6972a6d?s=96&d=mm&r=g\",\"url\":\"https:\\\/\\\/secure.gravatar.com\\\/avatar\\\/2172498d4914b51e1d89a0f97957b035ac4938723a5cac208135d389b6972a6d?s=96&d=mm&r=g\",\"contentUrl\":\"https:\\\/\\\/secure.gravatar.com\\\/avatar\\\/2172498d4914b51e1d89a0f97957b035ac4938723a5cac208135d389b6972a6d?s=96&d=mm&r=g\",\"caption\":\"teste\"},\"url\":\"https:\\\/\\\/blogdofarnesio.com.br\\\/?author=3\"}]}<\/script>\n<!-- \/ Yoast SEO plugin. -->","yoast_head_json":{"title":"LOSSIO RE\u00daNE SECRET\u00c1RIOS E ASSESSORES PARA REDIRECIONAR A\u00c7\u00d5ES ADMINISTRATIVAS P\u00d3S CIRURGIA - Blog do Farn\u00e9sio","robots":{"index":"index","follow":"follow","max-snippet":"max-snippet:-1","max-image-preview":"max-image-preview:large","max-video-preview":"max-video-preview:-1"},"canonical":"https:\/\/blogdofarnesio.com.br\/?p=93642","og_locale":"pt_BR","og_type":"article","og_title":"LOSSIO RE\u00daNE SECRET\u00c1RIOS E ASSESSORES PARA REDIRECIONAR A\u00c7\u00d5ES ADMINISTRATIVAS P\u00d3S CIRURGIA - Blog do Farn\u00e9sio","og_description":"Dois dias ap\u00f3s ser reempossado, o prefeito de Petrolina Julio Lossio reuniu na manh\u00e3 desta sexta-feira (01) os secret\u00e1rios e assessores, al\u00e9m do pessoal respons\u00e1vel por projetos especiais, setor financeiro e licita\u00e7\u00e3o. O objetivo do prefeito \u00e9 se inteirar e acompanhar o andamento dos projetos, realizados durante sua aus\u00eancia, e dar continuidade as atividades para sanar pend\u00eancias, desta forma colocando em execu\u00e7\u00e3o todas as a\u00e7\u00f5es essenciais \u00e0 gest\u00e3o. Uma das solicita\u00e7\u00f5es do prefeito, que j\u00e1 est\u00e1 em pleno exerc\u00edcio, \u00e9 fortalecer projetos existentes, a exemplo do Nova Semente, Minha Casa Minha Vida e Ame&#8217;s e criar novas marcas que viabilizem melhorias para a vida dos mun\u00edcipes, a exemplo do programa Meu Lote, Meu Lugar, que vem fortalecer o direito a&hellip;","og_url":"https:\/\/blogdofarnesio.com.br\/?p=93642","og_site_name":"Blog do Farn\u00e9sio","article_publisher":"https:\/\/www.facebook.com\/BlogQuerSaberPolitica\/","article_published_time":"2014-08-01T18:00:44+00:00","og_image":[{"url":"http:\/\/www.quersaberpolitica.com.br\/2016\/wp-content\/uploads\/2014\/08\/01prefeito.jpg","type":"","width":"","height":""}],"author":"teste","twitter_card":"summary_large_image","twitter_misc":{"Escrito por":"teste","Est. tempo de leitura":"2 minutos"},"schema":{"@context":"https:\/\/schema.org","@graph":[{"@type":"Article","@id":"https:\/\/blogdofarnesio.com.br\/?p=93642#article","isPartOf":{"@id":"https:\/\/blogdofarnesio.com.br\/?p=93642"},"author":{"name":"teste","@id":"https:\/\/blogdofarnesio.com.br\/#\/schema\/person\/dd1bf5eba40b687199ba45ca6b97dff9"},"headline":"LOSSIO RE\u00daNE SECRET\u00c1RIOS E ASSESSORES PARA REDIRECIONAR A\u00c7\u00d5ES ADMINISTRATIVAS P\u00d3S CIRURGIA","datePublished":"2014-08-01T18:00:44+00:00","mainEntityOfPage":{"@id":"https:\/\/blogdofarnesio.com.br\/?p=93642"},"wordCount":456,"commentCount":0,"publisher":{"@id":"https:\/\/blogdofarnesio.com.br\/#organization"},"image":{"@id":"https:\/\/blogdofarnesio.com.br\/?p=93642#primaryimage"},"thumbnailUrl":"http:\/\/www.quersaberpolitica.com.br\/2016\/wp-content\/uploads\/2014\/08\/01prefeito.jpg","articleSection":["Administra\u00e7\u00e3o"],"inLanguage":"pt-BR","potentialAction":[{"@type":"CommentAction","name":"Comment","target":["https:\/\/blogdofarnesio.com.br\/?p=93642#respond"]}]},{"@type":"WebPage","@id":"https:\/\/blogdofarnesio.com.br\/?p=93642","url":"https:\/\/blogdofarnesio.com.br\/?p=93642","name":"LOSSIO RE\u00daNE SECRET\u00c1RIOS E ASSESSORES PARA REDIRECIONAR A\u00c7\u00d5ES ADMINISTRATIVAS P\u00d3S CIRURGIA - Blog do Farn\u00e9sio","isPartOf":{"@id":"https:\/\/blogdofarnesio.com.br\/#website"},"primaryImageOfPage":{"@id":"https:\/\/blogdofarnesio.com.br\/?p=93642#primaryimage"},"image":{"@id":"https:\/\/blogdofarnesio.com.br\/?p=93642#primaryimage"},"thumbnailUrl":"http:\/\/www.quersaberpolitica.com.br\/2016\/wp-content\/uploads\/2014\/08\/01prefeito.jpg","datePublished":"2014-08-01T18:00:44+00:00","breadcrumb":{"@id":"https:\/\/blogdofarnesio.com.br\/?p=93642#breadcrumb"},"inLanguage":"pt-BR","potentialAction":[{"@type":"ReadAction","target":["https:\/\/blogdofarnesio.com.br\/?p=93642"]}]},{"@type":"ImageObject","inLanguage":"pt-BR","@id":"https:\/\/blogdofarnesio.com.br\/?p=93642#primaryimage","url":"http:\/\/www.quersaberpolitica.com.br\/2016\/wp-content\/uploads\/2014\/08\/01prefeito.jpg","contentUrl":"http:\/\/www.quersaberpolitica.com.br\/2016\/wp-content\/uploads\/2014\/08\/01prefeito.jpg"},{"@type":"BreadcrumbList","@id":"https:\/\/blogdofarnesio.com.br\/?p=93642#breadcrumb","itemListElement":[{"@type":"ListItem","position":1,"name":"In\u00edcio","item":"https:\/\/blogdofarnesio.com.br\/"},{"@type":"ListItem","position":2,"name":"LOSSIO RE\u00daNE SECRET\u00c1RIOS E ASSESSORES PARA REDIRECIONAR A\u00c7\u00d5ES ADMINISTRATIVAS P\u00d3S CIRURGIA"}]},{"@type":"WebSite","@id":"https:\/\/blogdofarnesio.com.br\/#website","url":"https:\/\/blogdofarnesio.com.br\/","name":"Blog do Farn\u00e9sio","description":"Quer Saber Pol\u00edtica?","publisher":{"@id":"https:\/\/blogdofarnesio.com.br\/#organization"},"potentialAction":[{"@type":"SearchAction","target":{"@type":"EntryPoint","urlTemplate":"https:\/\/blogdofarnesio.com.br\/?s={search_term_string}"},"query-input":{"@type":"PropertyValueSpecification","valueRequired":true,"valueName":"search_term_string"}}],"inLanguage":"pt-BR"},{"@type":"Organization","@id":"https:\/\/blogdofarnesio.com.br\/#organization","name":"Blog do Farn\u00e9sio","url":"https:\/\/blogdofarnesio.com.br\/","logo":{"@type":"ImageObject","inLanguage":"pt-BR","@id":"https:\/\/blogdofarnesio.com.br\/#\/schema\/logo\/image\/","url":"https:\/\/blogdofarnesio.com.br\/wp-content\/uploads\/2026\/03\/cropped-logo_new-1.png","contentUrl":"https:\/\/blogdofarnesio.com.br\/wp-content\/uploads\/2026\/03\/cropped-logo_new-1.png","width":881,"height":685,"caption":"Blog do Farn\u00e9sio"},"image":{"@id":"https:\/\/blogdofarnesio.com.br\/#\/schema\/logo\/image\/"},"sameAs":["https:\/\/www.facebook.com\/BlogQuerSaberPolitica\/"]},{"@type":"Person","@id":"https:\/\/blogdofarnesio.com.br\/#\/schema\/person\/dd1bf5eba40b687199ba45ca6b97dff9","name":"teste","image":{"@type":"ImageObject","inLanguage":"pt-BR","@id":"https:\/\/secure.gravatar.com\/avatar\/2172498d4914b51e1d89a0f97957b035ac4938723a5cac208135d389b6972a6d?s=96&d=mm&r=g","url":"https:\/\/secure.gravatar.com\/avatar\/2172498d4914b51e1d89a0f97957b035ac4938723a5cac208135d389b6972a6d?s=96&d=mm&r=g","contentUrl":"https:\/\/secure.gravatar.com\/avatar\/2172498d4914b51e1d89a0f97957b035ac4938723a5cac208135d389b6972a6d?s=96&d=mm&r=g","caption":"teste"},"url":"https:\/\/blogdofarnesio.com.br\/?author=3"}]}},"_links":{"self":[{"href":"https:\/\/blogdofarnesio.com.br\/index.php?rest_route=\/wp\/v2\/posts\/93642","targetHints":{"allow":["GET"]}}],"collection":[{"href":"https:\/\/blogdofarnesio.com.br\/index.php?rest_route=\/wp\/v2\/posts"}],"about":[{"href":"https:\/\/blogdofarnesio.com.br\/index.php?rest_route=\/wp\/v2\/types\/post"}],"author":[{"embeddable":true,"href":"https:\/\/blogdofarnesio.com.br\/index.php?rest_route=\/wp\/v2\/users\/3"}],"replies":[{"embeddable":true,"href":"https:\/\/blogdofarnesio.com.br\/index.php?rest_route=%2Fwp%2Fv2%2Fcomments&post=93642"}],"version-history":[{"count":0,"href":"https:\/\/blogdofarnesio.com.br\/index.php?rest_route=\/wp\/v2\/posts\/93642\/revisions"}],"wp:attachment":[{"href":"https:\/\/blogdofarnesio.com.br\/index.php?rest_route=%2Fwp%2Fv2%2Fmedia&parent=93642"}],"wp:term":[{"taxonomy":"category","embeddable":true,"href":"https:\/\/blogdofarnesio.com.br\/index.php?rest_route=%2Fwp%2Fv2%2Fcategories&post=93642"},{"taxonomy":"post_tag","embeddable":true,"href":"https:\/\/blogdofarnesio.com.br\/index.php?rest_route=%2Fwp%2Fv2%2Ftags&post=93642"}],"curies":[{"name":"wp","href":"https:\/\/api.w.org\/{rel}","templated":true}]}}