{"id":93340,"date":"2014-07-31T14:40:05","date_gmt":"2014-07-31T17:40:05","guid":{"rendered":"http:\/\/www.quersaberpolitica.com.br\/?p=93340"},"modified":"2014-07-31T10:40:35","modified_gmt":"2014-07-31T13:40:35","slug":"secretaria-de-saude-visita-novas-instalacoes-do-caps-alcool-e-drogas-em-petrolina","status":"publish","type":"post","link":"https:\/\/blogdofarnesio.com.br\/?p=93340","title":{"rendered":"SECRET\u00c1RIA DE SA\u00daDE VISITA NOVAS INSTALA\u00c7\u00d5ES DO CAPS &#8211; \u00c1LCOOL E DROGAS EM PETROLINA"},"content":{"rendered":"<p style=\"text-align: justify\"><a href=\"http:\/\/www.quersaberpolitica.com.br\/2016\/wp-content\/uploads\/2014\/07\/unnamed417.jpg\"><img loading=\"lazy\" decoding=\"async\" class=\"aligncenter size-full wp-image-93341\" alt=\"unnamed\" src=\"http:\/\/www.quersaberpolitica.com.br\/2016\/wp-content\/uploads\/2014\/07\/unnamed417.jpg\" width=\"448\" height=\"336\" srcset=\"https:\/\/blogdofarnesio.com.br\/wp-content\/uploads\/2014\/07\/unnamed417.jpg 448w, https:\/\/blogdofarnesio.com.br\/wp-content\/uploads\/2014\/07\/unnamed417-300x224.jpg 300w, https:\/\/blogdofarnesio.com.br\/wp-content\/uploads\/2014\/07\/unnamed417-400x300.jpg 400w\" sizes=\"auto, (max-width: 448px) 100vw, 448px\" \/><\/a>Na manh\u00e3 dessa ter\u00e7a-feira, 29, a secret\u00e1ria de Sa\u00fade de Petrolina, Lucia Giesta, e a Diretora da Aten\u00e7\u00e3o Especializada, Juliana Granja, acompanharam de perto as novas instala\u00e7\u00f5es da sede do Centro de Aten\u00e7\u00e3o Psicossocial- \u00c1lcool e Drogas do munic\u00edpio. O CAPS-AD \u00e9 uma das principais unidades de sa\u00fade mental de Petrolina, atrav\u00e9s de um trabalho de ressocializa\u00e7\u00e3o e amparo aos dependentes de drogas como o \u00e1lcool. A unidade conta, agora, com uma nova casa, maior e com mais conforto para todos os usu\u00e1rios.<\/p>\n<p style=\"text-align: justify\">A nova sede fica localizada na Rua Bahia, n\u00ba 190, Centro, por traz do Est\u00e1dio Paulo de Souza Coelho. A unidade, que oferece servi\u00e7os psiqui\u00e1tricos e psicol\u00f3gicos e de apoio \u00e0s fam\u00edlias dos usu\u00e1rios, \u00e9 a principal refer\u00eancia SUS para acompanhamento e tratamento. O novo espa\u00e7o \u00e9 mais amplo, mais agrad\u00e1vel e com uma grande \u00e1rea arborizada, favor\u00e1vel a pr\u00e1tica de atividades f\u00edsicas, gin\u00e1stica laboral e produ\u00e7\u00e3o de artesanatos com as mais diversas oficinas.<!--more--><\/p>\n<p style=\"text-align: justify\">A secret\u00e1ria Lucia Giesta fala mais sobre as mudan\u00e7as da sede.\u00a0\u201cBuscamos uma casa maior para acolher a todos, um espa\u00e7o diferenciado e totalmente dentro das necessidades e condi\u00e7\u00f5es de recupera\u00e7\u00e3o de cada usu\u00e1rio. Consult\u00f3rios psiqui\u00e1trico e de psicologia, farm\u00e1cia, refeit\u00f3rio, sala de reuni\u00f5es, recep\u00e7\u00e3o e muito contato com ambiente natural v\u00e3o garantir o tratamento acolhedor e humanizado para as pessoas\u201d, afirmou a gestora.<\/p>\n<p style=\"text-align: justify\">Atualmente, tr\u00eas unidades de sa\u00fade mental referenciam o servi\u00e7o em Petrolina, o CAPS-Infanto-Juvenil que acolhe a sa\u00fade mental de crian\u00e7as e adolescentes, o CAPS II que atende a todos os maiores de 18 anos que t\u00eam algum transtorno leve, moderado ou severo e o CAPS AD para qualquer paciente que sofre com algum tipo de depend\u00eancia psicoativa como \u00e1lcool e outras drogas.<\/p>\n<p style=\"text-align: justify\">\u00a0A coordenadora do CAPS AD, Helena Kedma, fala sobre a satisfa\u00e7\u00e3o dos usu\u00e1rios com a nova sede e relata como cada paciente recebeu a novidade. \u201cNossos usu\u00e1rios s\u00e3o extremamente produtivos, verdadeiros artistas que buscam a reinclus\u00e3o social. O novo espa\u00e7o oferece mais essa oportunidade, a reabilita\u00e7\u00e3o depende dessa satisfa\u00e7\u00e3o, que \u00e9 percept\u00edvel em cada paciente\u201d, explicou.<\/p>\n<p style=\"text-align: justify\">\u00a0A Secretaria Municipal de Sa\u00fade de Petrolina (SMS) aguarda agendamento para licita\u00e7\u00e3o de constru\u00e7\u00e3o da nova sede de CAPS AD III 24 horas para posterior ordem de servi\u00e7o. O CAPS 24h vai acolher a pacientes em qualquer hor\u00e1rio do dia ou da noite.<\/p>\n","protected":false},"excerpt":{"rendered":"<p>Na manh\u00e3 dessa ter\u00e7a-feira, 29, a secret\u00e1ria de Sa\u00fade de Petrolina, Lucia Giesta, e a Diretora da Aten\u00e7\u00e3o Especializada, Juliana Granja, acompanharam de perto as novas instala\u00e7\u00f5es da sede do Centro de Aten\u00e7\u00e3o Psicossocial- \u00c1lcool e Drogas do munic\u00edpio. O CAPS-AD \u00e9 uma das principais unidades de sa\u00fade mental de Petrolina, atrav\u00e9s de um trabalho de ressocializa\u00e7\u00e3o e amparo aos dependentes de drogas como o \u00e1lcool. A unidade conta, agora, com uma nova casa, maior e com mais conforto para todos os usu\u00e1rios. A nova sede fica localizada na Rua Bahia, n\u00ba 190, Centro, por traz do Est\u00e1dio Paulo de Souza Coelho. A unidade, que oferece servi\u00e7os psiqui\u00e1tricos e psicol\u00f3gicos e de apoio \u00e0s fam\u00edlias dos usu\u00e1rios, \u00e9 a principal&hellip; <\/p>\n","protected":false},"author":3,"featured_media":0,"comment_status":"open","ping_status":"open","sticky":false,"template":"","format":"standard","meta":{"_acf_changed":false,"footnotes":""},"categories":[4],"tags":[],"class_list":["post-93340","post","type-post","status-publish","format-standard","hentry","category-saude"],"acf":[],"yoast_head":"<!-- This site is optimized with the Yoast SEO plugin v27.4 - https:\/\/yoast.com\/product\/yoast-seo-wordpress\/ -->\n<title>SECRET\u00c1RIA DE SA\u00daDE VISITA NOVAS INSTALA\u00c7\u00d5ES DO CAPS - \u00c1LCOOL E DROGAS EM PETROLINA  - Blog do Farn\u00e9sio<\/title>\n<meta name=\"robots\" content=\"index, follow, max-snippet:-1, max-image-preview:large, max-video-preview:-1\" \/>\n<link rel=\"canonical\" href=\"https:\/\/blogdofarnesio.com.br\/?p=93340\" \/>\n<meta property=\"og:locale\" content=\"pt_BR\" \/>\n<meta property=\"og:type\" content=\"article\" \/>\n<meta property=\"og:title\" content=\"SECRET\u00c1RIA DE SA\u00daDE VISITA NOVAS INSTALA\u00c7\u00d5ES DO CAPS - \u00c1LCOOL E DROGAS EM PETROLINA  - Blog do Farn\u00e9sio\" \/>\n<meta property=\"og:description\" content=\"Na manh\u00e3 dessa ter\u00e7a-feira, 29, a secret\u00e1ria de Sa\u00fade de Petrolina, Lucia Giesta, e a Diretora da Aten\u00e7\u00e3o Especializada, Juliana Granja, acompanharam de perto as novas instala\u00e7\u00f5es da sede do Centro de Aten\u00e7\u00e3o Psicossocial- \u00c1lcool e Drogas do munic\u00edpio. O CAPS-AD \u00e9 uma das principais unidades de sa\u00fade mental de Petrolina, atrav\u00e9s de um trabalho de ressocializa\u00e7\u00e3o e amparo aos dependentes de drogas como o \u00e1lcool. A unidade conta, agora, com uma nova casa, maior e com mais conforto para todos os usu\u00e1rios. A nova sede fica localizada na Rua Bahia, n\u00ba 190, Centro, por traz do Est\u00e1dio Paulo de Souza Coelho. A unidade, que oferece servi\u00e7os psiqui\u00e1tricos e psicol\u00f3gicos e de apoio \u00e0s fam\u00edlias dos usu\u00e1rios, \u00e9 a principal&hellip;\" \/>\n<meta property=\"og:url\" content=\"https:\/\/blogdofarnesio.com.br\/?p=93340\" \/>\n<meta property=\"og:site_name\" content=\"Blog do Farn\u00e9sio\" \/>\n<meta property=\"article:publisher\" content=\"https:\/\/www.facebook.com\/BlogQuerSaberPolitica\/\" \/>\n<meta property=\"article:published_time\" content=\"2014-07-31T17:40:05+00:00\" \/>\n<meta property=\"og:image\" content=\"http:\/\/www.quersaberpolitica.com.br\/2016\/wp-content\/uploads\/2014\/07\/unnamed417.jpg\" \/>\n<meta name=\"author\" content=\"teste\" \/>\n<meta name=\"twitter:card\" content=\"summary_large_image\" \/>\n<meta name=\"twitter:label1\" content=\"Escrito por\" \/>\n\t<meta name=\"twitter:data1\" content=\"teste\" \/>\n\t<meta name=\"twitter:label2\" content=\"Est. tempo de leitura\" \/>\n\t<meta name=\"twitter:data2\" content=\"2 minutos\" \/>\n<script type=\"application\/ld+json\" class=\"yoast-schema-graph\">{\"@context\":\"https:\\\/\\\/schema.org\",\"@graph\":[{\"@type\":\"Article\",\"@id\":\"https:\\\/\\\/blogdofarnesio.com.br\\\/?p=93340#article\",\"isPartOf\":{\"@id\":\"https:\\\/\\\/blogdofarnesio.com.br\\\/?p=93340\"},\"author\":{\"name\":\"teste\",\"@id\":\"https:\\\/\\\/blogdofarnesio.com.br\\\/#\\\/schema\\\/person\\\/dd1bf5eba40b687199ba45ca6b97dff9\"},\"headline\":\"SECRET\u00c1RIA DE SA\u00daDE VISITA NOVAS INSTALA\u00c7\u00d5ES DO CAPS &#8211; \u00c1LCOOL E DROGAS EM PETROLINA\",\"datePublished\":\"2014-07-31T17:40:05+00:00\",\"mainEntityOfPage\":{\"@id\":\"https:\\\/\\\/blogdofarnesio.com.br\\\/?p=93340\"},\"wordCount\":450,\"commentCount\":0,\"publisher\":{\"@id\":\"https:\\\/\\\/blogdofarnesio.com.br\\\/#organization\"},\"image\":{\"@id\":\"https:\\\/\\\/blogdofarnesio.com.br\\\/?p=93340#primaryimage\"},\"thumbnailUrl\":\"http:\\\/\\\/www.quersaberpolitica.com.br\\\/2016\\\/wp-content\\\/uploads\\\/2014\\\/07\\\/unnamed417.jpg\",\"articleSection\":[\"Sa\u00fade\"],\"inLanguage\":\"pt-BR\",\"potentialAction\":[{\"@type\":\"CommentAction\",\"name\":\"Comment\",\"target\":[\"https:\\\/\\\/blogdofarnesio.com.br\\\/?p=93340#respond\"]}]},{\"@type\":\"WebPage\",\"@id\":\"https:\\\/\\\/blogdofarnesio.com.br\\\/?p=93340\",\"url\":\"https:\\\/\\\/blogdofarnesio.com.br\\\/?p=93340\",\"name\":\"SECRET\u00c1RIA DE SA\u00daDE VISITA NOVAS INSTALA\u00c7\u00d5ES DO CAPS - \u00c1LCOOL E DROGAS EM PETROLINA - Blog do Farn\u00e9sio\",\"isPartOf\":{\"@id\":\"https:\\\/\\\/blogdofarnesio.com.br\\\/#website\"},\"primaryImageOfPage\":{\"@id\":\"https:\\\/\\\/blogdofarnesio.com.br\\\/?p=93340#primaryimage\"},\"image\":{\"@id\":\"https:\\\/\\\/blogdofarnesio.com.br\\\/?p=93340#primaryimage\"},\"thumbnailUrl\":\"http:\\\/\\\/www.quersaberpolitica.com.br\\\/2016\\\/wp-content\\\/uploads\\\/2014\\\/07\\\/unnamed417.jpg\",\"datePublished\":\"2014-07-31T17:40:05+00:00\",\"breadcrumb\":{\"@id\":\"https:\\\/\\\/blogdofarnesio.com.br\\\/?p=93340#breadcrumb\"},\"inLanguage\":\"pt-BR\",\"potentialAction\":[{\"@type\":\"ReadAction\",\"target\":[\"https:\\\/\\\/blogdofarnesio.com.br\\\/?p=93340\"]}]},{\"@type\":\"ImageObject\",\"inLanguage\":\"pt-BR\",\"@id\":\"https:\\\/\\\/blogdofarnesio.com.br\\\/?p=93340#primaryimage\",\"url\":\"http:\\\/\\\/www.quersaberpolitica.com.br\\\/2016\\\/wp-content\\\/uploads\\\/2014\\\/07\\\/unnamed417.jpg\",\"contentUrl\":\"http:\\\/\\\/www.quersaberpolitica.com.br\\\/2016\\\/wp-content\\\/uploads\\\/2014\\\/07\\\/unnamed417.jpg\"},{\"@type\":\"BreadcrumbList\",\"@id\":\"https:\\\/\\\/blogdofarnesio.com.br\\\/?p=93340#breadcrumb\",\"itemListElement\":[{\"@type\":\"ListItem\",\"position\":1,\"name\":\"In\u00edcio\",\"item\":\"https:\\\/\\\/blogdofarnesio.com.br\\\/\"},{\"@type\":\"ListItem\",\"position\":2,\"name\":\"SECRET\u00c1RIA DE SA\u00daDE VISITA NOVAS INSTALA\u00c7\u00d5ES DO CAPS &#8211; \u00c1LCOOL E DROGAS EM PETROLINA\"}]},{\"@type\":\"WebSite\",\"@id\":\"https:\\\/\\\/blogdofarnesio.com.br\\\/#website\",\"url\":\"https:\\\/\\\/blogdofarnesio.com.br\\\/\",\"name\":\"Blog do Farn\u00e9sio\",\"description\":\"Quer Saber Pol\u00edtica?\",\"publisher\":{\"@id\":\"https:\\\/\\\/blogdofarnesio.com.br\\\/#organization\"},\"potentialAction\":[{\"@type\":\"SearchAction\",\"target\":{\"@type\":\"EntryPoint\",\"urlTemplate\":\"https:\\\/\\\/blogdofarnesio.com.br\\\/?s={search_term_string}\"},\"query-input\":{\"@type\":\"PropertyValueSpecification\",\"valueRequired\":true,\"valueName\":\"search_term_string\"}}],\"inLanguage\":\"pt-BR\"},{\"@type\":\"Organization\",\"@id\":\"https:\\\/\\\/blogdofarnesio.com.br\\\/#organization\",\"name\":\"Blog do Farn\u00e9sio\",\"url\":\"https:\\\/\\\/blogdofarnesio.com.br\\\/\",\"logo\":{\"@type\":\"ImageObject\",\"inLanguage\":\"pt-BR\",\"@id\":\"https:\\\/\\\/blogdofarnesio.com.br\\\/#\\\/schema\\\/logo\\\/image\\\/\",\"url\":\"https:\\\/\\\/blogdofarnesio.com.br\\\/wp-content\\\/uploads\\\/2026\\\/03\\\/cropped-logo_new-1.png\",\"contentUrl\":\"https:\\\/\\\/blogdofarnesio.com.br\\\/wp-content\\\/uploads\\\/2026\\\/03\\\/cropped-logo_new-1.png\",\"width\":881,\"height\":685,\"caption\":\"Blog do Farn\u00e9sio\"},\"image\":{\"@id\":\"https:\\\/\\\/blogdofarnesio.com.br\\\/#\\\/schema\\\/logo\\\/image\\\/\"},\"sameAs\":[\"https:\\\/\\\/www.facebook.com\\\/BlogQuerSaberPolitica\\\/\"]},{\"@type\":\"Person\",\"@id\":\"https:\\\/\\\/blogdofarnesio.com.br\\\/#\\\/schema\\\/person\\\/dd1bf5eba40b687199ba45ca6b97dff9\",\"name\":\"teste\",\"image\":{\"@type\":\"ImageObject\",\"inLanguage\":\"pt-BR\",\"@id\":\"https:\\\/\\\/secure.gravatar.com\\\/avatar\\\/2172498d4914b51e1d89a0f97957b035ac4938723a5cac208135d389b6972a6d?s=96&d=mm&r=g\",\"url\":\"https:\\\/\\\/secure.gravatar.com\\\/avatar\\\/2172498d4914b51e1d89a0f97957b035ac4938723a5cac208135d389b6972a6d?s=96&d=mm&r=g\",\"contentUrl\":\"https:\\\/\\\/secure.gravatar.com\\\/avatar\\\/2172498d4914b51e1d89a0f97957b035ac4938723a5cac208135d389b6972a6d?s=96&d=mm&r=g\",\"caption\":\"teste\"},\"url\":\"https:\\\/\\\/blogdofarnesio.com.br\\\/?author=3\"}]}<\/script>\n<!-- \/ Yoast SEO plugin. -->","yoast_head_json":{"title":"SECRET\u00c1RIA DE SA\u00daDE VISITA NOVAS INSTALA\u00c7\u00d5ES DO CAPS - \u00c1LCOOL E DROGAS EM PETROLINA  - Blog do Farn\u00e9sio","robots":{"index":"index","follow":"follow","max-snippet":"max-snippet:-1","max-image-preview":"max-image-preview:large","max-video-preview":"max-video-preview:-1"},"canonical":"https:\/\/blogdofarnesio.com.br\/?p=93340","og_locale":"pt_BR","og_type":"article","og_title":"SECRET\u00c1RIA DE SA\u00daDE VISITA NOVAS INSTALA\u00c7\u00d5ES DO CAPS - \u00c1LCOOL E DROGAS EM PETROLINA  - Blog do Farn\u00e9sio","og_description":"Na manh\u00e3 dessa ter\u00e7a-feira, 29, a secret\u00e1ria de Sa\u00fade de Petrolina, Lucia Giesta, e a Diretora da Aten\u00e7\u00e3o Especializada, Juliana Granja, acompanharam de perto as novas instala\u00e7\u00f5es da sede do Centro de Aten\u00e7\u00e3o Psicossocial- \u00c1lcool e Drogas do munic\u00edpio. O CAPS-AD \u00e9 uma das principais unidades de sa\u00fade mental de Petrolina, atrav\u00e9s de um trabalho de ressocializa\u00e7\u00e3o e amparo aos dependentes de drogas como o \u00e1lcool. A unidade conta, agora, com uma nova casa, maior e com mais conforto para todos os usu\u00e1rios. A nova sede fica localizada na Rua Bahia, n\u00ba 190, Centro, por traz do Est\u00e1dio Paulo de Souza Coelho. A unidade, que oferece servi\u00e7os psiqui\u00e1tricos e psicol\u00f3gicos e de apoio \u00e0s fam\u00edlias dos usu\u00e1rios, \u00e9 a principal&hellip;","og_url":"https:\/\/blogdofarnesio.com.br\/?p=93340","og_site_name":"Blog do Farn\u00e9sio","article_publisher":"https:\/\/www.facebook.com\/BlogQuerSaberPolitica\/","article_published_time":"2014-07-31T17:40:05+00:00","og_image":[{"url":"http:\/\/www.quersaberpolitica.com.br\/2016\/wp-content\/uploads\/2014\/07\/unnamed417.jpg","type":"","width":"","height":""}],"author":"teste","twitter_card":"summary_large_image","twitter_misc":{"Escrito por":"teste","Est. tempo de leitura":"2 minutos"},"schema":{"@context":"https:\/\/schema.org","@graph":[{"@type":"Article","@id":"https:\/\/blogdofarnesio.com.br\/?p=93340#article","isPartOf":{"@id":"https:\/\/blogdofarnesio.com.br\/?p=93340"},"author":{"name":"teste","@id":"https:\/\/blogdofarnesio.com.br\/#\/schema\/person\/dd1bf5eba40b687199ba45ca6b97dff9"},"headline":"SECRET\u00c1RIA DE SA\u00daDE VISITA NOVAS INSTALA\u00c7\u00d5ES DO CAPS &#8211; \u00c1LCOOL E DROGAS EM PETROLINA","datePublished":"2014-07-31T17:40:05+00:00","mainEntityOfPage":{"@id":"https:\/\/blogdofarnesio.com.br\/?p=93340"},"wordCount":450,"commentCount":0,"publisher":{"@id":"https:\/\/blogdofarnesio.com.br\/#organization"},"image":{"@id":"https:\/\/blogdofarnesio.com.br\/?p=93340#primaryimage"},"thumbnailUrl":"http:\/\/www.quersaberpolitica.com.br\/2016\/wp-content\/uploads\/2014\/07\/unnamed417.jpg","articleSection":["Sa\u00fade"],"inLanguage":"pt-BR","potentialAction":[{"@type":"CommentAction","name":"Comment","target":["https:\/\/blogdofarnesio.com.br\/?p=93340#respond"]}]},{"@type":"WebPage","@id":"https:\/\/blogdofarnesio.com.br\/?p=93340","url":"https:\/\/blogdofarnesio.com.br\/?p=93340","name":"SECRET\u00c1RIA DE SA\u00daDE VISITA NOVAS INSTALA\u00c7\u00d5ES DO CAPS - \u00c1LCOOL E DROGAS EM PETROLINA - Blog do Farn\u00e9sio","isPartOf":{"@id":"https:\/\/blogdofarnesio.com.br\/#website"},"primaryImageOfPage":{"@id":"https:\/\/blogdofarnesio.com.br\/?p=93340#primaryimage"},"image":{"@id":"https:\/\/blogdofarnesio.com.br\/?p=93340#primaryimage"},"thumbnailUrl":"http:\/\/www.quersaberpolitica.com.br\/2016\/wp-content\/uploads\/2014\/07\/unnamed417.jpg","datePublished":"2014-07-31T17:40:05+00:00","breadcrumb":{"@id":"https:\/\/blogdofarnesio.com.br\/?p=93340#breadcrumb"},"inLanguage":"pt-BR","potentialAction":[{"@type":"ReadAction","target":["https:\/\/blogdofarnesio.com.br\/?p=93340"]}]},{"@type":"ImageObject","inLanguage":"pt-BR","@id":"https:\/\/blogdofarnesio.com.br\/?p=93340#primaryimage","url":"http:\/\/www.quersaberpolitica.com.br\/2016\/wp-content\/uploads\/2014\/07\/unnamed417.jpg","contentUrl":"http:\/\/www.quersaberpolitica.com.br\/2016\/wp-content\/uploads\/2014\/07\/unnamed417.jpg"},{"@type":"BreadcrumbList","@id":"https:\/\/blogdofarnesio.com.br\/?p=93340#breadcrumb","itemListElement":[{"@type":"ListItem","position":1,"name":"In\u00edcio","item":"https:\/\/blogdofarnesio.com.br\/"},{"@type":"ListItem","position":2,"name":"SECRET\u00c1RIA DE SA\u00daDE VISITA NOVAS INSTALA\u00c7\u00d5ES DO CAPS &#8211; \u00c1LCOOL E DROGAS EM PETROLINA"}]},{"@type":"WebSite","@id":"https:\/\/blogdofarnesio.com.br\/#website","url":"https:\/\/blogdofarnesio.com.br\/","name":"Blog do Farn\u00e9sio","description":"Quer Saber Pol\u00edtica?","publisher":{"@id":"https:\/\/blogdofarnesio.com.br\/#organization"},"potentialAction":[{"@type":"SearchAction","target":{"@type":"EntryPoint","urlTemplate":"https:\/\/blogdofarnesio.com.br\/?s={search_term_string}"},"query-input":{"@type":"PropertyValueSpecification","valueRequired":true,"valueName":"search_term_string"}}],"inLanguage":"pt-BR"},{"@type":"Organization","@id":"https:\/\/blogdofarnesio.com.br\/#organization","name":"Blog do Farn\u00e9sio","url":"https:\/\/blogdofarnesio.com.br\/","logo":{"@type":"ImageObject","inLanguage":"pt-BR","@id":"https:\/\/blogdofarnesio.com.br\/#\/schema\/logo\/image\/","url":"https:\/\/blogdofarnesio.com.br\/wp-content\/uploads\/2026\/03\/cropped-logo_new-1.png","contentUrl":"https:\/\/blogdofarnesio.com.br\/wp-content\/uploads\/2026\/03\/cropped-logo_new-1.png","width":881,"height":685,"caption":"Blog do Farn\u00e9sio"},"image":{"@id":"https:\/\/blogdofarnesio.com.br\/#\/schema\/logo\/image\/"},"sameAs":["https:\/\/www.facebook.com\/BlogQuerSaberPolitica\/"]},{"@type":"Person","@id":"https:\/\/blogdofarnesio.com.br\/#\/schema\/person\/dd1bf5eba40b687199ba45ca6b97dff9","name":"teste","image":{"@type":"ImageObject","inLanguage":"pt-BR","@id":"https:\/\/secure.gravatar.com\/avatar\/2172498d4914b51e1d89a0f97957b035ac4938723a5cac208135d389b6972a6d?s=96&d=mm&r=g","url":"https:\/\/secure.gravatar.com\/avatar\/2172498d4914b51e1d89a0f97957b035ac4938723a5cac208135d389b6972a6d?s=96&d=mm&r=g","contentUrl":"https:\/\/secure.gravatar.com\/avatar\/2172498d4914b51e1d89a0f97957b035ac4938723a5cac208135d389b6972a6d?s=96&d=mm&r=g","caption":"teste"},"url":"https:\/\/blogdofarnesio.com.br\/?author=3"}]}},"_links":{"self":[{"href":"https:\/\/blogdofarnesio.com.br\/index.php?rest_route=\/wp\/v2\/posts\/93340","targetHints":{"allow":["GET"]}}],"collection":[{"href":"https:\/\/blogdofarnesio.com.br\/index.php?rest_route=\/wp\/v2\/posts"}],"about":[{"href":"https:\/\/blogdofarnesio.com.br\/index.php?rest_route=\/wp\/v2\/types\/post"}],"author":[{"embeddable":true,"href":"https:\/\/blogdofarnesio.com.br\/index.php?rest_route=\/wp\/v2\/users\/3"}],"replies":[{"embeddable":true,"href":"https:\/\/blogdofarnesio.com.br\/index.php?rest_route=%2Fwp%2Fv2%2Fcomments&post=93340"}],"version-history":[{"count":0,"href":"https:\/\/blogdofarnesio.com.br\/index.php?rest_route=\/wp\/v2\/posts\/93340\/revisions"}],"wp:attachment":[{"href":"https:\/\/blogdofarnesio.com.br\/index.php?rest_route=%2Fwp%2Fv2%2Fmedia&parent=93340"}],"wp:term":[{"taxonomy":"category","embeddable":true,"href":"https:\/\/blogdofarnesio.com.br\/index.php?rest_route=%2Fwp%2Fv2%2Fcategories&post=93340"},{"taxonomy":"post_tag","embeddable":true,"href":"https:\/\/blogdofarnesio.com.br\/index.php?rest_route=%2Fwp%2Fv2%2Ftags&post=93340"}],"curies":[{"name":"wp","href":"https:\/\/api.w.org\/{rel}","templated":true}]}}