{"id":92905,"date":"2014-07-28T15:00:08","date_gmt":"2014-07-28T18:00:08","guid":{"rendered":"http:\/\/www.quersaberpolitica.com.br\/?p=92905"},"modified":"2014-07-28T11:36:42","modified_gmt":"2014-07-28T14:36:42","slug":"camara-firam-compromisso-com-produtores-do-vale-do-sao-francisco","status":"publish","type":"post","link":"https:\/\/blogdofarnesio.com.br\/?p=92905","title":{"rendered":"C\u00c2MARA FIRMA COMPROMISSO COM PRODUTORES DO VALE DO S\u00c3O FRANCISCO"},"content":{"rendered":"<div style=\"text-align: justify\">\n<p><a href=\"http:\/\/www.folhape.com.br\/blogdafolha\/wp-content\/uploads\/2014\/07\/Beto-Figueroa-3.jpg\"><img loading=\"lazy\" decoding=\"async\" class=\"aligncenter\" title=\"C\u00e2mara Petrolina\" alt=\"\" src=\"http:\/\/www.folhape.com.br\/blogdafolha\/wp-content\/uploads\/2014\/07\/Beto-Figueroa-3.jpg\" width=\"470\" height=\"314\" \/><\/a><\/p>\n<p>Candidato da Frente Popular cumpriu agenda no Sert\u00e3o (Foto: Beto Figueroa\/Divulga\u00e7\u00e3o)<\/p>\n<p>Em encontro realizado no SEST\/SENAT de Petrolina, neste s\u00e1bado (26), em Petrolina, o candidato ao Governo do Estado da Frente Popular, Paulo C\u00e2mara (PSB), conversou com representantes do setor da fruticultura irrigada do Vale do S\u00e3o Francisco. Na ocasi\u00e3o, al\u00e9m de se apresentar, o socialista colheu sugest\u00f5es dos produtores para seu programa de governo e defendeu o fortalecimento dos arranjos produtivos locais como forma de produzir um desenvolvimento por igual em todas as regi\u00f5es.<!--more--><\/p>\n<p>\u201cO apoio \u00e0s cadeias locais faz com que as regi\u00f5es possam explorar com muita for\u00e7a o potencial de cada uma delas, fazendo com que as coisas aconte\u00e7am na pr\u00f3pria regi\u00e3o, gerando renda e riqueza. Temos que fazer com que a inova\u00e7\u00e3o, a ci\u00eancia, a tecnologia e a produtividade estejam cada vez mais presentes. Pernambuco ter\u00e1 oportunidade de potencializar todas as suas regi\u00f5es, mas tamb\u00e9m de garantir aos arranjos j\u00e1 firmados que eles ter\u00e3o apoio para continuar crescendo\u201d, afirmou o postulante.<\/p>\n<p>Al\u00e9m de Paulo, participaram do encontro o governador Jo\u00e3o Lyra Neto (PSB), o candidato ao Senado pela Frente Popular, Fernando Bezerra Coelho (PSB), e o prefeito em exerc\u00edcio de Petrolina, Os\u00f3rio Siqueira.<\/p>\n<p>O candidato ao Senado afirmou aos produtores que ele e Paulo C\u00e2mara v\u00e3o trabalhar para que o exemplo de Petrolina e do Vale do S\u00e3o Francisco seja expandido para outras regi\u00f5es produtoras do Estado. Ele lembrou que, dos 50 mil hectares irrigados em Pernambuco, 40 mil est\u00e3o nesta regi\u00e3o.<\/p>\n<p>A continuidade e o avan\u00e7o do projeto iniciado em Pernambuco em 2007 foi defendida pelo governador Jo\u00e3o Lyra Neto aos produtores. \u201cEu sempre disse que n\u00e3o haveria um Governo Jo\u00e3o Lyra, e sim, um governo de conclus\u00e3o da gest\u00e3o Eduardo. E por mais que ele tenha feito, e eu conclu\u00eddo, \u00e9 preciso dar prosseguimento a isso e aproveitar esse momento para avan\u00e7armos ainda mais. E essa continuidade \u00e9 representada pela elei\u00e7\u00e3o de Paulo C\u00e2mara, governador, Fernando Bezerra, para o Senado, e de Raul Henry (PMDB), que vai me substituir como vice\u201d, explicou o socialista.<\/p>\n<p>Ainda no s\u00e1bado, C\u00e2mara comandou uma carreata pelas ruas de Sert\u00e2nia e uma caminhada pela Exposi\u00e7\u00e3o Especializada em Caprinos e Ovinos do munic\u00edpio (Expocose).<\/p>\n<p>Acompanhado de Fernando Bezerra Coelho (PSB), o socialista aproveitou para conversar com expositores e reafirmar seu compromisso com o incentivo \u00e0 produ\u00e7\u00e3o pecuarista, sobretudo ap\u00f3s uma seca t\u00e3o intensa como a verificada nos \u00faltimos tr\u00eas anos.<\/p>\n<p>\u201c\u00c9 uma feira importante, da caprino e da ovinocultura, de toda essa regi\u00e3o. \u00c9 uma atividade que n\u00f3s vamos fortalecer no nosso governo, que vai incentivar os pequenos e m\u00e9dios produtores e pecuaristas\u201d, ressaltou Paulo C\u00e2mara.<\/p>\n<p>O s\u00e1bado tamb\u00e9m teve inaugura\u00e7\u00e3o do comit\u00ea da Frente Popular em Petrolina. O evento contou com a presen\u00e7a do governador Jo\u00e3o Lyra Neto (PSB) e de diversos candidatos a proporcionais.<\/p>\n<\/div>\n","protected":false},"excerpt":{"rendered":"<p>Candidato da Frente Popular cumpriu agenda no Sert\u00e3o (Foto: Beto Figueroa\/Divulga\u00e7\u00e3o) Em encontro realizado no SEST\/SENAT de Petrolina, neste s\u00e1bado (26), em Petrolina, o candidato ao Governo do Estado da Frente Popular, Paulo C\u00e2mara (PSB), conversou com representantes do setor da fruticultura irrigada do Vale do S\u00e3o Francisco. Na ocasi\u00e3o, al\u00e9m de se apresentar, o socialista colheu sugest\u00f5es dos produtores para seu programa de governo e defendeu o fortalecimento dos arranjos produtivos locais como forma de produzir um desenvolvimento por igual em todas as regi\u00f5es.<\/p>\n","protected":false},"author":3,"featured_media":0,"comment_status":"open","ping_status":"open","sticky":false,"template":"","format":"standard","meta":{"_acf_changed":false,"footnotes":""},"categories":[34],"tags":[],"class_list":["post-92905","post","type-post","status-publish","format-standard","hentry","category-eleicoes"],"acf":[],"yoast_head":"<!-- This site is optimized with the Yoast SEO plugin v27.4 - https:\/\/yoast.com\/product\/yoast-seo-wordpress\/ -->\n<title>C\u00c2MARA FIRMA COMPROMISSO COM PRODUTORES DO VALE DO S\u00c3O FRANCISCO - Blog do Farn\u00e9sio<\/title>\n<meta name=\"robots\" content=\"index, follow, max-snippet:-1, max-image-preview:large, max-video-preview:-1\" \/>\n<link rel=\"canonical\" href=\"https:\/\/blogdofarnesio.com.br\/?p=92905\" \/>\n<meta property=\"og:locale\" content=\"pt_BR\" \/>\n<meta property=\"og:type\" content=\"article\" \/>\n<meta property=\"og:title\" content=\"C\u00c2MARA FIRMA COMPROMISSO COM PRODUTORES DO VALE DO S\u00c3O FRANCISCO - Blog do Farn\u00e9sio\" \/>\n<meta property=\"og:description\" content=\"Candidato da Frente Popular cumpriu agenda no Sert\u00e3o (Foto: Beto Figueroa\/Divulga\u00e7\u00e3o) Em encontro realizado no SEST\/SENAT de Petrolina, neste s\u00e1bado (26), em Petrolina, o candidato ao Governo do Estado da Frente Popular, Paulo C\u00e2mara (PSB), conversou com representantes do setor da fruticultura irrigada do Vale do S\u00e3o Francisco. Na ocasi\u00e3o, al\u00e9m de se apresentar, o socialista colheu sugest\u00f5es dos produtores para seu programa de governo e defendeu o fortalecimento dos arranjos produtivos locais como forma de produzir um desenvolvimento por igual em todas as regi\u00f5es.\" \/>\n<meta property=\"og:url\" content=\"https:\/\/blogdofarnesio.com.br\/?p=92905\" \/>\n<meta property=\"og:site_name\" content=\"Blog do Farn\u00e9sio\" \/>\n<meta property=\"article:publisher\" content=\"https:\/\/www.facebook.com\/BlogQuerSaberPolitica\/\" \/>\n<meta property=\"article:published_time\" content=\"2014-07-28T18:00:08+00:00\" \/>\n<meta property=\"og:image\" content=\"http:\/\/www.folhape.com.br\/blogdafolha\/wp-content\/uploads\/2014\/07\/Beto-Figueroa-3.jpg\" \/>\n<meta name=\"author\" content=\"teste\" \/>\n<meta name=\"twitter:card\" content=\"summary_large_image\" \/>\n<meta name=\"twitter:label1\" content=\"Escrito por\" \/>\n\t<meta name=\"twitter:data1\" content=\"teste\" \/>\n\t<meta name=\"twitter:label2\" content=\"Est. tempo de leitura\" \/>\n\t<meta name=\"twitter:data2\" content=\"3 minutos\" \/>\n<script type=\"application\/ld+json\" class=\"yoast-schema-graph\">{\"@context\":\"https:\\\/\\\/schema.org\",\"@graph\":[{\"@type\":\"Article\",\"@id\":\"https:\\\/\\\/blogdofarnesio.com.br\\\/?p=92905#article\",\"isPartOf\":{\"@id\":\"https:\\\/\\\/blogdofarnesio.com.br\\\/?p=92905\"},\"author\":{\"name\":\"teste\",\"@id\":\"https:\\\/\\\/blogdofarnesio.com.br\\\/#\\\/schema\\\/person\\\/dd1bf5eba40b687199ba45ca6b97dff9\"},\"headline\":\"C\u00c2MARA FIRMA COMPROMISSO COM PRODUTORES DO VALE DO S\u00c3O FRANCISCO\",\"datePublished\":\"2014-07-28T18:00:08+00:00\",\"mainEntityOfPage\":{\"@id\":\"https:\\\/\\\/blogdofarnesio.com.br\\\/?p=92905\"},\"wordCount\":528,\"commentCount\":0,\"publisher\":{\"@id\":\"https:\\\/\\\/blogdofarnesio.com.br\\\/#organization\"},\"image\":{\"@id\":\"https:\\\/\\\/blogdofarnesio.com.br\\\/?p=92905#primaryimage\"},\"thumbnailUrl\":\"http:\\\/\\\/www.folhape.com.br\\\/blogdafolha\\\/wp-content\\\/uploads\\\/2014\\\/07\\\/Beto-Figueroa-3.jpg\",\"articleSection\":[\"Elei\u00e7\u00f5es\"],\"inLanguage\":\"pt-BR\",\"potentialAction\":[{\"@type\":\"CommentAction\",\"name\":\"Comment\",\"target\":[\"https:\\\/\\\/blogdofarnesio.com.br\\\/?p=92905#respond\"]}]},{\"@type\":\"WebPage\",\"@id\":\"https:\\\/\\\/blogdofarnesio.com.br\\\/?p=92905\",\"url\":\"https:\\\/\\\/blogdofarnesio.com.br\\\/?p=92905\",\"name\":\"C\u00c2MARA FIRMA COMPROMISSO COM PRODUTORES DO VALE DO S\u00c3O FRANCISCO - Blog do Farn\u00e9sio\",\"isPartOf\":{\"@id\":\"https:\\\/\\\/blogdofarnesio.com.br\\\/#website\"},\"primaryImageOfPage\":{\"@id\":\"https:\\\/\\\/blogdofarnesio.com.br\\\/?p=92905#primaryimage\"},\"image\":{\"@id\":\"https:\\\/\\\/blogdofarnesio.com.br\\\/?p=92905#primaryimage\"},\"thumbnailUrl\":\"http:\\\/\\\/www.folhape.com.br\\\/blogdafolha\\\/wp-content\\\/uploads\\\/2014\\\/07\\\/Beto-Figueroa-3.jpg\",\"datePublished\":\"2014-07-28T18:00:08+00:00\",\"breadcrumb\":{\"@id\":\"https:\\\/\\\/blogdofarnesio.com.br\\\/?p=92905#breadcrumb\"},\"inLanguage\":\"pt-BR\",\"potentialAction\":[{\"@type\":\"ReadAction\",\"target\":[\"https:\\\/\\\/blogdofarnesio.com.br\\\/?p=92905\"]}]},{\"@type\":\"ImageObject\",\"inLanguage\":\"pt-BR\",\"@id\":\"https:\\\/\\\/blogdofarnesio.com.br\\\/?p=92905#primaryimage\",\"url\":\"http:\\\/\\\/www.folhape.com.br\\\/blogdafolha\\\/wp-content\\\/uploads\\\/2014\\\/07\\\/Beto-Figueroa-3.jpg\",\"contentUrl\":\"http:\\\/\\\/www.folhape.com.br\\\/blogdafolha\\\/wp-content\\\/uploads\\\/2014\\\/07\\\/Beto-Figueroa-3.jpg\"},{\"@type\":\"BreadcrumbList\",\"@id\":\"https:\\\/\\\/blogdofarnesio.com.br\\\/?p=92905#breadcrumb\",\"itemListElement\":[{\"@type\":\"ListItem\",\"position\":1,\"name\":\"In\u00edcio\",\"item\":\"https:\\\/\\\/blogdofarnesio.com.br\\\/\"},{\"@type\":\"ListItem\",\"position\":2,\"name\":\"C\u00c2MARA FIRMA COMPROMISSO COM PRODUTORES DO VALE DO S\u00c3O FRANCISCO\"}]},{\"@type\":\"WebSite\",\"@id\":\"https:\\\/\\\/blogdofarnesio.com.br\\\/#website\",\"url\":\"https:\\\/\\\/blogdofarnesio.com.br\\\/\",\"name\":\"Blog do Farn\u00e9sio\",\"description\":\"Quer Saber Pol\u00edtica?\",\"publisher\":{\"@id\":\"https:\\\/\\\/blogdofarnesio.com.br\\\/#organization\"},\"potentialAction\":[{\"@type\":\"SearchAction\",\"target\":{\"@type\":\"EntryPoint\",\"urlTemplate\":\"https:\\\/\\\/blogdofarnesio.com.br\\\/?s={search_term_string}\"},\"query-input\":{\"@type\":\"PropertyValueSpecification\",\"valueRequired\":true,\"valueName\":\"search_term_string\"}}],\"inLanguage\":\"pt-BR\"},{\"@type\":\"Organization\",\"@id\":\"https:\\\/\\\/blogdofarnesio.com.br\\\/#organization\",\"name\":\"Blog do Farn\u00e9sio\",\"url\":\"https:\\\/\\\/blogdofarnesio.com.br\\\/\",\"logo\":{\"@type\":\"ImageObject\",\"inLanguage\":\"pt-BR\",\"@id\":\"https:\\\/\\\/blogdofarnesio.com.br\\\/#\\\/schema\\\/logo\\\/image\\\/\",\"url\":\"https:\\\/\\\/blogdofarnesio.com.br\\\/wp-content\\\/uploads\\\/2026\\\/03\\\/cropped-logo_new-1.png\",\"contentUrl\":\"https:\\\/\\\/blogdofarnesio.com.br\\\/wp-content\\\/uploads\\\/2026\\\/03\\\/cropped-logo_new-1.png\",\"width\":881,\"height\":685,\"caption\":\"Blog do Farn\u00e9sio\"},\"image\":{\"@id\":\"https:\\\/\\\/blogdofarnesio.com.br\\\/#\\\/schema\\\/logo\\\/image\\\/\"},\"sameAs\":[\"https:\\\/\\\/www.facebook.com\\\/BlogQuerSaberPolitica\\\/\"]},{\"@type\":\"Person\",\"@id\":\"https:\\\/\\\/blogdofarnesio.com.br\\\/#\\\/schema\\\/person\\\/dd1bf5eba40b687199ba45ca6b97dff9\",\"name\":\"teste\",\"image\":{\"@type\":\"ImageObject\",\"inLanguage\":\"pt-BR\",\"@id\":\"https:\\\/\\\/secure.gravatar.com\\\/avatar\\\/2172498d4914b51e1d89a0f97957b035ac4938723a5cac208135d389b6972a6d?s=96&d=mm&r=g\",\"url\":\"https:\\\/\\\/secure.gravatar.com\\\/avatar\\\/2172498d4914b51e1d89a0f97957b035ac4938723a5cac208135d389b6972a6d?s=96&d=mm&r=g\",\"contentUrl\":\"https:\\\/\\\/secure.gravatar.com\\\/avatar\\\/2172498d4914b51e1d89a0f97957b035ac4938723a5cac208135d389b6972a6d?s=96&d=mm&r=g\",\"caption\":\"teste\"},\"url\":\"https:\\\/\\\/blogdofarnesio.com.br\\\/?author=3\"}]}<\/script>\n<!-- \/ Yoast SEO plugin. -->","yoast_head_json":{"title":"C\u00c2MARA FIRMA COMPROMISSO COM PRODUTORES DO VALE DO S\u00c3O FRANCISCO - Blog do Farn\u00e9sio","robots":{"index":"index","follow":"follow","max-snippet":"max-snippet:-1","max-image-preview":"max-image-preview:large","max-video-preview":"max-video-preview:-1"},"canonical":"https:\/\/blogdofarnesio.com.br\/?p=92905","og_locale":"pt_BR","og_type":"article","og_title":"C\u00c2MARA FIRMA COMPROMISSO COM PRODUTORES DO VALE DO S\u00c3O FRANCISCO - Blog do Farn\u00e9sio","og_description":"Candidato da Frente Popular cumpriu agenda no Sert\u00e3o (Foto: Beto Figueroa\/Divulga\u00e7\u00e3o) Em encontro realizado no SEST\/SENAT de Petrolina, neste s\u00e1bado (26), em Petrolina, o candidato ao Governo do Estado da Frente Popular, Paulo C\u00e2mara (PSB), conversou com representantes do setor da fruticultura irrigada do Vale do S\u00e3o Francisco. Na ocasi\u00e3o, al\u00e9m de se apresentar, o socialista colheu sugest\u00f5es dos produtores para seu programa de governo e defendeu o fortalecimento dos arranjos produtivos locais como forma de produzir um desenvolvimento por igual em todas as regi\u00f5es.","og_url":"https:\/\/blogdofarnesio.com.br\/?p=92905","og_site_name":"Blog do Farn\u00e9sio","article_publisher":"https:\/\/www.facebook.com\/BlogQuerSaberPolitica\/","article_published_time":"2014-07-28T18:00:08+00:00","og_image":[{"url":"http:\/\/www.folhape.com.br\/blogdafolha\/wp-content\/uploads\/2014\/07\/Beto-Figueroa-3.jpg","type":"","width":"","height":""}],"author":"teste","twitter_card":"summary_large_image","twitter_misc":{"Escrito por":"teste","Est. tempo de leitura":"3 minutos"},"schema":{"@context":"https:\/\/schema.org","@graph":[{"@type":"Article","@id":"https:\/\/blogdofarnesio.com.br\/?p=92905#article","isPartOf":{"@id":"https:\/\/blogdofarnesio.com.br\/?p=92905"},"author":{"name":"teste","@id":"https:\/\/blogdofarnesio.com.br\/#\/schema\/person\/dd1bf5eba40b687199ba45ca6b97dff9"},"headline":"C\u00c2MARA FIRMA COMPROMISSO COM PRODUTORES DO VALE DO S\u00c3O FRANCISCO","datePublished":"2014-07-28T18:00:08+00:00","mainEntityOfPage":{"@id":"https:\/\/blogdofarnesio.com.br\/?p=92905"},"wordCount":528,"commentCount":0,"publisher":{"@id":"https:\/\/blogdofarnesio.com.br\/#organization"},"image":{"@id":"https:\/\/blogdofarnesio.com.br\/?p=92905#primaryimage"},"thumbnailUrl":"http:\/\/www.folhape.com.br\/blogdafolha\/wp-content\/uploads\/2014\/07\/Beto-Figueroa-3.jpg","articleSection":["Elei\u00e7\u00f5es"],"inLanguage":"pt-BR","potentialAction":[{"@type":"CommentAction","name":"Comment","target":["https:\/\/blogdofarnesio.com.br\/?p=92905#respond"]}]},{"@type":"WebPage","@id":"https:\/\/blogdofarnesio.com.br\/?p=92905","url":"https:\/\/blogdofarnesio.com.br\/?p=92905","name":"C\u00c2MARA FIRMA COMPROMISSO COM PRODUTORES DO VALE DO S\u00c3O FRANCISCO - Blog do Farn\u00e9sio","isPartOf":{"@id":"https:\/\/blogdofarnesio.com.br\/#website"},"primaryImageOfPage":{"@id":"https:\/\/blogdofarnesio.com.br\/?p=92905#primaryimage"},"image":{"@id":"https:\/\/blogdofarnesio.com.br\/?p=92905#primaryimage"},"thumbnailUrl":"http:\/\/www.folhape.com.br\/blogdafolha\/wp-content\/uploads\/2014\/07\/Beto-Figueroa-3.jpg","datePublished":"2014-07-28T18:00:08+00:00","breadcrumb":{"@id":"https:\/\/blogdofarnesio.com.br\/?p=92905#breadcrumb"},"inLanguage":"pt-BR","potentialAction":[{"@type":"ReadAction","target":["https:\/\/blogdofarnesio.com.br\/?p=92905"]}]},{"@type":"ImageObject","inLanguage":"pt-BR","@id":"https:\/\/blogdofarnesio.com.br\/?p=92905#primaryimage","url":"http:\/\/www.folhape.com.br\/blogdafolha\/wp-content\/uploads\/2014\/07\/Beto-Figueroa-3.jpg","contentUrl":"http:\/\/www.folhape.com.br\/blogdafolha\/wp-content\/uploads\/2014\/07\/Beto-Figueroa-3.jpg"},{"@type":"BreadcrumbList","@id":"https:\/\/blogdofarnesio.com.br\/?p=92905#breadcrumb","itemListElement":[{"@type":"ListItem","position":1,"name":"In\u00edcio","item":"https:\/\/blogdofarnesio.com.br\/"},{"@type":"ListItem","position":2,"name":"C\u00c2MARA FIRMA COMPROMISSO COM PRODUTORES DO VALE DO S\u00c3O FRANCISCO"}]},{"@type":"WebSite","@id":"https:\/\/blogdofarnesio.com.br\/#website","url":"https:\/\/blogdofarnesio.com.br\/","name":"Blog do Farn\u00e9sio","description":"Quer Saber Pol\u00edtica?","publisher":{"@id":"https:\/\/blogdofarnesio.com.br\/#organization"},"potentialAction":[{"@type":"SearchAction","target":{"@type":"EntryPoint","urlTemplate":"https:\/\/blogdofarnesio.com.br\/?s={search_term_string}"},"query-input":{"@type":"PropertyValueSpecification","valueRequired":true,"valueName":"search_term_string"}}],"inLanguage":"pt-BR"},{"@type":"Organization","@id":"https:\/\/blogdofarnesio.com.br\/#organization","name":"Blog do Farn\u00e9sio","url":"https:\/\/blogdofarnesio.com.br\/","logo":{"@type":"ImageObject","inLanguage":"pt-BR","@id":"https:\/\/blogdofarnesio.com.br\/#\/schema\/logo\/image\/","url":"https:\/\/blogdofarnesio.com.br\/wp-content\/uploads\/2026\/03\/cropped-logo_new-1.png","contentUrl":"https:\/\/blogdofarnesio.com.br\/wp-content\/uploads\/2026\/03\/cropped-logo_new-1.png","width":881,"height":685,"caption":"Blog do Farn\u00e9sio"},"image":{"@id":"https:\/\/blogdofarnesio.com.br\/#\/schema\/logo\/image\/"},"sameAs":["https:\/\/www.facebook.com\/BlogQuerSaberPolitica\/"]},{"@type":"Person","@id":"https:\/\/blogdofarnesio.com.br\/#\/schema\/person\/dd1bf5eba40b687199ba45ca6b97dff9","name":"teste","image":{"@type":"ImageObject","inLanguage":"pt-BR","@id":"https:\/\/secure.gravatar.com\/avatar\/2172498d4914b51e1d89a0f97957b035ac4938723a5cac208135d389b6972a6d?s=96&d=mm&r=g","url":"https:\/\/secure.gravatar.com\/avatar\/2172498d4914b51e1d89a0f97957b035ac4938723a5cac208135d389b6972a6d?s=96&d=mm&r=g","contentUrl":"https:\/\/secure.gravatar.com\/avatar\/2172498d4914b51e1d89a0f97957b035ac4938723a5cac208135d389b6972a6d?s=96&d=mm&r=g","caption":"teste"},"url":"https:\/\/blogdofarnesio.com.br\/?author=3"}]}},"_links":{"self":[{"href":"https:\/\/blogdofarnesio.com.br\/index.php?rest_route=\/wp\/v2\/posts\/92905","targetHints":{"allow":["GET"]}}],"collection":[{"href":"https:\/\/blogdofarnesio.com.br\/index.php?rest_route=\/wp\/v2\/posts"}],"about":[{"href":"https:\/\/blogdofarnesio.com.br\/index.php?rest_route=\/wp\/v2\/types\/post"}],"author":[{"embeddable":true,"href":"https:\/\/blogdofarnesio.com.br\/index.php?rest_route=\/wp\/v2\/users\/3"}],"replies":[{"embeddable":true,"href":"https:\/\/blogdofarnesio.com.br\/index.php?rest_route=%2Fwp%2Fv2%2Fcomments&post=92905"}],"version-history":[{"count":0,"href":"https:\/\/blogdofarnesio.com.br\/index.php?rest_route=\/wp\/v2\/posts\/92905\/revisions"}],"wp:attachment":[{"href":"https:\/\/blogdofarnesio.com.br\/index.php?rest_route=%2Fwp%2Fv2%2Fmedia&parent=92905"}],"wp:term":[{"taxonomy":"category","embeddable":true,"href":"https:\/\/blogdofarnesio.com.br\/index.php?rest_route=%2Fwp%2Fv2%2Fcategories&post=92905"},{"taxonomy":"post_tag","embeddable":true,"href":"https:\/\/blogdofarnesio.com.br\/index.php?rest_route=%2Fwp%2Fv2%2Ftags&post=92905"}],"curies":[{"name":"wp","href":"https:\/\/api.w.org\/{rel}","templated":true}]}}