{"id":92627,"date":"2014-07-25T16:06:16","date_gmt":"2014-07-25T19:06:16","guid":{"rendered":"http:\/\/www.quersaberpolitica.com.br\/?p=92627"},"modified":"2014-07-25T15:52:45","modified_gmt":"2014-07-25T18:52:45","slug":"novo-matadouro-deve-ser-instalado-em-petrolina","status":"publish","type":"post","link":"https:\/\/blogdofarnesio.com.br\/?p=92627","title":{"rendered":"NOVO MATADOURO DEVE SER INSTALADO EM PETROLINA"},"content":{"rendered":"<figure id=\"attachment_92640\" aria-describedby=\"caption-attachment-92640\" style=\"width: 448px\" class=\"wp-caption aligncenter\"><a href=\"http:\/\/www.quersaberpolitica.com.br\/2016\/wp-content\/uploads\/2014\/07\/blogqspUru\u00e1s.jpg\"><img loading=\"lazy\" decoding=\"async\" class=\"size-full wp-image-92640\" alt=\"Distrito de Uru\u00e1s\" src=\"http:\/\/www.quersaberpolitica.com.br\/2016\/wp-content\/uploads\/2014\/07\/blogqspUru\u00e1s.jpg\" width=\"448\" height=\"275\" srcset=\"https:\/\/blogdofarnesio.com.br\/wp-content\/uploads\/2014\/07\/blogqspUru\u00e1s.jpg 448w, https:\/\/blogdofarnesio.com.br\/wp-content\/uploads\/2014\/07\/blogqspUru\u00e1s-300x184.jpg 300w\" sizes=\"auto, (max-width: 448px) 100vw, 448px\" \/><\/a><figcaption id=\"caption-attachment-92640\" class=\"wp-caption-text\">Distrito de Uru\u00e1s\/Petrolina<\/figcaption><\/figure>\n<p style=\"text-align: justify\" align=\"center\">Estudos est\u00e3o sendo realizados para a instala\u00e7\u00e3o de um novo matadouro em Petrolina- constru\u00eddo no interior do munic\u00edpio, no distrito de Uru\u00e1s e gerido por uma empresa privada. \u00a0A empresa j\u00e1 realiza an\u00e1lises de viabilidade no local e engenheiros, junto a representantes da Prefeitura de Petrolina, visitam periodicamente as futuras instala\u00e7\u00f5es do novo matadouro.<\/p>\n<p style=\"text-align: justify\">\u201cEst\u00e1 em fase final de ajustes um contrato de concess\u00e3o tempor\u00e1ria do Matadouro de Petrolina com uma empresa do ramo de Feira de Santana e que hoje administra o Frigor\u00edfico de Juazeiro, antes ABATAL. Logo, os animais de grande porte passar\u00e3o a ser abatidos em Juazeiro sem nenhum problema e os de pequeno porte em Petrolina atrav\u00e9s dessa concess\u00e3o\u201d, ratifica Otavio Carvalho, secret\u00e1rio executivo de Irriga\u00e7\u00e3o.<!--more--><\/p>\n<p style=\"text-align: justify\">Ainda de acordo com o secret\u00e1rio executivo, a fase de elabora\u00e7\u00e3o do projeto para os boxes, que dever\u00e3o ser utilizados para comercializa\u00e7\u00e3o de carnes nas feiras livres da cidade, j\u00e1 foi conclu\u00eddo.<\/p>\n<p style=\"text-align: justify\">O abate de bovinos, caprinos, su\u00ednos e ovinos em Petrolina deve ser realizado at\u00e9 1 de agosto, a partir desta data o abate de bovinos dever\u00e1 ser feito na vizinha cidade de Juazeiro, permanecendo no munic\u00edpio pernambucano os animais de pequeno porte. A defini\u00e7\u00e3o foi deliberada em uma reuni\u00e3o realizada em janeiro com a participa\u00e7\u00e3o de membros da prefeitura, do poder legislativo, Promotoria de Justi\u00e7a e representantes dos marchantes do matadouro municipal.<\/p>\n","protected":false},"excerpt":{"rendered":"<p>Estudos est\u00e3o sendo realizados para a instala\u00e7\u00e3o de um novo matadouro em Petrolina- constru\u00eddo no interior do munic\u00edpio, no distrito de Uru\u00e1s e gerido por uma empresa privada. \u00a0A empresa j\u00e1 realiza an\u00e1lises de viabilidade no local e engenheiros, junto a representantes da Prefeitura de Petrolina, visitam periodicamente as futuras instala\u00e7\u00f5es do novo matadouro. \u201cEst\u00e1 em fase final de ajustes um contrato de concess\u00e3o tempor\u00e1ria do Matadouro de Petrolina com uma empresa do ramo de Feira de Santana e que hoje administra o Frigor\u00edfico de Juazeiro, antes ABATAL. Logo, os animais de grande porte passar\u00e3o a ser abatidos em Juazeiro sem nenhum problema e os de pequeno porte em Petrolina atrav\u00e9s dessa concess\u00e3o\u201d, ratifica Otavio Carvalho, secret\u00e1rio executivo de Irriga\u00e7\u00e3o.<\/p>\n","protected":false},"author":3,"featured_media":0,"comment_status":"open","ping_status":"open","sticky":false,"template":"","format":"standard","meta":{"_acf_changed":false,"footnotes":""},"categories":[14],"tags":[],"class_list":["post-92627","post","type-post","status-publish","format-standard","hentry","category-infraestrutura"],"acf":[],"yoast_head":"<!-- This site is optimized with the Yoast SEO plugin v27.4 - https:\/\/yoast.com\/product\/yoast-seo-wordpress\/ -->\n<title>NOVO MATADOURO DEVE SER INSTALADO EM PETROLINA - Blog do Farn\u00e9sio<\/title>\n<meta name=\"robots\" content=\"index, follow, max-snippet:-1, max-image-preview:large, max-video-preview:-1\" \/>\n<link rel=\"canonical\" href=\"https:\/\/blogdofarnesio.com.br\/?p=92627\" \/>\n<meta property=\"og:locale\" content=\"pt_BR\" \/>\n<meta property=\"og:type\" content=\"article\" \/>\n<meta property=\"og:title\" content=\"NOVO MATADOURO DEVE SER INSTALADO EM PETROLINA - Blog do Farn\u00e9sio\" \/>\n<meta property=\"og:description\" content=\"Estudos est\u00e3o sendo realizados para a instala\u00e7\u00e3o de um novo matadouro em Petrolina- constru\u00eddo no interior do munic\u00edpio, no distrito de Uru\u00e1s e gerido por uma empresa privada. \u00a0A empresa j\u00e1 realiza an\u00e1lises de viabilidade no local e engenheiros, junto a representantes da Prefeitura de Petrolina, visitam periodicamente as futuras instala\u00e7\u00f5es do novo matadouro. \u201cEst\u00e1 em fase final de ajustes um contrato de concess\u00e3o tempor\u00e1ria do Matadouro de Petrolina com uma empresa do ramo de Feira de Santana e que hoje administra o Frigor\u00edfico de Juazeiro, antes ABATAL. Logo, os animais de grande porte passar\u00e3o a ser abatidos em Juazeiro sem nenhum problema e os de pequeno porte em Petrolina atrav\u00e9s dessa concess\u00e3o\u201d, ratifica Otavio Carvalho, secret\u00e1rio executivo de Irriga\u00e7\u00e3o.\" \/>\n<meta property=\"og:url\" content=\"https:\/\/blogdofarnesio.com.br\/?p=92627\" \/>\n<meta property=\"og:site_name\" content=\"Blog do Farn\u00e9sio\" \/>\n<meta property=\"article:publisher\" content=\"https:\/\/www.facebook.com\/BlogQuerSaberPolitica\/\" \/>\n<meta property=\"article:published_time\" content=\"2014-07-25T19:06:16+00:00\" \/>\n<meta name=\"author\" content=\"teste\" \/>\n<meta name=\"twitter:card\" content=\"summary_large_image\" \/>\n<meta name=\"twitter:label1\" content=\"Escrito por\" \/>\n\t<meta name=\"twitter:data1\" content=\"teste\" \/>\n\t<meta name=\"twitter:label2\" content=\"Est. tempo de leitura\" \/>\n\t<meta name=\"twitter:data2\" content=\"1 minuto\" \/>\n<script type=\"application\/ld+json\" class=\"yoast-schema-graph\">{\"@context\":\"https:\\\/\\\/schema.org\",\"@graph\":[{\"@type\":\"Article\",\"@id\":\"https:\\\/\\\/blogdofarnesio.com.br\\\/?p=92627#article\",\"isPartOf\":{\"@id\":\"https:\\\/\\\/blogdofarnesio.com.br\\\/?p=92627\"},\"author\":{\"name\":\"teste\",\"@id\":\"https:\\\/\\\/blogdofarnesio.com.br\\\/#\\\/schema\\\/person\\\/dd1bf5eba40b687199ba45ca6b97dff9\"},\"headline\":\"NOVO MATADOURO DEVE SER INSTALADO EM PETROLINA\",\"datePublished\":\"2014-07-25T19:06:16+00:00\",\"mainEntityOfPage\":{\"@id\":\"https:\\\/\\\/blogdofarnesio.com.br\\\/?p=92627\"},\"wordCount\":268,\"commentCount\":0,\"publisher\":{\"@id\":\"https:\\\/\\\/blogdofarnesio.com.br\\\/#organization\"},\"articleSection\":[\"Infraestrutura\"],\"inLanguage\":\"pt-BR\",\"potentialAction\":[{\"@type\":\"CommentAction\",\"name\":\"Comment\",\"target\":[\"https:\\\/\\\/blogdofarnesio.com.br\\\/?p=92627#respond\"]}]},{\"@type\":\"WebPage\",\"@id\":\"https:\\\/\\\/blogdofarnesio.com.br\\\/?p=92627\",\"url\":\"https:\\\/\\\/blogdofarnesio.com.br\\\/?p=92627\",\"name\":\"NOVO MATADOURO DEVE SER INSTALADO EM PETROLINA - Blog do Farn\u00e9sio\",\"isPartOf\":{\"@id\":\"https:\\\/\\\/blogdofarnesio.com.br\\\/#website\"},\"datePublished\":\"2014-07-25T19:06:16+00:00\",\"breadcrumb\":{\"@id\":\"https:\\\/\\\/blogdofarnesio.com.br\\\/?p=92627#breadcrumb\"},\"inLanguage\":\"pt-BR\",\"potentialAction\":[{\"@type\":\"ReadAction\",\"target\":[\"https:\\\/\\\/blogdofarnesio.com.br\\\/?p=92627\"]}]},{\"@type\":\"BreadcrumbList\",\"@id\":\"https:\\\/\\\/blogdofarnesio.com.br\\\/?p=92627#breadcrumb\",\"itemListElement\":[{\"@type\":\"ListItem\",\"position\":1,\"name\":\"In\u00edcio\",\"item\":\"https:\\\/\\\/blogdofarnesio.com.br\\\/\"},{\"@type\":\"ListItem\",\"position\":2,\"name\":\"NOVO MATADOURO DEVE SER INSTALADO EM PETROLINA\"}]},{\"@type\":\"WebSite\",\"@id\":\"https:\\\/\\\/blogdofarnesio.com.br\\\/#website\",\"url\":\"https:\\\/\\\/blogdofarnesio.com.br\\\/\",\"name\":\"Blog do Farn\u00e9sio\",\"description\":\"Quer Saber Pol\u00edtica?\",\"publisher\":{\"@id\":\"https:\\\/\\\/blogdofarnesio.com.br\\\/#organization\"},\"potentialAction\":[{\"@type\":\"SearchAction\",\"target\":{\"@type\":\"EntryPoint\",\"urlTemplate\":\"https:\\\/\\\/blogdofarnesio.com.br\\\/?s={search_term_string}\"},\"query-input\":{\"@type\":\"PropertyValueSpecification\",\"valueRequired\":true,\"valueName\":\"search_term_string\"}}],\"inLanguage\":\"pt-BR\"},{\"@type\":\"Organization\",\"@id\":\"https:\\\/\\\/blogdofarnesio.com.br\\\/#organization\",\"name\":\"Blog do Farn\u00e9sio\",\"url\":\"https:\\\/\\\/blogdofarnesio.com.br\\\/\",\"logo\":{\"@type\":\"ImageObject\",\"inLanguage\":\"pt-BR\",\"@id\":\"https:\\\/\\\/blogdofarnesio.com.br\\\/#\\\/schema\\\/logo\\\/image\\\/\",\"url\":\"https:\\\/\\\/blogdofarnesio.com.br\\\/wp-content\\\/uploads\\\/2026\\\/03\\\/cropped-logo_new-1.png\",\"contentUrl\":\"https:\\\/\\\/blogdofarnesio.com.br\\\/wp-content\\\/uploads\\\/2026\\\/03\\\/cropped-logo_new-1.png\",\"width\":881,\"height\":685,\"caption\":\"Blog do Farn\u00e9sio\"},\"image\":{\"@id\":\"https:\\\/\\\/blogdofarnesio.com.br\\\/#\\\/schema\\\/logo\\\/image\\\/\"},\"sameAs\":[\"https:\\\/\\\/www.facebook.com\\\/BlogQuerSaberPolitica\\\/\"]},{\"@type\":\"Person\",\"@id\":\"https:\\\/\\\/blogdofarnesio.com.br\\\/#\\\/schema\\\/person\\\/dd1bf5eba40b687199ba45ca6b97dff9\",\"name\":\"teste\",\"image\":{\"@type\":\"ImageObject\",\"inLanguage\":\"pt-BR\",\"@id\":\"https:\\\/\\\/secure.gravatar.com\\\/avatar\\\/2172498d4914b51e1d89a0f97957b035ac4938723a5cac208135d389b6972a6d?s=96&d=mm&r=g\",\"url\":\"https:\\\/\\\/secure.gravatar.com\\\/avatar\\\/2172498d4914b51e1d89a0f97957b035ac4938723a5cac208135d389b6972a6d?s=96&d=mm&r=g\",\"contentUrl\":\"https:\\\/\\\/secure.gravatar.com\\\/avatar\\\/2172498d4914b51e1d89a0f97957b035ac4938723a5cac208135d389b6972a6d?s=96&d=mm&r=g\",\"caption\":\"teste\"},\"url\":\"https:\\\/\\\/blogdofarnesio.com.br\\\/?author=3\"}]}<\/script>\n<!-- \/ Yoast SEO plugin. -->","yoast_head_json":{"title":"NOVO MATADOURO DEVE SER INSTALADO EM PETROLINA - Blog do Farn\u00e9sio","robots":{"index":"index","follow":"follow","max-snippet":"max-snippet:-1","max-image-preview":"max-image-preview:large","max-video-preview":"max-video-preview:-1"},"canonical":"https:\/\/blogdofarnesio.com.br\/?p=92627","og_locale":"pt_BR","og_type":"article","og_title":"NOVO MATADOURO DEVE SER INSTALADO EM PETROLINA - Blog do Farn\u00e9sio","og_description":"Estudos est\u00e3o sendo realizados para a instala\u00e7\u00e3o de um novo matadouro em Petrolina- constru\u00eddo no interior do munic\u00edpio, no distrito de Uru\u00e1s e gerido por uma empresa privada. \u00a0A empresa j\u00e1 realiza an\u00e1lises de viabilidade no local e engenheiros, junto a representantes da Prefeitura de Petrolina, visitam periodicamente as futuras instala\u00e7\u00f5es do novo matadouro. \u201cEst\u00e1 em fase final de ajustes um contrato de concess\u00e3o tempor\u00e1ria do Matadouro de Petrolina com uma empresa do ramo de Feira de Santana e que hoje administra o Frigor\u00edfico de Juazeiro, antes ABATAL. Logo, os animais de grande porte passar\u00e3o a ser abatidos em Juazeiro sem nenhum problema e os de pequeno porte em Petrolina atrav\u00e9s dessa concess\u00e3o\u201d, ratifica Otavio Carvalho, secret\u00e1rio executivo de Irriga\u00e7\u00e3o.","og_url":"https:\/\/blogdofarnesio.com.br\/?p=92627","og_site_name":"Blog do Farn\u00e9sio","article_publisher":"https:\/\/www.facebook.com\/BlogQuerSaberPolitica\/","article_published_time":"2014-07-25T19:06:16+00:00","author":"teste","twitter_card":"summary_large_image","twitter_misc":{"Escrito por":"teste","Est. tempo de leitura":"1 minuto"},"schema":{"@context":"https:\/\/schema.org","@graph":[{"@type":"Article","@id":"https:\/\/blogdofarnesio.com.br\/?p=92627#article","isPartOf":{"@id":"https:\/\/blogdofarnesio.com.br\/?p=92627"},"author":{"name":"teste","@id":"https:\/\/blogdofarnesio.com.br\/#\/schema\/person\/dd1bf5eba40b687199ba45ca6b97dff9"},"headline":"NOVO MATADOURO DEVE SER INSTALADO EM PETROLINA","datePublished":"2014-07-25T19:06:16+00:00","mainEntityOfPage":{"@id":"https:\/\/blogdofarnesio.com.br\/?p=92627"},"wordCount":268,"commentCount":0,"publisher":{"@id":"https:\/\/blogdofarnesio.com.br\/#organization"},"articleSection":["Infraestrutura"],"inLanguage":"pt-BR","potentialAction":[{"@type":"CommentAction","name":"Comment","target":["https:\/\/blogdofarnesio.com.br\/?p=92627#respond"]}]},{"@type":"WebPage","@id":"https:\/\/blogdofarnesio.com.br\/?p=92627","url":"https:\/\/blogdofarnesio.com.br\/?p=92627","name":"NOVO MATADOURO DEVE SER INSTALADO EM PETROLINA - Blog do Farn\u00e9sio","isPartOf":{"@id":"https:\/\/blogdofarnesio.com.br\/#website"},"datePublished":"2014-07-25T19:06:16+00:00","breadcrumb":{"@id":"https:\/\/blogdofarnesio.com.br\/?p=92627#breadcrumb"},"inLanguage":"pt-BR","potentialAction":[{"@type":"ReadAction","target":["https:\/\/blogdofarnesio.com.br\/?p=92627"]}]},{"@type":"BreadcrumbList","@id":"https:\/\/blogdofarnesio.com.br\/?p=92627#breadcrumb","itemListElement":[{"@type":"ListItem","position":1,"name":"In\u00edcio","item":"https:\/\/blogdofarnesio.com.br\/"},{"@type":"ListItem","position":2,"name":"NOVO MATADOURO DEVE SER INSTALADO EM PETROLINA"}]},{"@type":"WebSite","@id":"https:\/\/blogdofarnesio.com.br\/#website","url":"https:\/\/blogdofarnesio.com.br\/","name":"Blog do Farn\u00e9sio","description":"Quer Saber Pol\u00edtica?","publisher":{"@id":"https:\/\/blogdofarnesio.com.br\/#organization"},"potentialAction":[{"@type":"SearchAction","target":{"@type":"EntryPoint","urlTemplate":"https:\/\/blogdofarnesio.com.br\/?s={search_term_string}"},"query-input":{"@type":"PropertyValueSpecification","valueRequired":true,"valueName":"search_term_string"}}],"inLanguage":"pt-BR"},{"@type":"Organization","@id":"https:\/\/blogdofarnesio.com.br\/#organization","name":"Blog do Farn\u00e9sio","url":"https:\/\/blogdofarnesio.com.br\/","logo":{"@type":"ImageObject","inLanguage":"pt-BR","@id":"https:\/\/blogdofarnesio.com.br\/#\/schema\/logo\/image\/","url":"https:\/\/blogdofarnesio.com.br\/wp-content\/uploads\/2026\/03\/cropped-logo_new-1.png","contentUrl":"https:\/\/blogdofarnesio.com.br\/wp-content\/uploads\/2026\/03\/cropped-logo_new-1.png","width":881,"height":685,"caption":"Blog do Farn\u00e9sio"},"image":{"@id":"https:\/\/blogdofarnesio.com.br\/#\/schema\/logo\/image\/"},"sameAs":["https:\/\/www.facebook.com\/BlogQuerSaberPolitica\/"]},{"@type":"Person","@id":"https:\/\/blogdofarnesio.com.br\/#\/schema\/person\/dd1bf5eba40b687199ba45ca6b97dff9","name":"teste","image":{"@type":"ImageObject","inLanguage":"pt-BR","@id":"https:\/\/secure.gravatar.com\/avatar\/2172498d4914b51e1d89a0f97957b035ac4938723a5cac208135d389b6972a6d?s=96&d=mm&r=g","url":"https:\/\/secure.gravatar.com\/avatar\/2172498d4914b51e1d89a0f97957b035ac4938723a5cac208135d389b6972a6d?s=96&d=mm&r=g","contentUrl":"https:\/\/secure.gravatar.com\/avatar\/2172498d4914b51e1d89a0f97957b035ac4938723a5cac208135d389b6972a6d?s=96&d=mm&r=g","caption":"teste"},"url":"https:\/\/blogdofarnesio.com.br\/?author=3"}]}},"_links":{"self":[{"href":"https:\/\/blogdofarnesio.com.br\/index.php?rest_route=\/wp\/v2\/posts\/92627","targetHints":{"allow":["GET"]}}],"collection":[{"href":"https:\/\/blogdofarnesio.com.br\/index.php?rest_route=\/wp\/v2\/posts"}],"about":[{"href":"https:\/\/blogdofarnesio.com.br\/index.php?rest_route=\/wp\/v2\/types\/post"}],"author":[{"embeddable":true,"href":"https:\/\/blogdofarnesio.com.br\/index.php?rest_route=\/wp\/v2\/users\/3"}],"replies":[{"embeddable":true,"href":"https:\/\/blogdofarnesio.com.br\/index.php?rest_route=%2Fwp%2Fv2%2Fcomments&post=92627"}],"version-history":[{"count":0,"href":"https:\/\/blogdofarnesio.com.br\/index.php?rest_route=\/wp\/v2\/posts\/92627\/revisions"}],"wp:attachment":[{"href":"https:\/\/blogdofarnesio.com.br\/index.php?rest_route=%2Fwp%2Fv2%2Fmedia&parent=92627"}],"wp:term":[{"taxonomy":"category","embeddable":true,"href":"https:\/\/blogdofarnesio.com.br\/index.php?rest_route=%2Fwp%2Fv2%2Fcategories&post=92627"},{"taxonomy":"post_tag","embeddable":true,"href":"https:\/\/blogdofarnesio.com.br\/index.php?rest_route=%2Fwp%2Fv2%2Ftags&post=92627"}],"curies":[{"name":"wp","href":"https:\/\/api.w.org\/{rel}","templated":true}]}}