{"id":92613,"date":"2014-07-25T16:24:37","date_gmt":"2014-07-25T19:24:37","guid":{"rendered":"http:\/\/www.quersaberpolitica.com.br\/?p=92613"},"modified":"2014-07-25T15:56:06","modified_gmt":"2014-07-25T18:56:06","slug":"setima-edicao-do-forro-da-sombra-do-juazeiro-em-poco-de-fora-acontece-em-setembro","status":"publish","type":"post","link":"https:\/\/blogdofarnesio.com.br\/?p=92613","title":{"rendered":"S\u00c9TIMA EDI\u00c7\u00c3O DO FORR\u00d3 DA SOMBRA DO JUAZEIRO, EM PO\u00c7O DE FORA, ACONTECE EM SETEMBRO"},"content":{"rendered":"<p style=\"text-align: justify\"><a href=\"http:\/\/www.quersaberpolitica.com.br\/2016\/wp-content\/uploads\/2014\/07\/unnamed331.jpg\"><img loading=\"lazy\" decoding=\"async\" class=\"aligncenter size-full wp-image-92615\" alt=\"unnamed\" src=\"http:\/\/www.quersaberpolitica.com.br\/2016\/wp-content\/uploads\/2014\/07\/unnamed331.jpg\" width=\"448\" height=\"149\" srcset=\"https:\/\/blogdofarnesio.com.br\/wp-content\/uploads\/2014\/07\/unnamed331.jpg 448w, https:\/\/blogdofarnesio.com.br\/wp-content\/uploads\/2014\/07\/unnamed331-300x99.jpg 300w\" sizes=\"auto, (max-width: 448px) 100vw, 448px\" \/><\/a>A \u00a0festa t\u00e3o esperada pelos forrozeiros e amantes do som da zambumba, triangulo e bai\u00e3o, j\u00e1 tem data marcada. Dia 13 de setembro, o destino \u00e9 um s\u00f3: o Forr\u00f3 na Sombra do Juazeiro.<\/p>\n<p style=\"text-align: justify\">Evento que j\u00e1 se consolidou no calend\u00e1rio tur\u00edstico da regi\u00e3o do Vale do S\u00e3o Francisco e que atrai os filhos da terra, visitantes e foli\u00f5es do ritmo para curtir em dez horas seguidas, o melhor da m\u00fasica nordestina.<\/p>\n<p style=\"text-align: justify\">O Forr\u00f3 na Sombra do Juazeiro, um evento que j\u00e1 \u00e9 tradi\u00e7\u00e3o, acontecer\u00e1 no distrito de Po\u00e7o de Fora, munic\u00edpio de Cura\u00e7\u00e1-BA, a partir das 13h, e como de costume ir\u00e1 contar com grandes artistas, muita anima\u00e7\u00e3o, reencontro de amigos e muito forr\u00f3 p\u00e9 de serra.<\/p>\n<p style=\"text-align: justify\">Ser\u00e3o dez horas de forr\u00f3. \u00a0O forrozeiro e filho da terra, Adelm\u00e1rio Coelho, como todos os anos comanda a festa com o melhor do forr\u00f3 para o grande p\u00fablico, junto com outro nome de destaque Fl\u00e1vio Leandro e o Forr\u00f3 das Antigas para matar as saudades dos sucessos de outrora.<!--more--><\/p>\n<p style=\"text-align: justify\">A festa nasceu da vontade de se preservar o mais aut\u00eantico e tradicional forr\u00f3, fortalecendo as tradi\u00e7\u00f5es culturais do Nordeste e mantendo acesa a ess\u00eancia do forr\u00f3 do nosso Rei do Bai\u00e3o, Luiz Gonzaga. O organizador do evento, Charles F\u00e9lix, que tamb\u00e9m \u00e9 f\u00e3 ardoroso de Luiz Gonzaga e filho de Cura\u00e7\u00e1, comenta a expectativa para a sexta edi\u00e7\u00e3o do Forr\u00f3 na Sombra do Juazeiro. \u201c\u00c9 maravilhoso ver o resultado do nosso trabalho junto ao grande p\u00fablico. O Forr\u00f3 na Sombra do Juazeiro, nos \u00faltimos seis anos j\u00e1 se tornou um marco como uma das melhores festas da regi\u00e3o, que re\u00fane forrozeiros de todas as idades,\u201d \u00a0comemora F\u00e9lix. Ele diz que a quase dois meses da festa, as pessoas de outras cidades \u00a0j\u00e1 entraram em contato para organizar caravanas porque \u00e9 uma oportunidade \u00fanica de curtir o aut\u00eantico forr\u00f3.<\/p>\n","protected":false},"excerpt":{"rendered":"<p>A \u00a0festa t\u00e3o esperada pelos forrozeiros e amantes do som da zambumba, triangulo e bai\u00e3o, j\u00e1 tem data marcada. Dia 13 de setembro, o destino \u00e9 um s\u00f3: o Forr\u00f3 na Sombra do Juazeiro. Evento que j\u00e1 se consolidou no calend\u00e1rio tur\u00edstico da regi\u00e3o do Vale do S\u00e3o Francisco e que atrai os filhos da terra, visitantes e foli\u00f5es do ritmo para curtir em dez horas seguidas, o melhor da m\u00fasica nordestina. O Forr\u00f3 na Sombra do Juazeiro, um evento que j\u00e1 \u00e9 tradi\u00e7\u00e3o, acontecer\u00e1 no distrito de Po\u00e7o de Fora, munic\u00edpio de Cura\u00e7\u00e1-BA, a partir das 13h, e como de costume ir\u00e1 contar com grandes artistas, muita anima\u00e7\u00e3o, reencontro de amigos e muito forr\u00f3 p\u00e9 de serra. Ser\u00e3o dez&hellip; <\/p>\n","protected":false},"author":3,"featured_media":0,"comment_status":"open","ping_status":"open","sticky":false,"template":"","format":"standard","meta":{"_acf_changed":false,"footnotes":""},"categories":[3],"tags":[],"class_list":["post-92613","post","type-post","status-publish","format-standard","hentry","category-entretenimento"],"acf":[],"yoast_head":"<!-- This site is optimized with the Yoast SEO plugin v27.4 - https:\/\/yoast.com\/product\/yoast-seo-wordpress\/ -->\n<title>S\u00c9TIMA EDI\u00c7\u00c3O DO FORR\u00d3 DA SOMBRA DO JUAZEIRO, EM PO\u00c7O DE FORA, ACONTECE EM SETEMBRO - Blog do Farn\u00e9sio<\/title>\n<meta name=\"robots\" content=\"index, follow, max-snippet:-1, max-image-preview:large, max-video-preview:-1\" \/>\n<link rel=\"canonical\" href=\"https:\/\/blogdofarnesio.com.br\/?p=92613\" \/>\n<meta property=\"og:locale\" content=\"pt_BR\" \/>\n<meta property=\"og:type\" content=\"article\" \/>\n<meta property=\"og:title\" content=\"S\u00c9TIMA EDI\u00c7\u00c3O DO FORR\u00d3 DA SOMBRA DO JUAZEIRO, EM PO\u00c7O DE FORA, ACONTECE EM SETEMBRO - Blog do Farn\u00e9sio\" \/>\n<meta property=\"og:description\" content=\"A \u00a0festa t\u00e3o esperada pelos forrozeiros e amantes do som da zambumba, triangulo e bai\u00e3o, j\u00e1 tem data marcada. Dia 13 de setembro, o destino \u00e9 um s\u00f3: o Forr\u00f3 na Sombra do Juazeiro. Evento que j\u00e1 se consolidou no calend\u00e1rio tur\u00edstico da regi\u00e3o do Vale do S\u00e3o Francisco e que atrai os filhos da terra, visitantes e foli\u00f5es do ritmo para curtir em dez horas seguidas, o melhor da m\u00fasica nordestina. O Forr\u00f3 na Sombra do Juazeiro, um evento que j\u00e1 \u00e9 tradi\u00e7\u00e3o, acontecer\u00e1 no distrito de Po\u00e7o de Fora, munic\u00edpio de Cura\u00e7\u00e1-BA, a partir das 13h, e como de costume ir\u00e1 contar com grandes artistas, muita anima\u00e7\u00e3o, reencontro de amigos e muito forr\u00f3 p\u00e9 de serra. Ser\u00e3o dez&hellip;\" \/>\n<meta property=\"og:url\" content=\"https:\/\/blogdofarnesio.com.br\/?p=92613\" \/>\n<meta property=\"og:site_name\" content=\"Blog do Farn\u00e9sio\" \/>\n<meta property=\"article:publisher\" content=\"https:\/\/www.facebook.com\/BlogQuerSaberPolitica\/\" \/>\n<meta property=\"article:published_time\" content=\"2014-07-25T19:24:37+00:00\" \/>\n<meta property=\"og:image\" content=\"http:\/\/www.quersaberpolitica.com.br\/2016\/wp-content\/uploads\/2014\/07\/unnamed331.jpg\" \/>\n<meta name=\"author\" content=\"teste\" \/>\n<meta name=\"twitter:card\" content=\"summary_large_image\" \/>\n<meta name=\"twitter:label1\" content=\"Escrito por\" \/>\n\t<meta name=\"twitter:data1\" content=\"teste\" \/>\n\t<meta name=\"twitter:label2\" content=\"Est. tempo de leitura\" \/>\n\t<meta name=\"twitter:data2\" content=\"2 minutos\" \/>\n<script type=\"application\/ld+json\" class=\"yoast-schema-graph\">{\"@context\":\"https:\\\/\\\/schema.org\",\"@graph\":[{\"@type\":\"Article\",\"@id\":\"https:\\\/\\\/blogdofarnesio.com.br\\\/?p=92613#article\",\"isPartOf\":{\"@id\":\"https:\\\/\\\/blogdofarnesio.com.br\\\/?p=92613\"},\"author\":{\"name\":\"teste\",\"@id\":\"https:\\\/\\\/blogdofarnesio.com.br\\\/#\\\/schema\\\/person\\\/dd1bf5eba40b687199ba45ca6b97dff9\"},\"headline\":\"S\u00c9TIMA EDI\u00c7\u00c3O DO FORR\u00d3 DA SOMBRA DO JUAZEIRO, EM PO\u00c7O DE FORA, ACONTECE EM SETEMBRO\",\"datePublished\":\"2014-07-25T19:24:37+00:00\",\"mainEntityOfPage\":{\"@id\":\"https:\\\/\\\/blogdofarnesio.com.br\\\/?p=92613\"},\"wordCount\":348,\"commentCount\":0,\"publisher\":{\"@id\":\"https:\\\/\\\/blogdofarnesio.com.br\\\/#organization\"},\"image\":{\"@id\":\"https:\\\/\\\/blogdofarnesio.com.br\\\/?p=92613#primaryimage\"},\"thumbnailUrl\":\"http:\\\/\\\/www.quersaberpolitica.com.br\\\/2016\\\/wp-content\\\/uploads\\\/2014\\\/07\\\/unnamed331.jpg\",\"articleSection\":[\"Entretenimento\"],\"inLanguage\":\"pt-BR\",\"potentialAction\":[{\"@type\":\"CommentAction\",\"name\":\"Comment\",\"target\":[\"https:\\\/\\\/blogdofarnesio.com.br\\\/?p=92613#respond\"]}]},{\"@type\":\"WebPage\",\"@id\":\"https:\\\/\\\/blogdofarnesio.com.br\\\/?p=92613\",\"url\":\"https:\\\/\\\/blogdofarnesio.com.br\\\/?p=92613\",\"name\":\"S\u00c9TIMA EDI\u00c7\u00c3O DO FORR\u00d3 DA SOMBRA DO JUAZEIRO, EM PO\u00c7O DE FORA, ACONTECE EM SETEMBRO - Blog do Farn\u00e9sio\",\"isPartOf\":{\"@id\":\"https:\\\/\\\/blogdofarnesio.com.br\\\/#website\"},\"primaryImageOfPage\":{\"@id\":\"https:\\\/\\\/blogdofarnesio.com.br\\\/?p=92613#primaryimage\"},\"image\":{\"@id\":\"https:\\\/\\\/blogdofarnesio.com.br\\\/?p=92613#primaryimage\"},\"thumbnailUrl\":\"http:\\\/\\\/www.quersaberpolitica.com.br\\\/2016\\\/wp-content\\\/uploads\\\/2014\\\/07\\\/unnamed331.jpg\",\"datePublished\":\"2014-07-25T19:24:37+00:00\",\"breadcrumb\":{\"@id\":\"https:\\\/\\\/blogdofarnesio.com.br\\\/?p=92613#breadcrumb\"},\"inLanguage\":\"pt-BR\",\"potentialAction\":[{\"@type\":\"ReadAction\",\"target\":[\"https:\\\/\\\/blogdofarnesio.com.br\\\/?p=92613\"]}]},{\"@type\":\"ImageObject\",\"inLanguage\":\"pt-BR\",\"@id\":\"https:\\\/\\\/blogdofarnesio.com.br\\\/?p=92613#primaryimage\",\"url\":\"http:\\\/\\\/www.quersaberpolitica.com.br\\\/2016\\\/wp-content\\\/uploads\\\/2014\\\/07\\\/unnamed331.jpg\",\"contentUrl\":\"http:\\\/\\\/www.quersaberpolitica.com.br\\\/2016\\\/wp-content\\\/uploads\\\/2014\\\/07\\\/unnamed331.jpg\"},{\"@type\":\"BreadcrumbList\",\"@id\":\"https:\\\/\\\/blogdofarnesio.com.br\\\/?p=92613#breadcrumb\",\"itemListElement\":[{\"@type\":\"ListItem\",\"position\":1,\"name\":\"In\u00edcio\",\"item\":\"https:\\\/\\\/blogdofarnesio.com.br\\\/\"},{\"@type\":\"ListItem\",\"position\":2,\"name\":\"S\u00c9TIMA EDI\u00c7\u00c3O DO FORR\u00d3 DA SOMBRA DO JUAZEIRO, EM PO\u00c7O DE FORA, ACONTECE EM SETEMBRO\"}]},{\"@type\":\"WebSite\",\"@id\":\"https:\\\/\\\/blogdofarnesio.com.br\\\/#website\",\"url\":\"https:\\\/\\\/blogdofarnesio.com.br\\\/\",\"name\":\"Blog do Farn\u00e9sio\",\"description\":\"Quer Saber Pol\u00edtica?\",\"publisher\":{\"@id\":\"https:\\\/\\\/blogdofarnesio.com.br\\\/#organization\"},\"potentialAction\":[{\"@type\":\"SearchAction\",\"target\":{\"@type\":\"EntryPoint\",\"urlTemplate\":\"https:\\\/\\\/blogdofarnesio.com.br\\\/?s={search_term_string}\"},\"query-input\":{\"@type\":\"PropertyValueSpecification\",\"valueRequired\":true,\"valueName\":\"search_term_string\"}}],\"inLanguage\":\"pt-BR\"},{\"@type\":\"Organization\",\"@id\":\"https:\\\/\\\/blogdofarnesio.com.br\\\/#organization\",\"name\":\"Blog do Farn\u00e9sio\",\"url\":\"https:\\\/\\\/blogdofarnesio.com.br\\\/\",\"logo\":{\"@type\":\"ImageObject\",\"inLanguage\":\"pt-BR\",\"@id\":\"https:\\\/\\\/blogdofarnesio.com.br\\\/#\\\/schema\\\/logo\\\/image\\\/\",\"url\":\"https:\\\/\\\/blogdofarnesio.com.br\\\/wp-content\\\/uploads\\\/2026\\\/03\\\/cropped-logo_new-1.png\",\"contentUrl\":\"https:\\\/\\\/blogdofarnesio.com.br\\\/wp-content\\\/uploads\\\/2026\\\/03\\\/cropped-logo_new-1.png\",\"width\":881,\"height\":685,\"caption\":\"Blog do Farn\u00e9sio\"},\"image\":{\"@id\":\"https:\\\/\\\/blogdofarnesio.com.br\\\/#\\\/schema\\\/logo\\\/image\\\/\"},\"sameAs\":[\"https:\\\/\\\/www.facebook.com\\\/BlogQuerSaberPolitica\\\/\"]},{\"@type\":\"Person\",\"@id\":\"https:\\\/\\\/blogdofarnesio.com.br\\\/#\\\/schema\\\/person\\\/dd1bf5eba40b687199ba45ca6b97dff9\",\"name\":\"teste\",\"image\":{\"@type\":\"ImageObject\",\"inLanguage\":\"pt-BR\",\"@id\":\"https:\\\/\\\/secure.gravatar.com\\\/avatar\\\/2172498d4914b51e1d89a0f97957b035ac4938723a5cac208135d389b6972a6d?s=96&d=mm&r=g\",\"url\":\"https:\\\/\\\/secure.gravatar.com\\\/avatar\\\/2172498d4914b51e1d89a0f97957b035ac4938723a5cac208135d389b6972a6d?s=96&d=mm&r=g\",\"contentUrl\":\"https:\\\/\\\/secure.gravatar.com\\\/avatar\\\/2172498d4914b51e1d89a0f97957b035ac4938723a5cac208135d389b6972a6d?s=96&d=mm&r=g\",\"caption\":\"teste\"},\"url\":\"https:\\\/\\\/blogdofarnesio.com.br\\\/?author=3\"}]}<\/script>\n<!-- \/ Yoast SEO plugin. -->","yoast_head_json":{"title":"S\u00c9TIMA EDI\u00c7\u00c3O DO FORR\u00d3 DA SOMBRA DO JUAZEIRO, EM PO\u00c7O DE FORA, ACONTECE EM SETEMBRO - Blog do Farn\u00e9sio","robots":{"index":"index","follow":"follow","max-snippet":"max-snippet:-1","max-image-preview":"max-image-preview:large","max-video-preview":"max-video-preview:-1"},"canonical":"https:\/\/blogdofarnesio.com.br\/?p=92613","og_locale":"pt_BR","og_type":"article","og_title":"S\u00c9TIMA EDI\u00c7\u00c3O DO FORR\u00d3 DA SOMBRA DO JUAZEIRO, EM PO\u00c7O DE FORA, ACONTECE EM SETEMBRO - Blog do Farn\u00e9sio","og_description":"A \u00a0festa t\u00e3o esperada pelos forrozeiros e amantes do som da zambumba, triangulo e bai\u00e3o, j\u00e1 tem data marcada. Dia 13 de setembro, o destino \u00e9 um s\u00f3: o Forr\u00f3 na Sombra do Juazeiro. Evento que j\u00e1 se consolidou no calend\u00e1rio tur\u00edstico da regi\u00e3o do Vale do S\u00e3o Francisco e que atrai os filhos da terra, visitantes e foli\u00f5es do ritmo para curtir em dez horas seguidas, o melhor da m\u00fasica nordestina. O Forr\u00f3 na Sombra do Juazeiro, um evento que j\u00e1 \u00e9 tradi\u00e7\u00e3o, acontecer\u00e1 no distrito de Po\u00e7o de Fora, munic\u00edpio de Cura\u00e7\u00e1-BA, a partir das 13h, e como de costume ir\u00e1 contar com grandes artistas, muita anima\u00e7\u00e3o, reencontro de amigos e muito forr\u00f3 p\u00e9 de serra. Ser\u00e3o dez&hellip;","og_url":"https:\/\/blogdofarnesio.com.br\/?p=92613","og_site_name":"Blog do Farn\u00e9sio","article_publisher":"https:\/\/www.facebook.com\/BlogQuerSaberPolitica\/","article_published_time":"2014-07-25T19:24:37+00:00","og_image":[{"url":"http:\/\/www.quersaberpolitica.com.br\/2016\/wp-content\/uploads\/2014\/07\/unnamed331.jpg","type":"","width":"","height":""}],"author":"teste","twitter_card":"summary_large_image","twitter_misc":{"Escrito por":"teste","Est. tempo de leitura":"2 minutos"},"schema":{"@context":"https:\/\/schema.org","@graph":[{"@type":"Article","@id":"https:\/\/blogdofarnesio.com.br\/?p=92613#article","isPartOf":{"@id":"https:\/\/blogdofarnesio.com.br\/?p=92613"},"author":{"name":"teste","@id":"https:\/\/blogdofarnesio.com.br\/#\/schema\/person\/dd1bf5eba40b687199ba45ca6b97dff9"},"headline":"S\u00c9TIMA EDI\u00c7\u00c3O DO FORR\u00d3 DA SOMBRA DO JUAZEIRO, EM PO\u00c7O DE FORA, ACONTECE EM SETEMBRO","datePublished":"2014-07-25T19:24:37+00:00","mainEntityOfPage":{"@id":"https:\/\/blogdofarnesio.com.br\/?p=92613"},"wordCount":348,"commentCount":0,"publisher":{"@id":"https:\/\/blogdofarnesio.com.br\/#organization"},"image":{"@id":"https:\/\/blogdofarnesio.com.br\/?p=92613#primaryimage"},"thumbnailUrl":"http:\/\/www.quersaberpolitica.com.br\/2016\/wp-content\/uploads\/2014\/07\/unnamed331.jpg","articleSection":["Entretenimento"],"inLanguage":"pt-BR","potentialAction":[{"@type":"CommentAction","name":"Comment","target":["https:\/\/blogdofarnesio.com.br\/?p=92613#respond"]}]},{"@type":"WebPage","@id":"https:\/\/blogdofarnesio.com.br\/?p=92613","url":"https:\/\/blogdofarnesio.com.br\/?p=92613","name":"S\u00c9TIMA EDI\u00c7\u00c3O DO FORR\u00d3 DA SOMBRA DO JUAZEIRO, EM PO\u00c7O DE FORA, ACONTECE EM SETEMBRO - Blog do Farn\u00e9sio","isPartOf":{"@id":"https:\/\/blogdofarnesio.com.br\/#website"},"primaryImageOfPage":{"@id":"https:\/\/blogdofarnesio.com.br\/?p=92613#primaryimage"},"image":{"@id":"https:\/\/blogdofarnesio.com.br\/?p=92613#primaryimage"},"thumbnailUrl":"http:\/\/www.quersaberpolitica.com.br\/2016\/wp-content\/uploads\/2014\/07\/unnamed331.jpg","datePublished":"2014-07-25T19:24:37+00:00","breadcrumb":{"@id":"https:\/\/blogdofarnesio.com.br\/?p=92613#breadcrumb"},"inLanguage":"pt-BR","potentialAction":[{"@type":"ReadAction","target":["https:\/\/blogdofarnesio.com.br\/?p=92613"]}]},{"@type":"ImageObject","inLanguage":"pt-BR","@id":"https:\/\/blogdofarnesio.com.br\/?p=92613#primaryimage","url":"http:\/\/www.quersaberpolitica.com.br\/2016\/wp-content\/uploads\/2014\/07\/unnamed331.jpg","contentUrl":"http:\/\/www.quersaberpolitica.com.br\/2016\/wp-content\/uploads\/2014\/07\/unnamed331.jpg"},{"@type":"BreadcrumbList","@id":"https:\/\/blogdofarnesio.com.br\/?p=92613#breadcrumb","itemListElement":[{"@type":"ListItem","position":1,"name":"In\u00edcio","item":"https:\/\/blogdofarnesio.com.br\/"},{"@type":"ListItem","position":2,"name":"S\u00c9TIMA EDI\u00c7\u00c3O DO FORR\u00d3 DA SOMBRA DO JUAZEIRO, EM PO\u00c7O DE FORA, ACONTECE EM SETEMBRO"}]},{"@type":"WebSite","@id":"https:\/\/blogdofarnesio.com.br\/#website","url":"https:\/\/blogdofarnesio.com.br\/","name":"Blog do Farn\u00e9sio","description":"Quer Saber Pol\u00edtica?","publisher":{"@id":"https:\/\/blogdofarnesio.com.br\/#organization"},"potentialAction":[{"@type":"SearchAction","target":{"@type":"EntryPoint","urlTemplate":"https:\/\/blogdofarnesio.com.br\/?s={search_term_string}"},"query-input":{"@type":"PropertyValueSpecification","valueRequired":true,"valueName":"search_term_string"}}],"inLanguage":"pt-BR"},{"@type":"Organization","@id":"https:\/\/blogdofarnesio.com.br\/#organization","name":"Blog do Farn\u00e9sio","url":"https:\/\/blogdofarnesio.com.br\/","logo":{"@type":"ImageObject","inLanguage":"pt-BR","@id":"https:\/\/blogdofarnesio.com.br\/#\/schema\/logo\/image\/","url":"https:\/\/blogdofarnesio.com.br\/wp-content\/uploads\/2026\/03\/cropped-logo_new-1.png","contentUrl":"https:\/\/blogdofarnesio.com.br\/wp-content\/uploads\/2026\/03\/cropped-logo_new-1.png","width":881,"height":685,"caption":"Blog do Farn\u00e9sio"},"image":{"@id":"https:\/\/blogdofarnesio.com.br\/#\/schema\/logo\/image\/"},"sameAs":["https:\/\/www.facebook.com\/BlogQuerSaberPolitica\/"]},{"@type":"Person","@id":"https:\/\/blogdofarnesio.com.br\/#\/schema\/person\/dd1bf5eba40b687199ba45ca6b97dff9","name":"teste","image":{"@type":"ImageObject","inLanguage":"pt-BR","@id":"https:\/\/secure.gravatar.com\/avatar\/2172498d4914b51e1d89a0f97957b035ac4938723a5cac208135d389b6972a6d?s=96&d=mm&r=g","url":"https:\/\/secure.gravatar.com\/avatar\/2172498d4914b51e1d89a0f97957b035ac4938723a5cac208135d389b6972a6d?s=96&d=mm&r=g","contentUrl":"https:\/\/secure.gravatar.com\/avatar\/2172498d4914b51e1d89a0f97957b035ac4938723a5cac208135d389b6972a6d?s=96&d=mm&r=g","caption":"teste"},"url":"https:\/\/blogdofarnesio.com.br\/?author=3"}]}},"_links":{"self":[{"href":"https:\/\/blogdofarnesio.com.br\/index.php?rest_route=\/wp\/v2\/posts\/92613","targetHints":{"allow":["GET"]}}],"collection":[{"href":"https:\/\/blogdofarnesio.com.br\/index.php?rest_route=\/wp\/v2\/posts"}],"about":[{"href":"https:\/\/blogdofarnesio.com.br\/index.php?rest_route=\/wp\/v2\/types\/post"}],"author":[{"embeddable":true,"href":"https:\/\/blogdofarnesio.com.br\/index.php?rest_route=\/wp\/v2\/users\/3"}],"replies":[{"embeddable":true,"href":"https:\/\/blogdofarnesio.com.br\/index.php?rest_route=%2Fwp%2Fv2%2Fcomments&post=92613"}],"version-history":[{"count":0,"href":"https:\/\/blogdofarnesio.com.br\/index.php?rest_route=\/wp\/v2\/posts\/92613\/revisions"}],"wp:attachment":[{"href":"https:\/\/blogdofarnesio.com.br\/index.php?rest_route=%2Fwp%2Fv2%2Fmedia&parent=92613"}],"wp:term":[{"taxonomy":"category","embeddable":true,"href":"https:\/\/blogdofarnesio.com.br\/index.php?rest_route=%2Fwp%2Fv2%2Fcategories&post=92613"},{"taxonomy":"post_tag","embeddable":true,"href":"https:\/\/blogdofarnesio.com.br\/index.php?rest_route=%2Fwp%2Fv2%2Ftags&post=92613"}],"curies":[{"name":"wp","href":"https:\/\/api.w.org\/{rel}","templated":true}]}}