{"id":92119,"date":"2014-07-22T16:02:27","date_gmt":"2014-07-22T19:02:27","guid":{"rendered":"http:\/\/www.quersaberpolitica.com.br\/?p=92119"},"modified":"2014-07-22T15:13:32","modified_gmt":"2014-07-22T18:13:32","slug":"bispo-de-petrolina-reis-realiza-oracao-de-agradecimento-no-mercado-do-produtor","status":"publish","type":"post","link":"https:\/\/blogdofarnesio.com.br\/?p=92119","title":{"rendered":"BISPO DE PETROLINA REIS REALIZA ORA\u00c7\u00c3O DE AGRADECIMENTO, NO MERCADO DO PRODUTOR"},"content":{"rendered":"<p style=\"text-align: justify\"><a href=\"http:\/\/www.quersaberpolitica.com.br\/2016\/wp-content\/uploads\/2014\/07\/unnamed266.jpg\"><img loading=\"lazy\" decoding=\"async\" class=\"aligncenter size-full wp-image-92120\" alt=\"unnamed\" src=\"http:\/\/www.quersaberpolitica.com.br\/2016\/wp-content\/uploads\/2014\/07\/unnamed266.jpg\" width=\"448\" height=\"336\" srcset=\"https:\/\/blogdofarnesio.com.br\/wp-content\/uploads\/2014\/07\/unnamed266.jpg 448w, https:\/\/blogdofarnesio.com.br\/wp-content\/uploads\/2014\/07\/unnamed266-300x224.jpg 300w, https:\/\/blogdofarnesio.com.br\/wp-content\/uploads\/2014\/07\/unnamed266-400x300.jpg 400w\" sizes=\"auto, (max-width: 448px) 100vw, 448px\" \/><\/a>Com o objetivo de conhecer e agradecer as doa\u00e7\u00f5es de alimentos feitas por permission\u00e1rios do Mercado do Produtor de Juazeiro ao semin\u00e1rio diocesano de Petrolina e o Centro de Recupera\u00e7\u00e3o Boa Nova Rainha dos Anjos; o Bispo Dom Manuel dos Reis Farias, realizou na manh\u00e3 desta ter\u00e7a-feira (22), nas depend\u00eancias do entreposto uma pequena celebra\u00e7\u00e3o para os funcion\u00e1rios e permission\u00e1rios.<\/p>\n<p style=\"text-align: justify\">Para o Bispo diocesano o ato de doar, al\u00e9m de ser generoso proporciona para todos, um bem grandioso. \u201cMais de 20 comerciantes doam periodicamente frutas, verduras e hortali\u00e7as para o semin\u00e1rio beneficiando os seminaristas que l\u00e1 estudam, e para o centro de recupera\u00e7\u00e3o ajudando os internos em reabilita\u00e7\u00e3o. Gostaria de agradecer essas pessoas que generosamente n\u00e3o medem esfor\u00e7os para mandar esses alimentos\u201d, declarou Dom Manuel.<!--more--><\/p>\n<p style=\"text-align: justify\">Acompanhado do Ministro da Sagrada Comunh\u00e3o da par\u00f3quia central de Petrolina, Israel Pereira Pequeno, do membro da pastoral Sebasti\u00e3o F\u00e9lix, e dos padres Zez\u00e9 e Gilvan da Par\u00f3quia Santo Antonio em Juazeiro os religiosos oraram e pediram b\u00ean\u00e7\u00e3os para todos que comp\u00f5e o Mercado. Em seguida visitaram os principais pontos comerciais do entreposto. De acordo com o permission\u00e1rio e colaborador, Marcio Jos\u00e9 dos Santos, poder ajudar outras pessoas, \u00e9 uma grande satisfa\u00e7\u00e3o. \u201cSinto-me muito bem em poder ajudar as pessoas de Deus, me sinto feliz\u201d, afirmou.<\/p>\n<p style=\"text-align: justify\">Para o diretor de opera\u00e7\u00f5es do entreposto Cisley Bandeira, a\u00e7\u00f5es como essa contam com o apoio da administra\u00e7\u00e3o e devem ser seguidas. \u201c\u00c9 uma grande satisfa\u00e7\u00e3o poder intermediar esse grande ato e acredito que a partir de hoje outros comerciantes seguir\u00e3o esse belo modelo. Al\u00e9m desses centros, os permission\u00e1rios tamb\u00e9m doam para outras entidades de Juazeiro e Petrolina. Acredito que podemos aumentar as doa\u00e7\u00f5es, ajudar o pr\u00f3ximo e reduzir o desperd\u00edcio\u201d, disse.<\/p>\n<p style=\"text-align: justify\">\n","protected":false},"excerpt":{"rendered":"<p>Com o objetivo de conhecer e agradecer as doa\u00e7\u00f5es de alimentos feitas por permission\u00e1rios do Mercado do Produtor de Juazeiro ao semin\u00e1rio diocesano de Petrolina e o Centro de Recupera\u00e7\u00e3o Boa Nova Rainha dos Anjos; o Bispo Dom Manuel dos Reis Farias, realizou na manh\u00e3 desta ter\u00e7a-feira (22), nas depend\u00eancias do entreposto uma pequena celebra\u00e7\u00e3o para os funcion\u00e1rios e permission\u00e1rios. Para o Bispo diocesano o ato de doar, al\u00e9m de ser generoso proporciona para todos, um bem grandioso. \u201cMais de 20 comerciantes doam periodicamente frutas, verduras e hortali\u00e7as para o semin\u00e1rio beneficiando os seminaristas que l\u00e1 estudam, e para o centro de recupera\u00e7\u00e3o ajudando os internos em reabilita\u00e7\u00e3o. Gostaria de agradecer essas pessoas que generosamente n\u00e3o medem esfor\u00e7os para mandar&hellip; <\/p>\n","protected":false},"author":3,"featured_media":0,"comment_status":"open","ping_status":"open","sticky":false,"template":"","format":"standard","meta":{"_acf_changed":false,"footnotes":""},"categories":[7],"tags":[],"class_list":["post-92119","post","type-post","status-publish","format-standard","hentry","category-religiao"],"acf":[],"yoast_head":"<!-- This site is optimized with the Yoast SEO plugin v27.4 - https:\/\/yoast.com\/product\/yoast-seo-wordpress\/ -->\n<title>BISPO DE PETROLINA REIS REALIZA ORA\u00c7\u00c3O DE AGRADECIMENTO, NO MERCADO DO PRODUTOR - Blog do Farn\u00e9sio<\/title>\n<meta name=\"robots\" content=\"index, follow, max-snippet:-1, max-image-preview:large, max-video-preview:-1\" \/>\n<link rel=\"canonical\" href=\"https:\/\/blogdofarnesio.com.br\/?p=92119\" \/>\n<meta property=\"og:locale\" content=\"pt_BR\" \/>\n<meta property=\"og:type\" content=\"article\" \/>\n<meta property=\"og:title\" content=\"BISPO DE PETROLINA REIS REALIZA ORA\u00c7\u00c3O DE AGRADECIMENTO, NO MERCADO DO PRODUTOR - Blog do Farn\u00e9sio\" \/>\n<meta property=\"og:description\" content=\"Com o objetivo de conhecer e agradecer as doa\u00e7\u00f5es de alimentos feitas por permission\u00e1rios do Mercado do Produtor de Juazeiro ao semin\u00e1rio diocesano de Petrolina e o Centro de Recupera\u00e7\u00e3o Boa Nova Rainha dos Anjos; o Bispo Dom Manuel dos Reis Farias, realizou na manh\u00e3 desta ter\u00e7a-feira (22), nas depend\u00eancias do entreposto uma pequena celebra\u00e7\u00e3o para os funcion\u00e1rios e permission\u00e1rios. Para o Bispo diocesano o ato de doar, al\u00e9m de ser generoso proporciona para todos, um bem grandioso. \u201cMais de 20 comerciantes doam periodicamente frutas, verduras e hortali\u00e7as para o semin\u00e1rio beneficiando os seminaristas que l\u00e1 estudam, e para o centro de recupera\u00e7\u00e3o ajudando os internos em reabilita\u00e7\u00e3o. Gostaria de agradecer essas pessoas que generosamente n\u00e3o medem esfor\u00e7os para mandar&hellip;\" \/>\n<meta property=\"og:url\" content=\"https:\/\/blogdofarnesio.com.br\/?p=92119\" \/>\n<meta property=\"og:site_name\" content=\"Blog do Farn\u00e9sio\" \/>\n<meta property=\"article:publisher\" content=\"https:\/\/www.facebook.com\/BlogQuerSaberPolitica\/\" \/>\n<meta property=\"article:published_time\" content=\"2014-07-22T19:02:27+00:00\" \/>\n<meta property=\"og:image\" content=\"http:\/\/www.quersaberpolitica.com.br\/2016\/wp-content\/uploads\/2014\/07\/unnamed266.jpg\" \/>\n<meta name=\"author\" content=\"teste\" \/>\n<meta name=\"twitter:card\" content=\"summary_large_image\" \/>\n<meta name=\"twitter:label1\" content=\"Escrito por\" \/>\n\t<meta name=\"twitter:data1\" content=\"teste\" \/>\n\t<meta name=\"twitter:label2\" content=\"Est. tempo de leitura\" \/>\n\t<meta name=\"twitter:data2\" content=\"2 minutos\" \/>\n<script type=\"application\/ld+json\" class=\"yoast-schema-graph\">{\"@context\":\"https:\\\/\\\/schema.org\",\"@graph\":[{\"@type\":\"Article\",\"@id\":\"https:\\\/\\\/blogdofarnesio.com.br\\\/?p=92119#article\",\"isPartOf\":{\"@id\":\"https:\\\/\\\/blogdofarnesio.com.br\\\/?p=92119\"},\"author\":{\"name\":\"teste\",\"@id\":\"https:\\\/\\\/blogdofarnesio.com.br\\\/#\\\/schema\\\/person\\\/dd1bf5eba40b687199ba45ca6b97dff9\"},\"headline\":\"BISPO DE PETROLINA REIS REALIZA ORA\u00c7\u00c3O DE AGRADECIMENTO, NO MERCADO DO PRODUTOR\",\"datePublished\":\"2014-07-22T19:02:27+00:00\",\"mainEntityOfPage\":{\"@id\":\"https:\\\/\\\/blogdofarnesio.com.br\\\/?p=92119\"},\"wordCount\":329,\"commentCount\":0,\"publisher\":{\"@id\":\"https:\\\/\\\/blogdofarnesio.com.br\\\/#organization\"},\"image\":{\"@id\":\"https:\\\/\\\/blogdofarnesio.com.br\\\/?p=92119#primaryimage\"},\"thumbnailUrl\":\"http:\\\/\\\/www.quersaberpolitica.com.br\\\/2016\\\/wp-content\\\/uploads\\\/2014\\\/07\\\/unnamed266.jpg\",\"articleSection\":[\"Religi\u00e3o\"],\"inLanguage\":\"pt-BR\",\"potentialAction\":[{\"@type\":\"CommentAction\",\"name\":\"Comment\",\"target\":[\"https:\\\/\\\/blogdofarnesio.com.br\\\/?p=92119#respond\"]}]},{\"@type\":\"WebPage\",\"@id\":\"https:\\\/\\\/blogdofarnesio.com.br\\\/?p=92119\",\"url\":\"https:\\\/\\\/blogdofarnesio.com.br\\\/?p=92119\",\"name\":\"BISPO DE PETROLINA REIS REALIZA ORA\u00c7\u00c3O DE AGRADECIMENTO, NO MERCADO DO PRODUTOR - Blog do Farn\u00e9sio\",\"isPartOf\":{\"@id\":\"https:\\\/\\\/blogdofarnesio.com.br\\\/#website\"},\"primaryImageOfPage\":{\"@id\":\"https:\\\/\\\/blogdofarnesio.com.br\\\/?p=92119#primaryimage\"},\"image\":{\"@id\":\"https:\\\/\\\/blogdofarnesio.com.br\\\/?p=92119#primaryimage\"},\"thumbnailUrl\":\"http:\\\/\\\/www.quersaberpolitica.com.br\\\/2016\\\/wp-content\\\/uploads\\\/2014\\\/07\\\/unnamed266.jpg\",\"datePublished\":\"2014-07-22T19:02:27+00:00\",\"breadcrumb\":{\"@id\":\"https:\\\/\\\/blogdofarnesio.com.br\\\/?p=92119#breadcrumb\"},\"inLanguage\":\"pt-BR\",\"potentialAction\":[{\"@type\":\"ReadAction\",\"target\":[\"https:\\\/\\\/blogdofarnesio.com.br\\\/?p=92119\"]}]},{\"@type\":\"ImageObject\",\"inLanguage\":\"pt-BR\",\"@id\":\"https:\\\/\\\/blogdofarnesio.com.br\\\/?p=92119#primaryimage\",\"url\":\"http:\\\/\\\/www.quersaberpolitica.com.br\\\/2016\\\/wp-content\\\/uploads\\\/2014\\\/07\\\/unnamed266.jpg\",\"contentUrl\":\"http:\\\/\\\/www.quersaberpolitica.com.br\\\/2016\\\/wp-content\\\/uploads\\\/2014\\\/07\\\/unnamed266.jpg\"},{\"@type\":\"BreadcrumbList\",\"@id\":\"https:\\\/\\\/blogdofarnesio.com.br\\\/?p=92119#breadcrumb\",\"itemListElement\":[{\"@type\":\"ListItem\",\"position\":1,\"name\":\"In\u00edcio\",\"item\":\"https:\\\/\\\/blogdofarnesio.com.br\\\/\"},{\"@type\":\"ListItem\",\"position\":2,\"name\":\"BISPO DE PETROLINA REIS REALIZA ORA\u00c7\u00c3O DE AGRADECIMENTO, NO MERCADO DO PRODUTOR\"}]},{\"@type\":\"WebSite\",\"@id\":\"https:\\\/\\\/blogdofarnesio.com.br\\\/#website\",\"url\":\"https:\\\/\\\/blogdofarnesio.com.br\\\/\",\"name\":\"Blog do Farn\u00e9sio\",\"description\":\"Quer Saber Pol\u00edtica?\",\"publisher\":{\"@id\":\"https:\\\/\\\/blogdofarnesio.com.br\\\/#organization\"},\"potentialAction\":[{\"@type\":\"SearchAction\",\"target\":{\"@type\":\"EntryPoint\",\"urlTemplate\":\"https:\\\/\\\/blogdofarnesio.com.br\\\/?s={search_term_string}\"},\"query-input\":{\"@type\":\"PropertyValueSpecification\",\"valueRequired\":true,\"valueName\":\"search_term_string\"}}],\"inLanguage\":\"pt-BR\"},{\"@type\":\"Organization\",\"@id\":\"https:\\\/\\\/blogdofarnesio.com.br\\\/#organization\",\"name\":\"Blog do Farn\u00e9sio\",\"url\":\"https:\\\/\\\/blogdofarnesio.com.br\\\/\",\"logo\":{\"@type\":\"ImageObject\",\"inLanguage\":\"pt-BR\",\"@id\":\"https:\\\/\\\/blogdofarnesio.com.br\\\/#\\\/schema\\\/logo\\\/image\\\/\",\"url\":\"https:\\\/\\\/blogdofarnesio.com.br\\\/wp-content\\\/uploads\\\/2026\\\/03\\\/cropped-logo_new-1.png\",\"contentUrl\":\"https:\\\/\\\/blogdofarnesio.com.br\\\/wp-content\\\/uploads\\\/2026\\\/03\\\/cropped-logo_new-1.png\",\"width\":881,\"height\":685,\"caption\":\"Blog do Farn\u00e9sio\"},\"image\":{\"@id\":\"https:\\\/\\\/blogdofarnesio.com.br\\\/#\\\/schema\\\/logo\\\/image\\\/\"},\"sameAs\":[\"https:\\\/\\\/www.facebook.com\\\/BlogQuerSaberPolitica\\\/\"]},{\"@type\":\"Person\",\"@id\":\"https:\\\/\\\/blogdofarnesio.com.br\\\/#\\\/schema\\\/person\\\/dd1bf5eba40b687199ba45ca6b97dff9\",\"name\":\"teste\",\"image\":{\"@type\":\"ImageObject\",\"inLanguage\":\"pt-BR\",\"@id\":\"https:\\\/\\\/secure.gravatar.com\\\/avatar\\\/2172498d4914b51e1d89a0f97957b035ac4938723a5cac208135d389b6972a6d?s=96&d=mm&r=g\",\"url\":\"https:\\\/\\\/secure.gravatar.com\\\/avatar\\\/2172498d4914b51e1d89a0f97957b035ac4938723a5cac208135d389b6972a6d?s=96&d=mm&r=g\",\"contentUrl\":\"https:\\\/\\\/secure.gravatar.com\\\/avatar\\\/2172498d4914b51e1d89a0f97957b035ac4938723a5cac208135d389b6972a6d?s=96&d=mm&r=g\",\"caption\":\"teste\"},\"url\":\"https:\\\/\\\/blogdofarnesio.com.br\\\/?author=3\"}]}<\/script>\n<!-- \/ Yoast SEO plugin. -->","yoast_head_json":{"title":"BISPO DE PETROLINA REIS REALIZA ORA\u00c7\u00c3O DE AGRADECIMENTO, NO MERCADO DO PRODUTOR - Blog do Farn\u00e9sio","robots":{"index":"index","follow":"follow","max-snippet":"max-snippet:-1","max-image-preview":"max-image-preview:large","max-video-preview":"max-video-preview:-1"},"canonical":"https:\/\/blogdofarnesio.com.br\/?p=92119","og_locale":"pt_BR","og_type":"article","og_title":"BISPO DE PETROLINA REIS REALIZA ORA\u00c7\u00c3O DE AGRADECIMENTO, NO MERCADO DO PRODUTOR - Blog do Farn\u00e9sio","og_description":"Com o objetivo de conhecer e agradecer as doa\u00e7\u00f5es de alimentos feitas por permission\u00e1rios do Mercado do Produtor de Juazeiro ao semin\u00e1rio diocesano de Petrolina e o Centro de Recupera\u00e7\u00e3o Boa Nova Rainha dos Anjos; o Bispo Dom Manuel dos Reis Farias, realizou na manh\u00e3 desta ter\u00e7a-feira (22), nas depend\u00eancias do entreposto uma pequena celebra\u00e7\u00e3o para os funcion\u00e1rios e permission\u00e1rios. Para o Bispo diocesano o ato de doar, al\u00e9m de ser generoso proporciona para todos, um bem grandioso. \u201cMais de 20 comerciantes doam periodicamente frutas, verduras e hortali\u00e7as para o semin\u00e1rio beneficiando os seminaristas que l\u00e1 estudam, e para o centro de recupera\u00e7\u00e3o ajudando os internos em reabilita\u00e7\u00e3o. Gostaria de agradecer essas pessoas que generosamente n\u00e3o medem esfor\u00e7os para mandar&hellip;","og_url":"https:\/\/blogdofarnesio.com.br\/?p=92119","og_site_name":"Blog do Farn\u00e9sio","article_publisher":"https:\/\/www.facebook.com\/BlogQuerSaberPolitica\/","article_published_time":"2014-07-22T19:02:27+00:00","og_image":[{"url":"http:\/\/www.quersaberpolitica.com.br\/2016\/wp-content\/uploads\/2014\/07\/unnamed266.jpg","type":"","width":"","height":""}],"author":"teste","twitter_card":"summary_large_image","twitter_misc":{"Escrito por":"teste","Est. tempo de leitura":"2 minutos"},"schema":{"@context":"https:\/\/schema.org","@graph":[{"@type":"Article","@id":"https:\/\/blogdofarnesio.com.br\/?p=92119#article","isPartOf":{"@id":"https:\/\/blogdofarnesio.com.br\/?p=92119"},"author":{"name":"teste","@id":"https:\/\/blogdofarnesio.com.br\/#\/schema\/person\/dd1bf5eba40b687199ba45ca6b97dff9"},"headline":"BISPO DE PETROLINA REIS REALIZA ORA\u00c7\u00c3O DE AGRADECIMENTO, NO MERCADO DO PRODUTOR","datePublished":"2014-07-22T19:02:27+00:00","mainEntityOfPage":{"@id":"https:\/\/blogdofarnesio.com.br\/?p=92119"},"wordCount":329,"commentCount":0,"publisher":{"@id":"https:\/\/blogdofarnesio.com.br\/#organization"},"image":{"@id":"https:\/\/blogdofarnesio.com.br\/?p=92119#primaryimage"},"thumbnailUrl":"http:\/\/www.quersaberpolitica.com.br\/2016\/wp-content\/uploads\/2014\/07\/unnamed266.jpg","articleSection":["Religi\u00e3o"],"inLanguage":"pt-BR","potentialAction":[{"@type":"CommentAction","name":"Comment","target":["https:\/\/blogdofarnesio.com.br\/?p=92119#respond"]}]},{"@type":"WebPage","@id":"https:\/\/blogdofarnesio.com.br\/?p=92119","url":"https:\/\/blogdofarnesio.com.br\/?p=92119","name":"BISPO DE PETROLINA REIS REALIZA ORA\u00c7\u00c3O DE AGRADECIMENTO, NO MERCADO DO PRODUTOR - Blog do Farn\u00e9sio","isPartOf":{"@id":"https:\/\/blogdofarnesio.com.br\/#website"},"primaryImageOfPage":{"@id":"https:\/\/blogdofarnesio.com.br\/?p=92119#primaryimage"},"image":{"@id":"https:\/\/blogdofarnesio.com.br\/?p=92119#primaryimage"},"thumbnailUrl":"http:\/\/www.quersaberpolitica.com.br\/2016\/wp-content\/uploads\/2014\/07\/unnamed266.jpg","datePublished":"2014-07-22T19:02:27+00:00","breadcrumb":{"@id":"https:\/\/blogdofarnesio.com.br\/?p=92119#breadcrumb"},"inLanguage":"pt-BR","potentialAction":[{"@type":"ReadAction","target":["https:\/\/blogdofarnesio.com.br\/?p=92119"]}]},{"@type":"ImageObject","inLanguage":"pt-BR","@id":"https:\/\/blogdofarnesio.com.br\/?p=92119#primaryimage","url":"http:\/\/www.quersaberpolitica.com.br\/2016\/wp-content\/uploads\/2014\/07\/unnamed266.jpg","contentUrl":"http:\/\/www.quersaberpolitica.com.br\/2016\/wp-content\/uploads\/2014\/07\/unnamed266.jpg"},{"@type":"BreadcrumbList","@id":"https:\/\/blogdofarnesio.com.br\/?p=92119#breadcrumb","itemListElement":[{"@type":"ListItem","position":1,"name":"In\u00edcio","item":"https:\/\/blogdofarnesio.com.br\/"},{"@type":"ListItem","position":2,"name":"BISPO DE PETROLINA REIS REALIZA ORA\u00c7\u00c3O DE AGRADECIMENTO, NO MERCADO DO PRODUTOR"}]},{"@type":"WebSite","@id":"https:\/\/blogdofarnesio.com.br\/#website","url":"https:\/\/blogdofarnesio.com.br\/","name":"Blog do Farn\u00e9sio","description":"Quer Saber Pol\u00edtica?","publisher":{"@id":"https:\/\/blogdofarnesio.com.br\/#organization"},"potentialAction":[{"@type":"SearchAction","target":{"@type":"EntryPoint","urlTemplate":"https:\/\/blogdofarnesio.com.br\/?s={search_term_string}"},"query-input":{"@type":"PropertyValueSpecification","valueRequired":true,"valueName":"search_term_string"}}],"inLanguage":"pt-BR"},{"@type":"Organization","@id":"https:\/\/blogdofarnesio.com.br\/#organization","name":"Blog do Farn\u00e9sio","url":"https:\/\/blogdofarnesio.com.br\/","logo":{"@type":"ImageObject","inLanguage":"pt-BR","@id":"https:\/\/blogdofarnesio.com.br\/#\/schema\/logo\/image\/","url":"https:\/\/blogdofarnesio.com.br\/wp-content\/uploads\/2026\/03\/cropped-logo_new-1.png","contentUrl":"https:\/\/blogdofarnesio.com.br\/wp-content\/uploads\/2026\/03\/cropped-logo_new-1.png","width":881,"height":685,"caption":"Blog do Farn\u00e9sio"},"image":{"@id":"https:\/\/blogdofarnesio.com.br\/#\/schema\/logo\/image\/"},"sameAs":["https:\/\/www.facebook.com\/BlogQuerSaberPolitica\/"]},{"@type":"Person","@id":"https:\/\/blogdofarnesio.com.br\/#\/schema\/person\/dd1bf5eba40b687199ba45ca6b97dff9","name":"teste","image":{"@type":"ImageObject","inLanguage":"pt-BR","@id":"https:\/\/secure.gravatar.com\/avatar\/2172498d4914b51e1d89a0f97957b035ac4938723a5cac208135d389b6972a6d?s=96&d=mm&r=g","url":"https:\/\/secure.gravatar.com\/avatar\/2172498d4914b51e1d89a0f97957b035ac4938723a5cac208135d389b6972a6d?s=96&d=mm&r=g","contentUrl":"https:\/\/secure.gravatar.com\/avatar\/2172498d4914b51e1d89a0f97957b035ac4938723a5cac208135d389b6972a6d?s=96&d=mm&r=g","caption":"teste"},"url":"https:\/\/blogdofarnesio.com.br\/?author=3"}]}},"_links":{"self":[{"href":"https:\/\/blogdofarnesio.com.br\/index.php?rest_route=\/wp\/v2\/posts\/92119","targetHints":{"allow":["GET"]}}],"collection":[{"href":"https:\/\/blogdofarnesio.com.br\/index.php?rest_route=\/wp\/v2\/posts"}],"about":[{"href":"https:\/\/blogdofarnesio.com.br\/index.php?rest_route=\/wp\/v2\/types\/post"}],"author":[{"embeddable":true,"href":"https:\/\/blogdofarnesio.com.br\/index.php?rest_route=\/wp\/v2\/users\/3"}],"replies":[{"embeddable":true,"href":"https:\/\/blogdofarnesio.com.br\/index.php?rest_route=%2Fwp%2Fv2%2Fcomments&post=92119"}],"version-history":[{"count":0,"href":"https:\/\/blogdofarnesio.com.br\/index.php?rest_route=\/wp\/v2\/posts\/92119\/revisions"}],"wp:attachment":[{"href":"https:\/\/blogdofarnesio.com.br\/index.php?rest_route=%2Fwp%2Fv2%2Fmedia&parent=92119"}],"wp:term":[{"taxonomy":"category","embeddable":true,"href":"https:\/\/blogdofarnesio.com.br\/index.php?rest_route=%2Fwp%2Fv2%2Fcategories&post=92119"},{"taxonomy":"post_tag","embeddable":true,"href":"https:\/\/blogdofarnesio.com.br\/index.php?rest_route=%2Fwp%2Fv2%2Ftags&post=92119"}],"curies":[{"name":"wp","href":"https:\/\/api.w.org\/{rel}","templated":true}]}}