{"id":92001,"date":"2014-07-22T15:46:09","date_gmt":"2014-07-22T18:46:09","guid":{"rendered":"http:\/\/www.quersaberpolitica.com.br\/?p=92001"},"modified":"2014-07-22T14:48:26","modified_gmt":"2014-07-22T17:48:26","slug":"escolas-municipais-deram-toque-de-cor-e-alegria-na-festa-do-colono","status":"publish","type":"post","link":"https:\/\/blogdofarnesio.com.br\/?p=92001","title":{"rendered":"ESCOLAS MUNICIPAIS DERAM TOQUE DE COR E ALEGRIA NA FESTA DO COLONO"},"content":{"rendered":"<p style=\"text-align: justify\"><a href=\"http:\/\/www.quersaberpolitica.com.br\/2016\/wp-content\/uploads\/2014\/07\/unnamed249.jpg\"><img loading=\"lazy\" decoding=\"async\" class=\"aligncenter size-full wp-image-92002\" alt=\"unnamed\" src=\"http:\/\/www.quersaberpolitica.com.br\/2016\/wp-content\/uploads\/2014\/07\/unnamed249.jpg\" width=\"448\" height=\"297\" srcset=\"https:\/\/blogdofarnesio.com.br\/wp-content\/uploads\/2014\/07\/unnamed249.jpg 448w, https:\/\/blogdofarnesio.com.br\/wp-content\/uploads\/2014\/07\/unnamed249-300x198.jpg 300w\" sizes=\"auto, (max-width: 448px) 100vw, 448px\" \/><\/a>No \u00faltimo s\u00e1bado (20) aconteceu a 34\u00aa Festa do Colono de Mani\u00e7oba e as Escolas Municipais Dois de Julhos, Santa In\u00eas e a EMEI Manuel Alves Mota, homenagearam a festa com o tradicional desfile c\u00edvico que foi acompanhado pelo Prefeito Isaac carvalho, pelo secret\u00e1rio de Educa\u00e7\u00e3o e Esportes, Cl\u00e9riston Andrade e assessores.<\/p>\n<p style=\"text-align: justify\">A Escola Santa In\u00eas e a EMEI Manuel Alves Mota utilizaram o mesmo tema para seu desfile: A Magia das Brincadeiras do Semi\u00e1rido. \u201cEscolhemos esse tema porque j\u00e1 estamos trabalhando em sala de aula com a educa\u00e7\u00e3o contextualizada. Conversamos com os alunos e questionamos quais brincadeiras eles realizam em seus grupos dentro e fora da escola, da\u00ed saiu esse lindo desfile, com alegorias divididas por cada brincadeira que eles escolheram\u201d, explicou a Gestora da Escola Santa In\u00eas, Ivani Maria da Silva. A boneca, o bambol\u00ea, a brincadeira de carrinho, o futebol, foram apresentados no desfile.<\/p>\n<p style=\"text-align: justify\">J\u00e1 a Escola Dois de Julho utilizou o tema \u201c\u00c9 fant\u00e1stico ser brasileiro. No campo ou no mundo, orgulho acima de tudo.\u201d A Gestora da Escola, R\u00fazia Lima explicou que come\u00e7aram a trabalhar com os alunos com o projeto Copa no Campo, descobrindo o mundo atrav\u00e9s do futebol. E para isso eles estudaram os pa\u00edses que j\u00e1 haviam sediado copas do mundo, al\u00e9m de todas as copas que o Brasil j\u00e1 venceu. \u201cResolvemos depois contar a hist\u00f3ria do Brasil nas Copas. Abrimos o desfile com o carro que fala sobre o sonho de ser jogador de futebol, e depois dividimos as alas com os pa\u00edses onde nossa sele\u00e7\u00e3o foi campe\u00e3 do mundo\u201d.<\/p>\n<p style=\"text-align: justify\">Jardilina Alves da Mota, uma das fundadoras do Projeto Mani\u00e7oba, acompanhou atentamente o desfile. \u201cMani\u00e7oba merece um desfile desses nesse dia de hoje, quando a gente comemora a festa dos colonos, que foi uma luta nossa, dos colonos que trouxeram a riqueza para essa terra. Todo ano temos esse desfile, mas parece que esse ano est\u00e1 mais bonito\u201d.<\/p>\n<p style=\"text-align: justify\">Ap\u00f3s o desfile, o Prefeito e o Secret\u00e1rio de Educa\u00e7\u00e3o e Esportes convidaram o Colono Jos\u00e9 Alves, mais conhecido como Deca, para, juntos, hastearem a bandeira e, a partir da\u00ed, dar por iniciada oficialmente a Festa dos Colonos. \u201c\u00c9 com muito orgulho que n\u00f3s participamos de mais uma Festa dos Colonos. Tudo aqui \u00e9 fruto de muito trabalho de homens e mulheres que s\u00f3 ajudam no desenvolvimento da nossa terra com as riquezas que produzem. A festa \u00e9 um sucesso e o desfile estava muito bonito e organizado. Est\u00e3o todos de parab\u00e9ns\u201d, considerou Cl\u00e9riston Andrade.<\/p>\n","protected":false},"excerpt":{"rendered":"<p>No \u00faltimo s\u00e1bado (20) aconteceu a 34\u00aa Festa do Colono de Mani\u00e7oba e as Escolas Municipais Dois de Julhos, Santa In\u00eas e a EMEI Manuel Alves Mota, homenagearam a festa com o tradicional desfile c\u00edvico que foi acompanhado pelo Prefeito Isaac carvalho, pelo secret\u00e1rio de Educa\u00e7\u00e3o e Esportes, Cl\u00e9riston Andrade e assessores. A Escola Santa In\u00eas e a EMEI Manuel Alves Mota utilizaram o mesmo tema para seu desfile: A Magia das Brincadeiras do Semi\u00e1rido. \u201cEscolhemos esse tema porque j\u00e1 estamos trabalhando em sala de aula com a educa\u00e7\u00e3o contextualizada. Conversamos com os alunos e questionamos quais brincadeiras eles realizam em seus grupos dentro e fora da escola, da\u00ed saiu esse lindo desfile, com alegorias divididas por cada brincadeira que&hellip; <\/p>\n","protected":false},"author":3,"featured_media":0,"comment_status":"open","ping_status":"open","sticky":false,"template":"","format":"standard","meta":{"_acf_changed":false,"footnotes":""},"categories":[6],"tags":[],"class_list":["post-92001","post","type-post","status-publish","format-standard","hentry","category-educacao"],"acf":[],"yoast_head":"<!-- This site is optimized with the Yoast SEO plugin v27.4 - https:\/\/yoast.com\/product\/yoast-seo-wordpress\/ -->\n<title>ESCOLAS MUNICIPAIS DERAM TOQUE DE COR E ALEGRIA NA FESTA DO COLONO  - Blog do Farn\u00e9sio<\/title>\n<meta name=\"robots\" content=\"index, follow, max-snippet:-1, max-image-preview:large, max-video-preview:-1\" \/>\n<link rel=\"canonical\" href=\"https:\/\/blogdofarnesio.com.br\/?p=92001\" \/>\n<meta property=\"og:locale\" content=\"pt_BR\" \/>\n<meta property=\"og:type\" content=\"article\" \/>\n<meta property=\"og:title\" content=\"ESCOLAS MUNICIPAIS DERAM TOQUE DE COR E ALEGRIA NA FESTA DO COLONO  - Blog do Farn\u00e9sio\" \/>\n<meta property=\"og:description\" content=\"No \u00faltimo s\u00e1bado (20) aconteceu a 34\u00aa Festa do Colono de Mani\u00e7oba e as Escolas Municipais Dois de Julhos, Santa In\u00eas e a EMEI Manuel Alves Mota, homenagearam a festa com o tradicional desfile c\u00edvico que foi acompanhado pelo Prefeito Isaac carvalho, pelo secret\u00e1rio de Educa\u00e7\u00e3o e Esportes, Cl\u00e9riston Andrade e assessores. A Escola Santa In\u00eas e a EMEI Manuel Alves Mota utilizaram o mesmo tema para seu desfile: A Magia das Brincadeiras do Semi\u00e1rido. \u201cEscolhemos esse tema porque j\u00e1 estamos trabalhando em sala de aula com a educa\u00e7\u00e3o contextualizada. Conversamos com os alunos e questionamos quais brincadeiras eles realizam em seus grupos dentro e fora da escola, da\u00ed saiu esse lindo desfile, com alegorias divididas por cada brincadeira que&hellip;\" \/>\n<meta property=\"og:url\" content=\"https:\/\/blogdofarnesio.com.br\/?p=92001\" \/>\n<meta property=\"og:site_name\" content=\"Blog do Farn\u00e9sio\" \/>\n<meta property=\"article:publisher\" content=\"https:\/\/www.facebook.com\/BlogQuerSaberPolitica\/\" \/>\n<meta property=\"article:published_time\" content=\"2014-07-22T18:46:09+00:00\" \/>\n<meta property=\"og:image\" content=\"http:\/\/www.quersaberpolitica.com.br\/2016\/wp-content\/uploads\/2014\/07\/unnamed249.jpg\" \/>\n<meta name=\"author\" content=\"teste\" \/>\n<meta name=\"twitter:card\" content=\"summary_large_image\" \/>\n<meta name=\"twitter:label1\" content=\"Escrito por\" \/>\n\t<meta name=\"twitter:data1\" content=\"teste\" \/>\n\t<meta name=\"twitter:label2\" content=\"Est. tempo de leitura\" \/>\n\t<meta name=\"twitter:data2\" content=\"2 minutos\" \/>\n<script type=\"application\/ld+json\" class=\"yoast-schema-graph\">{\"@context\":\"https:\\\/\\\/schema.org\",\"@graph\":[{\"@type\":\"Article\",\"@id\":\"https:\\\/\\\/blogdofarnesio.com.br\\\/?p=92001#article\",\"isPartOf\":{\"@id\":\"https:\\\/\\\/blogdofarnesio.com.br\\\/?p=92001\"},\"author\":{\"name\":\"teste\",\"@id\":\"https:\\\/\\\/blogdofarnesio.com.br\\\/#\\\/schema\\\/person\\\/dd1bf5eba40b687199ba45ca6b97dff9\"},\"headline\":\"ESCOLAS MUNICIPAIS DERAM TOQUE DE COR E ALEGRIA NA FESTA DO COLONO\",\"datePublished\":\"2014-07-22T18:46:09+00:00\",\"mainEntityOfPage\":{\"@id\":\"https:\\\/\\\/blogdofarnesio.com.br\\\/?p=92001\"},\"wordCount\":447,\"commentCount\":0,\"publisher\":{\"@id\":\"https:\\\/\\\/blogdofarnesio.com.br\\\/#organization\"},\"image\":{\"@id\":\"https:\\\/\\\/blogdofarnesio.com.br\\\/?p=92001#primaryimage\"},\"thumbnailUrl\":\"http:\\\/\\\/www.quersaberpolitica.com.br\\\/2016\\\/wp-content\\\/uploads\\\/2014\\\/07\\\/unnamed249.jpg\",\"articleSection\":[\"Educa\u00e7\u00e3o\"],\"inLanguage\":\"pt-BR\",\"potentialAction\":[{\"@type\":\"CommentAction\",\"name\":\"Comment\",\"target\":[\"https:\\\/\\\/blogdofarnesio.com.br\\\/?p=92001#respond\"]}]},{\"@type\":\"WebPage\",\"@id\":\"https:\\\/\\\/blogdofarnesio.com.br\\\/?p=92001\",\"url\":\"https:\\\/\\\/blogdofarnesio.com.br\\\/?p=92001\",\"name\":\"ESCOLAS MUNICIPAIS DERAM TOQUE DE COR E ALEGRIA NA FESTA DO COLONO - Blog do Farn\u00e9sio\",\"isPartOf\":{\"@id\":\"https:\\\/\\\/blogdofarnesio.com.br\\\/#website\"},\"primaryImageOfPage\":{\"@id\":\"https:\\\/\\\/blogdofarnesio.com.br\\\/?p=92001#primaryimage\"},\"image\":{\"@id\":\"https:\\\/\\\/blogdofarnesio.com.br\\\/?p=92001#primaryimage\"},\"thumbnailUrl\":\"http:\\\/\\\/www.quersaberpolitica.com.br\\\/2016\\\/wp-content\\\/uploads\\\/2014\\\/07\\\/unnamed249.jpg\",\"datePublished\":\"2014-07-22T18:46:09+00:00\",\"breadcrumb\":{\"@id\":\"https:\\\/\\\/blogdofarnesio.com.br\\\/?p=92001#breadcrumb\"},\"inLanguage\":\"pt-BR\",\"potentialAction\":[{\"@type\":\"ReadAction\",\"target\":[\"https:\\\/\\\/blogdofarnesio.com.br\\\/?p=92001\"]}]},{\"@type\":\"ImageObject\",\"inLanguage\":\"pt-BR\",\"@id\":\"https:\\\/\\\/blogdofarnesio.com.br\\\/?p=92001#primaryimage\",\"url\":\"http:\\\/\\\/www.quersaberpolitica.com.br\\\/2016\\\/wp-content\\\/uploads\\\/2014\\\/07\\\/unnamed249.jpg\",\"contentUrl\":\"http:\\\/\\\/www.quersaberpolitica.com.br\\\/2016\\\/wp-content\\\/uploads\\\/2014\\\/07\\\/unnamed249.jpg\"},{\"@type\":\"BreadcrumbList\",\"@id\":\"https:\\\/\\\/blogdofarnesio.com.br\\\/?p=92001#breadcrumb\",\"itemListElement\":[{\"@type\":\"ListItem\",\"position\":1,\"name\":\"In\u00edcio\",\"item\":\"https:\\\/\\\/blogdofarnesio.com.br\\\/\"},{\"@type\":\"ListItem\",\"position\":2,\"name\":\"ESCOLAS MUNICIPAIS DERAM TOQUE DE COR E ALEGRIA NA FESTA DO COLONO\"}]},{\"@type\":\"WebSite\",\"@id\":\"https:\\\/\\\/blogdofarnesio.com.br\\\/#website\",\"url\":\"https:\\\/\\\/blogdofarnesio.com.br\\\/\",\"name\":\"Blog do Farn\u00e9sio\",\"description\":\"Quer Saber Pol\u00edtica?\",\"publisher\":{\"@id\":\"https:\\\/\\\/blogdofarnesio.com.br\\\/#organization\"},\"potentialAction\":[{\"@type\":\"SearchAction\",\"target\":{\"@type\":\"EntryPoint\",\"urlTemplate\":\"https:\\\/\\\/blogdofarnesio.com.br\\\/?s={search_term_string}\"},\"query-input\":{\"@type\":\"PropertyValueSpecification\",\"valueRequired\":true,\"valueName\":\"search_term_string\"}}],\"inLanguage\":\"pt-BR\"},{\"@type\":\"Organization\",\"@id\":\"https:\\\/\\\/blogdofarnesio.com.br\\\/#organization\",\"name\":\"Blog do Farn\u00e9sio\",\"url\":\"https:\\\/\\\/blogdofarnesio.com.br\\\/\",\"logo\":{\"@type\":\"ImageObject\",\"inLanguage\":\"pt-BR\",\"@id\":\"https:\\\/\\\/blogdofarnesio.com.br\\\/#\\\/schema\\\/logo\\\/image\\\/\",\"url\":\"https:\\\/\\\/blogdofarnesio.com.br\\\/wp-content\\\/uploads\\\/2026\\\/03\\\/cropped-logo_new-1.png\",\"contentUrl\":\"https:\\\/\\\/blogdofarnesio.com.br\\\/wp-content\\\/uploads\\\/2026\\\/03\\\/cropped-logo_new-1.png\",\"width\":881,\"height\":685,\"caption\":\"Blog do Farn\u00e9sio\"},\"image\":{\"@id\":\"https:\\\/\\\/blogdofarnesio.com.br\\\/#\\\/schema\\\/logo\\\/image\\\/\"},\"sameAs\":[\"https:\\\/\\\/www.facebook.com\\\/BlogQuerSaberPolitica\\\/\"]},{\"@type\":\"Person\",\"@id\":\"https:\\\/\\\/blogdofarnesio.com.br\\\/#\\\/schema\\\/person\\\/dd1bf5eba40b687199ba45ca6b97dff9\",\"name\":\"teste\",\"image\":{\"@type\":\"ImageObject\",\"inLanguage\":\"pt-BR\",\"@id\":\"https:\\\/\\\/secure.gravatar.com\\\/avatar\\\/2172498d4914b51e1d89a0f97957b035ac4938723a5cac208135d389b6972a6d?s=96&d=mm&r=g\",\"url\":\"https:\\\/\\\/secure.gravatar.com\\\/avatar\\\/2172498d4914b51e1d89a0f97957b035ac4938723a5cac208135d389b6972a6d?s=96&d=mm&r=g\",\"contentUrl\":\"https:\\\/\\\/secure.gravatar.com\\\/avatar\\\/2172498d4914b51e1d89a0f97957b035ac4938723a5cac208135d389b6972a6d?s=96&d=mm&r=g\",\"caption\":\"teste\"},\"url\":\"https:\\\/\\\/blogdofarnesio.com.br\\\/?author=3\"}]}<\/script>\n<!-- \/ Yoast SEO plugin. -->","yoast_head_json":{"title":"ESCOLAS MUNICIPAIS DERAM TOQUE DE COR E ALEGRIA NA FESTA DO COLONO  - Blog do Farn\u00e9sio","robots":{"index":"index","follow":"follow","max-snippet":"max-snippet:-1","max-image-preview":"max-image-preview:large","max-video-preview":"max-video-preview:-1"},"canonical":"https:\/\/blogdofarnesio.com.br\/?p=92001","og_locale":"pt_BR","og_type":"article","og_title":"ESCOLAS MUNICIPAIS DERAM TOQUE DE COR E ALEGRIA NA FESTA DO COLONO  - Blog do Farn\u00e9sio","og_description":"No \u00faltimo s\u00e1bado (20) aconteceu a 34\u00aa Festa do Colono de Mani\u00e7oba e as Escolas Municipais Dois de Julhos, Santa In\u00eas e a EMEI Manuel Alves Mota, homenagearam a festa com o tradicional desfile c\u00edvico que foi acompanhado pelo Prefeito Isaac carvalho, pelo secret\u00e1rio de Educa\u00e7\u00e3o e Esportes, Cl\u00e9riston Andrade e assessores. A Escola Santa In\u00eas e a EMEI Manuel Alves Mota utilizaram o mesmo tema para seu desfile: A Magia das Brincadeiras do Semi\u00e1rido. \u201cEscolhemos esse tema porque j\u00e1 estamos trabalhando em sala de aula com a educa\u00e7\u00e3o contextualizada. Conversamos com os alunos e questionamos quais brincadeiras eles realizam em seus grupos dentro e fora da escola, da\u00ed saiu esse lindo desfile, com alegorias divididas por cada brincadeira que&hellip;","og_url":"https:\/\/blogdofarnesio.com.br\/?p=92001","og_site_name":"Blog do Farn\u00e9sio","article_publisher":"https:\/\/www.facebook.com\/BlogQuerSaberPolitica\/","article_published_time":"2014-07-22T18:46:09+00:00","og_image":[{"url":"http:\/\/www.quersaberpolitica.com.br\/2016\/wp-content\/uploads\/2014\/07\/unnamed249.jpg","type":"","width":"","height":""}],"author":"teste","twitter_card":"summary_large_image","twitter_misc":{"Escrito por":"teste","Est. tempo de leitura":"2 minutos"},"schema":{"@context":"https:\/\/schema.org","@graph":[{"@type":"Article","@id":"https:\/\/blogdofarnesio.com.br\/?p=92001#article","isPartOf":{"@id":"https:\/\/blogdofarnesio.com.br\/?p=92001"},"author":{"name":"teste","@id":"https:\/\/blogdofarnesio.com.br\/#\/schema\/person\/dd1bf5eba40b687199ba45ca6b97dff9"},"headline":"ESCOLAS MUNICIPAIS DERAM TOQUE DE COR E ALEGRIA NA FESTA DO COLONO","datePublished":"2014-07-22T18:46:09+00:00","mainEntityOfPage":{"@id":"https:\/\/blogdofarnesio.com.br\/?p=92001"},"wordCount":447,"commentCount":0,"publisher":{"@id":"https:\/\/blogdofarnesio.com.br\/#organization"},"image":{"@id":"https:\/\/blogdofarnesio.com.br\/?p=92001#primaryimage"},"thumbnailUrl":"http:\/\/www.quersaberpolitica.com.br\/2016\/wp-content\/uploads\/2014\/07\/unnamed249.jpg","articleSection":["Educa\u00e7\u00e3o"],"inLanguage":"pt-BR","potentialAction":[{"@type":"CommentAction","name":"Comment","target":["https:\/\/blogdofarnesio.com.br\/?p=92001#respond"]}]},{"@type":"WebPage","@id":"https:\/\/blogdofarnesio.com.br\/?p=92001","url":"https:\/\/blogdofarnesio.com.br\/?p=92001","name":"ESCOLAS MUNICIPAIS DERAM TOQUE DE COR E ALEGRIA NA FESTA DO COLONO - Blog do Farn\u00e9sio","isPartOf":{"@id":"https:\/\/blogdofarnesio.com.br\/#website"},"primaryImageOfPage":{"@id":"https:\/\/blogdofarnesio.com.br\/?p=92001#primaryimage"},"image":{"@id":"https:\/\/blogdofarnesio.com.br\/?p=92001#primaryimage"},"thumbnailUrl":"http:\/\/www.quersaberpolitica.com.br\/2016\/wp-content\/uploads\/2014\/07\/unnamed249.jpg","datePublished":"2014-07-22T18:46:09+00:00","breadcrumb":{"@id":"https:\/\/blogdofarnesio.com.br\/?p=92001#breadcrumb"},"inLanguage":"pt-BR","potentialAction":[{"@type":"ReadAction","target":["https:\/\/blogdofarnesio.com.br\/?p=92001"]}]},{"@type":"ImageObject","inLanguage":"pt-BR","@id":"https:\/\/blogdofarnesio.com.br\/?p=92001#primaryimage","url":"http:\/\/www.quersaberpolitica.com.br\/2016\/wp-content\/uploads\/2014\/07\/unnamed249.jpg","contentUrl":"http:\/\/www.quersaberpolitica.com.br\/2016\/wp-content\/uploads\/2014\/07\/unnamed249.jpg"},{"@type":"BreadcrumbList","@id":"https:\/\/blogdofarnesio.com.br\/?p=92001#breadcrumb","itemListElement":[{"@type":"ListItem","position":1,"name":"In\u00edcio","item":"https:\/\/blogdofarnesio.com.br\/"},{"@type":"ListItem","position":2,"name":"ESCOLAS MUNICIPAIS DERAM TOQUE DE COR E ALEGRIA NA FESTA DO COLONO"}]},{"@type":"WebSite","@id":"https:\/\/blogdofarnesio.com.br\/#website","url":"https:\/\/blogdofarnesio.com.br\/","name":"Blog do Farn\u00e9sio","description":"Quer Saber Pol\u00edtica?","publisher":{"@id":"https:\/\/blogdofarnesio.com.br\/#organization"},"potentialAction":[{"@type":"SearchAction","target":{"@type":"EntryPoint","urlTemplate":"https:\/\/blogdofarnesio.com.br\/?s={search_term_string}"},"query-input":{"@type":"PropertyValueSpecification","valueRequired":true,"valueName":"search_term_string"}}],"inLanguage":"pt-BR"},{"@type":"Organization","@id":"https:\/\/blogdofarnesio.com.br\/#organization","name":"Blog do Farn\u00e9sio","url":"https:\/\/blogdofarnesio.com.br\/","logo":{"@type":"ImageObject","inLanguage":"pt-BR","@id":"https:\/\/blogdofarnesio.com.br\/#\/schema\/logo\/image\/","url":"https:\/\/blogdofarnesio.com.br\/wp-content\/uploads\/2026\/03\/cropped-logo_new-1.png","contentUrl":"https:\/\/blogdofarnesio.com.br\/wp-content\/uploads\/2026\/03\/cropped-logo_new-1.png","width":881,"height":685,"caption":"Blog do Farn\u00e9sio"},"image":{"@id":"https:\/\/blogdofarnesio.com.br\/#\/schema\/logo\/image\/"},"sameAs":["https:\/\/www.facebook.com\/BlogQuerSaberPolitica\/"]},{"@type":"Person","@id":"https:\/\/blogdofarnesio.com.br\/#\/schema\/person\/dd1bf5eba40b687199ba45ca6b97dff9","name":"teste","image":{"@type":"ImageObject","inLanguage":"pt-BR","@id":"https:\/\/secure.gravatar.com\/avatar\/2172498d4914b51e1d89a0f97957b035ac4938723a5cac208135d389b6972a6d?s=96&d=mm&r=g","url":"https:\/\/secure.gravatar.com\/avatar\/2172498d4914b51e1d89a0f97957b035ac4938723a5cac208135d389b6972a6d?s=96&d=mm&r=g","contentUrl":"https:\/\/secure.gravatar.com\/avatar\/2172498d4914b51e1d89a0f97957b035ac4938723a5cac208135d389b6972a6d?s=96&d=mm&r=g","caption":"teste"},"url":"https:\/\/blogdofarnesio.com.br\/?author=3"}]}},"_links":{"self":[{"href":"https:\/\/blogdofarnesio.com.br\/index.php?rest_route=\/wp\/v2\/posts\/92001","targetHints":{"allow":["GET"]}}],"collection":[{"href":"https:\/\/blogdofarnesio.com.br\/index.php?rest_route=\/wp\/v2\/posts"}],"about":[{"href":"https:\/\/blogdofarnesio.com.br\/index.php?rest_route=\/wp\/v2\/types\/post"}],"author":[{"embeddable":true,"href":"https:\/\/blogdofarnesio.com.br\/index.php?rest_route=\/wp\/v2\/users\/3"}],"replies":[{"embeddable":true,"href":"https:\/\/blogdofarnesio.com.br\/index.php?rest_route=%2Fwp%2Fv2%2Fcomments&post=92001"}],"version-history":[{"count":0,"href":"https:\/\/blogdofarnesio.com.br\/index.php?rest_route=\/wp\/v2\/posts\/92001\/revisions"}],"wp:attachment":[{"href":"https:\/\/blogdofarnesio.com.br\/index.php?rest_route=%2Fwp%2Fv2%2Fmedia&parent=92001"}],"wp:term":[{"taxonomy":"category","embeddable":true,"href":"https:\/\/blogdofarnesio.com.br\/index.php?rest_route=%2Fwp%2Fv2%2Fcategories&post=92001"},{"taxonomy":"post_tag","embeddable":true,"href":"https:\/\/blogdofarnesio.com.br\/index.php?rest_route=%2Fwp%2Fv2%2Ftags&post=92001"}],"curies":[{"name":"wp","href":"https:\/\/api.w.org\/{rel}","templated":true}]}}